{"id":5759,"date":"2021-06-12T09:43:42","date_gmt":"2021-06-12T07:43:42","guid":{"rendered":"https:\/\/www.noidiqua.it\/Montale\/?p=5759"},"modified":"2021-10-13T12:27:33","modified_gmt":"2021-10-13T10:27:33","slug":"i-brevi-di-ndq","status":"publish","type":"post","link":"https:\/\/www.noidiqua.it\/Montale\/i-brevi-di-ndq\/","title":{"rendered":"I brevi di Noidiqua"},"content":{"rendered":"<p><em>di Giacomo Bini<\/em><\/p>\n\n\n\n<p><em>giugno 2021<\/em><\/p>\n\n\n<p><a href=\"https:\/\/www.noidiqua.it\/Montale\/wp-content\/uploads\/2021\/05\/brevi.png\" rel=\"wp-prettyPhoto[5759]\"><img loading=\"lazy\" decoding=\"async\" class=\"aligncenter size-full wp-image-5683\" src=\"https:\/\/www.noidiqua.it\/Montale\/wp-content\/uploads\/2021\/05\/brevi.png\" alt=\"\" width=\"473\" height=\"291\" srcset=\"https:\/\/www.noidiqua.it\/Montale\/wp-content\/uploads\/2021\/05\/brevi.png 473w, https:\/\/www.noidiqua.it\/Montale\/wp-content\/uploads\/2021\/05\/brevi-300x185.png 300w\" sizes=\"auto, (max-width: 473px) 100vw, 473px\" \/><\/a><\/p>\n\n\n<p><strong>Mille euro, ricavati dalla vendita del libro fotografico di Gabriele Bellini su \u201cMontale al tempo del Covid-19\u201d, sono stati consegnati alla Misericordia e alla Croce d\u2019Oro (500 euro a ciascuna associazione) come segno di riconoscenza per l\u2019attivit\u00e0 svolta dalle due organizzazioni di volontariato durante la pandemia.&nbsp;<\/strong><\/p>\n\n\n\n<p>E&#8217; stato lo stesso Gabriele Bellini, noto fotografo montalese, a consegnare i due assegni nelle mani del presidente della Croce d\u2019Oro di Montale Claudio Santini e al presidente della Misericordia di Montale Massimiliano Pieroni. I due presidenti hanno espresso la loro gratitudine per l\u2019iniziativa di Bellini considerandola un\u2019ulteriore testimonianza dell\u2019apprezzamento che la popolazione ha loro tributato in questo periodo, per i servizi compiuti. <strong>L\u2019entit\u00e0 della donazione \u00e8 indicativa del successo ottenuto dal libro, che \u00e8 stato distribuito grazie alla collaborazione dell\u2019edicola di Marco Torracchi, ma anche di alcuni esercizi commerciali del paese come la Mesticheria Montalese, gli alimentari di Sabrina in via Masini, Chicco di Grano in via Martiri e Barni in via 4 Novembre.<\/strong>&nbsp;La consegna del ricavato del libro proprio nel momento delle progressive riaperture, acquista il valore simbolico della chiusura di un periodo che si spera non si ripeta pi\u00f9 e la conferma della fiducia di tutta la comunit\u00e0 nei confronti delle associazioni di volontariato.<\/p>\n\n\n\n<p><\/p>\n\n\n\n<p><\/p>\n\n\n\n<p><strong>La villa Smilea e in particolare il Salone delle Feste al primo piano diventer\u00e0 la sede del consiglio comunale.<\/strong>&nbsp;<\/p>\n\n\n\n<p>Lo ha deciso la giunta comunale anche considerando che \u00e8 gi\u00e0 pronto il nuovo Centro Nerucci, realizzato nell\u2019ambito del Piu (Piano di Innovazione Urbana) vicino alle scuole elementari. Sar\u00e0 un centro culturale e aggregativo polivalente che, oltre ai locali destinati alle associazioni, \u00e8 dotato anche di uno spazio che sar\u00e0 destinato ad iniziative con presenza di pubblico. <em>\u201cIl nuovo centro Nerucci\u201d<\/em> argomenta una determinazione del responsabile del servizio lavori pubblici Alessandro Adilardi <em>\u201c\u00e8 dotato di una sala per manifestazioni e convegni situata nel centro cittadino, presso l\u2019area scolastica del capoluogo, che permette di destinare come sede di compiti istituzionali parte di Villa Smilea, il cui salone principale, al piano nobile, pur mantenendo la sua attuale destinazione ha il prestigio e le caratteristiche per diventare sede dello svolgimento di un importante momento della vita cittadina, il Consiglio Comunale, e di altre compiti di rappresentanza in genere\u201d<\/em>. L\u2019idea di trasferire il consiglio comunale dall\u2019attuale sala della Badia di via Boccaccio al prestigioso Salone delle Feste di villa Smilea, era gi\u00e0 stata pi\u00f9 volte preannunciata dal sindaco di Montale Ferdinando Betti come una delle intenzioni programmatiche della sua giunta, sebbene fosse gi\u00e0 stata avanzata al momento dell\u2019acquisto della villa da parte della giunta di allora guidata dal sindaco Daniele Cipriani, ed era presente anche nel progetto di ristrutturazione dell\u2019immobile firmato dall\u2019architetto Francesco Gurrieri. Lo spostamento nella villa del consiglio comunale \u00e8 motivato anche con le <em>\u201ccriticit\u00e0\u201d <\/em>dell\u2019attuale sede della sala consiliare della Badia rappresentate dai<em> \u201cpilastri al centro della sala principale che non permettono la dovuta visibilit\u00e0 e fruibilit\u00e0 delle sedute del consiglio\u201d<\/em>.&nbsp;<\/p>\n\n\n\n<p><\/p>\n\n\n\n<p><\/p>\n\n\n\n<p><strong>Alla scuola primaria di Stazione partir\u00e0 l\u2019anno prossimo, nella classe prima, un nuovo modello didattico denominato \u201cmodulo flessibile\u201d che prevede,<\/strong> rispetto al modulo tradizionale (tutte le mattine e due pomeriggi alla settimana) l\u2019aggiunta, a scelta delle famiglie, di uno, due o tre pomeriggi ulteriori durante i quali saranno organizzate attivit\u00e0 didattiche fuori dal programma ordinario e di natura laboratoriale.&nbsp;<\/p>\n\n\n\n<p>Ci sar\u00e0 anche una seconda lingua straniera con un insegnante madre-lingua (si pensa al tedesco) e poi la musica (canto, strumenti, danza) e la lettura, ma in forma rilassante e gradevole, e poi la motricit\u00e0. Inoltre verr\u00e0 anche svolta un\u2019attivit\u00e0 di sostegno ai compiti scolastici ordinari. Il nuovo \u201cmodulo flessibile\u201d ha gi\u00e0 incontrato il gradimento delle famiglie degli iscritti alla prima di Stazione che hanno gi\u00e0 optato per i tre pomeriggi convinti dal fatto che non si tratta di una ripetizione del tradizionale tempo pieno ma di una novit\u00e0 assoluta per la flessibilit\u00e0 (si potrebbe scegliere anche un solo pomeriggio) e per il tipo di attivit\u00e0 proposte.&nbsp;L\u2019iniziativa \u00e8 scaturita da un\u2019intesa e collaborazione tra l\u2019Istituto Comprensivo di Montale diretto dal preside Mauro Guarducci e l\u2019assessore all\u2019istruzione del Comune Tiziano Pierucci. Le insegnanti, Susanna Smiraglio, Laura Siligardi e Lucia Fabbri, <strong>hanno aderito con entusiasmo a questa innovazione che permetter\u00e0 di ampliare la presenza a scuola di settori della cultura importanti come la musica, che non sempre ha nella scuola italiana il posto che merita, e di insegnamenti molto richiesti e utili come le lingue straniere<\/strong>.<\/p>\n\n\n\n<p><\/p>\n\n\n\n<p><\/p>\n\n\n\n<p><strong>La sede della Confartigianato di Montale, che si trova nell\u2019edificio della sede della Misericordia di Montale, svolge da anni un servizio utilissimo al mondo dell\u2019economia e in generale alla cittadinanza montalese.<\/strong>&nbsp;<\/p>\n\n\n\n<p>Negli ampi e luminosi uffici della Confartigianato lavorano i funzionari Alberto Gorgeri, Giulia Mori e Andrea Bartoli che accolgono operatori economici e privati cittadini offrendo un sostegno competente e puntuale su una gamma piuttosto ampia di materie. Al primo posto c\u2019\u00e8 l\u2019assistenza fiscale di cui non si servono solo le imprese, ma anche molti privati (compilazione modello 730, modello unico, dichiarazione Isee, successioni, calcolo e gestione dell\u2019Imu e di altri tributi locali). La Confartigianato fornisce anche assistenza nel campo pensionistico e nel settore dell\u2019invalidit\u00e0 civile, dell\u2019accompagnamento, degli assegni familiari e della maternit\u00e0. C\u2019\u00e8 anche il settore riguardante gli infortuni (danno biologico, malattie professionali, ricorsi Inail) e la consulenza legale gestita dall\u2019avvocato Massimiliano Pieroni.&nbsp;<strong>La Confartigianato di Montale ha da sempre come suo punto di riferimento a livello locale il fiorista Enzo Gazzarri, commerciante e cittadino molto sensibile alle problematiche locali e molto attento alle esigenze delle imprese<\/strong>. La sede dell\u2019associazione \u00e8 aperta il marted\u00ec dalle 14,30 alle 18,30 e il venerd\u00ec dalle 8,30 alle 12,30 (tel. 0573556620).&nbsp;<\/p>\n\n\n\n<p>&nbsp;<\/p>","protected":false},"excerpt":{"rendered":"<p>di Giacomo Bini giugno 2021 Mille euro, ricavati dalla vendita del libro fotografico di Gabriele Bellini su \u201cMontale al tempo del Covid-19\u201d, sono stati consegnati alla Misericordia e alla Croce d\u2019Oro (500 euro a ciascuna associazione) come segno di riconoscenza per l\u2019attivit\u00e0 svolta dalle due organizzazioni di volontariato durante la pandemia.&nbsp; E&#8217; stato lo [&hellip;]<\/p>","protected":false},"author":12,"featured_media":0,"comment_status":"open","ping_status":"open","sticky":false,"template":"","format":"standard","meta":{"footnotes":""},"categories":[29,7],"tags":[2423,2418,2241,2417,1295,2420,2422,899,107,2421,2419,1740],"class_list":["post-5759","post","type-post","status-publish","format-standard","hentry","category-brevi-ndq-qt","category-mt","tag-confartigianato-di-montale","tag-consiglio-comunale","tag-croce-doro-2","tag-fotogravo","tag-gabriele-bellini","tag-l-nuovo-centro-nerucci","tag-laboratoriale","tag-libro","tag-misericordia","tag-modulo-flessibile","tag-salone-delle-feste","tag-scuola-primaria"],"yoast_head":"<!-- This site is optimized with the Yoast SEO plugin v25.5 - https:\/\/yoast.com\/wordpress\/plugins\/seo\/ -->\n<title>I brevi di Noidiqua - Noi di Qua Testata giornalistica e di attualit\u00e0 di Agliana, Montale e Quarrata.<\/title>\n<meta name=\"robots\" content=\"index, follow, max-snippet:-1, max-image-preview:large, max-video-preview:-1\" \/>\n<link rel=\"canonical\" href=\"https:\/\/www.noidiqua.it\/Montale\/i-brevi-di-ndq\/\" \/>\n<meta property=\"og:locale\" content=\"it_IT\" \/>\n<meta property=\"og:type\" content=\"article\" \/>\n<meta property=\"og:title\" content=\"I brevi di Noidiqua - Noi di Qua Testata giornalistica e di attualit\u00e0 di Agliana, Montale e Quarrata.\" \/>\n<meta property=\"og:description\" content=\"di Giacomo Bini giugno 2021 Mille euro, ricavati dalla vendita del libro fotografico di Gabriele Bellini su \u201cMontale al tempo del Covid-19\u201d, sono stati consegnati alla Misericordia e alla Croce d\u2019Oro (500 euro a ciascuna associazione) come segno di riconoscenza per l\u2019attivit\u00e0 svolta dalle due organizzazioni di volontariato durante la pandemia.&nbsp; E&#8217; stato lo [&hellip;]\" \/>\n<meta property=\"og:url\" content=\"https:\/\/www.noidiqua.it\/Montale\/i-brevi-di-ndq\/\" \/>\n<meta property=\"og:site_name\" content=\"Noi di Qua Testata giornalistica e di attualit\u00e0 di Agliana, Montale e Quarrata.\" \/>\n<meta property=\"article:publisher\" content=\"https:\/\/www.facebook.com\/noidiqua.trimestrale\/\" \/>\n<meta property=\"article:published_time\" content=\"2021-06-12T07:43:42+00:00\" \/>\n<meta property=\"article:modified_time\" content=\"2021-10-13T10:27:33+00:00\" \/>\n<meta property=\"og:image\" content=\"https:\/\/www.noidiqua.it\/Montale\/wp-content\/uploads\/2021\/05\/brevi.png\" \/>\n<meta name=\"author\" content=\"Giacomo Bini\" \/>\n<meta name=\"twitter:label1\" content=\"Scritto da\" \/>\n\t<meta name=\"twitter:data1\" content=\"Giacomo Bini\" \/>\n\t<meta name=\"twitter:label2\" content=\"Tempo di lettura stimato\" \/>\n\t<meta name=\"twitter:data2\" content=\"5 minuti\" \/>\n<script type=\"application\/ld+json\" class=\"yoast-schema-graph\">{\"@context\":\"https:\/\/schema.org\",\"@graph\":[{\"@type\":\"WebPage\",\"@id\":\"https:\/\/www.noidiqua.it\/Montale\/i-brevi-di-ndq\/\",\"url\":\"https:\/\/www.noidiqua.it\/Montale\/i-brevi-di-ndq\/\",\"name\":\"I brevi di Noidiqua - Noi di Qua Testata giornalistica e di attualit\u00e0 di Agliana, Montale e Quarrata.\",\"isPartOf\":{\"@id\":\"https:\/\/www.noidiqua.it\/Montale\/#website\"},\"primaryImageOfPage\":{\"@id\":\"https:\/\/www.noidiqua.it\/Montale\/i-brevi-di-ndq\/#primaryimage\"},\"image\":{\"@id\":\"https:\/\/www.noidiqua.it\/Montale\/i-brevi-di-ndq\/#primaryimage\"},\"thumbnailUrl\":\"https:\/\/www.noidiqua.it\/Montale\/wp-content\/uploads\/2021\/05\/brevi.png\",\"datePublished\":\"2021-06-12T07:43:42+00:00\",\"dateModified\":\"2021-10-13T10:27:33+00:00\",\"author\":{\"@id\":\"https:\/\/www.noidiqua.it\/Montale\/#\/schema\/person\/e2e6f44da50af0dae9c90ad168e471a4\"},\"breadcrumb\":{\"@id\":\"https:\/\/www.noidiqua.it\/Montale\/i-brevi-di-ndq\/#breadcrumb\"},\"inLanguage\":\"it-IT\",\"potentialAction\":[{\"@type\":\"ReadAction\",\"target\":[\"https:\/\/www.noidiqua.it\/Montale\/i-brevi-di-ndq\/\"]}]},{\"@type\":\"ImageObject\",\"inLanguage\":\"it-IT\",\"@id\":\"https:\/\/www.noidiqua.it\/Montale\/i-brevi-di-ndq\/#primaryimage\",\"url\":\"https:\/\/www.noidiqua.it\/Montale\/wp-content\/uploads\/2021\/05\/brevi.png\",\"contentUrl\":\"https:\/\/www.noidiqua.it\/Montale\/wp-content\/uploads\/2021\/05\/brevi.png\",\"width\":473,\"height\":291},{\"@type\":\"BreadcrumbList\",\"@id\":\"https:\/\/www.noidiqua.it\/Montale\/i-brevi-di-ndq\/#breadcrumb\",\"itemListElement\":[{\"@type\":\"ListItem\",\"position\":1,\"name\":\"Home\",\"item\":\"https:\/\/www.noidiqua.it\/Montale\/\"},{\"@type\":\"ListItem\",\"position\":2,\"name\":\"I brevi di Noidiqua\"}]},{\"@type\":\"WebSite\",\"@id\":\"https:\/\/www.noidiqua.it\/Montale\/#website\",\"url\":\"https:\/\/www.noidiqua.it\/Montale\/\",\"name\":\"Noi di Qua Testata giornalistica e di attualit\u00e0 di Agliana, Montale e Quarrata.\",\"description\":\"Testata Giornalistica Quarrata Montale Agliana\",\"potentialAction\":[{\"@type\":\"SearchAction\",\"target\":{\"@type\":\"EntryPoint\",\"urlTemplate\":\"https:\/\/www.noidiqua.it\/Montale\/?s={search_term_string}\"},\"query-input\":{\"@type\":\"PropertyValueSpecification\",\"valueRequired\":true,\"valueName\":\"search_term_string\"}}],\"inLanguage\":\"it-IT\"},{\"@type\":\"Person\",\"@id\":\"https:\/\/www.noidiqua.it\/Montale\/#\/schema\/person\/e2e6f44da50af0dae9c90ad168e471a4\",\"name\":\"Giacomo Bini\",\"image\":{\"@type\":\"ImageObject\",\"inLanguage\":\"it-IT\",\"@id\":\"https:\/\/www.noidiqua.it\/Montale\/#\/schema\/person\/image\/\",\"url\":\"https:\/\/secure.gravatar.com\/avatar\/e5c18ae41df5ae37397358f2c6046696187d51a120c5d0b8f0c49f7b606f46f4?s=96&d=mm&r=g\",\"contentUrl\":\"https:\/\/secure.gravatar.com\/avatar\/e5c18ae41df5ae37397358f2c6046696187d51a120c5d0b8f0c49f7b606f46f4?s=96&d=mm&r=g\",\"caption\":\"Giacomo Bini\"},\"url\":\"https:\/\/www.noidiqua.it\/Montale\/author\/giacomo-bini\/\"}]}<\/script>\n<!-- \/ Yoast SEO plugin. -->","yoast_head_json":{"title":"I brevi di Noidiqua - Noi di Qua Testata giornalistica e di attualit\u00e0 di Agliana, Montale e Quarrata.","robots":{"index":"index","follow":"follow","max-snippet":"max-snippet:-1","max-image-preview":"max-image-preview:large","max-video-preview":"max-video-preview:-1"},"canonical":"https:\/\/www.noidiqua.it\/Montale\/i-brevi-di-ndq\/","og_locale":"it_IT","og_type":"article","og_title":"I brevi di Noidiqua - Noi di Qua Testata giornalistica e di attualit\u00e0 di Agliana, Montale e Quarrata.","og_description":"di Giacomo Bini giugno 2021 Mille euro, ricavati dalla vendita del libro fotografico di Gabriele Bellini su \u201cMontale al tempo del Covid-19\u201d, sono stati consegnati alla Misericordia e alla Croce d\u2019Oro (500 euro a ciascuna associazione) come segno di riconoscenza per l\u2019attivit\u00e0 svolta dalle due organizzazioni di volontariato durante la pandemia.&nbsp; E&#8217; stato lo [&hellip;]","og_url":"https:\/\/www.noidiqua.it\/Montale\/i-brevi-di-ndq\/","og_site_name":"Noi di Qua Testata giornalistica e di attualit\u00e0 di Agliana, Montale e Quarrata.","article_publisher":"https:\/\/www.facebook.com\/noidiqua.trimestrale\/","article_published_time":"2021-06-12T07:43:42+00:00","article_modified_time":"2021-10-13T10:27:33+00:00","og_image":[{"url":"https:\/\/www.noidiqua.it\/Montale\/wp-content\/uploads\/2021\/05\/brevi.png","type":"","width":"","height":""}],"author":"Giacomo Bini","twitter_misc":{"Scritto da":"Giacomo Bini","Tempo di lettura stimato":"5 minuti"},"schema":{"@context":"https:\/\/schema.org","@graph":[{"@type":"WebPage","@id":"https:\/\/www.noidiqua.it\/Montale\/i-brevi-di-ndq\/","url":"https:\/\/www.noidiqua.it\/Montale\/i-brevi-di-ndq\/","name":"I brevi di Noidiqua - Noi di Qua Testata giornalistica e di attualit\u00e0 di Agliana, Montale e Quarrata.","isPartOf":{"@id":"https:\/\/www.noidiqua.it\/Montale\/#website"},"primaryImageOfPage":{"@id":"https:\/\/www.noidiqua.it\/Montale\/i-brevi-di-ndq\/#primaryimage"},"image":{"@id":"https:\/\/www.noidiqua.it\/Montale\/i-brevi-di-ndq\/#primaryimage"},"thumbnailUrl":"https:\/\/www.noidiqua.it\/Montale\/wp-content\/uploads\/2021\/05\/brevi.png","datePublished":"2021-06-12T07:43:42+00:00","dateModified":"2021-10-13T10:27:33+00:00","author":{"@id":"https:\/\/www.noidiqua.it\/Montale\/#\/schema\/person\/e2e6f44da50af0dae9c90ad168e471a4"},"breadcrumb":{"@id":"https:\/\/www.noidiqua.it\/Montale\/i-brevi-di-ndq\/#breadcrumb"},"inLanguage":"it-IT","potentialAction":[{"@type":"ReadAction","target":["https:\/\/www.noidiqua.it\/Montale\/i-brevi-di-ndq\/"]}]},{"@type":"ImageObject","inLanguage":"it-IT","@id":"https:\/\/www.noidiqua.it\/Montale\/i-brevi-di-ndq\/#primaryimage","url":"https:\/\/www.noidiqua.it\/Montale\/wp-content\/uploads\/2021\/05\/brevi.png","contentUrl":"https:\/\/www.noidiqua.it\/Montale\/wp-content\/uploads\/2021\/05\/brevi.png","width":473,"height":291},{"@type":"BreadcrumbList","@id":"https:\/\/www.noidiqua.it\/Montale\/i-brevi-di-ndq\/#breadcrumb","itemListElement":[{"@type":"ListItem","position":1,"name":"Home","item":"https:\/\/www.noidiqua.it\/Montale\/"},{"@type":"ListItem","position":2,"name":"I brevi di Noidiqua"}]},{"@type":"WebSite","@id":"https:\/\/www.noidiqua.it\/Montale\/#website","url":"https:\/\/www.noidiqua.it\/Montale\/","name":"Noi di Qua Testata giornalistica e di attualit\u00e0 di Agliana, Montale e Quarrata.","description":"Testata Giornalistica Quarrata Montale Agliana","potentialAction":[{"@type":"SearchAction","target":{"@type":"EntryPoint","urlTemplate":"https:\/\/www.noidiqua.it\/Montale\/?s={search_term_string}"},"query-input":{"@type":"PropertyValueSpecification","valueRequired":true,"valueName":"search_term_string"}}],"inLanguage":"it-IT"},{"@type":"Person","@id":"https:\/\/www.noidiqua.it\/Montale\/#\/schema\/person\/e2e6f44da50af0dae9c90ad168e471a4","name":"Giacomo Bini","image":{"@type":"ImageObject","inLanguage":"it-IT","@id":"https:\/\/www.noidiqua.it\/Montale\/#\/schema\/person\/image\/","url":"https:\/\/secure.gravatar.com\/avatar\/e5c18ae41df5ae37397358f2c6046696187d51a120c5d0b8f0c49f7b606f46f4?s=96&d=mm&r=g","contentUrl":"https:\/\/secure.gravatar.com\/avatar\/e5c18ae41df5ae37397358f2c6046696187d51a120c5d0b8f0c49f7b606f46f4?s=96&d=mm&r=g","caption":"Giacomo Bini"},"url":"https:\/\/www.noidiqua.it\/Montale\/author\/giacomo-bini\/"}]}},"_links":{"self":[{"href":"https:\/\/www.noidiqua.it\/Montale\/wp-json\/wp\/v2\/posts\/5759","targetHints":{"allow":["GET"]}}],"collection":[{"href":"https:\/\/www.noidiqua.it\/Montale\/wp-json\/wp\/v2\/posts"}],"about":[{"href":"https:\/\/www.noidiqua.it\/Montale\/wp-json\/wp\/v2\/types\/post"}],"author":[{"embeddable":true,"href":"https:\/\/www.noidiqua.it\/Montale\/wp-json\/wp\/v2\/users\/12"}],"replies":[{"embeddable":true,"href":"https:\/\/www.noidiqua.it\/Montale\/wp-json\/wp\/v2\/comments?post=5759"}],"version-history":[{"count":4,"href":"https:\/\/www.noidiqua.it\/Montale\/wp-json\/wp\/v2\/posts\/5759\/revisions"}],"predecessor-version":[{"id":5984,"href":"https:\/\/www.noidiqua.it\/Montale\/wp-json\/wp\/v2\/posts\/5759\/revisions\/5984"}],"wp:attachment":[{"href":"https:\/\/www.noidiqua.it\/Montale\/wp-json\/wp\/v2\/media?parent=5759"}],"wp:term":[{"taxonomy":"category","embeddable":true,"href":"https:\/\/www.noidiqua.it\/Montale\/wp-json\/wp\/v2\/categories?post=5759"},{"taxonomy":"post_tag","embeddable":true,"href":"https:\/\/www.noidiqua.it\/Montale\/wp-json\/wp\/v2\/tags?post=5759"}],"curies":[{"name":"wp","href":"https:\/\/api.w.org\/{rel}","templated":true}]}}