{"id":5763,"date":"2021-06-12T09:54:29","date_gmt":"2021-06-12T07:54:29","guid":{"rendered":"https:\/\/www.noidiqua.it\/Montale\/?p=5763"},"modified":"2021-10-19T09:14:24","modified_gmt":"2021-10-19T07:14:24","slug":"via-di-compietra-un-patrimonio-da-valorizzare","status":"publish","type":"post","link":"https:\/\/www.noidiqua.it\/Montale\/via-di-compietra-un-patrimonio-da-valorizzare\/","title":{"rendered":"Via di Compietra &#8211; un patrimonio da valorizzare"},"content":{"rendered":"<p><em>di Giacomo Bini<\/em><\/p>\n\n\n\n<p>giugno<em> 2021<\/em><\/p>\n\n\n<p><a href=\"https:\/\/www.noidiqua.it\/Montale\/wp-content\/uploads\/2021\/07\/via-pacinotti-2.png\" rel=\"wp-prettyPhoto[5763]\"><img loading=\"lazy\" decoding=\"async\" class=\"aligncenter size-full wp-image-5764\" src=\"https:\/\/www.noidiqua.it\/Montale\/wp-content\/uploads\/2021\/07\/via-pacinotti-2.png\" alt=\"\" width=\"480\" height=\"338\" srcset=\"https:\/\/www.noidiqua.it\/Montale\/wp-content\/uploads\/2021\/07\/via-pacinotti-2.png 480w, https:\/\/www.noidiqua.it\/Montale\/wp-content\/uploads\/2021\/07\/via-pacinotti-2-300x211.png 300w\" sizes=\"auto, (max-width: 480px) 100vw, 480px\" \/><\/a><\/p>\n\n\n<p>Il nome antico e autentico della <strong>stradina<\/strong> che va dal centro di Montale alla Stazione \u00e8 <strong>Compietra<\/strong>, con tutto il rispetto per il celebre fisico e matematico <strong>Antonio Pacinotti<\/strong> a cui \u00e8 intitolata secondo la toponomastica ufficiale del Comune. E&#8217; una delle antiche strade pi\u00f9 belle e importanti del territorio montalese, un <strong>bene paesaggistico<\/strong> di notevole valore ma anche una risorsa essenziale per la viabilit\u00e0 comunale. La strada corre attraverso una campagna rimasta immune in gran parte dalle espansioni urbanistiche. E&#8217; un nastro di asfalto stretto e a tratti tortuoso, letteralmente incastonato tra i <strong>campi<\/strong>, che spesso sono pi\u00f9 alti del piano stradale. Lungo la via ci sono diverse case sparse, un tempo abitate dalle famiglie contadine che lavoravano i poderi di qua e di l\u00e0 dalla strada. Una volta questa era il collegamento viario principale di Montale in direzione sud. I contadini che abitavano in zona la percorrevano a piedi o in bicicletta per andare in paese, per andare a messa o per chiamare il veterinario, il dottore o l\u2019ostetrica. Ora la strada \u00e8 percorsa dalle automobili dei residenti o di chi la sceglie come alternativa a via <strong>Garibaldi<\/strong>, ma \u00e8 frequentata molto anche da persone che camminano, corrono o vanno in bici.\u00a0<\/p>\n\n\n\n<p>Nelle condizioni attuali la stradina non \u00e8 priva di problemi, perch\u00e9 in certi punti le auto hanno difficolt\u00e0 a scambiarsi e ci sono dei tratti in cui la visibilit\u00e0 \u00e8 molto ridotta sia a causa delle curve sia per la vegetazione che cresce sui cigli della strada. Inoltre la strada \u00e8 priva di un sistema di <strong>regimazione <\/strong>delle acque, per cui nei periodi piovosi viene invasa dall\u2019acqua piovana che scende dai campi vicini. E&#8217; un <strong>patrimonio<\/strong> di grande valore che avrebbe bisogno di qualche intervento per essere utilizzato al meglio dalla cittadinanza.<\/p>\n\n\n<p><a href=\"https:\/\/www.noidiqua.it\/Montale\/wp-content\/uploads\/2021\/07\/via-pacinotti-1.png\" rel=\"wp-prettyPhoto[5763]\"><img loading=\"lazy\" decoding=\"async\" class=\"aligncenter size-full wp-image-5765\" src=\"https:\/\/www.noidiqua.it\/Montale\/wp-content\/uploads\/2021\/07\/via-pacinotti-1.png\" alt=\"\" width=\"483\" height=\"349\" srcset=\"https:\/\/www.noidiqua.it\/Montale\/wp-content\/uploads\/2021\/07\/via-pacinotti-1.png 483w, https:\/\/www.noidiqua.it\/Montale\/wp-content\/uploads\/2021\/07\/via-pacinotti-1-300x217.png 300w\" sizes=\"auto, (max-width: 483px) 100vw, 483px\" \/><\/a><\/p>\n\n\n<p>L\u2019Amministrazione Comunale di Montale ha elaborato un progetto che prevede la creazione nella stradina di un itinerario <strong>ciclo-pedonale <\/strong>misto, cio\u00e8 percorso anche dalle auto, oltre che dai pedoni e dalle bici, ma con un rigoroso limite di velocit\u00e0 a trenta chilometri orari. L\u2019idea di fondo del progetto \u00e8 fare di via Pacinotti un collegamento ecologico tra il centro di Montale e la Stazione. Il progetto prevede la realizzazione di un sistema di regimazione delle acque in tutta la strada, la modifica di alcune curve in modo da migliorare la visibilit\u00e0 e la creazione, alla stazione ferroviaria, di alcuni parcheggi per le biciclette per favorirne l\u2019uso. Il limite di velocit\u00e0 a 30 chilometri orari verrebbe esteso anche alle strade del centro collegate con via Pacinotti. L\u2019opera ha un costo di 400mila euro e il Comune sta cercando dei <strong>finanziamenti<\/strong> per poterla realizzare. In consiglio comunale sono state sollevate delle obiezioni dai banchi del centrodestra che ha posto il problema della sicurezza di un percorso misto, che preveda la compresenza di biciclette, pedoni e automobili. Tutti per\u00f2 sono d\u2019accordo che si tratta di una strada da valorizzare per il bene della collettivit\u00e0.<\/p>","protected":false},"excerpt":{"rendered":"<p>di Giacomo Bini giugno 2021 Il nome antico e autentico della stradina che va dal centro di Montale alla Stazione \u00e8 Compietra, con tutto il rispetto per il celebre fisico e matematico Antonio Pacinotti a cui \u00e8 intitolata secondo la toponomastica ufficiale del Comune. E&#8217; una delle antiche strade pi\u00f9 belle e importanti del [&hellip;]<\/p>","protected":false},"author":12,"featured_media":0,"comment_status":"open","ping_status":"open","sticky":false,"template":"","format":"standard","meta":{"footnotes":""},"categories":[7,18],"tags":[2425,2427,2428,2432,2424,2433,2429,2431,2430,2426],"class_list":["post-5763","post","type-post","status-publish","format-standard","hentry","category-mt","category-territorio-qt","tag-antonio-pacinotti","tag-bene-paesaggistico","tag-campi","tag-ciclo-pedonale","tag-compietra","tag-finanziamenti","tag-garibaldi","tag-patrimonio","tag-regimazione","tag-stradina"],"yoast_head":"<!-- This site is optimized with the Yoast SEO plugin v25.5 - https:\/\/yoast.com\/wordpress\/plugins\/seo\/ -->\n<title>Via di Compietra - un patrimonio da valorizzare - Noi di Qua Testata giornalistica e di attualit\u00e0 di Agliana, Montale e Quarrata.<\/title>\n<meta name=\"robots\" content=\"index, follow, max-snippet:-1, max-image-preview:large, max-video-preview:-1\" \/>\n<link rel=\"canonical\" href=\"https:\/\/www.noidiqua.it\/Montale\/via-di-compietra-un-patrimonio-da-valorizzare\/\" \/>\n<meta property=\"og:locale\" content=\"it_IT\" \/>\n<meta property=\"og:type\" content=\"article\" \/>\n<meta property=\"og:title\" content=\"Via di Compietra - un patrimonio da valorizzare - Noi di Qua Testata giornalistica e di attualit\u00e0 di Agliana, Montale e Quarrata.\" \/>\n<meta property=\"og:description\" content=\"di Giacomo Bini giugno 2021 Il nome antico e autentico della stradina che va dal centro di Montale alla Stazione \u00e8 Compietra, con tutto il rispetto per il celebre fisico e matematico Antonio Pacinotti a cui \u00e8 intitolata secondo la toponomastica ufficiale del Comune. E&#8217; una delle antiche strade pi\u00f9 belle e importanti del [&hellip;]\" \/>\n<meta property=\"og:url\" content=\"https:\/\/www.noidiqua.it\/Montale\/via-di-compietra-un-patrimonio-da-valorizzare\/\" \/>\n<meta property=\"og:site_name\" content=\"Noi di Qua Testata giornalistica e di attualit\u00e0 di Agliana, Montale e Quarrata.\" \/>\n<meta property=\"article:publisher\" content=\"https:\/\/www.facebook.com\/noidiqua.trimestrale\/\" \/>\n<meta property=\"article:published_time\" content=\"2021-06-12T07:54:29+00:00\" \/>\n<meta property=\"article:modified_time\" content=\"2021-10-19T07:14:24+00:00\" \/>\n<meta property=\"og:image\" content=\"https:\/\/www.noidiqua.it\/Montale\/wp-content\/uploads\/2021\/07\/via-pacinotti-2.png\" \/>\n<meta name=\"author\" content=\"Giacomo Bini\" \/>\n<meta name=\"twitter:label1\" content=\"Scritto da\" \/>\n\t<meta name=\"twitter:data1\" content=\"Giacomo Bini\" \/>\n\t<meta name=\"twitter:label2\" content=\"Tempo di lettura stimato\" \/>\n\t<meta name=\"twitter:data2\" content=\"2 minuti\" \/>\n<script type=\"application\/ld+json\" class=\"yoast-schema-graph\">{\"@context\":\"https:\/\/schema.org\",\"@graph\":[{\"@type\":\"WebPage\",\"@id\":\"https:\/\/www.noidiqua.it\/Montale\/via-di-compietra-un-patrimonio-da-valorizzare\/\",\"url\":\"https:\/\/www.noidiqua.it\/Montale\/via-di-compietra-un-patrimonio-da-valorizzare\/\",\"name\":\"Via di Compietra - un patrimonio da valorizzare - Noi di Qua Testata giornalistica e di attualit\u00e0 di Agliana, Montale e Quarrata.\",\"isPartOf\":{\"@id\":\"https:\/\/www.noidiqua.it\/Montale\/#website\"},\"primaryImageOfPage\":{\"@id\":\"https:\/\/www.noidiqua.it\/Montale\/via-di-compietra-un-patrimonio-da-valorizzare\/#primaryimage\"},\"image\":{\"@id\":\"https:\/\/www.noidiqua.it\/Montale\/via-di-compietra-un-patrimonio-da-valorizzare\/#primaryimage\"},\"thumbnailUrl\":\"https:\/\/www.noidiqua.it\/Montale\/wp-content\/uploads\/2021\/07\/via-pacinotti-2.png\",\"datePublished\":\"2021-06-12T07:54:29+00:00\",\"dateModified\":\"2021-10-19T07:14:24+00:00\",\"author\":{\"@id\":\"https:\/\/www.noidiqua.it\/Montale\/#\/schema\/person\/e2e6f44da50af0dae9c90ad168e471a4\"},\"breadcrumb\":{\"@id\":\"https:\/\/www.noidiqua.it\/Montale\/via-di-compietra-un-patrimonio-da-valorizzare\/#breadcrumb\"},\"inLanguage\":\"it-IT\",\"potentialAction\":[{\"@type\":\"ReadAction\",\"target\":[\"https:\/\/www.noidiqua.it\/Montale\/via-di-compietra-un-patrimonio-da-valorizzare\/\"]}]},{\"@type\":\"ImageObject\",\"inLanguage\":\"it-IT\",\"@id\":\"https:\/\/www.noidiqua.it\/Montale\/via-di-compietra-un-patrimonio-da-valorizzare\/#primaryimage\",\"url\":\"https:\/\/www.noidiqua.it\/Montale\/wp-content\/uploads\/2021\/07\/via-pacinotti-2.png\",\"contentUrl\":\"https:\/\/www.noidiqua.it\/Montale\/wp-content\/uploads\/2021\/07\/via-pacinotti-2.png\",\"width\":480,\"height\":338},{\"@type\":\"BreadcrumbList\",\"@id\":\"https:\/\/www.noidiqua.it\/Montale\/via-di-compietra-un-patrimonio-da-valorizzare\/#breadcrumb\",\"itemListElement\":[{\"@type\":\"ListItem\",\"position\":1,\"name\":\"Home\",\"item\":\"https:\/\/www.noidiqua.it\/Montale\/\"},{\"@type\":\"ListItem\",\"position\":2,\"name\":\"Via di Compietra &#8211; un patrimonio da valorizzare\"}]},{\"@type\":\"WebSite\",\"@id\":\"https:\/\/www.noidiqua.it\/Montale\/#website\",\"url\":\"https:\/\/www.noidiqua.it\/Montale\/\",\"name\":\"Noi di Qua Testata giornalistica e di attualit\u00e0 di Agliana, Montale e Quarrata.\",\"description\":\"Testata Giornalistica Quarrata Montale Agliana\",\"potentialAction\":[{\"@type\":\"SearchAction\",\"target\":{\"@type\":\"EntryPoint\",\"urlTemplate\":\"https:\/\/www.noidiqua.it\/Montale\/?s={search_term_string}\"},\"query-input\":{\"@type\":\"PropertyValueSpecification\",\"valueRequired\":true,\"valueName\":\"search_term_string\"}}],\"inLanguage\":\"it-IT\"},{\"@type\":\"Person\",\"@id\":\"https:\/\/www.noidiqua.it\/Montale\/#\/schema\/person\/e2e6f44da50af0dae9c90ad168e471a4\",\"name\":\"Giacomo Bini\",\"image\":{\"@type\":\"ImageObject\",\"inLanguage\":\"it-IT\",\"@id\":\"https:\/\/www.noidiqua.it\/Montale\/#\/schema\/person\/image\/\",\"url\":\"https:\/\/secure.gravatar.com\/avatar\/e5c18ae41df5ae37397358f2c6046696187d51a120c5d0b8f0c49f7b606f46f4?s=96&d=mm&r=g\",\"contentUrl\":\"https:\/\/secure.gravatar.com\/avatar\/e5c18ae41df5ae37397358f2c6046696187d51a120c5d0b8f0c49f7b606f46f4?s=96&d=mm&r=g\",\"caption\":\"Giacomo Bini\"},\"url\":\"https:\/\/www.noidiqua.it\/Montale\/author\/giacomo-bini\/\"}]}<\/script>\n<!-- \/ Yoast SEO plugin. -->","yoast_head_json":{"title":"Via di Compietra - un patrimonio da valorizzare - Noi di Qua Testata giornalistica e di attualit\u00e0 di Agliana, Montale e Quarrata.","robots":{"index":"index","follow":"follow","max-snippet":"max-snippet:-1","max-image-preview":"max-image-preview:large","max-video-preview":"max-video-preview:-1"},"canonical":"https:\/\/www.noidiqua.it\/Montale\/via-di-compietra-un-patrimonio-da-valorizzare\/","og_locale":"it_IT","og_type":"article","og_title":"Via di Compietra - un patrimonio da valorizzare - Noi di Qua Testata giornalistica e di attualit\u00e0 di Agliana, Montale e Quarrata.","og_description":"di Giacomo Bini giugno 2021 Il nome antico e autentico della stradina che va dal centro di Montale alla Stazione \u00e8 Compietra, con tutto il rispetto per il celebre fisico e matematico Antonio Pacinotti a cui \u00e8 intitolata secondo la toponomastica ufficiale del Comune. E&#8217; una delle antiche strade pi\u00f9 belle e importanti del [&hellip;]","og_url":"https:\/\/www.noidiqua.it\/Montale\/via-di-compietra-un-patrimonio-da-valorizzare\/","og_site_name":"Noi di Qua Testata giornalistica e di attualit\u00e0 di Agliana, Montale e Quarrata.","article_publisher":"https:\/\/www.facebook.com\/noidiqua.trimestrale\/","article_published_time":"2021-06-12T07:54:29+00:00","article_modified_time":"2021-10-19T07:14:24+00:00","og_image":[{"url":"https:\/\/www.noidiqua.it\/Montale\/wp-content\/uploads\/2021\/07\/via-pacinotti-2.png","type":"","width":"","height":""}],"author":"Giacomo Bini","twitter_misc":{"Scritto da":"Giacomo Bini","Tempo di lettura stimato":"2 minuti"},"schema":{"@context":"https:\/\/schema.org","@graph":[{"@type":"WebPage","@id":"https:\/\/www.noidiqua.it\/Montale\/via-di-compietra-un-patrimonio-da-valorizzare\/","url":"https:\/\/www.noidiqua.it\/Montale\/via-di-compietra-un-patrimonio-da-valorizzare\/","name":"Via di Compietra - un patrimonio da valorizzare - Noi di Qua Testata giornalistica e di attualit\u00e0 di Agliana, Montale e Quarrata.","isPartOf":{"@id":"https:\/\/www.noidiqua.it\/Montale\/#website"},"primaryImageOfPage":{"@id":"https:\/\/www.noidiqua.it\/Montale\/via-di-compietra-un-patrimonio-da-valorizzare\/#primaryimage"},"image":{"@id":"https:\/\/www.noidiqua.it\/Montale\/via-di-compietra-un-patrimonio-da-valorizzare\/#primaryimage"},"thumbnailUrl":"https:\/\/www.noidiqua.it\/Montale\/wp-content\/uploads\/2021\/07\/via-pacinotti-2.png","datePublished":"2021-06-12T07:54:29+00:00","dateModified":"2021-10-19T07:14:24+00:00","author":{"@id":"https:\/\/www.noidiqua.it\/Montale\/#\/schema\/person\/e2e6f44da50af0dae9c90ad168e471a4"},"breadcrumb":{"@id":"https:\/\/www.noidiqua.it\/Montale\/via-di-compietra-un-patrimonio-da-valorizzare\/#breadcrumb"},"inLanguage":"it-IT","potentialAction":[{"@type":"ReadAction","target":["https:\/\/www.noidiqua.it\/Montale\/via-di-compietra-un-patrimonio-da-valorizzare\/"]}]},{"@type":"ImageObject","inLanguage":"it-IT","@id":"https:\/\/www.noidiqua.it\/Montale\/via-di-compietra-un-patrimonio-da-valorizzare\/#primaryimage","url":"https:\/\/www.noidiqua.it\/Montale\/wp-content\/uploads\/2021\/07\/via-pacinotti-2.png","contentUrl":"https:\/\/www.noidiqua.it\/Montale\/wp-content\/uploads\/2021\/07\/via-pacinotti-2.png","width":480,"height":338},{"@type":"BreadcrumbList","@id":"https:\/\/www.noidiqua.it\/Montale\/via-di-compietra-un-patrimonio-da-valorizzare\/#breadcrumb","itemListElement":[{"@type":"ListItem","position":1,"name":"Home","item":"https:\/\/www.noidiqua.it\/Montale\/"},{"@type":"ListItem","position":2,"name":"Via di Compietra &#8211; un patrimonio da valorizzare"}]},{"@type":"WebSite","@id":"https:\/\/www.noidiqua.it\/Montale\/#website","url":"https:\/\/www.noidiqua.it\/Montale\/","name":"Noi di Qua Testata giornalistica e di attualit\u00e0 di Agliana, Montale e Quarrata.","description":"Testata Giornalistica Quarrata Montale Agliana","potentialAction":[{"@type":"SearchAction","target":{"@type":"EntryPoint","urlTemplate":"https:\/\/www.noidiqua.it\/Montale\/?s={search_term_string}"},"query-input":{"@type":"PropertyValueSpecification","valueRequired":true,"valueName":"search_term_string"}}],"inLanguage":"it-IT"},{"@type":"Person","@id":"https:\/\/www.noidiqua.it\/Montale\/#\/schema\/person\/e2e6f44da50af0dae9c90ad168e471a4","name":"Giacomo Bini","image":{"@type":"ImageObject","inLanguage":"it-IT","@id":"https:\/\/www.noidiqua.it\/Montale\/#\/schema\/person\/image\/","url":"https:\/\/secure.gravatar.com\/avatar\/e5c18ae41df5ae37397358f2c6046696187d51a120c5d0b8f0c49f7b606f46f4?s=96&d=mm&r=g","contentUrl":"https:\/\/secure.gravatar.com\/avatar\/e5c18ae41df5ae37397358f2c6046696187d51a120c5d0b8f0c49f7b606f46f4?s=96&d=mm&r=g","caption":"Giacomo Bini"},"url":"https:\/\/www.noidiqua.it\/Montale\/author\/giacomo-bini\/"}]}},"_links":{"self":[{"href":"https:\/\/www.noidiqua.it\/Montale\/wp-json\/wp\/v2\/posts\/5763","targetHints":{"allow":["GET"]}}],"collection":[{"href":"https:\/\/www.noidiqua.it\/Montale\/wp-json\/wp\/v2\/posts"}],"about":[{"href":"https:\/\/www.noidiqua.it\/Montale\/wp-json\/wp\/v2\/types\/post"}],"author":[{"embeddable":true,"href":"https:\/\/www.noidiqua.it\/Montale\/wp-json\/wp\/v2\/users\/12"}],"replies":[{"embeddable":true,"href":"https:\/\/www.noidiqua.it\/Montale\/wp-json\/wp\/v2\/comments?post=5763"}],"version-history":[{"count":1,"href":"https:\/\/www.noidiqua.it\/Montale\/wp-json\/wp\/v2\/posts\/5763\/revisions"}],"predecessor-version":[{"id":5766,"href":"https:\/\/www.noidiqua.it\/Montale\/wp-json\/wp\/v2\/posts\/5763\/revisions\/5766"}],"wp:attachment":[{"href":"https:\/\/www.noidiqua.it\/Montale\/wp-json\/wp\/v2\/media?parent=5763"}],"wp:term":[{"taxonomy":"category","embeddable":true,"href":"https:\/\/www.noidiqua.it\/Montale\/wp-json\/wp\/v2\/categories?post=5763"},{"taxonomy":"post_tag","embeddable":true,"href":"https:\/\/www.noidiqua.it\/Montale\/wp-json\/wp\/v2\/tags?post=5763"}],"curies":[{"name":"wp","href":"https:\/\/api.w.org\/{rel}","templated":true}]}}