{"id":5774,"date":"2021-06-12T10:16:48","date_gmt":"2021-06-12T08:16:48","guid":{"rendered":"https:\/\/www.noidiqua.it\/Montale\/?p=5774"},"modified":"2021-10-19T09:13:02","modified_gmt":"2021-10-19T07:13:02","slug":"gli-alieni-della-piana","status":"publish","type":"post","link":"https:\/\/www.noidiqua.it\/Montale\/gli-alieni-della-piana\/","title":{"rendered":"Gli \u201calieni\u201d della Piana"},"content":{"rendered":"<p><em>di David Colzi<\/em><\/p>\n\n\n\n<p><em>giugno 2021<\/em><\/p>\n\n\n<p><a href=\"https:\/\/www.noidiqua.it\/Montale\/wp-content\/uploads\/2021\/07\/storia-gambero-killer.png\" rel=\"wp-prettyPhoto[5774]\"><img loading=\"lazy\" decoding=\"async\" class=\"aligncenter size-full wp-image-5775\" src=\"https:\/\/www.noidiqua.it\/Montale\/wp-content\/uploads\/2021\/07\/storia-gambero-killer.png\" alt=\"\" width=\"488\" height=\"337\" srcset=\"https:\/\/www.noidiqua.it\/Montale\/wp-content\/uploads\/2021\/07\/storia-gambero-killer.png 488w, https:\/\/www.noidiqua.it\/Montale\/wp-content\/uploads\/2021\/07\/storia-gambero-killer-300x207.png 300w\" sizes=\"auto, (max-width: 488px) 100vw, 488px\" \/><\/a><\/p>\n\n\n<p>A dispetto del termine \u201c<strong>specie aliena<\/strong>\u201d, qui non parliamo di un argomento leggero che riguarda avvistamenti di UFO o <strong>X-Files<\/strong>, perch\u00e9 gli alieni di cui parliamo sono animali e piante che vivono gi\u00e0 intorno a noi e che, anno dopo anno, stanno modificando radicalmente le poche <strong>aree verdi <\/strong>del nostro centro urbano e la loro <strong>biodiversit\u00e0<\/strong>, spesso ultimo rifugio della fauna e della flora autoctona. Questi \u201cospiti inquietanti\u201d spopolano soprattutto perch\u00e9 viviamo in una<strong> aree verdi<\/strong>, dove persone e merci viaggiano da un capo all\u2019altro del globo; a questo si aggiunge poi la leggerezza con la quale importiamo animali e piante nel nostro Paese, ignorandone le conseguenze.<\/p>\n\n\n\n<p>A farci da guida in questo mondo c\u2019\u00e8 il dottor <strong>Massimiliano Petrolo<\/strong>, naturalista e guida ambientale escursionistica presso l\u2019<strong>Ecoistituto delle Cerbaie<\/strong>, che ci spiega subito che per \u201cspecie aliena\u201d si intende tutta la flora e la fauna che non appartiene ai nostri ecosistemi e alle sue catene alimentari. <em>\u00abGi\u00e0 parlare di equilibrio in un\u2019area fortemente antropizzata qual \u00e8 la nostra Piana, non \u00e8 cosa da poco\u00bb <\/em>precisa subito Petrolo <em>\u00abanche perch\u00e9 il primo \u201calieno\u201d che nel tempo si \u00e8 tirato fuori dalle catene alimentari naturali, \u00e8 proprio l\u2019uomo. Se poi aggiungiamo altri ospiti, il disastro \u00e8 dietro l\u2019angolo\u00bb.<\/em><\/p>\n\n\n\n<p>Dalle nostre parti il pi\u00f9 famoso \u00e8 certamente il Gambero rosso della Louisiana, che a causa della sua voracit\u00e0 si \u00e8 meritato il soprannome di \u201c<strong>Gambero killer<\/strong>\u201d. In Italia fu importato per scopi alimentari, ma poi \u00e8 sfuggito al controllo e ora sta gozzovigliando nei nostri fiumi e nelle aree umide, complice il clima mite che ne favorisce la riproduzione. <em>\u00abFondamentale per l\u2019invasione di queste specie nuove \u00e8 che qui non hanno predatori, quindi si collocano subito al vertice della catena alimentare\u00bb<\/em> dice Petrolo.\u00a0<\/p>\n\n\n<p><a href=\"https:\/\/www.noidiqua.it\/Montale\/wp-content\/uploads\/2021\/07\/storia-nutrie.png\" rel=\"wp-prettyPhoto[5774]\"><img loading=\"lazy\" decoding=\"async\" class=\"aligncenter size-full wp-image-5776\" src=\"https:\/\/www.noidiqua.it\/Montale\/wp-content\/uploads\/2021\/07\/storia-nutrie.png\" alt=\"\" width=\"486\" height=\"332\" srcset=\"https:\/\/www.noidiqua.it\/Montale\/wp-content\/uploads\/2021\/07\/storia-nutrie.png 486w, https:\/\/www.noidiqua.it\/Montale\/wp-content\/uploads\/2021\/07\/storia-nutrie-300x205.png 300w\" sizes=\"auto, (max-width: 486px) 100vw, 486px\" \/><\/a><\/p>\n\n\n<p>Anche la <strong>Nutria<\/strong>, senza antagonisti naturali, domina; questa fu importata per allevarla al fine di ottenere la pelliccia e anch\u2019essa \u00e8 fuggita dagli allevamenti. Alcuni ricorderanno il termine, \u201cpelliccia di castorino\u201d; ecco quello era pelo di Nutria. Si tratta di un roditore che crea veri disastri nel territorio perch\u00e9, oltre ad essere vorace nei confronti delle piante, scava delle tane che rendono pi\u00f9 fragili gli argini dei fiumi.<\/p>\n\n\n\n<p>Capita poi che una specie diversa, ma simile a quella autoctona, arrivi in un luogo e prenda il sopravvento, facendo estinguere quella originaria. Caso emblematico sono le tartarughe d\u2019acqua \u201cdalle orecchie rosse\u201d e \u201cdalle orecchie gialle\u201d, che ormai hanno completamente soppiantato la nostra \u201c<strong>Testuggine palustre europea<\/strong>\u201d, che oggi vive solo in poche zone interne e in alcune lagune costiere. In questo caso i due alieni hanno vinto perch\u00e9 pi\u00f9 adattabili. Per capire di cosa parliamo, basta fare un giro al Parco Pertini di Agliana e notare quanto sia grande la popolazione di questi rettili. <em>\u00abQui affrontiamo un altro problema\u00bb <\/em>afferma Petrolo<em> \u00abe cio\u00e8 quello dell\u2019abbandono, o presunta liberazione, degli animali tenuti in cattivit\u00e0. Perch\u00e9 \u00e8 bene sapere che queste nuove tartarughine, sono state immesse nel nostro territorio dai privati che, quando le hanno acquistate o vinte al Luna Park, ignoravano che nel tempo avrebbero pi\u00f9 che triplicato il loro volume\u00bb<\/em>.&nbsp;<\/p>\n\n\n\n<p><strong>Per\u00f2 non \u00e8 detto che ci sia il dolo.<\/strong><em>&nbsp;<\/em><\/p>\n\n\n\n<p><em>\u00abVero. Si tratta spesso di mancate informazioni e scarsa cultura ambientale. In tanti pensano che sia bello mettere in libert\u00e0 un animale che non si pu\u00f2 pi\u00f9 tenere, ma non \u00e8 cos\u00ec. Anche un semplice coniglietto domestico non pu\u00f2 essere abbandonato in un bosco, perch\u00e9 potrebbe essere portatore di malattie per i suoi simili che noi ignoriamo. Ricordiamoci infine che questi comportamenti sono illegali\u00bb<\/em>.&nbsp;<\/p>\n\n\n\n<p>Parlando con Petrolo, scopriamo che persino i pesciolini rossi, se liberati, possono proliferare; basta fare una passeggiata su un argine qualsiasi dei nostri fiumi per vederne di discrete dimensioni. Insomma, ci vuole davvero poco per rovinare un ecosistema, e anche il solo spostare una specie all\u2019interno della stessa regione pu\u00f2 provocare un inquinamento genetico.<\/p>\n\n\n<p><a href=\"https:\/\/www.noidiqua.it\/Montale\/wp-content\/uploads\/2021\/07\/storia-robinia.png\" rel=\"wp-prettyPhoto[5774]\"><img loading=\"lazy\" decoding=\"async\" class=\"aligncenter size-full wp-image-5777\" src=\"https:\/\/www.noidiqua.it\/Montale\/wp-content\/uploads\/2021\/07\/storia-robinia.png\" alt=\"\" width=\"467\" height=\"335\" srcset=\"https:\/\/www.noidiqua.it\/Montale\/wp-content\/uploads\/2021\/07\/storia-robinia.png 467w, https:\/\/www.noidiqua.it\/Montale\/wp-content\/uploads\/2021\/07\/storia-robinia-300x215.png 300w\" sizes=\"auto, (max-width: 467px) 100vw, 467px\" \/><\/a><\/p>\n\n\n<p><strong>Qual \u00e8 l\u2019alieno che non ti aspetteresti mai?<\/strong>&nbsp;<\/p>\n\n\n\n<p><em>\u00abE&#8217; un albero, la \u201cRobinia pseudoacacia\u201d chiamato comunemente Cascia o Robinia e riconoscibilissimo in quanto ha quegli splendidi grappoli di fiori bianchi e profumati; la collina montalese e il Montalbano ne sono pieni. Pensa che questa pianta fu introdotta dal Corpo Forestale dello Stato negli anni \u201860, per creare rapidamente bosco e adesso sostituisce gran parte delle nostre specie quercine proprio perch\u00e9 cresce velocemente. Ormai ne siamo talmente invasi, da considerarla naturalizzata\u00bb.<\/em><\/p>\n\n\n\n<p><strong>L\u2019alieno a prima vista pi\u00f9 innocuo?<\/strong><\/p>\n\n\n\n<p><em>\u00abLa \u201cCoccinella arlecchino\u201d, una specie asiatica; nonostante l\u2019aspetto grazioso, sta soppiantando brutalmente quella nostrana, in quanto ne mangia le larve\u00bb.&nbsp;<\/em><\/p>\n\n\n\n<p><strong>E poi c\u2019\u00e8 la famigerata mosca dell\u2019ulivo&#8230;&nbsp;<\/strong><\/p>\n\n\n\n<p><em>\u00abAttenzione: qui gli \u201calieni\u201d c\u2019entrano, ma fino ad un certo punto. Infatti questa \u00e8 sempre esistita da noi e quando il clima \u00e8 favorevole, si moltiplica e rovina interi raccolti di olive; il problema \u00e8 che da qualche anno il riscaldamento climatico ne favorisce la riproduzione. Poi, a quella nostrana se ne sono aggiunte altre, queste s\u00ec, importate. Ecco servita la tempesta perfetta!\u00bb<\/em><\/p>\n\n\n<p><a href=\"https:\/\/www.noidiqua.it\/Montale\/wp-content\/uploads\/2021\/07\/storia-punteruolo-rosso.png\" rel=\"wp-prettyPhoto[5774]\"><img loading=\"lazy\" decoding=\"async\" class=\"aligncenter size-full wp-image-5778\" src=\"https:\/\/www.noidiqua.it\/Montale\/wp-content\/uploads\/2021\/07\/storia-punteruolo-rosso.png\" alt=\"\" width=\"489\" height=\"356\" srcset=\"https:\/\/www.noidiqua.it\/Montale\/wp-content\/uploads\/2021\/07\/storia-punteruolo-rosso.png 489w, https:\/\/www.noidiqua.it\/Montale\/wp-content\/uploads\/2021\/07\/storia-punteruolo-rosso-300x218.png 300w\" sizes=\"auto, (max-width: 489px) 100vw, 489px\" \/><\/a><\/p>\n\n\n<p><strong>In questa situazione, quanto incide il vivaismo?<\/strong><em>&nbsp;<\/em><\/p>\n\n\n\n<p><em>\u00abMeno di quel che si pensi, perch\u00e9 le piante provenienti dall\u2019estero sono in genere pi\u00f9 controllate di qualsiasi altro prodotto e talvolta subiscono addirittura periodi di quarantena; quindi \u00e8 pi\u00f9 facile che un coleottero nocivo come il \u201cPunteruolo rosso della palma\u201d, che ormai prolifera nelle nostre aree verdi, sia arrivato sopra altri tipi di merce che non su albero, come sostengono alcuni\u00bb.<\/em><\/p>\n\n\n\n<p>Per salvaguardare quel che resta, Massimiliano Petrolo, assieme ad alcune istituzioni, porta avanti da anni progetti per rendere le casse di espansione della Piana attraenti per gli animali autoctoni o di migrazione, ripopolandole con piante locali al fine di ricreare oasi ambientali che ricordino le origini del nostro territorio; talvolta vengono addirittura prelevati gli alberi direttamente dai cantieri, prima che vengano tagliati.&nbsp;<\/p>\n\n\n\n<p><strong>Quindi, stiamo davvero perdendo il nostro patrimonio naturalistico senza accorgercene?<\/strong><\/p>\n\n\n\n<p><em>\u00abPensiamo al gi\u00e0 citato Parco Pertini: quando fu riconvertito a lago, per un breve periodo ritrov\u00f2 un sua dimensione, venendo ricolonizzato persino dagli anfibi autoctoni. Da diverso tempo questo equilibrio si \u00e8 spezzato e anche se continua ad essere un polmone verde, \u00e8 completamente cambiato, ma noi passeggiando non ce ne accorgiamo. Questo succede molto spesso&#8230;\u00bb <\/em>conclude Massimiliano Petrolo.&nbsp;<\/p>","protected":false},"excerpt":{"rendered":"<p>di David Colzi giugno 2021 A dispetto del termine \u201cspecie aliena\u201d, qui non parliamo di un argomento leggero che riguarda avvistamenti di UFO o X-Files, perch\u00e9 gli alieni di cui parliamo sono animali e piante che vivono gi\u00e0 intorno a noi e che, anno dopo anno, stanno modificando radicalmente le poche aree verdi del [&hellip;]<\/p>","protected":false},"author":5,"featured_media":0,"comment_status":"open","ping_status":"open","sticky":false,"template":"","format":"standard","meta":{"footnotes":""},"categories":[31,7],"tags":[2446,2447,2448,1765,2449,1823,2450,2451,2452,2453,2454,2455,2456,2457],"class_list":["post-5774","post","type-post","status-publish","format-standard","hentry","category-storia-qt","category-mt","tag-aree-verdi","tag-biodiversita","tag-coccinella","tag-ecoistituto-delle-cerbaie","tag-gambero-killer","tag-massimiliano-petrolo","tag-mosca-dellulivo","tag-nutria","tag-punteruolo-rosso","tag-robinia","tag-specie-aliena","tag-testuggine-palustre","tag-vivaismo","tag-x-files"],"yoast_head":"<!-- This site is optimized with the Yoast SEO plugin v25.5 - https:\/\/yoast.com\/wordpress\/plugins\/seo\/ -->\n<title>Gli \u201calieni\u201d della Piana - Noi di Qua Testata giornalistica e di attualit\u00e0 di Agliana, Montale e Quarrata.<\/title>\n<meta name=\"robots\" content=\"index, follow, max-snippet:-1, max-image-preview:large, max-video-preview:-1\" \/>\n<link rel=\"canonical\" href=\"https:\/\/www.noidiqua.it\/Montale\/gli-alieni-della-piana\/\" \/>\n<meta property=\"og:locale\" content=\"it_IT\" \/>\n<meta property=\"og:type\" content=\"article\" \/>\n<meta property=\"og:title\" content=\"Gli \u201calieni\u201d della Piana - Noi di Qua Testata giornalistica e di attualit\u00e0 di Agliana, Montale e Quarrata.\" \/>\n<meta property=\"og:description\" content=\"di David Colzi giugno 2021 A dispetto del termine \u201cspecie aliena\u201d, qui non parliamo di un argomento leggero che riguarda avvistamenti di UFO o X-Files, perch\u00e9 gli alieni di cui parliamo sono animali e piante che vivono gi\u00e0 intorno a noi e che, anno dopo anno, stanno modificando radicalmente le poche aree verdi del [&hellip;]\" \/>\n<meta property=\"og:url\" content=\"https:\/\/www.noidiqua.it\/Montale\/gli-alieni-della-piana\/\" \/>\n<meta property=\"og:site_name\" content=\"Noi di Qua Testata giornalistica e di attualit\u00e0 di Agliana, Montale e Quarrata.\" \/>\n<meta property=\"article:publisher\" content=\"https:\/\/www.facebook.com\/noidiqua.trimestrale\/\" \/>\n<meta property=\"article:published_time\" content=\"2021-06-12T08:16:48+00:00\" \/>\n<meta property=\"article:modified_time\" content=\"2021-10-19T07:13:02+00:00\" \/>\n<meta property=\"og:image\" content=\"https:\/\/www.noidiqua.it\/Montale\/wp-content\/uploads\/2021\/07\/storia-gambero-killer.png\" \/>\n<meta name=\"author\" content=\"David Colzi\" \/>\n<meta name=\"twitter:label1\" content=\"Scritto da\" \/>\n\t<meta name=\"twitter:data1\" content=\"David Colzi\" \/>\n\t<meta name=\"twitter:label2\" content=\"Tempo di lettura stimato\" \/>\n\t<meta name=\"twitter:data2\" content=\"5 minuti\" \/>\n<script type=\"application\/ld+json\" class=\"yoast-schema-graph\">{\"@context\":\"https:\/\/schema.org\",\"@graph\":[{\"@type\":\"WebPage\",\"@id\":\"https:\/\/www.noidiqua.it\/Montale\/gli-alieni-della-piana\/\",\"url\":\"https:\/\/www.noidiqua.it\/Montale\/gli-alieni-della-piana\/\",\"name\":\"Gli \u201calieni\u201d della Piana - Noi di Qua Testata giornalistica e di attualit\u00e0 di Agliana, Montale e Quarrata.\",\"isPartOf\":{\"@id\":\"https:\/\/www.noidiqua.it\/Montale\/#website\"},\"primaryImageOfPage\":{\"@id\":\"https:\/\/www.noidiqua.it\/Montale\/gli-alieni-della-piana\/#primaryimage\"},\"image\":{\"@id\":\"https:\/\/www.noidiqua.it\/Montale\/gli-alieni-della-piana\/#primaryimage\"},\"thumbnailUrl\":\"https:\/\/www.noidiqua.it\/Montale\/wp-content\/uploads\/2021\/07\/storia-gambero-killer.png\",\"datePublished\":\"2021-06-12T08:16:48+00:00\",\"dateModified\":\"2021-10-19T07:13:02+00:00\",\"author\":{\"@id\":\"https:\/\/www.noidiqua.it\/Montale\/#\/schema\/person\/3b45dd21eb2367c177b6a6d35c868ccc\"},\"breadcrumb\":{\"@id\":\"https:\/\/www.noidiqua.it\/Montale\/gli-alieni-della-piana\/#breadcrumb\"},\"inLanguage\":\"it-IT\",\"potentialAction\":[{\"@type\":\"ReadAction\",\"target\":[\"https:\/\/www.noidiqua.it\/Montale\/gli-alieni-della-piana\/\"]}]},{\"@type\":\"ImageObject\",\"inLanguage\":\"it-IT\",\"@id\":\"https:\/\/www.noidiqua.it\/Montale\/gli-alieni-della-piana\/#primaryimage\",\"url\":\"https:\/\/www.noidiqua.it\/Montale\/wp-content\/uploads\/2021\/07\/storia-gambero-killer.png\",\"contentUrl\":\"https:\/\/www.noidiqua.it\/Montale\/wp-content\/uploads\/2021\/07\/storia-gambero-killer.png\",\"width\":488,\"height\":337},{\"@type\":\"BreadcrumbList\",\"@id\":\"https:\/\/www.noidiqua.it\/Montale\/gli-alieni-della-piana\/#breadcrumb\",\"itemListElement\":[{\"@type\":\"ListItem\",\"position\":1,\"name\":\"Home\",\"item\":\"https:\/\/www.noidiqua.it\/Montale\/\"},{\"@type\":\"ListItem\",\"position\":2,\"name\":\"Gli \u201calieni\u201d della Piana\"}]},{\"@type\":\"WebSite\",\"@id\":\"https:\/\/www.noidiqua.it\/Montale\/#website\",\"url\":\"https:\/\/www.noidiqua.it\/Montale\/\",\"name\":\"Noi di Qua Testata giornalistica e di attualit\u00e0 di Agliana, Montale e Quarrata.\",\"description\":\"Testata Giornalistica Quarrata Montale Agliana\",\"potentialAction\":[{\"@type\":\"SearchAction\",\"target\":{\"@type\":\"EntryPoint\",\"urlTemplate\":\"https:\/\/www.noidiqua.it\/Montale\/?s={search_term_string}\"},\"query-input\":{\"@type\":\"PropertyValueSpecification\",\"valueRequired\":true,\"valueName\":\"search_term_string\"}}],\"inLanguage\":\"it-IT\"},{\"@type\":\"Person\",\"@id\":\"https:\/\/www.noidiqua.it\/Montale\/#\/schema\/person\/3b45dd21eb2367c177b6a6d35c868ccc\",\"name\":\"David Colzi\",\"image\":{\"@type\":\"ImageObject\",\"inLanguage\":\"it-IT\",\"@id\":\"https:\/\/www.noidiqua.it\/Montale\/#\/schema\/person\/image\/\",\"url\":\"https:\/\/secure.gravatar.com\/avatar\/515ac68c0075b78a8243a0f28e5a361c9b5c466a1d6912ac3919ddd928c4db8c?s=96&d=mm&r=g\",\"contentUrl\":\"https:\/\/secure.gravatar.com\/avatar\/515ac68c0075b78a8243a0f28e5a361c9b5c466a1d6912ac3919ddd928c4db8c?s=96&d=mm&r=g\",\"caption\":\"David Colzi\"},\"url\":\"https:\/\/www.noidiqua.it\/Montale\/author\/david-colzi\/\"}]}<\/script>\n<!-- \/ Yoast SEO plugin. -->","yoast_head_json":{"title":"Gli \u201calieni\u201d della Piana - Noi di Qua Testata giornalistica e di attualit\u00e0 di Agliana, Montale e Quarrata.","robots":{"index":"index","follow":"follow","max-snippet":"max-snippet:-1","max-image-preview":"max-image-preview:large","max-video-preview":"max-video-preview:-1"},"canonical":"https:\/\/www.noidiqua.it\/Montale\/gli-alieni-della-piana\/","og_locale":"it_IT","og_type":"article","og_title":"Gli \u201calieni\u201d della Piana - Noi di Qua Testata giornalistica e di attualit\u00e0 di Agliana, Montale e Quarrata.","og_description":"di David Colzi giugno 2021 A dispetto del termine \u201cspecie aliena\u201d, qui non parliamo di un argomento leggero che riguarda avvistamenti di UFO o X-Files, perch\u00e9 gli alieni di cui parliamo sono animali e piante che vivono gi\u00e0 intorno a noi e che, anno dopo anno, stanno modificando radicalmente le poche aree verdi del [&hellip;]","og_url":"https:\/\/www.noidiqua.it\/Montale\/gli-alieni-della-piana\/","og_site_name":"Noi di Qua Testata giornalistica e di attualit\u00e0 di Agliana, Montale e Quarrata.","article_publisher":"https:\/\/www.facebook.com\/noidiqua.trimestrale\/","article_published_time":"2021-06-12T08:16:48+00:00","article_modified_time":"2021-10-19T07:13:02+00:00","og_image":[{"url":"https:\/\/www.noidiqua.it\/Montale\/wp-content\/uploads\/2021\/07\/storia-gambero-killer.png","type":"","width":"","height":""}],"author":"David Colzi","twitter_misc":{"Scritto da":"David Colzi","Tempo di lettura stimato":"5 minuti"},"schema":{"@context":"https:\/\/schema.org","@graph":[{"@type":"WebPage","@id":"https:\/\/www.noidiqua.it\/Montale\/gli-alieni-della-piana\/","url":"https:\/\/www.noidiqua.it\/Montale\/gli-alieni-della-piana\/","name":"Gli \u201calieni\u201d della Piana - Noi di Qua Testata giornalistica e di attualit\u00e0 di Agliana, Montale e Quarrata.","isPartOf":{"@id":"https:\/\/www.noidiqua.it\/Montale\/#website"},"primaryImageOfPage":{"@id":"https:\/\/www.noidiqua.it\/Montale\/gli-alieni-della-piana\/#primaryimage"},"image":{"@id":"https:\/\/www.noidiqua.it\/Montale\/gli-alieni-della-piana\/#primaryimage"},"thumbnailUrl":"https:\/\/www.noidiqua.it\/Montale\/wp-content\/uploads\/2021\/07\/storia-gambero-killer.png","datePublished":"2021-06-12T08:16:48+00:00","dateModified":"2021-10-19T07:13:02+00:00","author":{"@id":"https:\/\/www.noidiqua.it\/Montale\/#\/schema\/person\/3b45dd21eb2367c177b6a6d35c868ccc"},"breadcrumb":{"@id":"https:\/\/www.noidiqua.it\/Montale\/gli-alieni-della-piana\/#breadcrumb"},"inLanguage":"it-IT","potentialAction":[{"@type":"ReadAction","target":["https:\/\/www.noidiqua.it\/Montale\/gli-alieni-della-piana\/"]}]},{"@type":"ImageObject","inLanguage":"it-IT","@id":"https:\/\/www.noidiqua.it\/Montale\/gli-alieni-della-piana\/#primaryimage","url":"https:\/\/www.noidiqua.it\/Montale\/wp-content\/uploads\/2021\/07\/storia-gambero-killer.png","contentUrl":"https:\/\/www.noidiqua.it\/Montale\/wp-content\/uploads\/2021\/07\/storia-gambero-killer.png","width":488,"height":337},{"@type":"BreadcrumbList","@id":"https:\/\/www.noidiqua.it\/Montale\/gli-alieni-della-piana\/#breadcrumb","itemListElement":[{"@type":"ListItem","position":1,"name":"Home","item":"https:\/\/www.noidiqua.it\/Montale\/"},{"@type":"ListItem","position":2,"name":"Gli \u201calieni\u201d della Piana"}]},{"@type":"WebSite","@id":"https:\/\/www.noidiqua.it\/Montale\/#website","url":"https:\/\/www.noidiqua.it\/Montale\/","name":"Noi di Qua Testata giornalistica e di attualit\u00e0 di Agliana, Montale e Quarrata.","description":"Testata Giornalistica Quarrata Montale Agliana","potentialAction":[{"@type":"SearchAction","target":{"@type":"EntryPoint","urlTemplate":"https:\/\/www.noidiqua.it\/Montale\/?s={search_term_string}"},"query-input":{"@type":"PropertyValueSpecification","valueRequired":true,"valueName":"search_term_string"}}],"inLanguage":"it-IT"},{"@type":"Person","@id":"https:\/\/www.noidiqua.it\/Montale\/#\/schema\/person\/3b45dd21eb2367c177b6a6d35c868ccc","name":"David Colzi","image":{"@type":"ImageObject","inLanguage":"it-IT","@id":"https:\/\/www.noidiqua.it\/Montale\/#\/schema\/person\/image\/","url":"https:\/\/secure.gravatar.com\/avatar\/515ac68c0075b78a8243a0f28e5a361c9b5c466a1d6912ac3919ddd928c4db8c?s=96&d=mm&r=g","contentUrl":"https:\/\/secure.gravatar.com\/avatar\/515ac68c0075b78a8243a0f28e5a361c9b5c466a1d6912ac3919ddd928c4db8c?s=96&d=mm&r=g","caption":"David Colzi"},"url":"https:\/\/www.noidiqua.it\/Montale\/author\/david-colzi\/"}]}},"_links":{"self":[{"href":"https:\/\/www.noidiqua.it\/Montale\/wp-json\/wp\/v2\/posts\/5774","targetHints":{"allow":["GET"]}}],"collection":[{"href":"https:\/\/www.noidiqua.it\/Montale\/wp-json\/wp\/v2\/posts"}],"about":[{"href":"https:\/\/www.noidiqua.it\/Montale\/wp-json\/wp\/v2\/types\/post"}],"author":[{"embeddable":true,"href":"https:\/\/www.noidiqua.it\/Montale\/wp-json\/wp\/v2\/users\/5"}],"replies":[{"embeddable":true,"href":"https:\/\/www.noidiqua.it\/Montale\/wp-json\/wp\/v2\/comments?post=5774"}],"version-history":[{"count":1,"href":"https:\/\/www.noidiqua.it\/Montale\/wp-json\/wp\/v2\/posts\/5774\/revisions"}],"predecessor-version":[{"id":5779,"href":"https:\/\/www.noidiqua.it\/Montale\/wp-json\/wp\/v2\/posts\/5774\/revisions\/5779"}],"wp:attachment":[{"href":"https:\/\/www.noidiqua.it\/Montale\/wp-json\/wp\/v2\/media?parent=5774"}],"wp:term":[{"taxonomy":"category","embeddable":true,"href":"https:\/\/www.noidiqua.it\/Montale\/wp-json\/wp\/v2\/categories?post=5774"},{"taxonomy":"post_tag","embeddable":true,"href":"https:\/\/www.noidiqua.it\/Montale\/wp-json\/wp\/v2\/tags?post=5774"}],"curies":[{"name":"wp","href":"https:\/\/api.w.org\/{rel}","templated":true}]}}