{"id":5797,"date":"2020-09-05T10:54:37","date_gmt":"2020-09-05T08:54:37","guid":{"rendered":"https:\/\/www.noidiqua.it\/Montale\/?p=5797"},"modified":"2021-09-02T17:50:19","modified_gmt":"2021-09-02T15:50:19","slug":"mario-biolchi","status":"publish","type":"post","link":"https:\/\/www.noidiqua.it\/Montale\/mario-biolchi\/","title":{"rendered":"Mario Biolchi"},"content":{"rendered":"<p><em>di Giacomo Bini<\/em><\/p>\n\n\n\n<p><em>settembre 2020<\/em><\/p>\n\n\n<p><a href=\"https:\/\/www.noidiqua.it\/Montale\/wp-content\/uploads\/2021\/08\/biolchi-mario-01.png\" rel=\"wp-prettyPhoto[5797]\"><img loading=\"lazy\" decoding=\"async\" class=\"aligncenter size-full wp-image-5798\" src=\"https:\/\/www.noidiqua.it\/Montale\/wp-content\/uploads\/2021\/08\/biolchi-mario-01.png\" alt=\"\" width=\"472\" height=\"362\" srcset=\"https:\/\/www.noidiqua.it\/Montale\/wp-content\/uploads\/2021\/08\/biolchi-mario-01.png 472w, https:\/\/www.noidiqua.it\/Montale\/wp-content\/uploads\/2021\/08\/biolchi-mario-01-300x230.png 300w\" sizes=\"auto, (max-width: 472px) 100vw, 472px\" \/><\/a><\/p>\n\n\n<p><strong>Mario Biolchi<\/strong> \u00e8 il nipote dello scultore <strong><a href=\"https:\/\/www.noidiqua.it\/Montale\/jorio-vivarelli\/\">Jorio Vivarelli<\/a><\/strong>, l\u2019ultimo discendente del grande artista nel paese che gli ha dato i natali e nel quale ha voluto avere la propria sepoltura. E&#8217; figlio di Eda Vivarelli, sorella di Jorio, e vive in pieno centro storico di <strong>Fognano<\/strong>, a pochi passi dalla piazza San Francesco. La sua casa \u00e8 piena zeppa di ricordi del grande artista: foto, manifesti, disegni, cataloghi di mostre e della fondazione intitolata al maestro. Mario \u00e8 quindi il custode di una memoria familiare che racconta delle origini di Jorio Vivarelli e dei suoi affetti. <em>\u00abJorio mi ha sempre voluto bene\u00bb,<\/em> racconta con legittimo orgoglio, <em>\u00abfin da ragazzo ho lavorato con lui nella fonderia ed \u00e8 stato sempre generoso con me\u00bb<\/em>. <\/p>\n\n\n<p><a href=\"https:\/\/www.noidiqua.it\/Montale\/wp-content\/uploads\/2021\/08\/biolchi-mario-02.png\" rel=\"wp-prettyPhoto[5797]\"><img loading=\"lazy\" decoding=\"async\" class=\"aligncenter size-full wp-image-5799\" src=\"https:\/\/www.noidiqua.it\/Montale\/wp-content\/uploads\/2021\/08\/biolchi-mario-02.png\" alt=\"\" width=\"457\" height=\"362\" srcset=\"https:\/\/www.noidiqua.it\/Montale\/wp-content\/uploads\/2021\/08\/biolchi-mario-02.png 457w, https:\/\/www.noidiqua.it\/Montale\/wp-content\/uploads\/2021\/08\/biolchi-mario-02-300x238.png 300w\" sizes=\"auto, (max-width: 457px) 100vw, 457px\" \/><\/a><\/p>\n\n\n<p>Le foto in cui Mario appare insieme all\u2019artista sono tutte caratterizzate da sguardi e gesti di sincera intimit\u00e0 familiare. Del resto Jorio non ha mai mancato di sottolineare, anche in occasioni pubbliche, il suo profondo legame con il paese di Fognano e con la sua famiglia. <em>\u00abE&#8217; il legame con la terra-madre\u00bb,<\/em> disse quando gli fu assegnata la cittadinanza onoraria di Montale<em> \u00abda cui provengo e in cui ho sempre mantenuto le mie radici\u00bb<\/em>. Vivarelli ha realizzato opere in ogni parte del mondo ma anche quando fu al culmine della sua notoriet\u00e0 nel mondo dell\u2019arte, volle fortemente creare il Parco Monumento \u201cIl sacrificio: una morte per una vita\u201d che \u00e8 diventato il simbolo di Fognano e un luogo di aggregazione per tutto il paese. Mario sta attento che il parco e anche la tomba di Jorio nel cimitero siano tenuti bene e se c\u2019\u00e8 qualche manutenzione da fare non manca di segnalarlo.\u00a0<\/p>\n\n\n\n<p>Ma la discendenza da Jorio Vivarelli e il suo contributo a mantenerne vivo il ricordo, non \u00e8 l\u2019unica ragione per cui Biolchi \u00e8 cos\u00ec amato in paese. Un altro motivo dell\u2019affetto da cui \u00e8 circondato \u00e8 l\u2019attaccamento che dimostra in ogni occasione per la propria comunit\u00e0. Davanti alla sua casa, in via Battisti, \u00e8 issata una grande bandiera con i colori giallo-blu del rione di Fognano e di quel vessillo Mario, \u00e8 il principale rappresentante durante il tradizionale <strong>torneo dei rioni<\/strong>. Lui non \u00e8 un semplice tifoso del Fognano, ma partecipa al torneo nello staff tecnico della squadra, come un allenatore aggiunto e segue il gruppo da vicino e lo sostiene con il suo incoraggiamento. Si pu\u00f2 dire che i giocatori del Fognano, quando scendono in campo, giocano anche per lui, per vedere la sua felicit\u00e0 quando la squadra vince. Cambiano le squadre e passano gli anni ma Mario \u00e8 sempre presente a ricordare l\u2019attaccamento alla maglia e l\u2019importanza di dare tutto per il prestigio del paese di Fognano.\u00a0<\/p>\n\n\n<p><a href=\"https:\/\/www.noidiqua.it\/Montale\/wp-content\/uploads\/2021\/08\/biolchi-mario-04.png\" rel=\"wp-prettyPhoto[5797]\"><img loading=\"lazy\" decoding=\"async\" class=\"aligncenter size-full wp-image-5800\" src=\"https:\/\/www.noidiqua.it\/Montale\/wp-content\/uploads\/2021\/08\/biolchi-mario-04.png\" alt=\"\" width=\"460\" height=\"348\" srcset=\"https:\/\/www.noidiqua.it\/Montale\/wp-content\/uploads\/2021\/08\/biolchi-mario-04.png 460w, https:\/\/www.noidiqua.it\/Montale\/wp-content\/uploads\/2021\/08\/biolchi-mario-04-300x227.png 300w\" sizes=\"auto, (max-width: 460px) 100vw, 460px\" \/><\/a><\/p>\n\n\n<p>Anche gli organizzatori del torneo dei rioni, il <strong>Comitato per i Festeggiamenti<\/strong>, riconoscono a Mario Biolchi un ruolo importante tanto che gli riservano ogni anno una coppa speciale che gli viene consegnata dopo la finalissima. C\u2019\u00e8 poi un\u2019ultima ragione per cui \u00e8 amico di tutti ed \u00e8 la sua bont\u00e0 naturale, la sua disponibilit\u00e0 al sorriso e alla battuta scherzosa, la sua spontaneit\u00e0 nel manifestare i propri sentimenti. Insomma, Mario \u00e8 una persona dolce e sincera e per questo tutti gli vogliono bene.<\/p>","protected":false},"excerpt":{"rendered":"<p>di Giacomo Bini settembre 2020 Mario Biolchi \u00e8 il nipote dello scultore Jorio Vivarelli, l\u2019ultimo discendente del grande artista nel paese che gli ha dato i natali e nel quale ha voluto avere la propria sepoltura. E&#8217; figlio di Eda Vivarelli, sorella di Jorio, e vive in pieno centro storico di Fognano, a pochi [&hellip;]<\/p>","protected":false},"author":12,"featured_media":0,"comment_status":"open","ping_status":"open","sticky":false,"template":"","format":"standard","meta":{"footnotes":""},"categories":[7,13,170],"tags":[357,75,1147,2470,2471,753],"class_list":["post-5797","post","type-post","status-publish","format-standard","hentry","category-mt","category-personaggi-qt","category-persone-e-personaggi","tag-comitato-per-i-festeggiamenti","tag-fognano","tag-jorio-vivarelli","tag-mario-biolchi","tag-personaggio","tag-torneo-dei-rioni"],"yoast_head":"<!-- This site is optimized with the Yoast SEO plugin v25.5 - https:\/\/yoast.com\/wordpress\/plugins\/seo\/ -->\n<title>Mario Biolchi - Noi di Qua Testata giornalistica e di attualit\u00e0 di Agliana, Montale e Quarrata.<\/title>\n<meta name=\"robots\" content=\"index, follow, max-snippet:-1, max-image-preview:large, max-video-preview:-1\" \/>\n<link rel=\"canonical\" href=\"https:\/\/www.noidiqua.it\/Montale\/mario-biolchi\/\" \/>\n<meta property=\"og:locale\" content=\"it_IT\" \/>\n<meta property=\"og:type\" content=\"article\" \/>\n<meta property=\"og:title\" content=\"Mario Biolchi - Noi di Qua Testata giornalistica e di attualit\u00e0 di Agliana, Montale e Quarrata.\" \/>\n<meta property=\"og:description\" content=\"di Giacomo Bini settembre 2020 Mario Biolchi \u00e8 il nipote dello scultore Jorio Vivarelli, l\u2019ultimo discendente del grande artista nel paese che gli ha dato i natali e nel quale ha voluto avere la propria sepoltura. E&#8217; figlio di Eda Vivarelli, sorella di Jorio, e vive in pieno centro storico di Fognano, a pochi [&hellip;]\" \/>\n<meta property=\"og:url\" content=\"https:\/\/www.noidiqua.it\/Montale\/mario-biolchi\/\" \/>\n<meta property=\"og:site_name\" content=\"Noi di Qua Testata giornalistica e di attualit\u00e0 di Agliana, Montale e Quarrata.\" \/>\n<meta property=\"article:publisher\" content=\"https:\/\/www.facebook.com\/noidiqua.trimestrale\/\" \/>\n<meta property=\"article:published_time\" content=\"2020-09-05T08:54:37+00:00\" \/>\n<meta property=\"article:modified_time\" content=\"2021-09-02T15:50:19+00:00\" \/>\n<meta property=\"og:image\" content=\"https:\/\/www.noidiqua.it\/Montale\/wp-content\/uploads\/2021\/08\/biolchi-mario-01.png\" \/>\n<meta name=\"author\" content=\"Giacomo Bini\" \/>\n<meta name=\"twitter:label1\" content=\"Scritto da\" \/>\n\t<meta name=\"twitter:data1\" content=\"Giacomo Bini\" \/>\n\t<meta name=\"twitter:label2\" content=\"Tempo di lettura stimato\" \/>\n\t<meta name=\"twitter:data2\" content=\"3 minuti\" \/>\n<script type=\"application\/ld+json\" class=\"yoast-schema-graph\">{\"@context\":\"https:\/\/schema.org\",\"@graph\":[{\"@type\":\"WebPage\",\"@id\":\"https:\/\/www.noidiqua.it\/Montale\/mario-biolchi\/\",\"url\":\"https:\/\/www.noidiqua.it\/Montale\/mario-biolchi\/\",\"name\":\"Mario Biolchi - Noi di Qua Testata giornalistica e di attualit\u00e0 di Agliana, Montale e Quarrata.\",\"isPartOf\":{\"@id\":\"https:\/\/www.noidiqua.it\/Montale\/#website\"},\"primaryImageOfPage\":{\"@id\":\"https:\/\/www.noidiqua.it\/Montale\/mario-biolchi\/#primaryimage\"},\"image\":{\"@id\":\"https:\/\/www.noidiqua.it\/Montale\/mario-biolchi\/#primaryimage\"},\"thumbnailUrl\":\"https:\/\/www.noidiqua.it\/Montale\/wp-content\/uploads\/2021\/08\/biolchi-mario-01.png\",\"datePublished\":\"2020-09-05T08:54:37+00:00\",\"dateModified\":\"2021-09-02T15:50:19+00:00\",\"author\":{\"@id\":\"https:\/\/www.noidiqua.it\/Montale\/#\/schema\/person\/e2e6f44da50af0dae9c90ad168e471a4\"},\"breadcrumb\":{\"@id\":\"https:\/\/www.noidiqua.it\/Montale\/mario-biolchi\/#breadcrumb\"},\"inLanguage\":\"it-IT\",\"potentialAction\":[{\"@type\":\"ReadAction\",\"target\":[\"https:\/\/www.noidiqua.it\/Montale\/mario-biolchi\/\"]}]},{\"@type\":\"ImageObject\",\"inLanguage\":\"it-IT\",\"@id\":\"https:\/\/www.noidiqua.it\/Montale\/mario-biolchi\/#primaryimage\",\"url\":\"https:\/\/www.noidiqua.it\/Montale\/wp-content\/uploads\/2021\/08\/biolchi-mario-01.png\",\"contentUrl\":\"https:\/\/www.noidiqua.it\/Montale\/wp-content\/uploads\/2021\/08\/biolchi-mario-01.png\",\"width\":472,\"height\":362},{\"@type\":\"BreadcrumbList\",\"@id\":\"https:\/\/www.noidiqua.it\/Montale\/mario-biolchi\/#breadcrumb\",\"itemListElement\":[{\"@type\":\"ListItem\",\"position\":1,\"name\":\"Home\",\"item\":\"https:\/\/www.noidiqua.it\/Montale\/\"},{\"@type\":\"ListItem\",\"position\":2,\"name\":\"Mario Biolchi\"}]},{\"@type\":\"WebSite\",\"@id\":\"https:\/\/www.noidiqua.it\/Montale\/#website\",\"url\":\"https:\/\/www.noidiqua.it\/Montale\/\",\"name\":\"Noi di Qua Testata giornalistica e di attualit\u00e0 di Agliana, Montale e Quarrata.\",\"description\":\"Testata Giornalistica Quarrata Montale Agliana\",\"potentialAction\":[{\"@type\":\"SearchAction\",\"target\":{\"@type\":\"EntryPoint\",\"urlTemplate\":\"https:\/\/www.noidiqua.it\/Montale\/?s={search_term_string}\"},\"query-input\":{\"@type\":\"PropertyValueSpecification\",\"valueRequired\":true,\"valueName\":\"search_term_string\"}}],\"inLanguage\":\"it-IT\"},{\"@type\":\"Person\",\"@id\":\"https:\/\/www.noidiqua.it\/Montale\/#\/schema\/person\/e2e6f44da50af0dae9c90ad168e471a4\",\"name\":\"Giacomo Bini\",\"image\":{\"@type\":\"ImageObject\",\"inLanguage\":\"it-IT\",\"@id\":\"https:\/\/www.noidiqua.it\/Montale\/#\/schema\/person\/image\/\",\"url\":\"https:\/\/secure.gravatar.com\/avatar\/e5c18ae41df5ae37397358f2c6046696187d51a120c5d0b8f0c49f7b606f46f4?s=96&d=mm&r=g\",\"contentUrl\":\"https:\/\/secure.gravatar.com\/avatar\/e5c18ae41df5ae37397358f2c6046696187d51a120c5d0b8f0c49f7b606f46f4?s=96&d=mm&r=g\",\"caption\":\"Giacomo Bini\"},\"url\":\"https:\/\/www.noidiqua.it\/Montale\/author\/giacomo-bini\/\"}]}<\/script>\n<!-- \/ Yoast SEO plugin. -->","yoast_head_json":{"title":"Mario Biolchi - Noi di Qua Testata giornalistica e di attualit\u00e0 di Agliana, Montale e Quarrata.","robots":{"index":"index","follow":"follow","max-snippet":"max-snippet:-1","max-image-preview":"max-image-preview:large","max-video-preview":"max-video-preview:-1"},"canonical":"https:\/\/www.noidiqua.it\/Montale\/mario-biolchi\/","og_locale":"it_IT","og_type":"article","og_title":"Mario Biolchi - Noi di Qua Testata giornalistica e di attualit\u00e0 di Agliana, Montale e Quarrata.","og_description":"di Giacomo Bini settembre 2020 Mario Biolchi \u00e8 il nipote dello scultore Jorio Vivarelli, l\u2019ultimo discendente del grande artista nel paese che gli ha dato i natali e nel quale ha voluto avere la propria sepoltura. E&#8217; figlio di Eda Vivarelli, sorella di Jorio, e vive in pieno centro storico di Fognano, a pochi [&hellip;]","og_url":"https:\/\/www.noidiqua.it\/Montale\/mario-biolchi\/","og_site_name":"Noi di Qua Testata giornalistica e di attualit\u00e0 di Agliana, Montale e Quarrata.","article_publisher":"https:\/\/www.facebook.com\/noidiqua.trimestrale\/","article_published_time":"2020-09-05T08:54:37+00:00","article_modified_time":"2021-09-02T15:50:19+00:00","og_image":[{"url":"https:\/\/www.noidiqua.it\/Montale\/wp-content\/uploads\/2021\/08\/biolchi-mario-01.png","type":"","width":"","height":""}],"author":"Giacomo Bini","twitter_misc":{"Scritto da":"Giacomo Bini","Tempo di lettura stimato":"3 minuti"},"schema":{"@context":"https:\/\/schema.org","@graph":[{"@type":"WebPage","@id":"https:\/\/www.noidiqua.it\/Montale\/mario-biolchi\/","url":"https:\/\/www.noidiqua.it\/Montale\/mario-biolchi\/","name":"Mario Biolchi - Noi di Qua Testata giornalistica e di attualit\u00e0 di Agliana, Montale e Quarrata.","isPartOf":{"@id":"https:\/\/www.noidiqua.it\/Montale\/#website"},"primaryImageOfPage":{"@id":"https:\/\/www.noidiqua.it\/Montale\/mario-biolchi\/#primaryimage"},"image":{"@id":"https:\/\/www.noidiqua.it\/Montale\/mario-biolchi\/#primaryimage"},"thumbnailUrl":"https:\/\/www.noidiqua.it\/Montale\/wp-content\/uploads\/2021\/08\/biolchi-mario-01.png","datePublished":"2020-09-05T08:54:37+00:00","dateModified":"2021-09-02T15:50:19+00:00","author":{"@id":"https:\/\/www.noidiqua.it\/Montale\/#\/schema\/person\/e2e6f44da50af0dae9c90ad168e471a4"},"breadcrumb":{"@id":"https:\/\/www.noidiqua.it\/Montale\/mario-biolchi\/#breadcrumb"},"inLanguage":"it-IT","potentialAction":[{"@type":"ReadAction","target":["https:\/\/www.noidiqua.it\/Montale\/mario-biolchi\/"]}]},{"@type":"ImageObject","inLanguage":"it-IT","@id":"https:\/\/www.noidiqua.it\/Montale\/mario-biolchi\/#primaryimage","url":"https:\/\/www.noidiqua.it\/Montale\/wp-content\/uploads\/2021\/08\/biolchi-mario-01.png","contentUrl":"https:\/\/www.noidiqua.it\/Montale\/wp-content\/uploads\/2021\/08\/biolchi-mario-01.png","width":472,"height":362},{"@type":"BreadcrumbList","@id":"https:\/\/www.noidiqua.it\/Montale\/mario-biolchi\/#breadcrumb","itemListElement":[{"@type":"ListItem","position":1,"name":"Home","item":"https:\/\/www.noidiqua.it\/Montale\/"},{"@type":"ListItem","position":2,"name":"Mario Biolchi"}]},{"@type":"WebSite","@id":"https:\/\/www.noidiqua.it\/Montale\/#website","url":"https:\/\/www.noidiqua.it\/Montale\/","name":"Noi di Qua Testata giornalistica e di attualit\u00e0 di Agliana, Montale e Quarrata.","description":"Testata Giornalistica Quarrata Montale Agliana","potentialAction":[{"@type":"SearchAction","target":{"@type":"EntryPoint","urlTemplate":"https:\/\/www.noidiqua.it\/Montale\/?s={search_term_string}"},"query-input":{"@type":"PropertyValueSpecification","valueRequired":true,"valueName":"search_term_string"}}],"inLanguage":"it-IT"},{"@type":"Person","@id":"https:\/\/www.noidiqua.it\/Montale\/#\/schema\/person\/e2e6f44da50af0dae9c90ad168e471a4","name":"Giacomo Bini","image":{"@type":"ImageObject","inLanguage":"it-IT","@id":"https:\/\/www.noidiqua.it\/Montale\/#\/schema\/person\/image\/","url":"https:\/\/secure.gravatar.com\/avatar\/e5c18ae41df5ae37397358f2c6046696187d51a120c5d0b8f0c49f7b606f46f4?s=96&d=mm&r=g","contentUrl":"https:\/\/secure.gravatar.com\/avatar\/e5c18ae41df5ae37397358f2c6046696187d51a120c5d0b8f0c49f7b606f46f4?s=96&d=mm&r=g","caption":"Giacomo Bini"},"url":"https:\/\/www.noidiqua.it\/Montale\/author\/giacomo-bini\/"}]}},"_links":{"self":[{"href":"https:\/\/www.noidiqua.it\/Montale\/wp-json\/wp\/v2\/posts\/5797","targetHints":{"allow":["GET"]}}],"collection":[{"href":"https:\/\/www.noidiqua.it\/Montale\/wp-json\/wp\/v2\/posts"}],"about":[{"href":"https:\/\/www.noidiqua.it\/Montale\/wp-json\/wp\/v2\/types\/post"}],"author":[{"embeddable":true,"href":"https:\/\/www.noidiqua.it\/Montale\/wp-json\/wp\/v2\/users\/12"}],"replies":[{"embeddable":true,"href":"https:\/\/www.noidiqua.it\/Montale\/wp-json\/wp\/v2\/comments?post=5797"}],"version-history":[{"count":2,"href":"https:\/\/www.noidiqua.it\/Montale\/wp-json\/wp\/v2\/posts\/5797\/revisions"}],"predecessor-version":[{"id":5802,"href":"https:\/\/www.noidiqua.it\/Montale\/wp-json\/wp\/v2\/posts\/5797\/revisions\/5802"}],"wp:attachment":[{"href":"https:\/\/www.noidiqua.it\/Montale\/wp-json\/wp\/v2\/media?parent=5797"}],"wp:term":[{"taxonomy":"category","embeddable":true,"href":"https:\/\/www.noidiqua.it\/Montale\/wp-json\/wp\/v2\/categories?post=5797"},{"taxonomy":"post_tag","embeddable":true,"href":"https:\/\/www.noidiqua.it\/Montale\/wp-json\/wp\/v2\/tags?post=5797"}],"curies":[{"name":"wp","href":"https:\/\/api.w.org\/{rel}","templated":true}]}}