{"id":5809,"date":"2020-09-05T12:00:17","date_gmt":"2020-09-05T10:00:17","guid":{"rendered":"https:\/\/www.noidiqua.it\/Montale\/?p=5809"},"modified":"2021-09-02T17:50:39","modified_gmt":"2021-09-02T15:50:39","slug":"roberto-novellini","status":"publish","type":"post","link":"https:\/\/www.noidiqua.it\/Montale\/roberto-novellini\/","title":{"rendered":"Roberto Novellini"},"content":{"rendered":"<p><em>di Giacomo Bini<\/em><\/p>\n\n\n\n<p><em>settembre 2020<\/em><\/p>\n\n\n<p><a href=\"https:\/\/www.noidiqua.it\/Montale\/wp-content\/uploads\/2021\/08\/novellini-roberto-.png\" rel=\"wp-prettyPhoto[5809]\"><img loading=\"lazy\" decoding=\"async\" class=\"aligncenter size-full wp-image-5810\" src=\"https:\/\/www.noidiqua.it\/Montale\/wp-content\/uploads\/2021\/08\/novellini-roberto-.png\" alt=\"\" width=\"481\" height=\"367\" srcset=\"https:\/\/www.noidiqua.it\/Montale\/wp-content\/uploads\/2021\/08\/novellini-roberto-.png 481w, https:\/\/www.noidiqua.it\/Montale\/wp-content\/uploads\/2021\/08\/novellini-roberto--300x229.png 300w\" sizes=\"auto, (max-width: 481px) 100vw, 481px\" \/><\/a><\/p>\n\n\n<p><strong>Roberto Novellini<\/strong> ha lasciato, per raggiunti limiti di et\u00e0 ma non senza un po\u2019 di nostalgia, la <strong>Tennistica Montalese<\/strong>, dove per vent\u2019anni ha svolto attivit\u00e0 di segreteria, raccogliendo iscrizioni e prenotazioni dei corsi e dei campi e contribuendo alla vita organizzativa di una delle <strong>associazioni sportive<\/strong> pi\u00f9 importanti del paese. L\u2019intenzione con cui Roberto ci accoglie nella sua casa di via Verdi, \u00e8 rivolgere un saluto e un ringraziamento, anche attraverso <strong>Noidiqua<\/strong>, ai dirigenti, ai maestri e soprattutto ai tanti bambini e ragazzi, di tante generazioni, che ha visto crescere e divertirsi sui campi della Tennistica. <em>\u00abMi \u00e8 sempre piaciuto stare a contatto con i bambini e i ragazzi\u00bb,<\/em> dice Roberto, <em>\u00abe ne ho visti passare davvero tantissimi, sia nei corsi ordinari che nei centri estivi. Mi ricordo che una volta ne mettemmo a tavola quasi mille tutti in\u00a0 una volta\u00bb<\/em>. \u00a0<\/p>\n\n\n\n<p>Via via che la conversazione va avanti, dalla memoria di Roberto, che ha compiuto 81 anni, emergono affascinanti frammenti del passato di Montale ed in particolare di come veniva vissuto e praticato lo <strong>sport<\/strong>, quando non c\u2019erano gli impianti e la passione dei giovani doveva affidarsi a mezzi di fortuna.<em> \u00abSi giocava a tennis nella strada\u00bb,<\/em> racconta Roberto, <em>\u00abcon delle palette di legno, poi cominciammo a comprare le racchette e si inizi\u00f2 ad andare a giocare nell\u2019unico campo da tennis esistente, quello di propriet\u00e0 dell\u2019imprenditore Lisimaco Innocenti, che si trovava sul Belvedere. Le imprese dei grandi tennisti a cui ora si assiste in televisione, si seguivano alla radio, dove trasmettevano le cronache della Coppa Davis con le partite di Sirola e Pietrangeli. Mi capit\u00f2 anche di vederlo, il grande Pietrangeli, quando ero militare alla Scuola di Guerra Aerea alle Cascine dove lui venne dopo l\u2019incontro di tennis dell\u2019Italia con l\u2019Unione Sovietica. L\u2019ho incontrato di nuovo Pietrangeli quando accompagnai i ragazzi della Tennistica Montalese agli Internazionali d\u2019italia e lui si ricordava la partita e il risultato 5 a 0 per l\u2019Italia\u00bb<\/em>. Il gioco pi\u00f9 praticato per i ragazzi montalesi era per\u00f2 il calcio.<em> \u00abSi faceva il pallone con una camera d\u2019aria aggomitolata e legata con lo spago\u00bb, <\/em>rievoca Roberto,\u00a0<em> \u00abe si giocava sotto le logge della Chiesa. La grande svolta fu la creazione del campo parrocchiale, ora intitolato a Paolo Perugi,\u00a0 quando c\u2019era il parroco Giovanni Mati. Mi ricordo l\u2019impegno per ripulire e spianare il terreno dietro la chiesa finch\u00e9 finalmente non arriv\u00f2 una ruspa a fare il lavoro. Con quel campo le nostre possibilit\u00e0 di divertimento si ampliarono moltissimo\u00bb<\/em>.\u00a0<\/p>\n\n\n\n<p>Ma l\u2019emozione sportiva pi\u00f9 grande che Roberto Novellini ricorda \u00e8 quando nella bottega del <strong><a href=\"https:\/\/www.noidiqua.it\/Montale\/ettore-sbrinci-il-cochino\/\">Cochino<\/a><\/strong>, lo storico albergo-trattoria-alimentari del centro di Montale, vide entrare nientemeno che il campionissimo <strong>Fausto Coppi<\/strong>. <em>\u00abFu un\u2019impressione grandissima\u00bb,<\/em> ricorda Roberto, <em>\u00abentr\u00f2 insieme al suo amico Aldo Bini, anch\u2019egli un ciclista di grande valore, che in quel periodo abitava a Montale. Coppi alloggi\u00f2 presso il suo amico e collega una settimana, anche per recuperare di un infortunio che aveva subito qualche tempo prima. Io ero nella bottega, che era di mio nonno; vidi prima entrare Aldo Bini e poi, dopo di lui, Fausto Coppi, che sembrava davvero un airone. Avr\u00f2 avuto 10 o 11 anni e non lo dimenticher\u00f2 mai. E pensare che a Montale eravamo tutti \u201cBartaliani\u201d convinti, ma quando mi si present\u00f2 davanti il campionissimo in carne ed ossa, restai estasiato.\u00a0 Ci ho pensato spesso a quel momento per me straordinario quando, ogni giorno, andavo alla Tennistica Montalese che si trova proprio in via Fausto Coppi\u00bb<\/em>.<\/p>","protected":false},"excerpt":{"rendered":"<p>di Giacomo Bini settembre 2020 Roberto Novellini ha lasciato, per raggiunti limiti di et\u00e0 ma non senza un po\u2019 di nostalgia, la Tennistica Montalese, dove per vent\u2019anni ha svolto attivit\u00e0 di segreteria, raccogliendo iscrizioni e prenotazioni dei corsi e dei campi e contribuendo alla vita organizzativa di una delle associazioni sportive pi\u00f9 importanti del [&hellip;]<\/p>","protected":false},"author":12,"featured_media":0,"comment_status":"open","ping_status":"open","sticky":false,"template":"","format":"standard","meta":{"footnotes":""},"categories":[7,13,170],"tags":[2479,2480,113,2478,150,393],"class_list":["post-5809","post","type-post","status-publish","format-standard","hentry","category-mt","category-personaggi-qt","category-persone-e-personaggi","tag-associazioni-sportive","tag-fausto-coppi","tag-noidiqua","tag-roberto-novellini","tag-sport","tag-tennistica-montalese"],"yoast_head":"<!-- This site is optimized with the Yoast SEO plugin v25.5 - https:\/\/yoast.com\/wordpress\/plugins\/seo\/ -->\n<title>Roberto Novellini - Noi di Qua Testata giornalistica e di attualit\u00e0 di Agliana, Montale e Quarrata.<\/title>\n<meta name=\"robots\" content=\"index, follow, max-snippet:-1, max-image-preview:large, max-video-preview:-1\" \/>\n<link rel=\"canonical\" href=\"https:\/\/www.noidiqua.it\/Montale\/roberto-novellini\/\" \/>\n<meta property=\"og:locale\" content=\"it_IT\" \/>\n<meta property=\"og:type\" content=\"article\" \/>\n<meta property=\"og:title\" content=\"Roberto Novellini - Noi di Qua Testata giornalistica e di attualit\u00e0 di Agliana, Montale e Quarrata.\" \/>\n<meta property=\"og:description\" content=\"di Giacomo Bini settembre 2020 Roberto Novellini ha lasciato, per raggiunti limiti di et\u00e0 ma non senza un po\u2019 di nostalgia, la Tennistica Montalese, dove per vent\u2019anni ha svolto attivit\u00e0 di segreteria, raccogliendo iscrizioni e prenotazioni dei corsi e dei campi e contribuendo alla vita organizzativa di una delle associazioni sportive pi\u00f9 importanti del [&hellip;]\" \/>\n<meta property=\"og:url\" content=\"https:\/\/www.noidiqua.it\/Montale\/roberto-novellini\/\" \/>\n<meta property=\"og:site_name\" content=\"Noi di Qua Testata giornalistica e di attualit\u00e0 di Agliana, Montale e Quarrata.\" \/>\n<meta property=\"article:publisher\" content=\"https:\/\/www.facebook.com\/noidiqua.trimestrale\/\" \/>\n<meta property=\"article:published_time\" content=\"2020-09-05T10:00:17+00:00\" \/>\n<meta property=\"article:modified_time\" content=\"2021-09-02T15:50:39+00:00\" \/>\n<meta property=\"og:image\" content=\"https:\/\/www.noidiqua.it\/Montale\/wp-content\/uploads\/2021\/08\/novellini-roberto-.png\" \/>\n<meta name=\"author\" content=\"Giacomo Bini\" \/>\n<meta name=\"twitter:label1\" content=\"Scritto da\" \/>\n\t<meta name=\"twitter:data1\" content=\"Giacomo Bini\" \/>\n\t<meta name=\"twitter:label2\" content=\"Tempo di lettura stimato\" \/>\n\t<meta name=\"twitter:data2\" content=\"3 minuti\" \/>\n<script type=\"application\/ld+json\" class=\"yoast-schema-graph\">{\"@context\":\"https:\/\/schema.org\",\"@graph\":[{\"@type\":\"WebPage\",\"@id\":\"https:\/\/www.noidiqua.it\/Montale\/roberto-novellini\/\",\"url\":\"https:\/\/www.noidiqua.it\/Montale\/roberto-novellini\/\",\"name\":\"Roberto Novellini - Noi di Qua Testata giornalistica e di attualit\u00e0 di Agliana, Montale e Quarrata.\",\"isPartOf\":{\"@id\":\"https:\/\/www.noidiqua.it\/Montale\/#website\"},\"primaryImageOfPage\":{\"@id\":\"https:\/\/www.noidiqua.it\/Montale\/roberto-novellini\/#primaryimage\"},\"image\":{\"@id\":\"https:\/\/www.noidiqua.it\/Montale\/roberto-novellini\/#primaryimage\"},\"thumbnailUrl\":\"https:\/\/www.noidiqua.it\/Montale\/wp-content\/uploads\/2021\/08\/novellini-roberto-.png\",\"datePublished\":\"2020-09-05T10:00:17+00:00\",\"dateModified\":\"2021-09-02T15:50:39+00:00\",\"author\":{\"@id\":\"https:\/\/www.noidiqua.it\/Montale\/#\/schema\/person\/e2e6f44da50af0dae9c90ad168e471a4\"},\"breadcrumb\":{\"@id\":\"https:\/\/www.noidiqua.it\/Montale\/roberto-novellini\/#breadcrumb\"},\"inLanguage\":\"it-IT\",\"potentialAction\":[{\"@type\":\"ReadAction\",\"target\":[\"https:\/\/www.noidiqua.it\/Montale\/roberto-novellini\/\"]}]},{\"@type\":\"ImageObject\",\"inLanguage\":\"it-IT\",\"@id\":\"https:\/\/www.noidiqua.it\/Montale\/roberto-novellini\/#primaryimage\",\"url\":\"https:\/\/www.noidiqua.it\/Montale\/wp-content\/uploads\/2021\/08\/novellini-roberto-.png\",\"contentUrl\":\"https:\/\/www.noidiqua.it\/Montale\/wp-content\/uploads\/2021\/08\/novellini-roberto-.png\",\"width\":481,\"height\":367},{\"@type\":\"BreadcrumbList\",\"@id\":\"https:\/\/www.noidiqua.it\/Montale\/roberto-novellini\/#breadcrumb\",\"itemListElement\":[{\"@type\":\"ListItem\",\"position\":1,\"name\":\"Home\",\"item\":\"https:\/\/www.noidiqua.it\/Montale\/\"},{\"@type\":\"ListItem\",\"position\":2,\"name\":\"Roberto Novellini\"}]},{\"@type\":\"WebSite\",\"@id\":\"https:\/\/www.noidiqua.it\/Montale\/#website\",\"url\":\"https:\/\/www.noidiqua.it\/Montale\/\",\"name\":\"Noi di Qua Testata giornalistica e di attualit\u00e0 di Agliana, Montale e Quarrata.\",\"description\":\"Testata Giornalistica Quarrata Montale Agliana\",\"potentialAction\":[{\"@type\":\"SearchAction\",\"target\":{\"@type\":\"EntryPoint\",\"urlTemplate\":\"https:\/\/www.noidiqua.it\/Montale\/?s={search_term_string}\"},\"query-input\":{\"@type\":\"PropertyValueSpecification\",\"valueRequired\":true,\"valueName\":\"search_term_string\"}}],\"inLanguage\":\"it-IT\"},{\"@type\":\"Person\",\"@id\":\"https:\/\/www.noidiqua.it\/Montale\/#\/schema\/person\/e2e6f44da50af0dae9c90ad168e471a4\",\"name\":\"Giacomo Bini\",\"image\":{\"@type\":\"ImageObject\",\"inLanguage\":\"it-IT\",\"@id\":\"https:\/\/www.noidiqua.it\/Montale\/#\/schema\/person\/image\/\",\"url\":\"https:\/\/secure.gravatar.com\/avatar\/e5c18ae41df5ae37397358f2c6046696187d51a120c5d0b8f0c49f7b606f46f4?s=96&d=mm&r=g\",\"contentUrl\":\"https:\/\/secure.gravatar.com\/avatar\/e5c18ae41df5ae37397358f2c6046696187d51a120c5d0b8f0c49f7b606f46f4?s=96&d=mm&r=g\",\"caption\":\"Giacomo Bini\"},\"url\":\"https:\/\/www.noidiqua.it\/Montale\/author\/giacomo-bini\/\"}]}<\/script>\n<!-- \/ Yoast SEO plugin. -->","yoast_head_json":{"title":"Roberto Novellini - Noi di Qua Testata giornalistica e di attualit\u00e0 di Agliana, Montale e Quarrata.","robots":{"index":"index","follow":"follow","max-snippet":"max-snippet:-1","max-image-preview":"max-image-preview:large","max-video-preview":"max-video-preview:-1"},"canonical":"https:\/\/www.noidiqua.it\/Montale\/roberto-novellini\/","og_locale":"it_IT","og_type":"article","og_title":"Roberto Novellini - Noi di Qua Testata giornalistica e di attualit\u00e0 di Agliana, Montale e Quarrata.","og_description":"di Giacomo Bini settembre 2020 Roberto Novellini ha lasciato, per raggiunti limiti di et\u00e0 ma non senza un po\u2019 di nostalgia, la Tennistica Montalese, dove per vent\u2019anni ha svolto attivit\u00e0 di segreteria, raccogliendo iscrizioni e prenotazioni dei corsi e dei campi e contribuendo alla vita organizzativa di una delle associazioni sportive pi\u00f9 importanti del [&hellip;]","og_url":"https:\/\/www.noidiqua.it\/Montale\/roberto-novellini\/","og_site_name":"Noi di Qua Testata giornalistica e di attualit\u00e0 di Agliana, Montale e Quarrata.","article_publisher":"https:\/\/www.facebook.com\/noidiqua.trimestrale\/","article_published_time":"2020-09-05T10:00:17+00:00","article_modified_time":"2021-09-02T15:50:39+00:00","og_image":[{"url":"https:\/\/www.noidiqua.it\/Montale\/wp-content\/uploads\/2021\/08\/novellini-roberto-.png","type":"","width":"","height":""}],"author":"Giacomo Bini","twitter_misc":{"Scritto da":"Giacomo Bini","Tempo di lettura stimato":"3 minuti"},"schema":{"@context":"https:\/\/schema.org","@graph":[{"@type":"WebPage","@id":"https:\/\/www.noidiqua.it\/Montale\/roberto-novellini\/","url":"https:\/\/www.noidiqua.it\/Montale\/roberto-novellini\/","name":"Roberto Novellini - Noi di Qua Testata giornalistica e di attualit\u00e0 di Agliana, Montale e Quarrata.","isPartOf":{"@id":"https:\/\/www.noidiqua.it\/Montale\/#website"},"primaryImageOfPage":{"@id":"https:\/\/www.noidiqua.it\/Montale\/roberto-novellini\/#primaryimage"},"image":{"@id":"https:\/\/www.noidiqua.it\/Montale\/roberto-novellini\/#primaryimage"},"thumbnailUrl":"https:\/\/www.noidiqua.it\/Montale\/wp-content\/uploads\/2021\/08\/novellini-roberto-.png","datePublished":"2020-09-05T10:00:17+00:00","dateModified":"2021-09-02T15:50:39+00:00","author":{"@id":"https:\/\/www.noidiqua.it\/Montale\/#\/schema\/person\/e2e6f44da50af0dae9c90ad168e471a4"},"breadcrumb":{"@id":"https:\/\/www.noidiqua.it\/Montale\/roberto-novellini\/#breadcrumb"},"inLanguage":"it-IT","potentialAction":[{"@type":"ReadAction","target":["https:\/\/www.noidiqua.it\/Montale\/roberto-novellini\/"]}]},{"@type":"ImageObject","inLanguage":"it-IT","@id":"https:\/\/www.noidiqua.it\/Montale\/roberto-novellini\/#primaryimage","url":"https:\/\/www.noidiqua.it\/Montale\/wp-content\/uploads\/2021\/08\/novellini-roberto-.png","contentUrl":"https:\/\/www.noidiqua.it\/Montale\/wp-content\/uploads\/2021\/08\/novellini-roberto-.png","width":481,"height":367},{"@type":"BreadcrumbList","@id":"https:\/\/www.noidiqua.it\/Montale\/roberto-novellini\/#breadcrumb","itemListElement":[{"@type":"ListItem","position":1,"name":"Home","item":"https:\/\/www.noidiqua.it\/Montale\/"},{"@type":"ListItem","position":2,"name":"Roberto Novellini"}]},{"@type":"WebSite","@id":"https:\/\/www.noidiqua.it\/Montale\/#website","url":"https:\/\/www.noidiqua.it\/Montale\/","name":"Noi di Qua Testata giornalistica e di attualit\u00e0 di Agliana, Montale e Quarrata.","description":"Testata Giornalistica Quarrata Montale Agliana","potentialAction":[{"@type":"SearchAction","target":{"@type":"EntryPoint","urlTemplate":"https:\/\/www.noidiqua.it\/Montale\/?s={search_term_string}"},"query-input":{"@type":"PropertyValueSpecification","valueRequired":true,"valueName":"search_term_string"}}],"inLanguage":"it-IT"},{"@type":"Person","@id":"https:\/\/www.noidiqua.it\/Montale\/#\/schema\/person\/e2e6f44da50af0dae9c90ad168e471a4","name":"Giacomo Bini","image":{"@type":"ImageObject","inLanguage":"it-IT","@id":"https:\/\/www.noidiqua.it\/Montale\/#\/schema\/person\/image\/","url":"https:\/\/secure.gravatar.com\/avatar\/e5c18ae41df5ae37397358f2c6046696187d51a120c5d0b8f0c49f7b606f46f4?s=96&d=mm&r=g","contentUrl":"https:\/\/secure.gravatar.com\/avatar\/e5c18ae41df5ae37397358f2c6046696187d51a120c5d0b8f0c49f7b606f46f4?s=96&d=mm&r=g","caption":"Giacomo Bini"},"url":"https:\/\/www.noidiqua.it\/Montale\/author\/giacomo-bini\/"}]}},"_links":{"self":[{"href":"https:\/\/www.noidiqua.it\/Montale\/wp-json\/wp\/v2\/posts\/5809","targetHints":{"allow":["GET"]}}],"collection":[{"href":"https:\/\/www.noidiqua.it\/Montale\/wp-json\/wp\/v2\/posts"}],"about":[{"href":"https:\/\/www.noidiqua.it\/Montale\/wp-json\/wp\/v2\/types\/post"}],"author":[{"embeddable":true,"href":"https:\/\/www.noidiqua.it\/Montale\/wp-json\/wp\/v2\/users\/12"}],"replies":[{"embeddable":true,"href":"https:\/\/www.noidiqua.it\/Montale\/wp-json\/wp\/v2\/comments?post=5809"}],"version-history":[{"count":1,"href":"https:\/\/www.noidiqua.it\/Montale\/wp-json\/wp\/v2\/posts\/5809\/revisions"}],"predecessor-version":[{"id":5811,"href":"https:\/\/www.noidiqua.it\/Montale\/wp-json\/wp\/v2\/posts\/5809\/revisions\/5811"}],"wp:attachment":[{"href":"https:\/\/www.noidiqua.it\/Montale\/wp-json\/wp\/v2\/media?parent=5809"}],"wp:term":[{"taxonomy":"category","embeddable":true,"href":"https:\/\/www.noidiqua.it\/Montale\/wp-json\/wp\/v2\/categories?post=5809"},{"taxonomy":"post_tag","embeddable":true,"href":"https:\/\/www.noidiqua.it\/Montale\/wp-json\/wp\/v2\/tags?post=5809"}],"curies":[{"name":"wp","href":"https:\/\/api.w.org\/{rel}","templated":true}]}}