{"id":5812,"date":"2020-09-05T12:16:07","date_gmt":"2020-09-05T10:16:07","guid":{"rendered":"https:\/\/www.noidiqua.it\/Montale\/?p=5812"},"modified":"2021-08-27T12:20:13","modified_gmt":"2021-08-27T10:20:13","slug":"il-doppio-di-sei","status":"publish","type":"post","link":"https:\/\/www.noidiqua.it\/Montale\/il-doppio-di-sei\/","title":{"rendered":"il doppio di sei&#8230;"},"content":{"rendered":"<p><em>di Giacomo Bini<\/em><\/p>\n\n\n\n<p><em>settembre 2020<\/em><\/p>\n\n\n<p><a href=\"https:\/\/www.noidiqua.it\/Montale\/wp-content\/uploads\/2021\/08\/appunti.png\" rel=\"wp-prettyPhoto[5812]\"><img loading=\"lazy\" decoding=\"async\" class=\"aligncenter size-full wp-image-5813\" src=\"https:\/\/www.noidiqua.it\/Montale\/wp-content\/uploads\/2021\/08\/appunti.png\" alt=\"\" width=\"489\" height=\"357\" srcset=\"https:\/\/www.noidiqua.it\/Montale\/wp-content\/uploads\/2021\/08\/appunti.png 489w, https:\/\/www.noidiqua.it\/Montale\/wp-content\/uploads\/2021\/08\/appunti-300x219.png 300w\" sizes=\"auto, (max-width: 489px) 100vw, 489px\" \/><\/a><\/p>\n\n\n<p>In questo 2020 ricorre il decimo anniversario della nascita di <strong>Noidiqua Montalese<\/strong> e <strong>Aglianese<\/strong>. La rivista era nata a Quarrata quattro anni prima da un\u2019idea del fondatore e primo direttore, <strong>Giancarlo Zampini<\/strong>, al quale si deve anche l\u2019iniziativa di estendere il giornale ad Agliana e a Montale, in modo da coprire tutta la piana. Il primo pensiero, dopo dieci anni di vita della sua creatura, va proprio a lui, all\u2019amico e collega Giancarlo, giornalista entusiasta e intuitivo, che \u00e8 scomparso prematuramente nel 2012 e non ha potuto assistere alla crescita della sua amata rivista, una creatura a cui molto teneva e che aveva costruito secondo la sua idea di <strong>giornalismo locale<\/strong>, tutto incentrato sulle <strong>persone<\/strong> e sulle loro storie, su una cronaca che non sia schiacciata sul presente immediato ma faccia fare i conti con la memoria e le radici. E&#8217; un\u2019impostazione a cui abbiamo cercato di tener fede e che ci pare abbia avuto un\u2019accoglienza positiva presso i lettori, vale a dire tutte le famiglie dei comuni della piana che ricevono a casa, gratuitamente, la nostra rivista ogni tre mesi.\u00a0<\/p>\n\n\n\n<p>Non era scontato, quando Zampini ebbe l\u2019idea, che la rivista potesse avere quella risposta che puntualmente si riscontra presso i lettori, i quali ci dimostrano di gradire l\u2019arrivo della rivista, di attenderla con curiosit\u00e0 e di leggerla volentieri. Molti ci scrivono e ci chiamano per fare commenti e osservazioni e soprattutto per suggerire temi e soggetti di cui occuparsi sul giornale. Questo <strong>dialogo<\/strong> con i <strong>lettori <\/strong>ci fa molto piacere perch\u00e9 significa che si \u00e8 capito lo spirito del giornale, che vuole essere il racconto che la comunit\u00e0 fa di se stessa, come in una riunione conviviale tra amici, quando ci si scambiano ricordi e informazioni con il gusto di scoprire le piccoli e grandi cose che accadono o sono accadute nella <strong>nostra terra<\/strong>. Spesso si rischia, in un\u2019epoca di bombardamento informativo a livello globale, di non accorgersi di quello che succede accanto a casa propria, del personaggio interessante che abita a pochi metri da noi. Si rischia anche di perdere il senso della comunit\u00e0 che la nostra rivista vuole invece coltivare. L\u2019importanza del sentirsi parte di una collettivit\u00e0 lo abbiamo sperimentato durante la pandemia che \u00e8 ancora in corso e che ci ha fatto riscoprire l\u2019importanza di guardare al di l\u00e0 del proprio interesse individuale. <\/p>\n\n\n<p><a href=\"https:\/\/www.noidiqua.it\/Montale\/wp-content\/uploads\/2021\/08\/appunti-1.png\" rel=\"wp-prettyPhoto[5812]\"><img loading=\"lazy\" decoding=\"async\" class=\"aligncenter size-full wp-image-5814\" src=\"https:\/\/www.noidiqua.it\/Montale\/wp-content\/uploads\/2021\/08\/appunti-1.png\" alt=\"\" width=\"450\" height=\"450\" srcset=\"https:\/\/www.noidiqua.it\/Montale\/wp-content\/uploads\/2021\/08\/appunti-1.png 450w, https:\/\/www.noidiqua.it\/Montale\/wp-content\/uploads\/2021\/08\/appunti-1-300x300.png 300w, https:\/\/www.noidiqua.it\/Montale\/wp-content\/uploads\/2021\/08\/appunti-1-150x150.png 150w\" sizes=\"auto, (max-width: 450px) 100vw, 450px\" \/><\/a><\/p>\n\n\n<p>La nostra rivista parla di piccole storie individuali, ma le lega insieme, in una vicenda collettiva. Nell\u2019arco di dieci anni abbiamo messo insieme un album di famiglia, che si pu\u00f2 sfogliare nel nostro sito web dove sono raccolti tutti i numeri usciti e tutti gli articoli. Ogni numero che \u00e8 uscito, ogni tre mesi, \u00e8 la vittoria di una piccola scommessa perch\u00e9 la rivista \u00e8 distribuita gratuitamente e non riceve finanziamenti da enti o istituzioni. E&#8217; un giornale del tutto indipendente. Vive grazie alle inserzioni pubblicitarie, cio\u00e8 grazie alle aziende e agli esercizi commerciali della piana che credono in noi. La nostra linfa vitale \u00e8 costituita dal gradimento dei lettori e dalla fiducia degli inserzionisti. C\u2019\u00e8 una vignetta di <strong>Snoopy<\/strong> in cui si afferma che <em>il doppio di sei \u00e8 siamo<\/em>.<\/p>","protected":false},"excerpt":{"rendered":"<p>di Giacomo Bini settembre 2020 In questo 2020 ricorre il decimo anniversario della nascita di Noidiqua Montalese e Aglianese. La rivista era nata a Quarrata quattro anni prima da un\u2019idea del fondatore e primo direttore, Giancarlo Zampini, al quale si deve anche l\u2019iniziativa di estendere il giornale ad Agliana e a Montale, in modo [&hellip;]<\/p>","protected":false},"author":12,"featured_media":0,"comment_status":"open","ping_status":"open","sticky":false,"template":"","format":"standard","meta":{"footnotes":""},"categories":[14,7],"tags":[1544,2483,576,2482,2484,2481,2485,2077,2220],"class_list":["post-5812","post","type-post","status-publish","format-standard","hentry","category-appuntired","category-mt","tag-aglianese","tag-dialogo","tag-giancarlo-zampini","tag-giornalismo-locale","tag-lettori","tag-noidiqua-montalese","tag-nostra-terra","tag-persone","tag-snoopy"],"yoast_head":"<!-- This site is optimized with the Yoast SEO plugin v25.5 - https:\/\/yoast.com\/wordpress\/plugins\/seo\/ -->\n<title>il doppio di sei... - Noi di Qua Testata giornalistica e di attualit\u00e0 di Agliana, Montale e Quarrata.<\/title>\n<meta name=\"robots\" content=\"index, follow, max-snippet:-1, max-image-preview:large, max-video-preview:-1\" \/>\n<link rel=\"canonical\" href=\"https:\/\/www.noidiqua.it\/Montale\/il-doppio-di-sei\/\" \/>\n<meta property=\"og:locale\" content=\"it_IT\" \/>\n<meta property=\"og:type\" content=\"article\" \/>\n<meta property=\"og:title\" content=\"il doppio di sei... - Noi di Qua Testata giornalistica e di attualit\u00e0 di Agliana, Montale e Quarrata.\" \/>\n<meta property=\"og:description\" content=\"di Giacomo Bini settembre 2020 In questo 2020 ricorre il decimo anniversario della nascita di Noidiqua Montalese e Aglianese. La rivista era nata a Quarrata quattro anni prima da un\u2019idea del fondatore e primo direttore, Giancarlo Zampini, al quale si deve anche l\u2019iniziativa di estendere il giornale ad Agliana e a Montale, in modo [&hellip;]\" \/>\n<meta property=\"og:url\" content=\"https:\/\/www.noidiqua.it\/Montale\/il-doppio-di-sei\/\" \/>\n<meta property=\"og:site_name\" content=\"Noi di Qua Testata giornalistica e di attualit\u00e0 di Agliana, Montale e Quarrata.\" \/>\n<meta property=\"article:publisher\" content=\"https:\/\/www.facebook.com\/noidiqua.trimestrale\/\" \/>\n<meta property=\"article:published_time\" content=\"2020-09-05T10:16:07+00:00\" \/>\n<meta property=\"article:modified_time\" content=\"2021-08-27T10:20:13+00:00\" \/>\n<meta property=\"og:image\" content=\"https:\/\/www.noidiqua.it\/Montale\/wp-content\/uploads\/2021\/08\/appunti.png\" \/>\n<meta name=\"author\" content=\"Giacomo Bini\" \/>\n<meta name=\"twitter:label1\" content=\"Scritto da\" \/>\n\t<meta name=\"twitter:data1\" content=\"Giacomo Bini\" \/>\n\t<meta name=\"twitter:label2\" content=\"Tempo di lettura stimato\" \/>\n\t<meta name=\"twitter:data2\" content=\"3 minuti\" \/>\n<script type=\"application\/ld+json\" class=\"yoast-schema-graph\">{\"@context\":\"https:\/\/schema.org\",\"@graph\":[{\"@type\":\"WebPage\",\"@id\":\"https:\/\/www.noidiqua.it\/Montale\/il-doppio-di-sei\/\",\"url\":\"https:\/\/www.noidiqua.it\/Montale\/il-doppio-di-sei\/\",\"name\":\"il doppio di sei... - Noi di Qua Testata giornalistica e di attualit\u00e0 di Agliana, Montale e Quarrata.\",\"isPartOf\":{\"@id\":\"https:\/\/www.noidiqua.it\/Montale\/#website\"},\"primaryImageOfPage\":{\"@id\":\"https:\/\/www.noidiqua.it\/Montale\/il-doppio-di-sei\/#primaryimage\"},\"image\":{\"@id\":\"https:\/\/www.noidiqua.it\/Montale\/il-doppio-di-sei\/#primaryimage\"},\"thumbnailUrl\":\"https:\/\/www.noidiqua.it\/Montale\/wp-content\/uploads\/2021\/08\/appunti.png\",\"datePublished\":\"2020-09-05T10:16:07+00:00\",\"dateModified\":\"2021-08-27T10:20:13+00:00\",\"author\":{\"@id\":\"https:\/\/www.noidiqua.it\/Montale\/#\/schema\/person\/e2e6f44da50af0dae9c90ad168e471a4\"},\"breadcrumb\":{\"@id\":\"https:\/\/www.noidiqua.it\/Montale\/il-doppio-di-sei\/#breadcrumb\"},\"inLanguage\":\"it-IT\",\"potentialAction\":[{\"@type\":\"ReadAction\",\"target\":[\"https:\/\/www.noidiqua.it\/Montale\/il-doppio-di-sei\/\"]}]},{\"@type\":\"ImageObject\",\"inLanguage\":\"it-IT\",\"@id\":\"https:\/\/www.noidiqua.it\/Montale\/il-doppio-di-sei\/#primaryimage\",\"url\":\"https:\/\/www.noidiqua.it\/Montale\/wp-content\/uploads\/2021\/08\/appunti.png\",\"contentUrl\":\"https:\/\/www.noidiqua.it\/Montale\/wp-content\/uploads\/2021\/08\/appunti.png\",\"width\":489,\"height\":357},{\"@type\":\"BreadcrumbList\",\"@id\":\"https:\/\/www.noidiqua.it\/Montale\/il-doppio-di-sei\/#breadcrumb\",\"itemListElement\":[{\"@type\":\"ListItem\",\"position\":1,\"name\":\"Home\",\"item\":\"https:\/\/www.noidiqua.it\/Montale\/\"},{\"@type\":\"ListItem\",\"position\":2,\"name\":\"il doppio di sei&#8230;\"}]},{\"@type\":\"WebSite\",\"@id\":\"https:\/\/www.noidiqua.it\/Montale\/#website\",\"url\":\"https:\/\/www.noidiqua.it\/Montale\/\",\"name\":\"Noi di Qua Testata giornalistica e di attualit\u00e0 di Agliana, Montale e Quarrata.\",\"description\":\"Testata Giornalistica Quarrata Montale Agliana\",\"potentialAction\":[{\"@type\":\"SearchAction\",\"target\":{\"@type\":\"EntryPoint\",\"urlTemplate\":\"https:\/\/www.noidiqua.it\/Montale\/?s={search_term_string}\"},\"query-input\":{\"@type\":\"PropertyValueSpecification\",\"valueRequired\":true,\"valueName\":\"search_term_string\"}}],\"inLanguage\":\"it-IT\"},{\"@type\":\"Person\",\"@id\":\"https:\/\/www.noidiqua.it\/Montale\/#\/schema\/person\/e2e6f44da50af0dae9c90ad168e471a4\",\"name\":\"Giacomo Bini\",\"image\":{\"@type\":\"ImageObject\",\"inLanguage\":\"it-IT\",\"@id\":\"https:\/\/www.noidiqua.it\/Montale\/#\/schema\/person\/image\/\",\"url\":\"https:\/\/secure.gravatar.com\/avatar\/e5c18ae41df5ae37397358f2c6046696187d51a120c5d0b8f0c49f7b606f46f4?s=96&d=mm&r=g\",\"contentUrl\":\"https:\/\/secure.gravatar.com\/avatar\/e5c18ae41df5ae37397358f2c6046696187d51a120c5d0b8f0c49f7b606f46f4?s=96&d=mm&r=g\",\"caption\":\"Giacomo Bini\"},\"url\":\"https:\/\/www.noidiqua.it\/Montale\/author\/giacomo-bini\/\"}]}<\/script>\n<!-- \/ Yoast SEO plugin. -->","yoast_head_json":{"title":"il doppio di sei... - Noi di Qua Testata giornalistica e di attualit\u00e0 di Agliana, Montale e Quarrata.","robots":{"index":"index","follow":"follow","max-snippet":"max-snippet:-1","max-image-preview":"max-image-preview:large","max-video-preview":"max-video-preview:-1"},"canonical":"https:\/\/www.noidiqua.it\/Montale\/il-doppio-di-sei\/","og_locale":"it_IT","og_type":"article","og_title":"il doppio di sei... - Noi di Qua Testata giornalistica e di attualit\u00e0 di Agliana, Montale e Quarrata.","og_description":"di Giacomo Bini settembre 2020 In questo 2020 ricorre il decimo anniversario della nascita di Noidiqua Montalese e Aglianese. La rivista era nata a Quarrata quattro anni prima da un\u2019idea del fondatore e primo direttore, Giancarlo Zampini, al quale si deve anche l\u2019iniziativa di estendere il giornale ad Agliana e a Montale, in modo [&hellip;]","og_url":"https:\/\/www.noidiqua.it\/Montale\/il-doppio-di-sei\/","og_site_name":"Noi di Qua Testata giornalistica e di attualit\u00e0 di Agliana, Montale e Quarrata.","article_publisher":"https:\/\/www.facebook.com\/noidiqua.trimestrale\/","article_published_time":"2020-09-05T10:16:07+00:00","article_modified_time":"2021-08-27T10:20:13+00:00","og_image":[{"url":"https:\/\/www.noidiqua.it\/Montale\/wp-content\/uploads\/2021\/08\/appunti.png","type":"","width":"","height":""}],"author":"Giacomo Bini","twitter_misc":{"Scritto da":"Giacomo Bini","Tempo di lettura stimato":"3 minuti"},"schema":{"@context":"https:\/\/schema.org","@graph":[{"@type":"WebPage","@id":"https:\/\/www.noidiqua.it\/Montale\/il-doppio-di-sei\/","url":"https:\/\/www.noidiqua.it\/Montale\/il-doppio-di-sei\/","name":"il doppio di sei... - Noi di Qua Testata giornalistica e di attualit\u00e0 di Agliana, Montale e Quarrata.","isPartOf":{"@id":"https:\/\/www.noidiqua.it\/Montale\/#website"},"primaryImageOfPage":{"@id":"https:\/\/www.noidiqua.it\/Montale\/il-doppio-di-sei\/#primaryimage"},"image":{"@id":"https:\/\/www.noidiqua.it\/Montale\/il-doppio-di-sei\/#primaryimage"},"thumbnailUrl":"https:\/\/www.noidiqua.it\/Montale\/wp-content\/uploads\/2021\/08\/appunti.png","datePublished":"2020-09-05T10:16:07+00:00","dateModified":"2021-08-27T10:20:13+00:00","author":{"@id":"https:\/\/www.noidiqua.it\/Montale\/#\/schema\/person\/e2e6f44da50af0dae9c90ad168e471a4"},"breadcrumb":{"@id":"https:\/\/www.noidiqua.it\/Montale\/il-doppio-di-sei\/#breadcrumb"},"inLanguage":"it-IT","potentialAction":[{"@type":"ReadAction","target":["https:\/\/www.noidiqua.it\/Montale\/il-doppio-di-sei\/"]}]},{"@type":"ImageObject","inLanguage":"it-IT","@id":"https:\/\/www.noidiqua.it\/Montale\/il-doppio-di-sei\/#primaryimage","url":"https:\/\/www.noidiqua.it\/Montale\/wp-content\/uploads\/2021\/08\/appunti.png","contentUrl":"https:\/\/www.noidiqua.it\/Montale\/wp-content\/uploads\/2021\/08\/appunti.png","width":489,"height":357},{"@type":"BreadcrumbList","@id":"https:\/\/www.noidiqua.it\/Montale\/il-doppio-di-sei\/#breadcrumb","itemListElement":[{"@type":"ListItem","position":1,"name":"Home","item":"https:\/\/www.noidiqua.it\/Montale\/"},{"@type":"ListItem","position":2,"name":"il doppio di sei&#8230;"}]},{"@type":"WebSite","@id":"https:\/\/www.noidiqua.it\/Montale\/#website","url":"https:\/\/www.noidiqua.it\/Montale\/","name":"Noi di Qua Testata giornalistica e di attualit\u00e0 di Agliana, Montale e Quarrata.","description":"Testata Giornalistica Quarrata Montale Agliana","potentialAction":[{"@type":"SearchAction","target":{"@type":"EntryPoint","urlTemplate":"https:\/\/www.noidiqua.it\/Montale\/?s={search_term_string}"},"query-input":{"@type":"PropertyValueSpecification","valueRequired":true,"valueName":"search_term_string"}}],"inLanguage":"it-IT"},{"@type":"Person","@id":"https:\/\/www.noidiqua.it\/Montale\/#\/schema\/person\/e2e6f44da50af0dae9c90ad168e471a4","name":"Giacomo Bini","image":{"@type":"ImageObject","inLanguage":"it-IT","@id":"https:\/\/www.noidiqua.it\/Montale\/#\/schema\/person\/image\/","url":"https:\/\/secure.gravatar.com\/avatar\/e5c18ae41df5ae37397358f2c6046696187d51a120c5d0b8f0c49f7b606f46f4?s=96&d=mm&r=g","contentUrl":"https:\/\/secure.gravatar.com\/avatar\/e5c18ae41df5ae37397358f2c6046696187d51a120c5d0b8f0c49f7b606f46f4?s=96&d=mm&r=g","caption":"Giacomo Bini"},"url":"https:\/\/www.noidiqua.it\/Montale\/author\/giacomo-bini\/"}]}},"_links":{"self":[{"href":"https:\/\/www.noidiqua.it\/Montale\/wp-json\/wp\/v2\/posts\/5812","targetHints":{"allow":["GET"]}}],"collection":[{"href":"https:\/\/www.noidiqua.it\/Montale\/wp-json\/wp\/v2\/posts"}],"about":[{"href":"https:\/\/www.noidiqua.it\/Montale\/wp-json\/wp\/v2\/types\/post"}],"author":[{"embeddable":true,"href":"https:\/\/www.noidiqua.it\/Montale\/wp-json\/wp\/v2\/users\/12"}],"replies":[{"embeddable":true,"href":"https:\/\/www.noidiqua.it\/Montale\/wp-json\/wp\/v2\/comments?post=5812"}],"version-history":[{"count":2,"href":"https:\/\/www.noidiqua.it\/Montale\/wp-json\/wp\/v2\/posts\/5812\/revisions"}],"predecessor-version":[{"id":5816,"href":"https:\/\/www.noidiqua.it\/Montale\/wp-json\/wp\/v2\/posts\/5812\/revisions\/5816"}],"wp:attachment":[{"href":"https:\/\/www.noidiqua.it\/Montale\/wp-json\/wp\/v2\/media?parent=5812"}],"wp:term":[{"taxonomy":"category","embeddable":true,"href":"https:\/\/www.noidiqua.it\/Montale\/wp-json\/wp\/v2\/categories?post=5812"},{"taxonomy":"post_tag","embeddable":true,"href":"https:\/\/www.noidiqua.it\/Montale\/wp-json\/wp\/v2\/tags?post=5812"}],"curies":[{"name":"wp","href":"https:\/\/api.w.org\/{rel}","templated":true}]}}