{"id":5828,"date":"2020-09-05T15:21:15","date_gmt":"2020-09-05T13:21:15","guid":{"rendered":"https:\/\/www.noidiqua.it\/Montale\/?p=5828"},"modified":"2021-08-27T15:21:51","modified_gmt":"2021-08-27T13:21:51","slug":"due-nuovi-servizi-di-auser-montale","status":"publish","type":"post","link":"https:\/\/www.noidiqua.it\/Montale\/due-nuovi-servizi-di-auser-montale\/","title":{"rendered":"Due nuovi servizi di Auser Montale"},"content":{"rendered":"<p><em>di Giacomo Bini<\/em><\/p>\n\n\n\n<p>s<em>ettembre 2020<\/em><\/p>\n\n\n<p><a href=\"https:\/\/www.noidiqua.it\/Montale\/wp-content\/uploads\/2021\/08\/auser-pulmino.png\" rel=\"wp-prettyPhoto[5828]\"><img loading=\"lazy\" decoding=\"async\" class=\"aligncenter size-full wp-image-5830\" src=\"https:\/\/www.noidiqua.it\/Montale\/wp-content\/uploads\/2021\/08\/auser-pulmino.png\" alt=\"\" width=\"482\" height=\"292\" srcset=\"https:\/\/www.noidiqua.it\/Montale\/wp-content\/uploads\/2021\/08\/auser-pulmino.png 482w, https:\/\/www.noidiqua.it\/Montale\/wp-content\/uploads\/2021\/08\/auser-pulmino-300x182.png 300w\" sizes=\"auto, (max-width: 482px) 100vw, 482px\" \/><\/a><\/p>\n<p>\u00a0<\/p>\n\n\n<p>Il servizio \u201c<strong>T\u2019accompagno io<\/strong>\u201d con un <strong>pulmino<\/strong> tutto nuovo appena inaugurato e l\u2019applicazione per eliminare le file agli ambulatori medici sono due iniziative dell\u2019<strong>Auser<\/strong> di Montale che vogliono contribuire a riannodare i rapporti sociali dopo il difficile periodo del <strong>lockdown<\/strong>, pur nel rispetto delle normative anti-covid. Il servizio \u201cT\u2019accompagno io\u201d consiste nell\u2019accompagnare le persone anziane, sole o con difficolt\u00e0 motorie, a fare la spesa o ad andare in farmacia o dal medico, ma anche dal parrucchiere, in pasticceria, a visitare un museo o a vedere un film o uno spettacolo teatrale. <em>\u00abL\u2019obbiettivo \u00e8 combattere la solitudine\u00bb, <\/em>dice il presidente dell\u2019Auser di Montale <strong>Franco Pessuti<\/strong>,<em> \u00abe permettere a tutti, anche a chi si trova in difficolt\u00e0, di condurre la propria vita normalmente, anche nelle piccole cose di tutti i giorni\u00bb<\/em>. Il servizio si avvale di una decina di volontari dell\u2019Auser che avevano gi\u00e0 iniziato l\u2019attivit\u00e0 prima della chiusura dovuta alla pandemia. Ora \u00e8 arrivato anche un mezzo idoneo, un pulmino nuovissimo, che l\u2019Auser ha potuto acquistare grazie al contributo della Fondazione Cassa di Risparmio di Pistoia e Pescia e della Regione Toscana. Il nuovo pulmino \u00e8 stato inaugurato domenica 13 settembre davanti alla sede del distretto Usl di Montale con gli interventi del preposto <strong>don Paolo Firindelli<\/strong>, che ha impartito la benedizione al mezzo e ai volontari, del presidente della Fondazione Caript Lorenzo Zogheri, dell\u2019assessore alle politiche sociali del Comune di Montale Sandra Neri e del consigliere regionale Marco Niccolai in rappresentanza della Regione. Erano presenti anche la presidente regionale dell\u2019Auser Simonetta Bessi e la presidente provinciale Cristina Fattori.\u00a0<\/p>\n\n\n\n<p>Il presidente dell\u2019Auser di Montale Franco Pessuti, ha presentato anche la nuova \u201c<strong>App<\/strong>\u201d destinata a rendere pi\u00f9 facili e ordinate le prenotazioni e le attese agli ambulatori dei medici di famiglia di Montale. L\u2019Auser ha messo a disposizione la nuova App e dei dispositivi per gli studi medici da cui effettuare le prenotazioni. Inoltre l\u2019associazione fornir\u00e0 un servizio di segreteria rivolto alle persone che non abbiano familiarit\u00e0 con i mezzi informatici. Lo scopo \u00e8 rendere un servizio ai cittadini e ai medici permettendo di prenotare la visita medica col telefonino o dal totem presente all\u2019ingresso degli ambulatori o, in caso di necessit\u00e0, dalla segreteria fornita dall\u2019Auser. Si potranno cos\u00ec evitare gli <strong>assembramenti <\/strong>negli studi medici e i tempi di attesa per i pazienti. L\u2019App \u00e8 stata idealmente consegnata ai medici che erano rappresentati dalla dottoressa <strong>Patrizia Pieroni<\/strong>.\u00a0<\/p>\n\n\n\n<p>Il servizio \u00e8 stato fornito anche grazie ai fondi raccolti con la distribuzione del Dvd \u201c<strong>Un balcone per Montale<\/strong>\u201d che, su iniziativa dell\u2019Auser, raccoglie fotografie del paese di Montale durante il periodo del lockdown che sono accompagnate dai canti che il tenore Stefano Arnetoli ha eseguito dal balcone con l\u2019accompagnamento di Mina Santi. Il Dvd ha avuto il patrocinio del Comune ed \u00e8 stato realizzato con il contributo di una quindicina di associazioni del paese e di fotografi della zona. L\u2019impaginazione e la regia immagini, \u00e8 stata curata da Irene Signori con la collaborazione di Intermedia Group. Durante la cerimonia di presentazione del nuovo pulmino, il presidente dell\u2019Auser Franco Pessuti ha ricordato il contributo fondamentale della prima presidente dell\u2019associazione<strong> Giuliana Goracci<\/strong>, dei presidenti che le sono seguiti Filippo Algozzino e Cristina Fattori e anche della prof.ssa Edda Magnani. L\u2019assessore Sandra Neri, nel ringraziare l\u2019associazione, ha dedicato un affettuoso ricordo al compianto Antonio Barbaro, volontario dell\u2019Auser recentemente scomparso.\u00a0<\/p>","protected":false},"excerpt":{"rendered":"<p>di Giacomo Bini settembre 2020 \u00a0 Il servizio \u201cT\u2019accompagno io\u201d con un pulmino tutto nuovo appena inaugurato e l\u2019applicazione per eliminare le file agli ambulatori medici sono due iniziative dell\u2019Auser di Montale che vogliono contribuire a riannodare i rapporti sociali dopo il difficile periodo del lockdown, pur nel rispetto delle normative anti-covid. Il servizio [&hellip;]<\/p>","protected":false},"author":12,"featured_media":0,"comment_status":"open","ping_status":"open","sticky":false,"template":"","format":"standard","meta":{"footnotes":""},"categories":[7,12],"tags":[2502,2503,45,68,2501,2296,2237,2504,2500,2499,2505],"class_list":["post-5828","post","type-post","status-publish","format-standard","hentry","category-mt","category-solidarieta-qt","tag-app","tag-assembramenti","tag-auser","tag-don-paolo-firindelli","tag-franco-pessuti","tag-giuliana-goracci","tag-lockdown","tag-patrizia-pieroni","tag-pulmino","tag-taccompagno-io","tag-un-balcone-per-montale"],"yoast_head":"<!-- This site is optimized with the Yoast SEO plugin v25.5 - https:\/\/yoast.com\/wordpress\/plugins\/seo\/ -->\n<title>Due nuovi servizi di Auser Montale - Noi di Qua Testata giornalistica e di attualit\u00e0 di Agliana, Montale e Quarrata.<\/title>\n<meta name=\"robots\" content=\"index, follow, max-snippet:-1, max-image-preview:large, max-video-preview:-1\" \/>\n<link rel=\"canonical\" href=\"https:\/\/www.noidiqua.it\/Montale\/due-nuovi-servizi-di-auser-montale\/\" \/>\n<meta property=\"og:locale\" content=\"it_IT\" \/>\n<meta property=\"og:type\" content=\"article\" \/>\n<meta property=\"og:title\" content=\"Due nuovi servizi di Auser Montale - Noi di Qua Testata giornalistica e di attualit\u00e0 di Agliana, Montale e Quarrata.\" \/>\n<meta property=\"og:description\" content=\"di Giacomo Bini settembre 2020 \u00a0 Il servizio \u201cT\u2019accompagno io\u201d con un pulmino tutto nuovo appena inaugurato e l\u2019applicazione per eliminare le file agli ambulatori medici sono due iniziative dell\u2019Auser di Montale che vogliono contribuire a riannodare i rapporti sociali dopo il difficile periodo del lockdown, pur nel rispetto delle normative anti-covid. Il servizio [&hellip;]\" \/>\n<meta property=\"og:url\" content=\"https:\/\/www.noidiqua.it\/Montale\/due-nuovi-servizi-di-auser-montale\/\" \/>\n<meta property=\"og:site_name\" content=\"Noi di Qua Testata giornalistica e di attualit\u00e0 di Agliana, Montale e Quarrata.\" \/>\n<meta property=\"article:publisher\" content=\"https:\/\/www.facebook.com\/noidiqua.trimestrale\/\" \/>\n<meta property=\"article:published_time\" content=\"2020-09-05T13:21:15+00:00\" \/>\n<meta property=\"article:modified_time\" content=\"2021-08-27T13:21:51+00:00\" \/>\n<meta property=\"og:image\" content=\"https:\/\/www.noidiqua.it\/Montale\/wp-content\/uploads\/2021\/08\/auser-pulmino.png\" \/>\n<meta name=\"author\" content=\"Giacomo Bini\" \/>\n<meta name=\"twitter:label1\" content=\"Scritto da\" \/>\n\t<meta name=\"twitter:data1\" content=\"Giacomo Bini\" \/>\n\t<meta name=\"twitter:label2\" content=\"Tempo di lettura stimato\" \/>\n\t<meta name=\"twitter:data2\" content=\"3 minuti\" \/>\n<script type=\"application\/ld+json\" class=\"yoast-schema-graph\">{\"@context\":\"https:\/\/schema.org\",\"@graph\":[{\"@type\":\"WebPage\",\"@id\":\"https:\/\/www.noidiqua.it\/Montale\/due-nuovi-servizi-di-auser-montale\/\",\"url\":\"https:\/\/www.noidiqua.it\/Montale\/due-nuovi-servizi-di-auser-montale\/\",\"name\":\"Due nuovi servizi di Auser Montale - Noi di Qua Testata giornalistica e di attualit\u00e0 di Agliana, Montale e Quarrata.\",\"isPartOf\":{\"@id\":\"https:\/\/www.noidiqua.it\/Montale\/#website\"},\"primaryImageOfPage\":{\"@id\":\"https:\/\/www.noidiqua.it\/Montale\/due-nuovi-servizi-di-auser-montale\/#primaryimage\"},\"image\":{\"@id\":\"https:\/\/www.noidiqua.it\/Montale\/due-nuovi-servizi-di-auser-montale\/#primaryimage\"},\"thumbnailUrl\":\"https:\/\/www.noidiqua.it\/Montale\/wp-content\/uploads\/2021\/08\/auser-pulmino.png\",\"datePublished\":\"2020-09-05T13:21:15+00:00\",\"dateModified\":\"2021-08-27T13:21:51+00:00\",\"author\":{\"@id\":\"https:\/\/www.noidiqua.it\/Montale\/#\/schema\/person\/e2e6f44da50af0dae9c90ad168e471a4\"},\"breadcrumb\":{\"@id\":\"https:\/\/www.noidiqua.it\/Montale\/due-nuovi-servizi-di-auser-montale\/#breadcrumb\"},\"inLanguage\":\"it-IT\",\"potentialAction\":[{\"@type\":\"ReadAction\",\"target\":[\"https:\/\/www.noidiqua.it\/Montale\/due-nuovi-servizi-di-auser-montale\/\"]}]},{\"@type\":\"ImageObject\",\"inLanguage\":\"it-IT\",\"@id\":\"https:\/\/www.noidiqua.it\/Montale\/due-nuovi-servizi-di-auser-montale\/#primaryimage\",\"url\":\"https:\/\/www.noidiqua.it\/Montale\/wp-content\/uploads\/2021\/08\/auser-pulmino.png\",\"contentUrl\":\"https:\/\/www.noidiqua.it\/Montale\/wp-content\/uploads\/2021\/08\/auser-pulmino.png\",\"width\":482,\"height\":292},{\"@type\":\"BreadcrumbList\",\"@id\":\"https:\/\/www.noidiqua.it\/Montale\/due-nuovi-servizi-di-auser-montale\/#breadcrumb\",\"itemListElement\":[{\"@type\":\"ListItem\",\"position\":1,\"name\":\"Home\",\"item\":\"https:\/\/www.noidiqua.it\/Montale\/\"},{\"@type\":\"ListItem\",\"position\":2,\"name\":\"Due nuovi servizi di Auser Montale\"}]},{\"@type\":\"WebSite\",\"@id\":\"https:\/\/www.noidiqua.it\/Montale\/#website\",\"url\":\"https:\/\/www.noidiqua.it\/Montale\/\",\"name\":\"Noi di Qua Testata giornalistica e di attualit\u00e0 di Agliana, Montale e Quarrata.\",\"description\":\"Testata Giornalistica Quarrata Montale Agliana\",\"potentialAction\":[{\"@type\":\"SearchAction\",\"target\":{\"@type\":\"EntryPoint\",\"urlTemplate\":\"https:\/\/www.noidiqua.it\/Montale\/?s={search_term_string}\"},\"query-input\":{\"@type\":\"PropertyValueSpecification\",\"valueRequired\":true,\"valueName\":\"search_term_string\"}}],\"inLanguage\":\"it-IT\"},{\"@type\":\"Person\",\"@id\":\"https:\/\/www.noidiqua.it\/Montale\/#\/schema\/person\/e2e6f44da50af0dae9c90ad168e471a4\",\"name\":\"Giacomo Bini\",\"image\":{\"@type\":\"ImageObject\",\"inLanguage\":\"it-IT\",\"@id\":\"https:\/\/www.noidiqua.it\/Montale\/#\/schema\/person\/image\/\",\"url\":\"https:\/\/secure.gravatar.com\/avatar\/e5c18ae41df5ae37397358f2c6046696187d51a120c5d0b8f0c49f7b606f46f4?s=96&d=mm&r=g\",\"contentUrl\":\"https:\/\/secure.gravatar.com\/avatar\/e5c18ae41df5ae37397358f2c6046696187d51a120c5d0b8f0c49f7b606f46f4?s=96&d=mm&r=g\",\"caption\":\"Giacomo Bini\"},\"url\":\"https:\/\/www.noidiqua.it\/Montale\/author\/giacomo-bini\/\"}]}<\/script>\n<!-- \/ Yoast SEO plugin. -->","yoast_head_json":{"title":"Due nuovi servizi di Auser Montale - Noi di Qua Testata giornalistica e di attualit\u00e0 di Agliana, Montale e Quarrata.","robots":{"index":"index","follow":"follow","max-snippet":"max-snippet:-1","max-image-preview":"max-image-preview:large","max-video-preview":"max-video-preview:-1"},"canonical":"https:\/\/www.noidiqua.it\/Montale\/due-nuovi-servizi-di-auser-montale\/","og_locale":"it_IT","og_type":"article","og_title":"Due nuovi servizi di Auser Montale - Noi di Qua Testata giornalistica e di attualit\u00e0 di Agliana, Montale e Quarrata.","og_description":"di Giacomo Bini settembre 2020 \u00a0 Il servizio \u201cT\u2019accompagno io\u201d con un pulmino tutto nuovo appena inaugurato e l\u2019applicazione per eliminare le file agli ambulatori medici sono due iniziative dell\u2019Auser di Montale che vogliono contribuire a riannodare i rapporti sociali dopo il difficile periodo del lockdown, pur nel rispetto delle normative anti-covid. Il servizio [&hellip;]","og_url":"https:\/\/www.noidiqua.it\/Montale\/due-nuovi-servizi-di-auser-montale\/","og_site_name":"Noi di Qua Testata giornalistica e di attualit\u00e0 di Agliana, Montale e Quarrata.","article_publisher":"https:\/\/www.facebook.com\/noidiqua.trimestrale\/","article_published_time":"2020-09-05T13:21:15+00:00","article_modified_time":"2021-08-27T13:21:51+00:00","og_image":[{"url":"https:\/\/www.noidiqua.it\/Montale\/wp-content\/uploads\/2021\/08\/auser-pulmino.png","type":"","width":"","height":""}],"author":"Giacomo Bini","twitter_misc":{"Scritto da":"Giacomo Bini","Tempo di lettura stimato":"3 minuti"},"schema":{"@context":"https:\/\/schema.org","@graph":[{"@type":"WebPage","@id":"https:\/\/www.noidiqua.it\/Montale\/due-nuovi-servizi-di-auser-montale\/","url":"https:\/\/www.noidiqua.it\/Montale\/due-nuovi-servizi-di-auser-montale\/","name":"Due nuovi servizi di Auser Montale - Noi di Qua Testata giornalistica e di attualit\u00e0 di Agliana, Montale e Quarrata.","isPartOf":{"@id":"https:\/\/www.noidiqua.it\/Montale\/#website"},"primaryImageOfPage":{"@id":"https:\/\/www.noidiqua.it\/Montale\/due-nuovi-servizi-di-auser-montale\/#primaryimage"},"image":{"@id":"https:\/\/www.noidiqua.it\/Montale\/due-nuovi-servizi-di-auser-montale\/#primaryimage"},"thumbnailUrl":"https:\/\/www.noidiqua.it\/Montale\/wp-content\/uploads\/2021\/08\/auser-pulmino.png","datePublished":"2020-09-05T13:21:15+00:00","dateModified":"2021-08-27T13:21:51+00:00","author":{"@id":"https:\/\/www.noidiqua.it\/Montale\/#\/schema\/person\/e2e6f44da50af0dae9c90ad168e471a4"},"breadcrumb":{"@id":"https:\/\/www.noidiqua.it\/Montale\/due-nuovi-servizi-di-auser-montale\/#breadcrumb"},"inLanguage":"it-IT","potentialAction":[{"@type":"ReadAction","target":["https:\/\/www.noidiqua.it\/Montale\/due-nuovi-servizi-di-auser-montale\/"]}]},{"@type":"ImageObject","inLanguage":"it-IT","@id":"https:\/\/www.noidiqua.it\/Montale\/due-nuovi-servizi-di-auser-montale\/#primaryimage","url":"https:\/\/www.noidiqua.it\/Montale\/wp-content\/uploads\/2021\/08\/auser-pulmino.png","contentUrl":"https:\/\/www.noidiqua.it\/Montale\/wp-content\/uploads\/2021\/08\/auser-pulmino.png","width":482,"height":292},{"@type":"BreadcrumbList","@id":"https:\/\/www.noidiqua.it\/Montale\/due-nuovi-servizi-di-auser-montale\/#breadcrumb","itemListElement":[{"@type":"ListItem","position":1,"name":"Home","item":"https:\/\/www.noidiqua.it\/Montale\/"},{"@type":"ListItem","position":2,"name":"Due nuovi servizi di Auser Montale"}]},{"@type":"WebSite","@id":"https:\/\/www.noidiqua.it\/Montale\/#website","url":"https:\/\/www.noidiqua.it\/Montale\/","name":"Noi di Qua Testata giornalistica e di attualit\u00e0 di Agliana, Montale e Quarrata.","description":"Testata Giornalistica Quarrata Montale Agliana","potentialAction":[{"@type":"SearchAction","target":{"@type":"EntryPoint","urlTemplate":"https:\/\/www.noidiqua.it\/Montale\/?s={search_term_string}"},"query-input":{"@type":"PropertyValueSpecification","valueRequired":true,"valueName":"search_term_string"}}],"inLanguage":"it-IT"},{"@type":"Person","@id":"https:\/\/www.noidiqua.it\/Montale\/#\/schema\/person\/e2e6f44da50af0dae9c90ad168e471a4","name":"Giacomo Bini","image":{"@type":"ImageObject","inLanguage":"it-IT","@id":"https:\/\/www.noidiqua.it\/Montale\/#\/schema\/person\/image\/","url":"https:\/\/secure.gravatar.com\/avatar\/e5c18ae41df5ae37397358f2c6046696187d51a120c5d0b8f0c49f7b606f46f4?s=96&d=mm&r=g","contentUrl":"https:\/\/secure.gravatar.com\/avatar\/e5c18ae41df5ae37397358f2c6046696187d51a120c5d0b8f0c49f7b606f46f4?s=96&d=mm&r=g","caption":"Giacomo Bini"},"url":"https:\/\/www.noidiqua.it\/Montale\/author\/giacomo-bini\/"}]}},"_links":{"self":[{"href":"https:\/\/www.noidiqua.it\/Montale\/wp-json\/wp\/v2\/posts\/5828","targetHints":{"allow":["GET"]}}],"collection":[{"href":"https:\/\/www.noidiqua.it\/Montale\/wp-json\/wp\/v2\/posts"}],"about":[{"href":"https:\/\/www.noidiqua.it\/Montale\/wp-json\/wp\/v2\/types\/post"}],"author":[{"embeddable":true,"href":"https:\/\/www.noidiqua.it\/Montale\/wp-json\/wp\/v2\/users\/12"}],"replies":[{"embeddable":true,"href":"https:\/\/www.noidiqua.it\/Montale\/wp-json\/wp\/v2\/comments?post=5828"}],"version-history":[{"count":1,"href":"https:\/\/www.noidiqua.it\/Montale\/wp-json\/wp\/v2\/posts\/5828\/revisions"}],"predecessor-version":[{"id":5831,"href":"https:\/\/www.noidiqua.it\/Montale\/wp-json\/wp\/v2\/posts\/5828\/revisions\/5831"}],"wp:attachment":[{"href":"https:\/\/www.noidiqua.it\/Montale\/wp-json\/wp\/v2\/media?parent=5828"}],"wp:term":[{"taxonomy":"category","embeddable":true,"href":"https:\/\/www.noidiqua.it\/Montale\/wp-json\/wp\/v2\/categories?post=5828"},{"taxonomy":"post_tag","embeddable":true,"href":"https:\/\/www.noidiqua.it\/Montale\/wp-json\/wp\/v2\/tags?post=5828"}],"curies":[{"name":"wp","href":"https:\/\/api.w.org\/{rel}","templated":true}]}}