{"id":5852,"date":"2020-09-05T16:47:38","date_gmt":"2020-09-05T14:47:38","guid":{"rendered":"https:\/\/www.noidiqua.it\/Montale\/?p=5852"},"modified":"2021-08-27T16:48:11","modified_gmt":"2021-08-27T14:48:11","slug":"una-nuova-quercia-gigante","status":"publish","type":"post","link":"https:\/\/www.noidiqua.it\/Montale\/una-nuova-quercia-gigante\/","title":{"rendered":"Una nuova quercia gigante"},"content":{"rendered":"<p><em>di David Colzi<\/em><\/p>\n\n\n\n<p><em>settembre 2020<\/em><\/p>\n\n\n<p><a href=\"https:\/\/www.noidiqua.it\/Montale\/wp-content\/uploads\/2021\/08\/quercia.png\" rel=\"wp-prettyPhoto[5852]\"><img loading=\"lazy\" decoding=\"async\" class=\"aligncenter size-full wp-image-5854\" src=\"https:\/\/www.noidiqua.it\/Montale\/wp-content\/uploads\/2021\/08\/quercia.png\" alt=\"\" width=\"476\" height=\"393\" srcset=\"https:\/\/www.noidiqua.it\/Montale\/wp-content\/uploads\/2021\/08\/quercia.png 476w, https:\/\/www.noidiqua.it\/Montale\/wp-content\/uploads\/2021\/08\/quercia-300x248.png 300w\" sizes=\"auto, (max-width: 476px) 100vw, 476px\" \/><\/a><\/p>\n\n\n<p>Dopo aver portato alla vostra attenzione la <strong>quercia centenaria<\/strong> di Stazione nel numero di <strong><a href=\"https:\/\/www.noidiqua.it\/Montale\/tuteliamo-la-quercia-stazione\/\">settembre 2018<\/a><\/strong>, stavolta ci spostiamo verso <strong>Villa Bastogi<\/strong>. Un attimo prima di arrivare, svoltiamo in via vecchia di <strong>Compietra<\/strong> e in fondo alla strada, parcheggiamo l\u2019auto per poi entrare in un bel terreno curato in stile giardino, dove in angolo, rivolta verso la strada, c\u2019\u00e8 un\u2019altra enorme quercia, anche questa segnalataci da <strong>Bruno Tempestini<\/strong>, \u201cIspettore Onorario per i Beni Archeologici per i Comuni di Agliana, Montale, Quarrata e Montemurlo\u201d. Incuriositi suoniamo il campanello della casa colonica attigua, per farci raccontare un po\u2019 la storia di questa \u201cvecchia signora\u201d. Ad accoglierci c\u2019\u00e8 la signora <strong>Michela Gelli<\/strong>, suo marito Luca Vannucci e la mamma di Michela, Mirella.<\/p>\n\n\n<p><a href=\"https:\/\/www.noidiqua.it\/Montale\/wp-content\/uploads\/2021\/08\/Quercia-gigante.png\" rel=\"wp-prettyPhoto[5852]\"><img loading=\"lazy\" decoding=\"async\" class=\"aligncenter  wp-image-5853\" src=\"https:\/\/www.noidiqua.it\/Montale\/wp-content\/uploads\/2021\/08\/Quercia-gigante.png\" alt=\"\" width=\"326\" height=\"313\" \/><\/a><\/p>\n\n\n<p>A differenza di quella di Stazione, qui abbiamo notizie un po\u2019 pi\u00f9 precise: l\u2019albero venne piantato agli inizi degli anni \u201850 da Giampiero Gelli, padre di Michela e marito di Mirella, quando la pianta aveva gi\u00e0 una decina di anni. Il giovane Giampiero, all\u2019epoca coetaneo della quercia, la mise a dimora vicino ad un canneto, per segnare il confine del terreno di famiglia. A distanza di settant\u2019anni, la quercia ha raggiunto un\u2019altezza di circa 28 metri, con una ampia chioma dell\u2019apertura di 25 metri, che ricade sul prato creando un rifugio naturale dove trovare ristoro. Il suo tronco ha invece una rispettabile circonferenza di 3,70 metri. Cresciuta senza essere mai stata potata, eccezion fatta per qualche ramo invecchiato, o spezzatosi, la quercia \u00e8 diventata nei decenni la regina incontrastata di quest\u2019angolo di campagna montalese, testimone silenziosa di tutti gli accadimenti e i rari mutamenti. Certamente il fatto che si trovi in una piccola via laterale e che la strada non abbia mai necessitato di allargamenti l\u2019ha preservata, evitandole il triste destino che \u00e8 toccato ad altri \u201cgiganti\u201d della zona. In pi\u00f9 ha avuto la fortuna di crescere in una famiglia di persone rispettose dell\u2019ambiente, che tutt\u2019oggi la trattano come una di famiglia, anche perch\u00e9 ricorda loro il caro Giampiero, venuto prematuramente a mancare nel \u201878.<\/p>\n\n\n<p><a href=\"https:\/\/www.noidiqua.it\/Montale\/wp-content\/uploads\/2021\/08\/Quercia-gigante2.png\" rel=\"wp-prettyPhoto[5852]\"><img loading=\"lazy\" decoding=\"async\" class=\"aligncenter size-full wp-image-5856\" src=\"https:\/\/www.noidiqua.it\/Montale\/wp-content\/uploads\/2021\/08\/Quercia-gigante2.png\" alt=\"\" width=\"285\" height=\"380\" srcset=\"https:\/\/www.noidiqua.it\/Montale\/wp-content\/uploads\/2021\/08\/Quercia-gigante2.png 285w, https:\/\/www.noidiqua.it\/Montale\/wp-content\/uploads\/2021\/08\/Quercia-gigante2-225x300.png 225w\" sizes=\"auto, (max-width: 285px) 100vw, 285px\" \/><\/a><\/p>\n\n\n<p>Ad abbellire ulteriormente questo miracolo della natura, da circa una decina di anni c\u2019\u00e8, legata ad un ramo, un\u2019<strong>altalena <\/strong>realizzata con un copertone, che le conferisce un fascino rurale in stile campagna americana. Questa inizialmente fu costruita dai coniugi Vannucci per la loro figlia Alessia, ma oggi \u00e8 diventata un divertimento per i ragazzi del vicinato: <em>\u00abAnche se \u00e8 propriet\u00e0 privata, noi non diciamo mai niente\u00bb,<\/em> afferma sorridendo Michela, <em>\u00abperch\u00e9 \u00e8 bello che la quercia sia a disposizione dei ragazzi della zona\u00bb<\/em>. <em>\u00abD\u2019altronde un albero cos\u00ec deve essere per forza di tutti, non pu\u00f2 appartenere solo ai proprietari del terreno\u00bb,<\/em> aggiunge convinto Luca. E parlando del terreno, Michela, attentissima alla storia della sua famiglia, ci dice che quello dove si trova la quercia, in origine era inglobato nell\u2019antico podere \u201cCasanova\u201d di propriet\u00e0 dei signori di Villa Bastogi; pensate che era talmente grande da arrivare fino ai binari della stazione. Fu il fattore della villa ad affidare nel 1924 al bisnonno di Michela, Angiolo, il podere e la <strong>casa colonica <\/strong>dove oggi abitano ancora i parenti di Giampiero, cio\u00e8 le figlie Michela e Cinzia e la vedova Mirella. La concessione di un terreno cos\u00ec grande, avvenne perch\u00e9 Angiolo era padre di 6 figli maschi, quindi poteva contare su tante braccia robuste per lavorare tutta quella terra. Poi, nel 1959, i Gelli da mezzadri divennero proprietari e pian piano, i terreni vennero sporzionati fra parenti e poi fra i parenti dei parenti. Ma questa \u00e8 un\u2019altra storia.<\/p>\n\n\n<p><a href=\"https:\/\/www.noidiqua.it\/Montale\/wp-content\/uploads\/2021\/08\/Quercia-gigante3.png\" rel=\"wp-prettyPhoto[5852]\"><img loading=\"lazy\" decoding=\"async\" class=\"aligncenter  wp-image-5857\" src=\"https:\/\/www.noidiqua.it\/Montale\/wp-content\/uploads\/2021\/08\/Quercia-gigante3.png\" alt=\"\" width=\"283\" height=\"363\" \/><\/a><\/p>\n\n\n<p>Tornando al presente, il nostro amico Tempestini ci ha riferito che ha portato alcune foto della quercia all\u2019assessorato alla cultura del Comune di Montale, dove si \u00e8 manifestato interesse per questa pianta e qualche scatto \u00e8 stato donato persino ai vigili. <em>\u00abIl mio intento \u00e8 sempre quello di invitare le persone delle istituzioni e non, a tutelare e valorizzare quel poco che ancora \u00e8 rimasto della nostra campagna e della nostra antica <strong>civilt\u00e0 contadina<\/strong>\u00bb,<\/em> dice Tempestini che ha anche contattato Daniele Manetti, presidente di Legambiente Quarrata, il quale \u00e8 andato sul posto per prendere visione dell\u2019albero. Mentre la famiglia Gelli, da noi interpellata, si \u00e8 detta disponibile ad ospitare nel loro terreno classi delle scuole di Montale per fargli conoscere la loro quercia, invece Tempestini, dall\u2019alto della sua esperienza di \u201cIspettore\u201d, resta a disposizione delle scuole, per andare a parlare degli ultimi tesori storici, artistici e paesaggistici locali, cos\u00ec come faceva negli anni \u201880 fra Pistoia e Prato. Insomma la volont\u00e0 c\u2019\u00e8 da parte di tutti, non resta che incontrarsi&#8230; magari proprio sotto la quercia!<\/p>","protected":false},"excerpt":{"rendered":"<p>di David Colzi settembre 2020 Dopo aver portato alla vostra attenzione la quercia centenaria di Stazione nel numero di settembre 2018, stavolta ci spostiamo verso Villa Bastogi. Un attimo prima di arrivare, svoltiamo in via vecchia di Compietra e in fondo alla strada, parcheggiamo l\u2019auto per poi entrare in un bel terreno curato in [&hellip;]<\/p>","protected":false},"author":5,"featured_media":0,"comment_status":"open","ping_status":"open","sticky":false,"template":"","format":"standard","meta":{"footnotes":""},"categories":[27,7],"tags":[2541,774,2542,2543,2424,2539,2540,2537,2538],"class_list":["post-5852","post","type-post","status-publish","format-standard","hentry","category-fotonotizie-qt","category-mt","tag-altalena","tag-bruno-tempestini","tag-casa-colonica","tag-civilta-contadina","tag-compietra","tag-michela-gelli","tag-piccola-via","tag-quercia-centenaria","tag-villa-bastogi"],"yoast_head":"<!-- This site is optimized with the Yoast SEO plugin v25.5 - https:\/\/yoast.com\/wordpress\/plugins\/seo\/ -->\n<title>Una nuova quercia gigante - Noi di Qua Testata giornalistica e di attualit\u00e0 di Agliana, Montale e Quarrata.<\/title>\n<meta name=\"robots\" content=\"index, follow, max-snippet:-1, max-image-preview:large, max-video-preview:-1\" \/>\n<link rel=\"canonical\" href=\"https:\/\/www.noidiqua.it\/Montale\/una-nuova-quercia-gigante\/\" \/>\n<meta property=\"og:locale\" content=\"it_IT\" \/>\n<meta property=\"og:type\" content=\"article\" \/>\n<meta property=\"og:title\" content=\"Una nuova quercia gigante - Noi di Qua Testata giornalistica e di attualit\u00e0 di Agliana, Montale e Quarrata.\" \/>\n<meta property=\"og:description\" content=\"di David Colzi settembre 2020 Dopo aver portato alla vostra attenzione la quercia centenaria di Stazione nel numero di settembre 2018, stavolta ci spostiamo verso Villa Bastogi. Un attimo prima di arrivare, svoltiamo in via vecchia di Compietra e in fondo alla strada, parcheggiamo l\u2019auto per poi entrare in un bel terreno curato in [&hellip;]\" \/>\n<meta property=\"og:url\" content=\"https:\/\/www.noidiqua.it\/Montale\/una-nuova-quercia-gigante\/\" \/>\n<meta property=\"og:site_name\" content=\"Noi di Qua Testata giornalistica e di attualit\u00e0 di Agliana, Montale e Quarrata.\" \/>\n<meta property=\"article:publisher\" content=\"https:\/\/www.facebook.com\/noidiqua.trimestrale\/\" \/>\n<meta property=\"article:published_time\" content=\"2020-09-05T14:47:38+00:00\" \/>\n<meta property=\"article:modified_time\" content=\"2021-08-27T14:48:11+00:00\" \/>\n<meta property=\"og:image\" content=\"https:\/\/www.noidiqua.it\/Montale\/wp-content\/uploads\/2021\/08\/quercia.png\" \/>\n<meta name=\"author\" content=\"David Colzi\" \/>\n<meta name=\"twitter:label1\" content=\"Scritto da\" \/>\n\t<meta name=\"twitter:data1\" content=\"David Colzi\" \/>\n\t<meta name=\"twitter:label2\" content=\"Tempo di lettura stimato\" \/>\n\t<meta name=\"twitter:data2\" content=\"4 minuti\" \/>\n<script type=\"application\/ld+json\" class=\"yoast-schema-graph\">{\"@context\":\"https:\/\/schema.org\",\"@graph\":[{\"@type\":\"WebPage\",\"@id\":\"https:\/\/www.noidiqua.it\/Montale\/una-nuova-quercia-gigante\/\",\"url\":\"https:\/\/www.noidiqua.it\/Montale\/una-nuova-quercia-gigante\/\",\"name\":\"Una nuova quercia gigante - Noi di Qua Testata giornalistica e di attualit\u00e0 di Agliana, Montale e Quarrata.\",\"isPartOf\":{\"@id\":\"https:\/\/www.noidiqua.it\/Montale\/#website\"},\"primaryImageOfPage\":{\"@id\":\"https:\/\/www.noidiqua.it\/Montale\/una-nuova-quercia-gigante\/#primaryimage\"},\"image\":{\"@id\":\"https:\/\/www.noidiqua.it\/Montale\/una-nuova-quercia-gigante\/#primaryimage\"},\"thumbnailUrl\":\"https:\/\/www.noidiqua.it\/Montale\/wp-content\/uploads\/2021\/08\/quercia.png\",\"datePublished\":\"2020-09-05T14:47:38+00:00\",\"dateModified\":\"2021-08-27T14:48:11+00:00\",\"author\":{\"@id\":\"https:\/\/www.noidiqua.it\/Montale\/#\/schema\/person\/3b45dd21eb2367c177b6a6d35c868ccc\"},\"breadcrumb\":{\"@id\":\"https:\/\/www.noidiqua.it\/Montale\/una-nuova-quercia-gigante\/#breadcrumb\"},\"inLanguage\":\"it-IT\",\"potentialAction\":[{\"@type\":\"ReadAction\",\"target\":[\"https:\/\/www.noidiqua.it\/Montale\/una-nuova-quercia-gigante\/\"]}]},{\"@type\":\"ImageObject\",\"inLanguage\":\"it-IT\",\"@id\":\"https:\/\/www.noidiqua.it\/Montale\/una-nuova-quercia-gigante\/#primaryimage\",\"url\":\"https:\/\/www.noidiqua.it\/Montale\/wp-content\/uploads\/2021\/08\/quercia.png\",\"contentUrl\":\"https:\/\/www.noidiqua.it\/Montale\/wp-content\/uploads\/2021\/08\/quercia.png\",\"width\":476,\"height\":393},{\"@type\":\"BreadcrumbList\",\"@id\":\"https:\/\/www.noidiqua.it\/Montale\/una-nuova-quercia-gigante\/#breadcrumb\",\"itemListElement\":[{\"@type\":\"ListItem\",\"position\":1,\"name\":\"Home\",\"item\":\"https:\/\/www.noidiqua.it\/Montale\/\"},{\"@type\":\"ListItem\",\"position\":2,\"name\":\"Una nuova quercia gigante\"}]},{\"@type\":\"WebSite\",\"@id\":\"https:\/\/www.noidiqua.it\/Montale\/#website\",\"url\":\"https:\/\/www.noidiqua.it\/Montale\/\",\"name\":\"Noi di Qua Testata giornalistica e di attualit\u00e0 di Agliana, Montale e Quarrata.\",\"description\":\"Testata Giornalistica Quarrata Montale Agliana\",\"potentialAction\":[{\"@type\":\"SearchAction\",\"target\":{\"@type\":\"EntryPoint\",\"urlTemplate\":\"https:\/\/www.noidiqua.it\/Montale\/?s={search_term_string}\"},\"query-input\":{\"@type\":\"PropertyValueSpecification\",\"valueRequired\":true,\"valueName\":\"search_term_string\"}}],\"inLanguage\":\"it-IT\"},{\"@type\":\"Person\",\"@id\":\"https:\/\/www.noidiqua.it\/Montale\/#\/schema\/person\/3b45dd21eb2367c177b6a6d35c868ccc\",\"name\":\"David Colzi\",\"image\":{\"@type\":\"ImageObject\",\"inLanguage\":\"it-IT\",\"@id\":\"https:\/\/www.noidiqua.it\/Montale\/#\/schema\/person\/image\/\",\"url\":\"https:\/\/secure.gravatar.com\/avatar\/515ac68c0075b78a8243a0f28e5a361c9b5c466a1d6912ac3919ddd928c4db8c?s=96&d=mm&r=g\",\"contentUrl\":\"https:\/\/secure.gravatar.com\/avatar\/515ac68c0075b78a8243a0f28e5a361c9b5c466a1d6912ac3919ddd928c4db8c?s=96&d=mm&r=g\",\"caption\":\"David Colzi\"},\"url\":\"https:\/\/www.noidiqua.it\/Montale\/author\/david-colzi\/\"}]}<\/script>\n<!-- \/ Yoast SEO plugin. -->","yoast_head_json":{"title":"Una nuova quercia gigante - Noi di Qua Testata giornalistica e di attualit\u00e0 di Agliana, Montale e Quarrata.","robots":{"index":"index","follow":"follow","max-snippet":"max-snippet:-1","max-image-preview":"max-image-preview:large","max-video-preview":"max-video-preview:-1"},"canonical":"https:\/\/www.noidiqua.it\/Montale\/una-nuova-quercia-gigante\/","og_locale":"it_IT","og_type":"article","og_title":"Una nuova quercia gigante - Noi di Qua Testata giornalistica e di attualit\u00e0 di Agliana, Montale e Quarrata.","og_description":"di David Colzi settembre 2020 Dopo aver portato alla vostra attenzione la quercia centenaria di Stazione nel numero di settembre 2018, stavolta ci spostiamo verso Villa Bastogi. Un attimo prima di arrivare, svoltiamo in via vecchia di Compietra e in fondo alla strada, parcheggiamo l\u2019auto per poi entrare in un bel terreno curato in [&hellip;]","og_url":"https:\/\/www.noidiqua.it\/Montale\/una-nuova-quercia-gigante\/","og_site_name":"Noi di Qua Testata giornalistica e di attualit\u00e0 di Agliana, Montale e Quarrata.","article_publisher":"https:\/\/www.facebook.com\/noidiqua.trimestrale\/","article_published_time":"2020-09-05T14:47:38+00:00","article_modified_time":"2021-08-27T14:48:11+00:00","og_image":[{"url":"https:\/\/www.noidiqua.it\/Montale\/wp-content\/uploads\/2021\/08\/quercia.png","type":"","width":"","height":""}],"author":"David Colzi","twitter_misc":{"Scritto da":"David Colzi","Tempo di lettura stimato":"4 minuti"},"schema":{"@context":"https:\/\/schema.org","@graph":[{"@type":"WebPage","@id":"https:\/\/www.noidiqua.it\/Montale\/una-nuova-quercia-gigante\/","url":"https:\/\/www.noidiqua.it\/Montale\/una-nuova-quercia-gigante\/","name":"Una nuova quercia gigante - Noi di Qua Testata giornalistica e di attualit\u00e0 di Agliana, Montale e Quarrata.","isPartOf":{"@id":"https:\/\/www.noidiqua.it\/Montale\/#website"},"primaryImageOfPage":{"@id":"https:\/\/www.noidiqua.it\/Montale\/una-nuova-quercia-gigante\/#primaryimage"},"image":{"@id":"https:\/\/www.noidiqua.it\/Montale\/una-nuova-quercia-gigante\/#primaryimage"},"thumbnailUrl":"https:\/\/www.noidiqua.it\/Montale\/wp-content\/uploads\/2021\/08\/quercia.png","datePublished":"2020-09-05T14:47:38+00:00","dateModified":"2021-08-27T14:48:11+00:00","author":{"@id":"https:\/\/www.noidiqua.it\/Montale\/#\/schema\/person\/3b45dd21eb2367c177b6a6d35c868ccc"},"breadcrumb":{"@id":"https:\/\/www.noidiqua.it\/Montale\/una-nuova-quercia-gigante\/#breadcrumb"},"inLanguage":"it-IT","potentialAction":[{"@type":"ReadAction","target":["https:\/\/www.noidiqua.it\/Montale\/una-nuova-quercia-gigante\/"]}]},{"@type":"ImageObject","inLanguage":"it-IT","@id":"https:\/\/www.noidiqua.it\/Montale\/una-nuova-quercia-gigante\/#primaryimage","url":"https:\/\/www.noidiqua.it\/Montale\/wp-content\/uploads\/2021\/08\/quercia.png","contentUrl":"https:\/\/www.noidiqua.it\/Montale\/wp-content\/uploads\/2021\/08\/quercia.png","width":476,"height":393},{"@type":"BreadcrumbList","@id":"https:\/\/www.noidiqua.it\/Montale\/una-nuova-quercia-gigante\/#breadcrumb","itemListElement":[{"@type":"ListItem","position":1,"name":"Home","item":"https:\/\/www.noidiqua.it\/Montale\/"},{"@type":"ListItem","position":2,"name":"Una nuova quercia gigante"}]},{"@type":"WebSite","@id":"https:\/\/www.noidiqua.it\/Montale\/#website","url":"https:\/\/www.noidiqua.it\/Montale\/","name":"Noi di Qua Testata giornalistica e di attualit\u00e0 di Agliana, Montale e Quarrata.","description":"Testata Giornalistica Quarrata Montale Agliana","potentialAction":[{"@type":"SearchAction","target":{"@type":"EntryPoint","urlTemplate":"https:\/\/www.noidiqua.it\/Montale\/?s={search_term_string}"},"query-input":{"@type":"PropertyValueSpecification","valueRequired":true,"valueName":"search_term_string"}}],"inLanguage":"it-IT"},{"@type":"Person","@id":"https:\/\/www.noidiqua.it\/Montale\/#\/schema\/person\/3b45dd21eb2367c177b6a6d35c868ccc","name":"David Colzi","image":{"@type":"ImageObject","inLanguage":"it-IT","@id":"https:\/\/www.noidiqua.it\/Montale\/#\/schema\/person\/image\/","url":"https:\/\/secure.gravatar.com\/avatar\/515ac68c0075b78a8243a0f28e5a361c9b5c466a1d6912ac3919ddd928c4db8c?s=96&d=mm&r=g","contentUrl":"https:\/\/secure.gravatar.com\/avatar\/515ac68c0075b78a8243a0f28e5a361c9b5c466a1d6912ac3919ddd928c4db8c?s=96&d=mm&r=g","caption":"David Colzi"},"url":"https:\/\/www.noidiqua.it\/Montale\/author\/david-colzi\/"}]}},"_links":{"self":[{"href":"https:\/\/www.noidiqua.it\/Montale\/wp-json\/wp\/v2\/posts\/5852","targetHints":{"allow":["GET"]}}],"collection":[{"href":"https:\/\/www.noidiqua.it\/Montale\/wp-json\/wp\/v2\/posts"}],"about":[{"href":"https:\/\/www.noidiqua.it\/Montale\/wp-json\/wp\/v2\/types\/post"}],"author":[{"embeddable":true,"href":"https:\/\/www.noidiqua.it\/Montale\/wp-json\/wp\/v2\/users\/5"}],"replies":[{"embeddable":true,"href":"https:\/\/www.noidiqua.it\/Montale\/wp-json\/wp\/v2\/comments?post=5852"}],"version-history":[{"count":3,"href":"https:\/\/www.noidiqua.it\/Montale\/wp-json\/wp\/v2\/posts\/5852\/revisions"}],"predecessor-version":[{"id":5859,"href":"https:\/\/www.noidiqua.it\/Montale\/wp-json\/wp\/v2\/posts\/5852\/revisions\/5859"}],"wp:attachment":[{"href":"https:\/\/www.noidiqua.it\/Montale\/wp-json\/wp\/v2\/media?parent=5852"}],"wp:term":[{"taxonomy":"category","embeddable":true,"href":"https:\/\/www.noidiqua.it\/Montale\/wp-json\/wp\/v2\/categories?post=5852"},{"taxonomy":"post_tag","embeddable":true,"href":"https:\/\/www.noidiqua.it\/Montale\/wp-json\/wp\/v2\/tags?post=5852"}],"curies":[{"name":"wp","href":"https:\/\/api.w.org\/{rel}","templated":true}]}}