{"id":5865,"date":"2020-06-12T11:21:38","date_gmt":"2020-06-12T09:21:38","guid":{"rendered":"https:\/\/www.noidiqua.it\/Montale\/?p=5865"},"modified":"2021-09-02T11:22:14","modified_gmt":"2021-09-02T09:22:14","slug":"via-risorgimento-fra-natura-e-storia","status":"publish","type":"post","link":"https:\/\/www.noidiqua.it\/Montale\/via-risorgimento-fra-natura-e-storia\/","title":{"rendered":"Via Risorgimento &#8211; fra natura e storia"},"content":{"rendered":"<p><em>di Carlo Rossetti<\/em>. Foto: <a href=\"http:\/\/www.bellinigabriele.it\">Gabriele Bellini<\/a> <\/p>\n\n\n\n<p>giugno\u00a0<em>2020<\/em><\/p>\n\n\n<p><a href=\"https:\/\/www.noidiqua.it\/Montale\/wp-content\/uploads\/2021\/09\/VIA-RISORGIMENTO.png\" rel=\"wp-prettyPhoto[5865]\"><img loading=\"lazy\" decoding=\"async\" class=\"aligncenter  wp-image-5866\" src=\"https:\/\/www.noidiqua.it\/Montale\/wp-content\/uploads\/2021\/09\/VIA-RISORGIMENTO.png\" alt=\"\" width=\"452\" height=\"265\" \/><\/a><\/p>\n\n\n<p>Se volete un segno della riapertura e del ritorno alla libert\u00e0 dopo il periodo di reclusione forzata a causa del virus, lo trovate in via Risorgimento, l\u2019antica stradina che collega il centro di Montale a Fognano, autentico paradiso per chi vuol fare una passeggiata nella natura e nella storia. Via Risorgimento \u00e8 tornata ad animarsi di camminatori e di ciclisti a ogni ora del giorno, volti con la mascherina e sguardo felice, un benessere ritrovato e la riappropriazione di un vero gioiello del territorio montalese. La stradina si snoda tra vigneti e oliveti, lambendo anche beni architettonici come la <strong><a href=\"https:\/\/www.noidiqua.it\/Montale\/santa-cristina\/\">Chiesa di Santa Cristina<\/a><\/strong> e la <strong><a href=\"https:\/\/www.noidiqua.it\/Montale\/villa-colle-alberto\/\">villa di Colle Alberto<\/a><\/strong>. Ad ogni passo c\u2019\u00e8 qualcosa di bello da ammirare, un segno del passato o uno scorcio sulla collina, sui campi o sulle coloniche degli antichi poderi.\u00a0<\/p>\n\n\n\n<p>Il primo tratto, partendo dal centro di Montale, sfocia, dopo un tratto costeggiato da fabbricati, alla <strong><a href=\"https:\/\/www.noidiqua.it\/Montale\/fonte-bagno\/\">Fonte del Bagno<\/a><\/strong>, un tempo definita \u201cFonte delle allegrezze\u201d ma oggi pervasa da un senso di abbandono indegno del suo glorioso passato. E&#8217; solo un ricordo il tempo non lontanissimo in cui molta gente, anche dai centri, veniva a prelevare un\u2019acqua dal caratteristico odore e dalle decantate virt\u00f9 terapeutiche.\u00a0<\/p>\n\n\n<p><a href=\"https:\/\/www.noidiqua.it\/Montale\/wp-content\/uploads\/2021\/09\/VIA-RISORGIMENTO-1.png\" rel=\"wp-prettyPhoto[5865]\"><img loading=\"lazy\" decoding=\"async\" class=\"aligncenter size-full wp-image-5867\" src=\"https:\/\/www.noidiqua.it\/Montale\/wp-content\/uploads\/2021\/09\/VIA-RISORGIMENTO-1.png\" alt=\"\" width=\"450\" height=\"300\" srcset=\"https:\/\/www.noidiqua.it\/Montale\/wp-content\/uploads\/2021\/09\/VIA-RISORGIMENTO-1.png 450w, https:\/\/www.noidiqua.it\/Montale\/wp-content\/uploads\/2021\/09\/VIA-RISORGIMENTO-1-300x200.png 300w\" sizes=\"auto, (max-width: 450px) 100vw, 450px\" \/><\/a><\/p>\n\n\n<p>Superata la fonte, ci si trova immersi in uno scenario di <strong>campagna<\/strong>, tra muretti in pietra e poderi coltivati a olivi o viti. Con qualche piccola deviazione si possono ammirare dei manufatti di rara bellezza, bassi terrazzamenti in pietra, bassi gradoni che modellano il declivio a beneficio di olivi secolari. Sempre in pietra sono anche le alte pareti che in certi tratti racchiudono la stradina facendola assomigliare ad un vicolo urbano. Si incontra l\u2019antica chiesetta di Santa Cristina, un frammento di architettura medievale circondato da un piccolo borgo rurale e poi si arriva alla villa di Colle Alberto, con la sua elegante facciata rivolta a mezzogiorno. La villa \u00e8 un\u2019antica regina di poderi e di boschi, cuore pulsante di una vastissima tenuta che si distendeva dalla montagna fino alla valle con decine di appezzamenti. Propriet\u00e0 dei Bardi, dei Guicciardini e poi dei Rospigliosi la tenuta pass\u00f2 per donazione alla Misericordia di Pistoia. La fattoria produce ancora vino e olio e nel vecchio frantoio \u00e8 nato un agriturismo. Dalla fattoria di Colle si pu\u00f2 anche compiere una breve incursione all\u2019interno della campagna, passare in nel mezzo di alcune magnifiche vigne e addentrarsi nel <strong>bosco<\/strong> vicino.\u00a0<\/p>\n\n\n<p><a href=\"https:\/\/www.noidiqua.it\/Montale\/wp-content\/uploads\/2021\/09\/VIA-RISORGIMENTO-2.png\" rel=\"wp-prettyPhoto[5865]\"><img loading=\"lazy\" decoding=\"async\" class=\"aligncenter size-full wp-image-5868\" src=\"https:\/\/www.noidiqua.it\/Montale\/wp-content\/uploads\/2021\/09\/VIA-RISORGIMENTO-2.png\" alt=\"\" width=\"450\" height=\"300\" srcset=\"https:\/\/www.noidiqua.it\/Montale\/wp-content\/uploads\/2021\/09\/VIA-RISORGIMENTO-2.png 450w, https:\/\/www.noidiqua.it\/Montale\/wp-content\/uploads\/2021\/09\/VIA-RISORGIMENTO-2-300x200.png 300w\" sizes=\"auto, (max-width: 450px) 100vw, 450px\" \/><\/a><\/p>\n\n\n<p>Dopo la villa di Colle, si incontra un antico <strong>tabernacolo<\/strong> ristrutturato nel 2011 per iniziativa della famiglia di Marco e Daniela Spagnesi con il contributo del Lions Club di Quarrata, Agliana e Pianura Pistoiese e la realizzazione di una madonna con bambino dell\u2019artista Giuseppe Gavazzi. Dopo il tabernacolo, la via Risorgimento sbocca ben presto al <strong>Ponte alle Trecche<\/strong> di Fognano. A quel punto, per chi abbia ancora voglia di camminare, si aprono tante possibilit\u00e0 sui due versanti della valle dell\u2019Agna, da una parte verso Scali e su in direzione della Cascina, dall\u2019altra parte sul versante di Montemurlo, dove si apre il percorso per Javello.\u00a0<\/p>","protected":false},"excerpt":{"rendered":"<p>di Carlo Rossetti. Foto: Gabriele Bellini giugno\u00a02020 Se volete un segno della riapertura e del ritorno alla libert\u00e0 dopo il periodo di reclusione forzata a causa del virus, lo trovate in via Risorgimento, l\u2019antica stradina che collega il centro di Montale a Fognano, autentico paradiso per chi vuol fare una passeggiata nella natura e [&hellip;]<\/p>","protected":false},"author":12,"featured_media":0,"comment_status":"open","ping_status":"open","sticky":false,"template":"","format":"standard","meta":{"footnotes":""},"categories":[7,18],"tags":[1259,2551,2550,320,250,1943,414],"class_list":["post-5865","post","type-post","status-publish","format-standard","hentry","category-mt","category-territorio-qt","tag-bosco","tag-campagna","tag-chiesa-di-santa-cristina","tag-fonte-del-bagno","tag-ponte-alle-trecche","tag-tabernacolo","tag-villa-di-colle-alberto"],"yoast_head":"<!-- This site is optimized with the Yoast SEO plugin v25.5 - https:\/\/yoast.com\/wordpress\/plugins\/seo\/ -->\n<title>Via Risorgimento - fra natura e storia - Noi di Qua Testata giornalistica e di attualit\u00e0 di Agliana, Montale e Quarrata.<\/title>\n<meta name=\"robots\" content=\"index, follow, max-snippet:-1, max-image-preview:large, max-video-preview:-1\" \/>\n<link rel=\"canonical\" href=\"https:\/\/www.noidiqua.it\/Montale\/via-risorgimento-fra-natura-e-storia\/\" \/>\n<meta property=\"og:locale\" content=\"it_IT\" \/>\n<meta property=\"og:type\" content=\"article\" \/>\n<meta property=\"og:title\" content=\"Via Risorgimento - fra natura e storia - Noi di Qua Testata giornalistica e di attualit\u00e0 di Agliana, Montale e Quarrata.\" \/>\n<meta property=\"og:description\" content=\"di Carlo Rossetti. Foto: Gabriele Bellini giugno\u00a02020 Se volete un segno della riapertura e del ritorno alla libert\u00e0 dopo il periodo di reclusione forzata a causa del virus, lo trovate in via Risorgimento, l\u2019antica stradina che collega il centro di Montale a Fognano, autentico paradiso per chi vuol fare una passeggiata nella natura e [&hellip;]\" \/>\n<meta property=\"og:url\" content=\"https:\/\/www.noidiqua.it\/Montale\/via-risorgimento-fra-natura-e-storia\/\" \/>\n<meta property=\"og:site_name\" content=\"Noi di Qua Testata giornalistica e di attualit\u00e0 di Agliana, Montale e Quarrata.\" \/>\n<meta property=\"article:publisher\" content=\"https:\/\/www.facebook.com\/noidiqua.trimestrale\/\" \/>\n<meta property=\"article:published_time\" content=\"2020-06-12T09:21:38+00:00\" \/>\n<meta property=\"article:modified_time\" content=\"2021-09-02T09:22:14+00:00\" \/>\n<meta property=\"og:image\" content=\"https:\/\/www.noidiqua.it\/Montale\/wp-content\/uploads\/2021\/09\/VIA-RISORGIMENTO.png\" \/>\n<meta name=\"author\" content=\"Giacomo Bini\" \/>\n<meta name=\"twitter:label1\" content=\"Scritto da\" \/>\n\t<meta name=\"twitter:data1\" content=\"Giacomo Bini\" \/>\n\t<meta name=\"twitter:label2\" content=\"Tempo di lettura stimato\" \/>\n\t<meta name=\"twitter:data2\" content=\"3 minuti\" \/>\n<script type=\"application\/ld+json\" class=\"yoast-schema-graph\">{\"@context\":\"https:\/\/schema.org\",\"@graph\":[{\"@type\":\"WebPage\",\"@id\":\"https:\/\/www.noidiqua.it\/Montale\/via-risorgimento-fra-natura-e-storia\/\",\"url\":\"https:\/\/www.noidiqua.it\/Montale\/via-risorgimento-fra-natura-e-storia\/\",\"name\":\"Via Risorgimento - fra natura e storia - Noi di Qua Testata giornalistica e di attualit\u00e0 di Agliana, Montale e Quarrata.\",\"isPartOf\":{\"@id\":\"https:\/\/www.noidiqua.it\/Montale\/#website\"},\"primaryImageOfPage\":{\"@id\":\"https:\/\/www.noidiqua.it\/Montale\/via-risorgimento-fra-natura-e-storia\/#primaryimage\"},\"image\":{\"@id\":\"https:\/\/www.noidiqua.it\/Montale\/via-risorgimento-fra-natura-e-storia\/#primaryimage\"},\"thumbnailUrl\":\"https:\/\/www.noidiqua.it\/Montale\/wp-content\/uploads\/2021\/09\/VIA-RISORGIMENTO.png\",\"datePublished\":\"2020-06-12T09:21:38+00:00\",\"dateModified\":\"2021-09-02T09:22:14+00:00\",\"author\":{\"@id\":\"https:\/\/www.noidiqua.it\/Montale\/#\/schema\/person\/e2e6f44da50af0dae9c90ad168e471a4\"},\"breadcrumb\":{\"@id\":\"https:\/\/www.noidiqua.it\/Montale\/via-risorgimento-fra-natura-e-storia\/#breadcrumb\"},\"inLanguage\":\"it-IT\",\"potentialAction\":[{\"@type\":\"ReadAction\",\"target\":[\"https:\/\/www.noidiqua.it\/Montale\/via-risorgimento-fra-natura-e-storia\/\"]}]},{\"@type\":\"ImageObject\",\"inLanguage\":\"it-IT\",\"@id\":\"https:\/\/www.noidiqua.it\/Montale\/via-risorgimento-fra-natura-e-storia\/#primaryimage\",\"url\":\"https:\/\/www.noidiqua.it\/Montale\/wp-content\/uploads\/2021\/09\/VIA-RISORGIMENTO.png\",\"contentUrl\":\"https:\/\/www.noidiqua.it\/Montale\/wp-content\/uploads\/2021\/09\/VIA-RISORGIMENTO.png\",\"width\":940,\"height\":508},{\"@type\":\"BreadcrumbList\",\"@id\":\"https:\/\/www.noidiqua.it\/Montale\/via-risorgimento-fra-natura-e-storia\/#breadcrumb\",\"itemListElement\":[{\"@type\":\"ListItem\",\"position\":1,\"name\":\"Home\",\"item\":\"https:\/\/www.noidiqua.it\/Montale\/\"},{\"@type\":\"ListItem\",\"position\":2,\"name\":\"Via Risorgimento &#8211; fra natura e storia\"}]},{\"@type\":\"WebSite\",\"@id\":\"https:\/\/www.noidiqua.it\/Montale\/#website\",\"url\":\"https:\/\/www.noidiqua.it\/Montale\/\",\"name\":\"Noi di Qua Testata giornalistica e di attualit\u00e0 di Agliana, Montale e Quarrata.\",\"description\":\"Testata Giornalistica Quarrata Montale Agliana\",\"potentialAction\":[{\"@type\":\"SearchAction\",\"target\":{\"@type\":\"EntryPoint\",\"urlTemplate\":\"https:\/\/www.noidiqua.it\/Montale\/?s={search_term_string}\"},\"query-input\":{\"@type\":\"PropertyValueSpecification\",\"valueRequired\":true,\"valueName\":\"search_term_string\"}}],\"inLanguage\":\"it-IT\"},{\"@type\":\"Person\",\"@id\":\"https:\/\/www.noidiqua.it\/Montale\/#\/schema\/person\/e2e6f44da50af0dae9c90ad168e471a4\",\"name\":\"Giacomo Bini\",\"image\":{\"@type\":\"ImageObject\",\"inLanguage\":\"it-IT\",\"@id\":\"https:\/\/www.noidiqua.it\/Montale\/#\/schema\/person\/image\/\",\"url\":\"https:\/\/secure.gravatar.com\/avatar\/e5c18ae41df5ae37397358f2c6046696187d51a120c5d0b8f0c49f7b606f46f4?s=96&d=mm&r=g\",\"contentUrl\":\"https:\/\/secure.gravatar.com\/avatar\/e5c18ae41df5ae37397358f2c6046696187d51a120c5d0b8f0c49f7b606f46f4?s=96&d=mm&r=g\",\"caption\":\"Giacomo Bini\"},\"url\":\"https:\/\/www.noidiqua.it\/Montale\/author\/giacomo-bini\/\"}]}<\/script>\n<!-- \/ Yoast SEO plugin. -->","yoast_head_json":{"title":"Via Risorgimento - fra natura e storia - Noi di Qua Testata giornalistica e di attualit\u00e0 di Agliana, Montale e Quarrata.","robots":{"index":"index","follow":"follow","max-snippet":"max-snippet:-1","max-image-preview":"max-image-preview:large","max-video-preview":"max-video-preview:-1"},"canonical":"https:\/\/www.noidiqua.it\/Montale\/via-risorgimento-fra-natura-e-storia\/","og_locale":"it_IT","og_type":"article","og_title":"Via Risorgimento - fra natura e storia - Noi di Qua Testata giornalistica e di attualit\u00e0 di Agliana, Montale e Quarrata.","og_description":"di Carlo Rossetti. Foto: Gabriele Bellini giugno\u00a02020 Se volete un segno della riapertura e del ritorno alla libert\u00e0 dopo il periodo di reclusione forzata a causa del virus, lo trovate in via Risorgimento, l\u2019antica stradina che collega il centro di Montale a Fognano, autentico paradiso per chi vuol fare una passeggiata nella natura e [&hellip;]","og_url":"https:\/\/www.noidiqua.it\/Montale\/via-risorgimento-fra-natura-e-storia\/","og_site_name":"Noi di Qua Testata giornalistica e di attualit\u00e0 di Agliana, Montale e Quarrata.","article_publisher":"https:\/\/www.facebook.com\/noidiqua.trimestrale\/","article_published_time":"2020-06-12T09:21:38+00:00","article_modified_time":"2021-09-02T09:22:14+00:00","og_image":[{"url":"https:\/\/www.noidiqua.it\/Montale\/wp-content\/uploads\/2021\/09\/VIA-RISORGIMENTO.png","type":"","width":"","height":""}],"author":"Giacomo Bini","twitter_misc":{"Scritto da":"Giacomo Bini","Tempo di lettura stimato":"3 minuti"},"schema":{"@context":"https:\/\/schema.org","@graph":[{"@type":"WebPage","@id":"https:\/\/www.noidiqua.it\/Montale\/via-risorgimento-fra-natura-e-storia\/","url":"https:\/\/www.noidiqua.it\/Montale\/via-risorgimento-fra-natura-e-storia\/","name":"Via Risorgimento - fra natura e storia - Noi di Qua Testata giornalistica e di attualit\u00e0 di Agliana, Montale e Quarrata.","isPartOf":{"@id":"https:\/\/www.noidiqua.it\/Montale\/#website"},"primaryImageOfPage":{"@id":"https:\/\/www.noidiqua.it\/Montale\/via-risorgimento-fra-natura-e-storia\/#primaryimage"},"image":{"@id":"https:\/\/www.noidiqua.it\/Montale\/via-risorgimento-fra-natura-e-storia\/#primaryimage"},"thumbnailUrl":"https:\/\/www.noidiqua.it\/Montale\/wp-content\/uploads\/2021\/09\/VIA-RISORGIMENTO.png","datePublished":"2020-06-12T09:21:38+00:00","dateModified":"2021-09-02T09:22:14+00:00","author":{"@id":"https:\/\/www.noidiqua.it\/Montale\/#\/schema\/person\/e2e6f44da50af0dae9c90ad168e471a4"},"breadcrumb":{"@id":"https:\/\/www.noidiqua.it\/Montale\/via-risorgimento-fra-natura-e-storia\/#breadcrumb"},"inLanguage":"it-IT","potentialAction":[{"@type":"ReadAction","target":["https:\/\/www.noidiqua.it\/Montale\/via-risorgimento-fra-natura-e-storia\/"]}]},{"@type":"ImageObject","inLanguage":"it-IT","@id":"https:\/\/www.noidiqua.it\/Montale\/via-risorgimento-fra-natura-e-storia\/#primaryimage","url":"https:\/\/www.noidiqua.it\/Montale\/wp-content\/uploads\/2021\/09\/VIA-RISORGIMENTO.png","contentUrl":"https:\/\/www.noidiqua.it\/Montale\/wp-content\/uploads\/2021\/09\/VIA-RISORGIMENTO.png","width":940,"height":508},{"@type":"BreadcrumbList","@id":"https:\/\/www.noidiqua.it\/Montale\/via-risorgimento-fra-natura-e-storia\/#breadcrumb","itemListElement":[{"@type":"ListItem","position":1,"name":"Home","item":"https:\/\/www.noidiqua.it\/Montale\/"},{"@type":"ListItem","position":2,"name":"Via Risorgimento &#8211; fra natura e storia"}]},{"@type":"WebSite","@id":"https:\/\/www.noidiqua.it\/Montale\/#website","url":"https:\/\/www.noidiqua.it\/Montale\/","name":"Noi di Qua Testata giornalistica e di attualit\u00e0 di Agliana, Montale e Quarrata.","description":"Testata Giornalistica Quarrata Montale Agliana","potentialAction":[{"@type":"SearchAction","target":{"@type":"EntryPoint","urlTemplate":"https:\/\/www.noidiqua.it\/Montale\/?s={search_term_string}"},"query-input":{"@type":"PropertyValueSpecification","valueRequired":true,"valueName":"search_term_string"}}],"inLanguage":"it-IT"},{"@type":"Person","@id":"https:\/\/www.noidiqua.it\/Montale\/#\/schema\/person\/e2e6f44da50af0dae9c90ad168e471a4","name":"Giacomo Bini","image":{"@type":"ImageObject","inLanguage":"it-IT","@id":"https:\/\/www.noidiqua.it\/Montale\/#\/schema\/person\/image\/","url":"https:\/\/secure.gravatar.com\/avatar\/e5c18ae41df5ae37397358f2c6046696187d51a120c5d0b8f0c49f7b606f46f4?s=96&d=mm&r=g","contentUrl":"https:\/\/secure.gravatar.com\/avatar\/e5c18ae41df5ae37397358f2c6046696187d51a120c5d0b8f0c49f7b606f46f4?s=96&d=mm&r=g","caption":"Giacomo Bini"},"url":"https:\/\/www.noidiqua.it\/Montale\/author\/giacomo-bini\/"}]}},"_links":{"self":[{"href":"https:\/\/www.noidiqua.it\/Montale\/wp-json\/wp\/v2\/posts\/5865","targetHints":{"allow":["GET"]}}],"collection":[{"href":"https:\/\/www.noidiqua.it\/Montale\/wp-json\/wp\/v2\/posts"}],"about":[{"href":"https:\/\/www.noidiqua.it\/Montale\/wp-json\/wp\/v2\/types\/post"}],"author":[{"embeddable":true,"href":"https:\/\/www.noidiqua.it\/Montale\/wp-json\/wp\/v2\/users\/12"}],"replies":[{"embeddable":true,"href":"https:\/\/www.noidiqua.it\/Montale\/wp-json\/wp\/v2\/comments?post=5865"}],"version-history":[{"count":1,"href":"https:\/\/www.noidiqua.it\/Montale\/wp-json\/wp\/v2\/posts\/5865\/revisions"}],"predecessor-version":[{"id":5869,"href":"https:\/\/www.noidiqua.it\/Montale\/wp-json\/wp\/v2\/posts\/5865\/revisions\/5869"}],"wp:attachment":[{"href":"https:\/\/www.noidiqua.it\/Montale\/wp-json\/wp\/v2\/media?parent=5865"}],"wp:term":[{"taxonomy":"category","embeddable":true,"href":"https:\/\/www.noidiqua.it\/Montale\/wp-json\/wp\/v2\/categories?post=5865"},{"taxonomy":"post_tag","embeddable":true,"href":"https:\/\/www.noidiqua.it\/Montale\/wp-json\/wp\/v2\/tags?post=5865"}],"curies":[{"name":"wp","href":"https:\/\/api.w.org\/{rel}","templated":true}]}}