{"id":5870,"date":"2020-06-12T11:57:37","date_gmt":"2020-06-12T09:57:37","guid":{"rendered":"https:\/\/www.noidiqua.it\/Montale\/?p=5870"},"modified":"2021-09-02T11:58:01","modified_gmt":"2021-09-02T09:58:01","slug":"lacquaccia-amara","status":"publish","type":"post","link":"https:\/\/www.noidiqua.it\/Montale\/lacquaccia-amara\/","title":{"rendered":"L\u2019acquaccia amara"},"content":{"rendered":"<p><em>di Giacomo Bini<\/em><\/p>\n\n\n\n<p>giugno\u00a0<em>2020<\/em><\/p>\n\n\n<p><a href=\"https:\/\/www.noidiqua.it\/Montale\/wp-content\/uploads\/2021\/09\/acquaccia.jpg\" rel=\"wp-prettyPhoto[5870]\"><img loading=\"lazy\" decoding=\"async\" class=\"aligncenter size-full wp-image-5871\" src=\"https:\/\/www.noidiqua.it\/Montale\/wp-content\/uploads\/2021\/09\/acquaccia.jpg\" alt=\"\" width=\"386\" height=\"308\" srcset=\"https:\/\/www.noidiqua.it\/Montale\/wp-content\/uploads\/2021\/09\/acquaccia.jpg 386w, https:\/\/www.noidiqua.it\/Montale\/wp-content\/uploads\/2021\/09\/acquaccia-300x239.jpg 300w\" sizes=\"auto, (max-width: 386px) 100vw, 386px\" \/><\/a><\/p>\n\n\n<p>Una rivista che si chiama \u201c<strong>Noidiqua<\/strong>\u201d convive male con il cosiddetto \u201c<strong>distanziamento sociale<\/strong>\u201d, perch\u00e9 la sua natura \u00e8 proprio quella di cementare la socialit\u00e0, il sentirsi insieme, uniti. Per questo motivo abbiamo sofferto a non uscire col numero di marzo. Il <strong>virus<\/strong> ci ha tolto il respiro e il nostro respiratore, nel periodo di sospensione dell\u2019attivit\u00e0, \u00e8 stato l\u2019affetto dei lettori, la loro immutata fiducia e l\u2019incoraggiamento a riaprire il prima possibile. Come tutti, abbiamo preso la medicina del distanziamento ed \u00e8 stata amara. Proprio come quella che ha dovuto prendere Pinocchio nel capolavoro di Collodi. Il burattino la chiamava \u201c<strong>l\u2019acquaccia amara<\/strong>\u201d e, come tutti ricorderanno, fece di tutto per evitare di prenderla, facendo finta di nulla, minimizzando i sintomi, pretendendo di gustarsi prima la pallina di zucchero offerta dalla fatina. Anche noi all\u2019inizio ci siamo illusi di poter fare a meno di chiudere tutto, ci pareva impossibile che non darsi la mano. Ma poi, come Pinocchio \u00e8 stato convinto dai quattro conigli tutti neri che l\u2019hanno visitato nella sua camera, cos\u00ec noi abbiamo visto le immagini dei camion militari che trasportavano le bare dei morti in provincia di Bergamo. Cos\u00ec abbiamo preso \u201c<strong>l\u2019acquaccia amara<\/strong>\u201d e ci siamo allontanati gli uni dagli altri. La tecnologia ci \u00e8 venuta un po\u2019 in soccorso con lo streaming, le dirette sui social, la didattica a distanza, il cosiddetto <strong>smartworking<\/strong>, ma la nostra opinione \u00e8 che questi mezzi non potranno mai sostituire lo stare insieme. <strong>Guai a confondere l\u2019emergenza con la normalit\u00e0. Non c\u2019\u00e8 un\u2019autentica vita umana senza vicinanza fisica.<\/strong>\u00a0<\/p>\n\n\n\n<p>Per questo non vediamo l\u2019ora di tornare a dare notizie di incontri, di feste, di raduni, di sani assembramenti umani. Ora per\u00f2 siamo ancora convalescenti e dobbiamo rispettare le regole indicate dai medici. Del resto la nostra rivista ha avuto fin dalla sua fondazione una particolare sensibilit\u00e0 al tema della salute, tanto che abbiamo ospitato la rubrica fissa \u201cUna mela al giorno\u201d condotta da stimatissimi medici del nostro territorio e in questo momento curata dalla dottoressa Paola Mandelli.&nbsp;<\/p>\n\n\n\n<p>Il tema dell\u2019emergenza sanitaria \u00e8 presente in questo numero anche in molte altre pagine, com\u2019era inevitabile. Abbiamo cercato di dar conto soprattutto di un aspetto, quello della solidariet\u00e0 dimostrata dalla gente della piana. Associazioni, imprese, singoli cittadini hanno fatto a gara per offrire il loro aiuto in termini di donazioni, di volontariato, di offerte alimentari. <strong>Da questo punto di vista possiamo trarre un bilancio estremamente positivo sulle nostre comunit\u00e0. Non ne avevamo alcun dubbio, ma la prova dei fatti \u00e8 stata straordinaria<\/strong>. Le pagine dei quotidiani in questi mesi sono state stracolme di notizie su iniziative di grande generosit\u00e0. Gli amici si vedono nei momenti del bisogno e nella piana l\u2019amicizia vera, non quella superficiale dei social, si \u00e8 vista sul serio. Nel nostro piccolo abbiamo provato a darne conto, ma sicuramente ci siamo dimenticati di qualcosa e ce ne scusiamo. Le iniziative sono state cos\u00ec tante che non sappiamo se siamo riusciti a dare notizia di tutto. <strong>Per fortuna avremo a disposizione i prossimi numeri, perch\u00e9 siamo tornati e continueremo a dare il nostro apporto di informazione e soprattutto di affetto nei riguardi delle nostre comunit\u00e0<\/strong>.&nbsp;<\/p>\n\n\n\n<p>Per finire un grazie a tutti, di nuovo, per averci aspettato.<\/p>","protected":false},"excerpt":{"rendered":"<p>di Giacomo Bini giugno\u00a02020 Una rivista che si chiama \u201cNoidiqua\u201d convive male con il cosiddetto \u201cdistanziamento sociale\u201d, perch\u00e9 la sua natura \u00e8 proprio quella di cementare la socialit\u00e0, il sentirsi insieme, uniti. Per questo motivo abbiamo sofferto a non uscire col numero di marzo. Il virus ci ha tolto il respiro e il nostro [&hellip;]<\/p>","protected":false},"author":12,"featured_media":0,"comment_status":"open","ping_status":"open","sticky":false,"template":"","format":"standard","meta":{"footnotes":""},"categories":[14,7],"tags":[308,2552,2553,113,2554,2290],"class_list":["post-5870","post","type-post","status-publish","format-standard","hentry","category-appuntired","category-mt","tag-appunti-di-redazione","tag-distanziamento-sociale","tag-lacquaccia-amara","tag-noidiqua","tag-smartworking","tag-virus"],"yoast_head":"<!-- This site is optimized with the Yoast SEO plugin v25.5 - https:\/\/yoast.com\/wordpress\/plugins\/seo\/ -->\n<title>L\u2019acquaccia amara - Noi di Qua Testata giornalistica e di attualit\u00e0 di Agliana, Montale e Quarrata.<\/title>\n<meta name=\"robots\" content=\"index, follow, max-snippet:-1, max-image-preview:large, max-video-preview:-1\" \/>\n<link rel=\"canonical\" href=\"https:\/\/www.noidiqua.it\/Montale\/lacquaccia-amara\/\" \/>\n<meta property=\"og:locale\" content=\"it_IT\" \/>\n<meta property=\"og:type\" content=\"article\" \/>\n<meta property=\"og:title\" content=\"L\u2019acquaccia amara - Noi di Qua Testata giornalistica e di attualit\u00e0 di Agliana, Montale e Quarrata.\" \/>\n<meta property=\"og:description\" content=\"di Giacomo Bini giugno\u00a02020 Una rivista che si chiama \u201cNoidiqua\u201d convive male con il cosiddetto \u201cdistanziamento sociale\u201d, perch\u00e9 la sua natura \u00e8 proprio quella di cementare la socialit\u00e0, il sentirsi insieme, uniti. Per questo motivo abbiamo sofferto a non uscire col numero di marzo. Il virus ci ha tolto il respiro e il nostro [&hellip;]\" \/>\n<meta property=\"og:url\" content=\"https:\/\/www.noidiqua.it\/Montale\/lacquaccia-amara\/\" \/>\n<meta property=\"og:site_name\" content=\"Noi di Qua Testata giornalistica e di attualit\u00e0 di Agliana, Montale e Quarrata.\" \/>\n<meta property=\"article:publisher\" content=\"https:\/\/www.facebook.com\/noidiqua.trimestrale\/\" \/>\n<meta property=\"article:published_time\" content=\"2020-06-12T09:57:37+00:00\" \/>\n<meta property=\"article:modified_time\" content=\"2021-09-02T09:58:01+00:00\" \/>\n<meta property=\"og:image\" content=\"https:\/\/www.noidiqua.it\/Montale\/wp-content\/uploads\/2021\/09\/acquaccia.jpg\" \/>\n<meta name=\"author\" content=\"Giacomo Bini\" \/>\n<meta name=\"twitter:label1\" content=\"Scritto da\" \/>\n\t<meta name=\"twitter:data1\" content=\"Giacomo Bini\" \/>\n\t<meta name=\"twitter:label2\" content=\"Tempo di lettura stimato\" \/>\n\t<meta name=\"twitter:data2\" content=\"3 minuti\" \/>\n<script type=\"application\/ld+json\" class=\"yoast-schema-graph\">{\"@context\":\"https:\/\/schema.org\",\"@graph\":[{\"@type\":\"WebPage\",\"@id\":\"https:\/\/www.noidiqua.it\/Montale\/lacquaccia-amara\/\",\"url\":\"https:\/\/www.noidiqua.it\/Montale\/lacquaccia-amara\/\",\"name\":\"L\u2019acquaccia amara - Noi di Qua Testata giornalistica e di attualit\u00e0 di Agliana, Montale e Quarrata.\",\"isPartOf\":{\"@id\":\"https:\/\/www.noidiqua.it\/Montale\/#website\"},\"primaryImageOfPage\":{\"@id\":\"https:\/\/www.noidiqua.it\/Montale\/lacquaccia-amara\/#primaryimage\"},\"image\":{\"@id\":\"https:\/\/www.noidiqua.it\/Montale\/lacquaccia-amara\/#primaryimage\"},\"thumbnailUrl\":\"https:\/\/www.noidiqua.it\/Montale\/wp-content\/uploads\/2021\/09\/acquaccia.jpg\",\"datePublished\":\"2020-06-12T09:57:37+00:00\",\"dateModified\":\"2021-09-02T09:58:01+00:00\",\"author\":{\"@id\":\"https:\/\/www.noidiqua.it\/Montale\/#\/schema\/person\/e2e6f44da50af0dae9c90ad168e471a4\"},\"breadcrumb\":{\"@id\":\"https:\/\/www.noidiqua.it\/Montale\/lacquaccia-amara\/#breadcrumb\"},\"inLanguage\":\"it-IT\",\"potentialAction\":[{\"@type\":\"ReadAction\",\"target\":[\"https:\/\/www.noidiqua.it\/Montale\/lacquaccia-amara\/\"]}]},{\"@type\":\"ImageObject\",\"inLanguage\":\"it-IT\",\"@id\":\"https:\/\/www.noidiqua.it\/Montale\/lacquaccia-amara\/#primaryimage\",\"url\":\"https:\/\/www.noidiqua.it\/Montale\/wp-content\/uploads\/2021\/09\/acquaccia.jpg\",\"contentUrl\":\"https:\/\/www.noidiqua.it\/Montale\/wp-content\/uploads\/2021\/09\/acquaccia.jpg\",\"width\":386,\"height\":308},{\"@type\":\"BreadcrumbList\",\"@id\":\"https:\/\/www.noidiqua.it\/Montale\/lacquaccia-amara\/#breadcrumb\",\"itemListElement\":[{\"@type\":\"ListItem\",\"position\":1,\"name\":\"Home\",\"item\":\"https:\/\/www.noidiqua.it\/Montale\/\"},{\"@type\":\"ListItem\",\"position\":2,\"name\":\"L\u2019acquaccia amara\"}]},{\"@type\":\"WebSite\",\"@id\":\"https:\/\/www.noidiqua.it\/Montale\/#website\",\"url\":\"https:\/\/www.noidiqua.it\/Montale\/\",\"name\":\"Noi di Qua Testata giornalistica e di attualit\u00e0 di Agliana, Montale e Quarrata.\",\"description\":\"Testata Giornalistica Quarrata Montale Agliana\",\"potentialAction\":[{\"@type\":\"SearchAction\",\"target\":{\"@type\":\"EntryPoint\",\"urlTemplate\":\"https:\/\/www.noidiqua.it\/Montale\/?s={search_term_string}\"},\"query-input\":{\"@type\":\"PropertyValueSpecification\",\"valueRequired\":true,\"valueName\":\"search_term_string\"}}],\"inLanguage\":\"it-IT\"},{\"@type\":\"Person\",\"@id\":\"https:\/\/www.noidiqua.it\/Montale\/#\/schema\/person\/e2e6f44da50af0dae9c90ad168e471a4\",\"name\":\"Giacomo Bini\",\"image\":{\"@type\":\"ImageObject\",\"inLanguage\":\"it-IT\",\"@id\":\"https:\/\/www.noidiqua.it\/Montale\/#\/schema\/person\/image\/\",\"url\":\"https:\/\/secure.gravatar.com\/avatar\/e5c18ae41df5ae37397358f2c6046696187d51a120c5d0b8f0c49f7b606f46f4?s=96&d=mm&r=g\",\"contentUrl\":\"https:\/\/secure.gravatar.com\/avatar\/e5c18ae41df5ae37397358f2c6046696187d51a120c5d0b8f0c49f7b606f46f4?s=96&d=mm&r=g\",\"caption\":\"Giacomo Bini\"},\"url\":\"https:\/\/www.noidiqua.it\/Montale\/author\/giacomo-bini\/\"}]}<\/script>\n<!-- \/ Yoast SEO plugin. -->","yoast_head_json":{"title":"L\u2019acquaccia amara - Noi di Qua Testata giornalistica e di attualit\u00e0 di Agliana, Montale e Quarrata.","robots":{"index":"index","follow":"follow","max-snippet":"max-snippet:-1","max-image-preview":"max-image-preview:large","max-video-preview":"max-video-preview:-1"},"canonical":"https:\/\/www.noidiqua.it\/Montale\/lacquaccia-amara\/","og_locale":"it_IT","og_type":"article","og_title":"L\u2019acquaccia amara - Noi di Qua Testata giornalistica e di attualit\u00e0 di Agliana, Montale e Quarrata.","og_description":"di Giacomo Bini giugno\u00a02020 Una rivista che si chiama \u201cNoidiqua\u201d convive male con il cosiddetto \u201cdistanziamento sociale\u201d, perch\u00e9 la sua natura \u00e8 proprio quella di cementare la socialit\u00e0, il sentirsi insieme, uniti. Per questo motivo abbiamo sofferto a non uscire col numero di marzo. Il virus ci ha tolto il respiro e il nostro [&hellip;]","og_url":"https:\/\/www.noidiqua.it\/Montale\/lacquaccia-amara\/","og_site_name":"Noi di Qua Testata giornalistica e di attualit\u00e0 di Agliana, Montale e Quarrata.","article_publisher":"https:\/\/www.facebook.com\/noidiqua.trimestrale\/","article_published_time":"2020-06-12T09:57:37+00:00","article_modified_time":"2021-09-02T09:58:01+00:00","og_image":[{"url":"https:\/\/www.noidiqua.it\/Montale\/wp-content\/uploads\/2021\/09\/acquaccia.jpg","type":"","width":"","height":""}],"author":"Giacomo Bini","twitter_misc":{"Scritto da":"Giacomo Bini","Tempo di lettura stimato":"3 minuti"},"schema":{"@context":"https:\/\/schema.org","@graph":[{"@type":"WebPage","@id":"https:\/\/www.noidiqua.it\/Montale\/lacquaccia-amara\/","url":"https:\/\/www.noidiqua.it\/Montale\/lacquaccia-amara\/","name":"L\u2019acquaccia amara - Noi di Qua Testata giornalistica e di attualit\u00e0 di Agliana, Montale e Quarrata.","isPartOf":{"@id":"https:\/\/www.noidiqua.it\/Montale\/#website"},"primaryImageOfPage":{"@id":"https:\/\/www.noidiqua.it\/Montale\/lacquaccia-amara\/#primaryimage"},"image":{"@id":"https:\/\/www.noidiqua.it\/Montale\/lacquaccia-amara\/#primaryimage"},"thumbnailUrl":"https:\/\/www.noidiqua.it\/Montale\/wp-content\/uploads\/2021\/09\/acquaccia.jpg","datePublished":"2020-06-12T09:57:37+00:00","dateModified":"2021-09-02T09:58:01+00:00","author":{"@id":"https:\/\/www.noidiqua.it\/Montale\/#\/schema\/person\/e2e6f44da50af0dae9c90ad168e471a4"},"breadcrumb":{"@id":"https:\/\/www.noidiqua.it\/Montale\/lacquaccia-amara\/#breadcrumb"},"inLanguage":"it-IT","potentialAction":[{"@type":"ReadAction","target":["https:\/\/www.noidiqua.it\/Montale\/lacquaccia-amara\/"]}]},{"@type":"ImageObject","inLanguage":"it-IT","@id":"https:\/\/www.noidiqua.it\/Montale\/lacquaccia-amara\/#primaryimage","url":"https:\/\/www.noidiqua.it\/Montale\/wp-content\/uploads\/2021\/09\/acquaccia.jpg","contentUrl":"https:\/\/www.noidiqua.it\/Montale\/wp-content\/uploads\/2021\/09\/acquaccia.jpg","width":386,"height":308},{"@type":"BreadcrumbList","@id":"https:\/\/www.noidiqua.it\/Montale\/lacquaccia-amara\/#breadcrumb","itemListElement":[{"@type":"ListItem","position":1,"name":"Home","item":"https:\/\/www.noidiqua.it\/Montale\/"},{"@type":"ListItem","position":2,"name":"L\u2019acquaccia amara"}]},{"@type":"WebSite","@id":"https:\/\/www.noidiqua.it\/Montale\/#website","url":"https:\/\/www.noidiqua.it\/Montale\/","name":"Noi di Qua Testata giornalistica e di attualit\u00e0 di Agliana, Montale e Quarrata.","description":"Testata Giornalistica Quarrata Montale Agliana","potentialAction":[{"@type":"SearchAction","target":{"@type":"EntryPoint","urlTemplate":"https:\/\/www.noidiqua.it\/Montale\/?s={search_term_string}"},"query-input":{"@type":"PropertyValueSpecification","valueRequired":true,"valueName":"search_term_string"}}],"inLanguage":"it-IT"},{"@type":"Person","@id":"https:\/\/www.noidiqua.it\/Montale\/#\/schema\/person\/e2e6f44da50af0dae9c90ad168e471a4","name":"Giacomo Bini","image":{"@type":"ImageObject","inLanguage":"it-IT","@id":"https:\/\/www.noidiqua.it\/Montale\/#\/schema\/person\/image\/","url":"https:\/\/secure.gravatar.com\/avatar\/e5c18ae41df5ae37397358f2c6046696187d51a120c5d0b8f0c49f7b606f46f4?s=96&d=mm&r=g","contentUrl":"https:\/\/secure.gravatar.com\/avatar\/e5c18ae41df5ae37397358f2c6046696187d51a120c5d0b8f0c49f7b606f46f4?s=96&d=mm&r=g","caption":"Giacomo Bini"},"url":"https:\/\/www.noidiqua.it\/Montale\/author\/giacomo-bini\/"}]}},"_links":{"self":[{"href":"https:\/\/www.noidiqua.it\/Montale\/wp-json\/wp\/v2\/posts\/5870","targetHints":{"allow":["GET"]}}],"collection":[{"href":"https:\/\/www.noidiqua.it\/Montale\/wp-json\/wp\/v2\/posts"}],"about":[{"href":"https:\/\/www.noidiqua.it\/Montale\/wp-json\/wp\/v2\/types\/post"}],"author":[{"embeddable":true,"href":"https:\/\/www.noidiqua.it\/Montale\/wp-json\/wp\/v2\/users\/12"}],"replies":[{"embeddable":true,"href":"https:\/\/www.noidiqua.it\/Montale\/wp-json\/wp\/v2\/comments?post=5870"}],"version-history":[{"count":1,"href":"https:\/\/www.noidiqua.it\/Montale\/wp-json\/wp\/v2\/posts\/5870\/revisions"}],"predecessor-version":[{"id":5872,"href":"https:\/\/www.noidiqua.it\/Montale\/wp-json\/wp\/v2\/posts\/5870\/revisions\/5872"}],"wp:attachment":[{"href":"https:\/\/www.noidiqua.it\/Montale\/wp-json\/wp\/v2\/media?parent=5870"}],"wp:term":[{"taxonomy":"category","embeddable":true,"href":"https:\/\/www.noidiqua.it\/Montale\/wp-json\/wp\/v2\/categories?post=5870"},{"taxonomy":"post_tag","embeddable":true,"href":"https:\/\/www.noidiqua.it\/Montale\/wp-json\/wp\/v2\/tags?post=5870"}],"curies":[{"name":"wp","href":"https:\/\/api.w.org\/{rel}","templated":true}]}}