{"id":5917,"date":"2020-06-12T09:56:37","date_gmt":"2020-06-12T07:56:37","guid":{"rendered":"https:\/\/www.noidiqua.it\/Montale\/?p=5917"},"modified":"2021-10-13T12:27:44","modified_gmt":"2021-10-13T10:27:44","slug":"i-brevi-di-ndq-2","status":"publish","type":"post","link":"https:\/\/www.noidiqua.it\/Montale\/i-brevi-di-ndq-2\/","title":{"rendered":"I brevi di Noidiqua"},"content":{"rendered":"<p><em>di Giacomo Bini<\/em><\/p>\n\n\n\n<p><em>giugno 2020<\/em><\/p>\n\n\n<p><a href=\"https:\/\/www.noidiqua.it\/Montale\/wp-content\/uploads\/2021\/05\/brevi.png\" rel=\"wp-prettyPhoto[5917]\"><img loading=\"lazy\" decoding=\"async\" class=\"aligncenter size-full wp-image-5683\" src=\"https:\/\/www.noidiqua.it\/Montale\/wp-content\/uploads\/2021\/05\/brevi.png\" alt=\"\" width=\"473\" height=\"291\" srcset=\"https:\/\/www.noidiqua.it\/Montale\/wp-content\/uploads\/2021\/05\/brevi.png 473w, https:\/\/www.noidiqua.it\/Montale\/wp-content\/uploads\/2021\/05\/brevi-300x185.png 300w\" sizes=\"auto, (max-width: 473px) 100vw, 473px\" \/><\/a><\/p>\n\n\n<p><strong>E&#8217; morto all\u2019et\u00e0 di 81 anni, Remo Nardi, l\u2019uomo dei castagneti, l\u2019alpino che ha dedicato la sua vita al bosco e alla montagna.\u00a0 Gli avevamo dedicato un servizio anche su <a href=\"https:\/\/www.noidiqua.it\/Montale\/remo-nardi-un-montalese-di-bosco\/\">Noidiqua nel 2013<\/a>.<\/strong> \u00a0<\/p>\n\n\n\n<p>Il suo mondo era Carpineta, una castagneta sopra il paese di Tobbiana che grazie al suo lavoro e alla sue attenzioni era pulita e bella come un\u00a0 giardino, una realt\u00e0 ormai rara in una montagna per lo pi\u00f9 abbandonata a se stessa.\u00a0 Nella sua\u00a0 Carpineta Remo lavorava da mattina a sera e spesso restava anche a dormire, in una canicciaia da lui risistemata,\u00a0 senza tornare nella sua casa in centro a Montale.\u00a0 Faceva la spola tra Carpineta e i castagneti della Fattoria di Javello. Nel 2009 il Gruppo Alpini di Montale gli ha conferito il Premio Fedelt\u00e0 alla Montagna, una targa che lui ha fissato con orgoglio alla parete della sua canicciaia. Intervistato in occasione della consegna del premio disse di se stesso: <strong><em>\u00abSono nato sotto un castagno e non sono mai stato al bar\u00bb<\/em><\/strong>.\u00a0 Remo era anche un bravissimo muratore che eccelleva tra l\u2019altro anche nell\u2019arte antica di costruire muri a secco. L\u2019ultimo muro in pietra lo aveva costruito nell\u2019estate scorsa e lo scorso dicembre, malgrado la malattia, aveva fatto per l\u2019ultima volta la farina. La notizia della sua scomparsa ha suscitato cordoglio in tutta la comunit\u00e0 montalese che si \u00e8 stretta intorno ai suoi familiari.<\/p>\n\n\n\n<p><\/p>\n\n\n\n<p><\/p>\n\n\n\n<p><strong>Per il prossimo anno le iscrizioni ai servizi scolastici verranno effettuate esclusivamente con modalit\u00e0 on line e riguarderanno&nbsp; tutti i bambini che usufruiranno di seguenti servizi: mensa, trasporto, pre-post scuola, ciaf centro gulliver.<\/strong><\/p>\n\n\n\n<p>L\u2019Amministrazione Comunale ha introdotto una importante novit\u00e0 per le iscrizioni ai servizi scolastici per l\u2019anno 2020\/2021. La procedura di iscrizione preveder\u00e0 la compilazione di una pagina digitale dove sono richiesti i dati e gli allegati necessari. Gli allegati (come attestazione ISEE, carta di identit\u00e0, attestazione L. 104, ecc) dovranno essere caricati in formato pdf direttamente sul modulo online. Grazie all\u2019attestazione ISEE allegata in formato pdf, non sar\u00e0 pi\u00f9 necessario compilare in forma cartacea anche la domanda di agevolazione tariffaria, n\u00e9 per il servizio mensa scolastica, n\u00e9 per il servizio di trasporto scolastico n\u00e9 per i servizi educativi. Sar\u00e0, quindi, la stessa domanda di iscrizione online al servizio a determinare l\u2019agevolazione tariffaria proprio in base all\u2019attestazione ISEE allegata.\u00a0Per accedere alla procedura occorre andare sul sito del comune: <strong>www.comune.montale.pt.it<\/strong>. Chi non dispone di PC o di connessione a internet pu\u00f2 rivolgersi all\u2019ufficio Pubblica Istruzione per effettuare l\u2019iscrizione.<\/p>","protected":false},"excerpt":{"rendered":"<p>di Giacomo Bini giugno 2020 E&#8217; morto all\u2019et\u00e0 di 81 anni, Remo Nardi, l\u2019uomo dei castagneti, l\u2019alpino che ha dedicato la sua vita al bosco e alla montagna.\u00a0 Gli avevamo dedicato un servizio anche su Noidiqua nel 2013. \u00a0 Il suo mondo era Carpineta, una castagneta sopra il paese di Tobbiana che grazie al [&hellip;]<\/p>","protected":false},"author":12,"featured_media":0,"comment_status":"open","ping_status":"open","sticky":false,"template":"","format":"standard","meta":{"footnotes":""},"categories":[29,7],"tags":[1259,89,2606,2605,2607],"class_list":["post-5917","post","type-post","status-publish","format-standard","hentry","category-brevi-ndq-qt","category-mt","tag-bosco","tag-i-brevi-di-noidiqua","tag-iscrizioni","tag-remo-nardi","tag-servizi-scolastici"],"yoast_head":"<!-- This site is optimized with the Yoast SEO plugin v25.5 - https:\/\/yoast.com\/wordpress\/plugins\/seo\/ -->\n<title>I brevi di Noidiqua - Noi di Qua Testata giornalistica e di attualit\u00e0 di Agliana, Montale e Quarrata.<\/title>\n<meta name=\"robots\" content=\"index, follow, max-snippet:-1, max-image-preview:large, max-video-preview:-1\" \/>\n<link rel=\"canonical\" href=\"https:\/\/www.noidiqua.it\/Montale\/i-brevi-di-ndq-2\/\" \/>\n<meta property=\"og:locale\" content=\"it_IT\" \/>\n<meta property=\"og:type\" content=\"article\" \/>\n<meta property=\"og:title\" content=\"I brevi di Noidiqua - Noi di Qua Testata giornalistica e di attualit\u00e0 di Agliana, Montale e Quarrata.\" \/>\n<meta property=\"og:description\" content=\"di Giacomo Bini giugno 2020 E&#8217; morto all\u2019et\u00e0 di 81 anni, Remo Nardi, l\u2019uomo dei castagneti, l\u2019alpino che ha dedicato la sua vita al bosco e alla montagna.\u00a0 Gli avevamo dedicato un servizio anche su Noidiqua nel 2013. \u00a0 Il suo mondo era Carpineta, una castagneta sopra il paese di Tobbiana che grazie al [&hellip;]\" \/>\n<meta property=\"og:url\" content=\"https:\/\/www.noidiqua.it\/Montale\/i-brevi-di-ndq-2\/\" \/>\n<meta property=\"og:site_name\" content=\"Noi di Qua Testata giornalistica e di attualit\u00e0 di Agliana, Montale e Quarrata.\" \/>\n<meta property=\"article:publisher\" content=\"https:\/\/www.facebook.com\/noidiqua.trimestrale\/\" \/>\n<meta property=\"article:published_time\" content=\"2020-06-12T07:56:37+00:00\" \/>\n<meta property=\"article:modified_time\" content=\"2021-10-13T10:27:44+00:00\" \/>\n<meta property=\"og:image\" content=\"https:\/\/www.noidiqua.it\/Montale\/wp-content\/uploads\/2021\/05\/brevi.png\" \/>\n<meta name=\"author\" content=\"Giacomo Bini\" \/>\n<meta name=\"twitter:label1\" content=\"Scritto da\" \/>\n\t<meta name=\"twitter:data1\" content=\"Giacomo Bini\" \/>\n\t<meta name=\"twitter:label2\" content=\"Tempo di lettura stimato\" \/>\n\t<meta name=\"twitter:data2\" content=\"2 minuti\" \/>\n<script type=\"application\/ld+json\" class=\"yoast-schema-graph\">{\"@context\":\"https:\/\/schema.org\",\"@graph\":[{\"@type\":\"WebPage\",\"@id\":\"https:\/\/www.noidiqua.it\/Montale\/i-brevi-di-ndq-2\/\",\"url\":\"https:\/\/www.noidiqua.it\/Montale\/i-brevi-di-ndq-2\/\",\"name\":\"I brevi di Noidiqua - Noi di Qua Testata giornalistica e di attualit\u00e0 di Agliana, Montale e Quarrata.\",\"isPartOf\":{\"@id\":\"https:\/\/www.noidiqua.it\/Montale\/#website\"},\"primaryImageOfPage\":{\"@id\":\"https:\/\/www.noidiqua.it\/Montale\/i-brevi-di-ndq-2\/#primaryimage\"},\"image\":{\"@id\":\"https:\/\/www.noidiqua.it\/Montale\/i-brevi-di-ndq-2\/#primaryimage\"},\"thumbnailUrl\":\"https:\/\/www.noidiqua.it\/Montale\/wp-content\/uploads\/2021\/05\/brevi.png\",\"datePublished\":\"2020-06-12T07:56:37+00:00\",\"dateModified\":\"2021-10-13T10:27:44+00:00\",\"author\":{\"@id\":\"https:\/\/www.noidiqua.it\/Montale\/#\/schema\/person\/e2e6f44da50af0dae9c90ad168e471a4\"},\"breadcrumb\":{\"@id\":\"https:\/\/www.noidiqua.it\/Montale\/i-brevi-di-ndq-2\/#breadcrumb\"},\"inLanguage\":\"it-IT\",\"potentialAction\":[{\"@type\":\"ReadAction\",\"target\":[\"https:\/\/www.noidiqua.it\/Montale\/i-brevi-di-ndq-2\/\"]}]},{\"@type\":\"ImageObject\",\"inLanguage\":\"it-IT\",\"@id\":\"https:\/\/www.noidiqua.it\/Montale\/i-brevi-di-ndq-2\/#primaryimage\",\"url\":\"https:\/\/www.noidiqua.it\/Montale\/wp-content\/uploads\/2021\/05\/brevi.png\",\"contentUrl\":\"https:\/\/www.noidiqua.it\/Montale\/wp-content\/uploads\/2021\/05\/brevi.png\",\"width\":473,\"height\":291},{\"@type\":\"BreadcrumbList\",\"@id\":\"https:\/\/www.noidiqua.it\/Montale\/i-brevi-di-ndq-2\/#breadcrumb\",\"itemListElement\":[{\"@type\":\"ListItem\",\"position\":1,\"name\":\"Home\",\"item\":\"https:\/\/www.noidiqua.it\/Montale\/\"},{\"@type\":\"ListItem\",\"position\":2,\"name\":\"I brevi di Noidiqua\"}]},{\"@type\":\"WebSite\",\"@id\":\"https:\/\/www.noidiqua.it\/Montale\/#website\",\"url\":\"https:\/\/www.noidiqua.it\/Montale\/\",\"name\":\"Noi di Qua Testata giornalistica e di attualit\u00e0 di Agliana, Montale e Quarrata.\",\"description\":\"Testata Giornalistica Quarrata Montale Agliana\",\"potentialAction\":[{\"@type\":\"SearchAction\",\"target\":{\"@type\":\"EntryPoint\",\"urlTemplate\":\"https:\/\/www.noidiqua.it\/Montale\/?s={search_term_string}\"},\"query-input\":{\"@type\":\"PropertyValueSpecification\",\"valueRequired\":true,\"valueName\":\"search_term_string\"}}],\"inLanguage\":\"it-IT\"},{\"@type\":\"Person\",\"@id\":\"https:\/\/www.noidiqua.it\/Montale\/#\/schema\/person\/e2e6f44da50af0dae9c90ad168e471a4\",\"name\":\"Giacomo Bini\",\"image\":{\"@type\":\"ImageObject\",\"inLanguage\":\"it-IT\",\"@id\":\"https:\/\/www.noidiqua.it\/Montale\/#\/schema\/person\/image\/\",\"url\":\"https:\/\/secure.gravatar.com\/avatar\/e5c18ae41df5ae37397358f2c6046696187d51a120c5d0b8f0c49f7b606f46f4?s=96&d=mm&r=g\",\"contentUrl\":\"https:\/\/secure.gravatar.com\/avatar\/e5c18ae41df5ae37397358f2c6046696187d51a120c5d0b8f0c49f7b606f46f4?s=96&d=mm&r=g\",\"caption\":\"Giacomo Bini\"},\"url\":\"https:\/\/www.noidiqua.it\/Montale\/author\/giacomo-bini\/\"}]}<\/script>\n<!-- \/ Yoast SEO plugin. -->","yoast_head_json":{"title":"I brevi di Noidiqua - Noi di Qua Testata giornalistica e di attualit\u00e0 di Agliana, Montale e Quarrata.","robots":{"index":"index","follow":"follow","max-snippet":"max-snippet:-1","max-image-preview":"max-image-preview:large","max-video-preview":"max-video-preview:-1"},"canonical":"https:\/\/www.noidiqua.it\/Montale\/i-brevi-di-ndq-2\/","og_locale":"it_IT","og_type":"article","og_title":"I brevi di Noidiqua - Noi di Qua Testata giornalistica e di attualit\u00e0 di Agliana, Montale e Quarrata.","og_description":"di Giacomo Bini giugno 2020 E&#8217; morto all\u2019et\u00e0 di 81 anni, Remo Nardi, l\u2019uomo dei castagneti, l\u2019alpino che ha dedicato la sua vita al bosco e alla montagna.\u00a0 Gli avevamo dedicato un servizio anche su Noidiqua nel 2013. \u00a0 Il suo mondo era Carpineta, una castagneta sopra il paese di Tobbiana che grazie al [&hellip;]","og_url":"https:\/\/www.noidiqua.it\/Montale\/i-brevi-di-ndq-2\/","og_site_name":"Noi di Qua Testata giornalistica e di attualit\u00e0 di Agliana, Montale e Quarrata.","article_publisher":"https:\/\/www.facebook.com\/noidiqua.trimestrale\/","article_published_time":"2020-06-12T07:56:37+00:00","article_modified_time":"2021-10-13T10:27:44+00:00","og_image":[{"url":"https:\/\/www.noidiqua.it\/Montale\/wp-content\/uploads\/2021\/05\/brevi.png","type":"","width":"","height":""}],"author":"Giacomo Bini","twitter_misc":{"Scritto da":"Giacomo Bini","Tempo di lettura stimato":"2 minuti"},"schema":{"@context":"https:\/\/schema.org","@graph":[{"@type":"WebPage","@id":"https:\/\/www.noidiqua.it\/Montale\/i-brevi-di-ndq-2\/","url":"https:\/\/www.noidiqua.it\/Montale\/i-brevi-di-ndq-2\/","name":"I brevi di Noidiqua - Noi di Qua Testata giornalistica e di attualit\u00e0 di Agliana, Montale e Quarrata.","isPartOf":{"@id":"https:\/\/www.noidiqua.it\/Montale\/#website"},"primaryImageOfPage":{"@id":"https:\/\/www.noidiqua.it\/Montale\/i-brevi-di-ndq-2\/#primaryimage"},"image":{"@id":"https:\/\/www.noidiqua.it\/Montale\/i-brevi-di-ndq-2\/#primaryimage"},"thumbnailUrl":"https:\/\/www.noidiqua.it\/Montale\/wp-content\/uploads\/2021\/05\/brevi.png","datePublished":"2020-06-12T07:56:37+00:00","dateModified":"2021-10-13T10:27:44+00:00","author":{"@id":"https:\/\/www.noidiqua.it\/Montale\/#\/schema\/person\/e2e6f44da50af0dae9c90ad168e471a4"},"breadcrumb":{"@id":"https:\/\/www.noidiqua.it\/Montale\/i-brevi-di-ndq-2\/#breadcrumb"},"inLanguage":"it-IT","potentialAction":[{"@type":"ReadAction","target":["https:\/\/www.noidiqua.it\/Montale\/i-brevi-di-ndq-2\/"]}]},{"@type":"ImageObject","inLanguage":"it-IT","@id":"https:\/\/www.noidiqua.it\/Montale\/i-brevi-di-ndq-2\/#primaryimage","url":"https:\/\/www.noidiqua.it\/Montale\/wp-content\/uploads\/2021\/05\/brevi.png","contentUrl":"https:\/\/www.noidiqua.it\/Montale\/wp-content\/uploads\/2021\/05\/brevi.png","width":473,"height":291},{"@type":"BreadcrumbList","@id":"https:\/\/www.noidiqua.it\/Montale\/i-brevi-di-ndq-2\/#breadcrumb","itemListElement":[{"@type":"ListItem","position":1,"name":"Home","item":"https:\/\/www.noidiqua.it\/Montale\/"},{"@type":"ListItem","position":2,"name":"I brevi di Noidiqua"}]},{"@type":"WebSite","@id":"https:\/\/www.noidiqua.it\/Montale\/#website","url":"https:\/\/www.noidiqua.it\/Montale\/","name":"Noi di Qua Testata giornalistica e di attualit\u00e0 di Agliana, Montale e Quarrata.","description":"Testata Giornalistica Quarrata Montale Agliana","potentialAction":[{"@type":"SearchAction","target":{"@type":"EntryPoint","urlTemplate":"https:\/\/www.noidiqua.it\/Montale\/?s={search_term_string}"},"query-input":{"@type":"PropertyValueSpecification","valueRequired":true,"valueName":"search_term_string"}}],"inLanguage":"it-IT"},{"@type":"Person","@id":"https:\/\/www.noidiqua.it\/Montale\/#\/schema\/person\/e2e6f44da50af0dae9c90ad168e471a4","name":"Giacomo Bini","image":{"@type":"ImageObject","inLanguage":"it-IT","@id":"https:\/\/www.noidiqua.it\/Montale\/#\/schema\/person\/image\/","url":"https:\/\/secure.gravatar.com\/avatar\/e5c18ae41df5ae37397358f2c6046696187d51a120c5d0b8f0c49f7b606f46f4?s=96&d=mm&r=g","contentUrl":"https:\/\/secure.gravatar.com\/avatar\/e5c18ae41df5ae37397358f2c6046696187d51a120c5d0b8f0c49f7b606f46f4?s=96&d=mm&r=g","caption":"Giacomo Bini"},"url":"https:\/\/www.noidiqua.it\/Montale\/author\/giacomo-bini\/"}]}},"_links":{"self":[{"href":"https:\/\/www.noidiqua.it\/Montale\/wp-json\/wp\/v2\/posts\/5917","targetHints":{"allow":["GET"]}}],"collection":[{"href":"https:\/\/www.noidiqua.it\/Montale\/wp-json\/wp\/v2\/posts"}],"about":[{"href":"https:\/\/www.noidiqua.it\/Montale\/wp-json\/wp\/v2\/types\/post"}],"author":[{"embeddable":true,"href":"https:\/\/www.noidiqua.it\/Montale\/wp-json\/wp\/v2\/users\/12"}],"replies":[{"embeddable":true,"href":"https:\/\/www.noidiqua.it\/Montale\/wp-json\/wp\/v2\/comments?post=5917"}],"version-history":[{"count":3,"href":"https:\/\/www.noidiqua.it\/Montale\/wp-json\/wp\/v2\/posts\/5917\/revisions"}],"predecessor-version":[{"id":5985,"href":"https:\/\/www.noidiqua.it\/Montale\/wp-json\/wp\/v2\/posts\/5917\/revisions\/5985"}],"wp:attachment":[{"href":"https:\/\/www.noidiqua.it\/Montale\/wp-json\/wp\/v2\/media?parent=5917"}],"wp:term":[{"taxonomy":"category","embeddable":true,"href":"https:\/\/www.noidiqua.it\/Montale\/wp-json\/wp\/v2\/categories?post=5917"},{"taxonomy":"post_tag","embeddable":true,"href":"https:\/\/www.noidiqua.it\/Montale\/wp-json\/wp\/v2\/tags?post=5917"}],"curies":[{"name":"wp","href":"https:\/\/api.w.org\/{rel}","templated":true}]}}