{"id":5920,"date":"2020-06-12T10:03:01","date_gmt":"2020-06-12T08:03:01","guid":{"rendered":"https:\/\/www.noidiqua.it\/Montale\/?p=5920"},"modified":"2021-09-03T10:03:16","modified_gmt":"2021-09-03T08:03:16","slug":"covid-19-a-che-punto-siamo","status":"publish","type":"post","link":"https:\/\/www.noidiqua.it\/Montale\/covid-19-a-che-punto-siamo\/","title":{"rendered":"Covid 19: a che punto siamo?"},"content":{"rendered":"<p><em>di Paola Maria Mandelli<\/em><\/p>\n\n\n\n<p>giugno\u00a0<em>2020<\/em><\/p>\n\n\n<p><a href=\"https:\/\/www.noidiqua.it\/Montale\/wp-content\/uploads\/2021\/09\/Coronavirus.png\" rel=\"wp-prettyPhoto[5920]\"><img loading=\"lazy\" decoding=\"async\" class=\"aligncenter size-full wp-image-5921\" src=\"https:\/\/www.noidiqua.it\/Montale\/wp-content\/uploads\/2021\/09\/Coronavirus.png\" alt=\"\" width=\"450\" height=\"225\" srcset=\"https:\/\/www.noidiqua.it\/Montale\/wp-content\/uploads\/2021\/09\/Coronavirus.png 450w, https:\/\/www.noidiqua.it\/Montale\/wp-content\/uploads\/2021\/09\/Coronavirus-300x150.png 300w\" sizes=\"auto, (max-width: 450px) 100vw, 450px\" \/><\/a><\/p>\n\n\n<p>La sovrabbondanza di notizie ha generato un grande allarme per la pandemia di Covid, ed ora nella fase due sta creando confusione, incertezze ed ansia.<strong> Bisogna premettere che allo stato attuale delle conoscenze scientifiche, non esistono elementi sufficienti a suffragare ipotesi sul futuro andamento dell\u2019epidemia<\/strong>. Pretendendo poi di dare risposte convincenti alle domande che circolano in questo momento: sparir\u00e0 con il caldo? Torner\u00e0 questo autunno? E cos\u00ec via. Bisogna solo onestamente dire che non lo sappiamo e che si deve quindi procedere con grande prudenza.<\/p>\n\n\n\n<p>Molti scienziati si sono rincorsi da un\u2019intervista all\u2019altra, esponendo ciascuno la propria opinione, divergente da quella di altri colleghi. Tutti hanno voluto esprimere un parere su questioni di cui non erano competenti per propria specifica specialit\u00e0 e perch\u00e9, come ho detto, sul Covid 19 non sappiamo quasi niente. Abbiamo isolato s\u00ec il virus, che ci porter\u00e0 prima o poi al vaccino, stiamo scoprendo lentamente come agisce e quale \u00e8 la sequela degli eventi che portano alla malattia e al suo aggravamento, e questo ci sta portando a delle cure che hanno molto migliorato la prognosi dei pazienti, ma cosa succeder\u00e0 ora e anche dopo, in autunno, se anche sono verosimili altre ondate di pandemia, non lo sappiamo. <strong>Ciascuno ha tratto dalla mole di informazioni diffuse quello che voleva trarre:<\/strong> gli ottimisti avranno creduto alle ipotesi pi\u00f9 confortanti, i pessimisti si saranno lasciati abbattere ancora di pi\u00f9 dalle notizie e dalle varie funeste ipotesi. Come al solito la via giusta sta nel mezzo. <strong>Allo stato attuale sappiamo che l\u2019epidemia sta esaurendosi, la carica virale \u00e8 diminuita molto e cos\u00ec anche la malattia \u00e8 molto meno aggressiva <\/strong>(praticamente nessuno \u00e8 dovuto andare in intensiva ma neanche in subintensiva) e non sembra ci siano nuovi focolai (<em>mentre scriviamo, sono quindici giorni dall\u2019inizio fase II e siamo ragionevolmente sicuri<\/em>). Ferme restando le precauzioni fondamentali: lavarsi accuratamente, disinfettarsi regolarmente, disinfettare gli oggetti di uso comune come cellulari, pc , chiavi, usare la mascherina se a contatto con altre persone, nei luoghi affollati, oppure luoghi ristretti, restare a casa e interpellare il proprio medico se compaiono sintomi come raffreddore con febbre o tosse prima di riavvicinare altre persone, parenti o \u201ccongiunti\u201d che dir si voglia. Evitare anche di andare a far visita o frequentare persone sintomatiche prima che abbiano chiarito esattamente la loro patologia.<\/p>\n\n\n\n<p><strong>Per fortuna \u00e8 iniziata l\u2019estate e quindi via all\u2019aria aperta, al sole senza troppe ansie e paure. Purtroppo le disposizioni governative per il mare e i locali pubblici evocano scenari apocalittici ma dobbiamo sempre ricordare che<\/strong>: 1) il virus \u00e8 impensabile si annidi nella sabbia. 2) La quantit\u00e0 di virus ritrovata nell\u2019acqua non \u00e8 tale da essere infettante. 3) Il calore, i raggi ultravioletti disattivano il virus.<\/p>\n\n\n\n<p><strong>Quindi prudenza, ma cercate di godervi le vacanze serenamente!<\/strong><\/p>","protected":false},"excerpt":{"rendered":"<p>di Paola Maria Mandelli giugno\u00a02020 La sovrabbondanza di notizie ha generato un grande allarme per la pandemia di Covid, ed ora nella fase due sta creando confusione, incertezze ed ansia. Bisogna premettere che allo stato attuale delle conoscenze scientifiche, non esistono elementi sufficienti a suffragare ipotesi sul futuro andamento dell\u2019epidemia. Pretendendo poi di dare [&hellip;]<\/p>","protected":false},"author":101014,"featured_media":0,"comment_status":"open","ping_status":"open","sticky":false,"template":"","format":"standard","meta":{"footnotes":""},"categories":[7,20],"tags":[2610,2608,2289,2609,2318,2611,158],"class_list":["post-5920","post","type-post","status-publish","format-standard","hentry","category-mt","category-una-mela-al-giorno-qt","tag-aggravamento","tag-conoscenze-scientifiche","tag-covid","tag-estate","tag-paola-mandelli","tag-subintensiva","tag-una-mela-al-giorno"],"yoast_head":"<!-- This site is optimized with the Yoast SEO plugin v25.5 - https:\/\/yoast.com\/wordpress\/plugins\/seo\/ -->\n<title>Covid 19: a che punto siamo? - Noi di Qua Testata giornalistica e di attualit\u00e0 di Agliana, Montale e Quarrata.<\/title>\n<meta name=\"robots\" content=\"index, follow, max-snippet:-1, max-image-preview:large, max-video-preview:-1\" \/>\n<link rel=\"canonical\" href=\"https:\/\/www.noidiqua.it\/Montale\/covid-19-a-che-punto-siamo\/\" \/>\n<meta property=\"og:locale\" content=\"it_IT\" \/>\n<meta property=\"og:type\" content=\"article\" \/>\n<meta property=\"og:title\" content=\"Covid 19: a che punto siamo? - Noi di Qua Testata giornalistica e di attualit\u00e0 di Agliana, Montale e Quarrata.\" \/>\n<meta property=\"og:description\" content=\"di Paola Maria Mandelli giugno\u00a02020 La sovrabbondanza di notizie ha generato un grande allarme per la pandemia di Covid, ed ora nella fase due sta creando confusione, incertezze ed ansia. Bisogna premettere che allo stato attuale delle conoscenze scientifiche, non esistono elementi sufficienti a suffragare ipotesi sul futuro andamento dell\u2019epidemia. Pretendendo poi di dare [&hellip;]\" \/>\n<meta property=\"og:url\" content=\"https:\/\/www.noidiqua.it\/Montale\/covid-19-a-che-punto-siamo\/\" \/>\n<meta property=\"og:site_name\" content=\"Noi di Qua Testata giornalistica e di attualit\u00e0 di Agliana, Montale e Quarrata.\" \/>\n<meta property=\"article:publisher\" content=\"https:\/\/www.facebook.com\/noidiqua.trimestrale\/\" \/>\n<meta property=\"article:published_time\" content=\"2020-06-12T08:03:01+00:00\" \/>\n<meta property=\"article:modified_time\" content=\"2021-09-03T08:03:16+00:00\" \/>\n<meta property=\"og:image\" content=\"https:\/\/www.noidiqua.it\/Montale\/wp-content\/uploads\/2021\/09\/Coronavirus.png\" \/>\n<meta name=\"author\" content=\"Paola Maria Mandelli\" \/>\n<meta name=\"twitter:label1\" content=\"Scritto da\" \/>\n\t<meta name=\"twitter:data1\" content=\"Paola Maria Mandelli\" \/>\n\t<meta name=\"twitter:label2\" content=\"Tempo di lettura stimato\" \/>\n\t<meta name=\"twitter:data2\" content=\"2 minuti\" \/>\n<script type=\"application\/ld+json\" class=\"yoast-schema-graph\">{\"@context\":\"https:\/\/schema.org\",\"@graph\":[{\"@type\":\"WebPage\",\"@id\":\"https:\/\/www.noidiqua.it\/Montale\/covid-19-a-che-punto-siamo\/\",\"url\":\"https:\/\/www.noidiqua.it\/Montale\/covid-19-a-che-punto-siamo\/\",\"name\":\"Covid 19: a che punto siamo? - Noi di Qua Testata giornalistica e di attualit\u00e0 di Agliana, Montale e Quarrata.\",\"isPartOf\":{\"@id\":\"https:\/\/www.noidiqua.it\/Montale\/#website\"},\"primaryImageOfPage\":{\"@id\":\"https:\/\/www.noidiqua.it\/Montale\/covid-19-a-che-punto-siamo\/#primaryimage\"},\"image\":{\"@id\":\"https:\/\/www.noidiqua.it\/Montale\/covid-19-a-che-punto-siamo\/#primaryimage\"},\"thumbnailUrl\":\"https:\/\/www.noidiqua.it\/Montale\/wp-content\/uploads\/2021\/09\/Coronavirus.png\",\"datePublished\":\"2020-06-12T08:03:01+00:00\",\"dateModified\":\"2021-09-03T08:03:16+00:00\",\"author\":{\"@id\":\"https:\/\/www.noidiqua.it\/Montale\/#\/schema\/person\/648f75ce7c013c638265e4752ded135c\"},\"breadcrumb\":{\"@id\":\"https:\/\/www.noidiqua.it\/Montale\/covid-19-a-che-punto-siamo\/#breadcrumb\"},\"inLanguage\":\"it-IT\",\"potentialAction\":[{\"@type\":\"ReadAction\",\"target\":[\"https:\/\/www.noidiqua.it\/Montale\/covid-19-a-che-punto-siamo\/\"]}]},{\"@type\":\"ImageObject\",\"inLanguage\":\"it-IT\",\"@id\":\"https:\/\/www.noidiqua.it\/Montale\/covid-19-a-che-punto-siamo\/#primaryimage\",\"url\":\"https:\/\/www.noidiqua.it\/Montale\/wp-content\/uploads\/2021\/09\/Coronavirus.png\",\"contentUrl\":\"https:\/\/www.noidiqua.it\/Montale\/wp-content\/uploads\/2021\/09\/Coronavirus.png\",\"width\":450,\"height\":225},{\"@type\":\"BreadcrumbList\",\"@id\":\"https:\/\/www.noidiqua.it\/Montale\/covid-19-a-che-punto-siamo\/#breadcrumb\",\"itemListElement\":[{\"@type\":\"ListItem\",\"position\":1,\"name\":\"Home\",\"item\":\"https:\/\/www.noidiqua.it\/Montale\/\"},{\"@type\":\"ListItem\",\"position\":2,\"name\":\"Covid 19: a che punto siamo?\"}]},{\"@type\":\"WebSite\",\"@id\":\"https:\/\/www.noidiqua.it\/Montale\/#website\",\"url\":\"https:\/\/www.noidiqua.it\/Montale\/\",\"name\":\"Noi di Qua Testata giornalistica e di attualit\u00e0 di Agliana, Montale e Quarrata.\",\"description\":\"Testata Giornalistica Quarrata Montale Agliana\",\"potentialAction\":[{\"@type\":\"SearchAction\",\"target\":{\"@type\":\"EntryPoint\",\"urlTemplate\":\"https:\/\/www.noidiqua.it\/Montale\/?s={search_term_string}\"},\"query-input\":{\"@type\":\"PropertyValueSpecification\",\"valueRequired\":true,\"valueName\":\"search_term_string\"}}],\"inLanguage\":\"it-IT\"},{\"@type\":\"Person\",\"@id\":\"https:\/\/www.noidiqua.it\/Montale\/#\/schema\/person\/648f75ce7c013c638265e4752ded135c\",\"name\":\"Paola Maria Mandelli\",\"image\":{\"@type\":\"ImageObject\",\"inLanguage\":\"it-IT\",\"@id\":\"https:\/\/www.noidiqua.it\/Montale\/#\/schema\/person\/image\/\",\"url\":\"https:\/\/secure.gravatar.com\/avatar\/36a1604078ac68a02457b1c1830174c74a01009237fc4b38945230bcad46ebfa?s=96&d=mm&r=g\",\"contentUrl\":\"https:\/\/secure.gravatar.com\/avatar\/36a1604078ac68a02457b1c1830174c74a01009237fc4b38945230bcad46ebfa?s=96&d=mm&r=g\",\"caption\":\"Paola Maria Mandelli\"},\"url\":\"https:\/\/www.noidiqua.it\/Montale\/author\/paola-maria-mandelli\/\"}]}<\/script>\n<!-- \/ Yoast SEO plugin. -->","yoast_head_json":{"title":"Covid 19: a che punto siamo? - Noi di Qua Testata giornalistica e di attualit\u00e0 di Agliana, Montale e Quarrata.","robots":{"index":"index","follow":"follow","max-snippet":"max-snippet:-1","max-image-preview":"max-image-preview:large","max-video-preview":"max-video-preview:-1"},"canonical":"https:\/\/www.noidiqua.it\/Montale\/covid-19-a-che-punto-siamo\/","og_locale":"it_IT","og_type":"article","og_title":"Covid 19: a che punto siamo? - Noi di Qua Testata giornalistica e di attualit\u00e0 di Agliana, Montale e Quarrata.","og_description":"di Paola Maria Mandelli giugno\u00a02020 La sovrabbondanza di notizie ha generato un grande allarme per la pandemia di Covid, ed ora nella fase due sta creando confusione, incertezze ed ansia. Bisogna premettere che allo stato attuale delle conoscenze scientifiche, non esistono elementi sufficienti a suffragare ipotesi sul futuro andamento dell\u2019epidemia. Pretendendo poi di dare [&hellip;]","og_url":"https:\/\/www.noidiqua.it\/Montale\/covid-19-a-che-punto-siamo\/","og_site_name":"Noi di Qua Testata giornalistica e di attualit\u00e0 di Agliana, Montale e Quarrata.","article_publisher":"https:\/\/www.facebook.com\/noidiqua.trimestrale\/","article_published_time":"2020-06-12T08:03:01+00:00","article_modified_time":"2021-09-03T08:03:16+00:00","og_image":[{"url":"https:\/\/www.noidiqua.it\/Montale\/wp-content\/uploads\/2021\/09\/Coronavirus.png","type":"","width":"","height":""}],"author":"Paola Maria Mandelli","twitter_misc":{"Scritto da":"Paola Maria Mandelli","Tempo di lettura stimato":"2 minuti"},"schema":{"@context":"https:\/\/schema.org","@graph":[{"@type":"WebPage","@id":"https:\/\/www.noidiqua.it\/Montale\/covid-19-a-che-punto-siamo\/","url":"https:\/\/www.noidiqua.it\/Montale\/covid-19-a-che-punto-siamo\/","name":"Covid 19: a che punto siamo? - Noi di Qua Testata giornalistica e di attualit\u00e0 di Agliana, Montale e Quarrata.","isPartOf":{"@id":"https:\/\/www.noidiqua.it\/Montale\/#website"},"primaryImageOfPage":{"@id":"https:\/\/www.noidiqua.it\/Montale\/covid-19-a-che-punto-siamo\/#primaryimage"},"image":{"@id":"https:\/\/www.noidiqua.it\/Montale\/covid-19-a-che-punto-siamo\/#primaryimage"},"thumbnailUrl":"https:\/\/www.noidiqua.it\/Montale\/wp-content\/uploads\/2021\/09\/Coronavirus.png","datePublished":"2020-06-12T08:03:01+00:00","dateModified":"2021-09-03T08:03:16+00:00","author":{"@id":"https:\/\/www.noidiqua.it\/Montale\/#\/schema\/person\/648f75ce7c013c638265e4752ded135c"},"breadcrumb":{"@id":"https:\/\/www.noidiqua.it\/Montale\/covid-19-a-che-punto-siamo\/#breadcrumb"},"inLanguage":"it-IT","potentialAction":[{"@type":"ReadAction","target":["https:\/\/www.noidiqua.it\/Montale\/covid-19-a-che-punto-siamo\/"]}]},{"@type":"ImageObject","inLanguage":"it-IT","@id":"https:\/\/www.noidiqua.it\/Montale\/covid-19-a-che-punto-siamo\/#primaryimage","url":"https:\/\/www.noidiqua.it\/Montale\/wp-content\/uploads\/2021\/09\/Coronavirus.png","contentUrl":"https:\/\/www.noidiqua.it\/Montale\/wp-content\/uploads\/2021\/09\/Coronavirus.png","width":450,"height":225},{"@type":"BreadcrumbList","@id":"https:\/\/www.noidiqua.it\/Montale\/covid-19-a-che-punto-siamo\/#breadcrumb","itemListElement":[{"@type":"ListItem","position":1,"name":"Home","item":"https:\/\/www.noidiqua.it\/Montale\/"},{"@type":"ListItem","position":2,"name":"Covid 19: a che punto siamo?"}]},{"@type":"WebSite","@id":"https:\/\/www.noidiqua.it\/Montale\/#website","url":"https:\/\/www.noidiqua.it\/Montale\/","name":"Noi di Qua Testata giornalistica e di attualit\u00e0 di Agliana, Montale e Quarrata.","description":"Testata Giornalistica Quarrata Montale Agliana","potentialAction":[{"@type":"SearchAction","target":{"@type":"EntryPoint","urlTemplate":"https:\/\/www.noidiqua.it\/Montale\/?s={search_term_string}"},"query-input":{"@type":"PropertyValueSpecification","valueRequired":true,"valueName":"search_term_string"}}],"inLanguage":"it-IT"},{"@type":"Person","@id":"https:\/\/www.noidiqua.it\/Montale\/#\/schema\/person\/648f75ce7c013c638265e4752ded135c","name":"Paola Maria Mandelli","image":{"@type":"ImageObject","inLanguage":"it-IT","@id":"https:\/\/www.noidiqua.it\/Montale\/#\/schema\/person\/image\/","url":"https:\/\/secure.gravatar.com\/avatar\/36a1604078ac68a02457b1c1830174c74a01009237fc4b38945230bcad46ebfa?s=96&d=mm&r=g","contentUrl":"https:\/\/secure.gravatar.com\/avatar\/36a1604078ac68a02457b1c1830174c74a01009237fc4b38945230bcad46ebfa?s=96&d=mm&r=g","caption":"Paola Maria Mandelli"},"url":"https:\/\/www.noidiqua.it\/Montale\/author\/paola-maria-mandelli\/"}]}},"_links":{"self":[{"href":"https:\/\/www.noidiqua.it\/Montale\/wp-json\/wp\/v2\/posts\/5920","targetHints":{"allow":["GET"]}}],"collection":[{"href":"https:\/\/www.noidiqua.it\/Montale\/wp-json\/wp\/v2\/posts"}],"about":[{"href":"https:\/\/www.noidiqua.it\/Montale\/wp-json\/wp\/v2\/types\/post"}],"author":[{"embeddable":true,"href":"https:\/\/www.noidiqua.it\/Montale\/wp-json\/wp\/v2\/users\/101014"}],"replies":[{"embeddable":true,"href":"https:\/\/www.noidiqua.it\/Montale\/wp-json\/wp\/v2\/comments?post=5920"}],"version-history":[{"count":1,"href":"https:\/\/www.noidiqua.it\/Montale\/wp-json\/wp\/v2\/posts\/5920\/revisions"}],"predecessor-version":[{"id":5922,"href":"https:\/\/www.noidiqua.it\/Montale\/wp-json\/wp\/v2\/posts\/5920\/revisions\/5922"}],"wp:attachment":[{"href":"https:\/\/www.noidiqua.it\/Montale\/wp-json\/wp\/v2\/media?parent=5920"}],"wp:term":[{"taxonomy":"category","embeddable":true,"href":"https:\/\/www.noidiqua.it\/Montale\/wp-json\/wp\/v2\/categories?post=5920"},{"taxonomy":"post_tag","embeddable":true,"href":"https:\/\/www.noidiqua.it\/Montale\/wp-json\/wp\/v2\/tags?post=5920"}],"curies":[{"name":"wp","href":"https:\/\/api.w.org\/{rel}","templated":true}]}}