{"id":5941,"date":"2021-09-05T09:56:48","date_gmt":"2021-09-05T07:56:48","guid":{"rendered":"https:\/\/www.noidiqua.it\/Montale\/?p=5941"},"modified":"2021-12-10T10:04:52","modified_gmt":"2021-12-10T09:04:52","slug":"il-gruppo-fotografico-dellauser-montale","status":"publish","type":"post","link":"https:\/\/www.noidiqua.it\/Montale\/il-gruppo-fotografico-dellauser-montale\/","title":{"rendered":"Il Gruppo fotografico dell&#8217;Auser Montale"},"content":{"rendered":"<p><em>di Marco Bagnoli<\/em><\/p>\n<p><em>settembre 2021<\/em><\/p>\n<p><a href=\"https:\/\/www.noidiqua.it\/Montale\/wp-content\/uploads\/2021\/10\/gruppo-1.png\" rel=\"wp-prettyPhoto[5941]\"><img loading=\"lazy\" decoding=\"async\" class=\"aligncenter size-full wp-image-5942\" src=\"https:\/\/www.noidiqua.it\/Montale\/wp-content\/uploads\/2021\/10\/gruppo-1.png\" alt=\"\" width=\"499\" height=\"281\" srcset=\"https:\/\/www.noidiqua.it\/Montale\/wp-content\/uploads\/2021\/10\/gruppo-1.png 499w, https:\/\/www.noidiqua.it\/Montale\/wp-content\/uploads\/2021\/10\/gruppo-1-300x169.png 300w\" sizes=\"auto, (max-width: 499px) 100vw, 499px\" \/><\/a><\/p>\n<p class=\"p1\"><span class=\"s1\">Si sa, l\u2019invenzione della <strong>fotografia<\/strong> sembra recente, eppure inizi\u00f2 a metterci le mani nientemeno che Leonardo con la sua camera ottica. E anche quel rispettoso signore di Vinci si stupirebbe di quanto la fotografia ci ha cambiato la vita, o almeno di quanto si \u00e8 addentrata in profondit\u00e0 nella nostra esistenza di tutti i giorni. A farsi ideale tramite del genio di Vinci ci sono oggi gli uomini dell\u2019<strong>Auser Montale<\/strong>, in perenne ricerca della lampadina giusta da accendere con le loro iniziative incandescenti. <\/span><\/p>\n<p class=\"p1\"><span class=\"s1\">Nascer\u00e0 infatti, primo a Montale, un gruppo che condivider\u00e0 le gioie e le aspirazioni della fotografia \u2013 se nel frattempo non \u00e8 gi\u00e0 nato. \u00c8 infatti del 2020 il primo premio fotografico \u201c<strong>Grigioperla<\/strong>\u201d indetto nel Comune di Montale, celebrato lo scorso ottobre giusto poco prima che richiudessero tutto un\u2019altra volta, causa Covid. Il tema quella volta era \u201cIo ho un sogno\u201d. E chi non ce l\u2019ha\u2026 Quest\u2019anno si replica, e per la prima volta il 22\u00b0 premio di poesia \u201cGrigioperla\u201d, ormai un\u2019istituzione, e il 2\u00b0 premio fotografico condivideranno il medesimo tema, un tema che parte da lontano e introduce a nuovi sconfinati orizzonti: \u201cFiume\u201d. E niente vieta che ci si possa iscrivere a entrambi! La premiazione del concorso, patrocinato come sempre dal Comune di Montale, in collaborazione col <strong>Centro Sperimentale di Fotografia<\/strong> di Prato, inizier\u00e0 sabato 16 ottobre, con l\u2019esposizione delle foto ammesse alla competizione, che faranno bella mostra di s\u00e9 negli ambienti della Smilea fino alla successiva domenica 24, quando sar\u00e0 il momento di premiare i poeti. Non possiamo a questo punto dimenticarci della Fondazione Chianti Banca, sempre attenta a quello che si muove sul territorio.<\/span><\/p>\n<p><a href=\"https:\/\/www.noidiqua.it\/Montale\/wp-content\/uploads\/2021\/10\/gruppo-2.png\" rel=\"wp-prettyPhoto[5941]\"><img loading=\"lazy\" decoding=\"async\" class=\"aligncenter size-full wp-image-5943\" src=\"https:\/\/www.noidiqua.it\/Montale\/wp-content\/uploads\/2021\/10\/gruppo-2.png\" alt=\"\" width=\"263\" height=\"394\" srcset=\"https:\/\/www.noidiqua.it\/Montale\/wp-content\/uploads\/2021\/10\/gruppo-2.png 263w, https:\/\/www.noidiqua.it\/Montale\/wp-content\/uploads\/2021\/10\/gruppo-2-200x300.png 200w\" sizes=\"auto, (max-width: 263px) 100vw, 263px\" \/><\/a><\/p>\n<p class=\"p1\"><span class=\"s1\">Ma questi fotografi chi sono? Il concorso non preclude l\u2019accesso ai professionisti, ma per la stragrande maggioranza si tratta di amatori, di appassionati veri di obiettivi e inquadrature \u2013 di tutte le et\u00e0, da tutta Italia. I tre sul podio si spartiranno il simbolico bottino di 450 euro come dei bravi fratelli. Si parlava per\u00f2 di un gruppo fotografico qui a Montale, dove una cosa del genere non c\u2019\u00e8 ancora, e si parlava poi dell\u2019Auser \u2013 quella s\u00ec che si d\u00e0 da fare in paese, e non solo (basti pensare, una su tutti, che il servizio offerto per aiutare chi si fosse trovato in difficolt\u00e0 con la prenotazione del vaccino \u00e8 giunto, di bocca in bocca, fino ai lidi di Santa Croce sull\u2019Arno\u2026).<\/span><\/p>\n<p class=\"p1\"><span class=\"s1\">A promuovere la nascita di un gruppo di fotoamatori qui a Montale, e a rappresentare intanto i primi elementi di questo gruppo, ci sono <strong>Pietro Giannitti<\/strong>, <strong>Riccardo Logli<\/strong> e <strong>Amedeo Pippoli<\/strong>, tutti mediamente sotto i sessanta e tutti da sempre impegnati per lavoro in tutt\u2019altre faccende. Ma si sa, la passione spesso conduce a soddisfare le proprie voglie, magari proprio quella di rappresentare la gente e il territorio in questo confuso momento che dura ormai da troppi mesi. L\u2019obiettivo, \u00e8 proprio il caso di dire, \u00e8 quello di creare un gruppo che riunisca non solo chi <strong>fotoamatore<\/strong> lo \u00e8 gi\u00e0, ma anche coloro che lo potrebbero diventare: ricorrendo quindi a veri e propri corsi di insegnamento, ma anche a semplici condivisioni della bellezza dell\u2019essere fotografo, aperte come sempre a tutti colori che di colpo si scoprono curiosi di novit\u00e0. <\/span><\/p>\n<p class=\"p1\"><span class=\"s1\">E l\u2019Auser? L\u2019Auser Montale ne fa gi\u00e0 tante di suo, in questo caso si affiancherebbe al gruppo fornendo un po\u2019 della necessaria logistica di base, come uno spazio nel quale ritrovarsi \u2013 e poi, come al solito, cercando di favorire al meglio l\u2019interconnessione tra i gruppi che gi\u00e0 esistono, come quello della corale, ma anche quello che organizza le camminate nel territorio sconosciuto della porta accanto. Insomma, come al solito l\u2019importante \u00e8 stare insieme, o perlomeno in contatto stretto, oggi che non lo si pu\u00f2 pi\u00f9 fare \u2013 ma, per quanti siamo in questo paese, se ci stringiamo ci entriamo tutti. Sorridete\u2026 click!<\/span><\/p>\n<p>&nbsp;<\/p>\n<p class=\"p1\"><i>La foto orizzontale \u00e8 di Riccardo Logli, quella verticale \u00e8 la vincitrice del Primo premio nel 2020.<\/i><\/p>","protected":false},"excerpt":{"rendered":"<p>di Marco Bagnoli settembre 2021 Si sa, l\u2019invenzione della fotografia sembra recente, eppure inizi\u00f2 a metterci le mani nientemeno che Leonardo con la sua camera ottica. E anche quel rispettoso signore di Vinci si stupirebbe di quanto la fotografia ci ha cambiato la vita, o almeno di quanto si \u00e8 addentrata in profondit\u00e0 nella [&hellip;]<\/p>","protected":false},"author":3,"featured_media":0,"comment_status":"open","ping_status":"open","sticky":false,"template":"","format":"standard","meta":{"footnotes":""},"categories":[23,7],"tags":[2632,46,2628,2633,76,2627,2629,2630,2631],"class_list":["post-5941","post","type-post","status-publish","format-standard","hentry","category-arte-artigianato-qt","category-mt","tag-amedeo-pippoli","tag-auser-montale","tag-centro-sperimentale-di-fotografia","tag-fotoamatore","tag-fotografia","tag-grigioperla","tag-gruppo-fotografico","tag-pietro-giannitti","tag-riccardo-logli"],"yoast_head":"<!-- This site is optimized with the Yoast SEO plugin v25.5 - https:\/\/yoast.com\/wordpress\/plugins\/seo\/ -->\n<title>Il Gruppo fotografico dell&#039;Auser Montale - Noi di Qua Testata giornalistica e di attualit\u00e0 di Agliana, Montale e Quarrata.<\/title>\n<meta name=\"robots\" content=\"index, follow, max-snippet:-1, max-image-preview:large, max-video-preview:-1\" \/>\n<link rel=\"canonical\" href=\"https:\/\/www.noidiqua.it\/Montale\/il-gruppo-fotografico-dellauser-montale\/\" \/>\n<meta property=\"og:locale\" content=\"it_IT\" \/>\n<meta property=\"og:type\" content=\"article\" \/>\n<meta property=\"og:title\" content=\"Il Gruppo fotografico dell&#039;Auser Montale - Noi di Qua Testata giornalistica e di attualit\u00e0 di Agliana, Montale e Quarrata.\" \/>\n<meta property=\"og:description\" content=\"di Marco Bagnoli settembre 2021 Si sa, l\u2019invenzione della fotografia sembra recente, eppure inizi\u00f2 a metterci le mani nientemeno che Leonardo con la sua camera ottica. E anche quel rispettoso signore di Vinci si stupirebbe di quanto la fotografia ci ha cambiato la vita, o almeno di quanto si \u00e8 addentrata in profondit\u00e0 nella [&hellip;]\" \/>\n<meta property=\"og:url\" content=\"https:\/\/www.noidiqua.it\/Montale\/il-gruppo-fotografico-dellauser-montale\/\" \/>\n<meta property=\"og:site_name\" content=\"Noi di Qua Testata giornalistica e di attualit\u00e0 di Agliana, Montale e Quarrata.\" \/>\n<meta property=\"article:publisher\" content=\"https:\/\/www.facebook.com\/noidiqua.trimestrale\/\" \/>\n<meta property=\"article:published_time\" content=\"2021-09-05T07:56:48+00:00\" \/>\n<meta property=\"article:modified_time\" content=\"2021-12-10T09:04:52+00:00\" \/>\n<meta property=\"og:image\" content=\"https:\/\/www.noidiqua.it\/Montale\/wp-content\/uploads\/2021\/10\/gruppo-1.png\" \/>\n<meta name=\"author\" content=\"Marco Bagnoli\" \/>\n<meta name=\"twitter:label1\" content=\"Scritto da\" \/>\n\t<meta name=\"twitter:data1\" content=\"Marco Bagnoli\" \/>\n\t<meta name=\"twitter:label2\" content=\"Tempo di lettura stimato\" \/>\n\t<meta name=\"twitter:data2\" content=\"3 minuti\" \/>\n<script type=\"application\/ld+json\" class=\"yoast-schema-graph\">{\"@context\":\"https:\/\/schema.org\",\"@graph\":[{\"@type\":\"WebPage\",\"@id\":\"https:\/\/www.noidiqua.it\/Montale\/il-gruppo-fotografico-dellauser-montale\/\",\"url\":\"https:\/\/www.noidiqua.it\/Montale\/il-gruppo-fotografico-dellauser-montale\/\",\"name\":\"Il Gruppo fotografico dell'Auser Montale - Noi di Qua Testata giornalistica e di attualit\u00e0 di Agliana, Montale e Quarrata.\",\"isPartOf\":{\"@id\":\"https:\/\/www.noidiqua.it\/Montale\/#website\"},\"primaryImageOfPage\":{\"@id\":\"https:\/\/www.noidiqua.it\/Montale\/il-gruppo-fotografico-dellauser-montale\/#primaryimage\"},\"image\":{\"@id\":\"https:\/\/www.noidiqua.it\/Montale\/il-gruppo-fotografico-dellauser-montale\/#primaryimage\"},\"thumbnailUrl\":\"https:\/\/www.noidiqua.it\/Montale\/wp-content\/uploads\/2021\/10\/gruppo-1.png\",\"datePublished\":\"2021-09-05T07:56:48+00:00\",\"dateModified\":\"2021-12-10T09:04:52+00:00\",\"author\":{\"@id\":\"https:\/\/www.noidiqua.it\/Montale\/#\/schema\/person\/4e183cb0c6d7951e716a876aa702e1a2\"},\"breadcrumb\":{\"@id\":\"https:\/\/www.noidiqua.it\/Montale\/il-gruppo-fotografico-dellauser-montale\/#breadcrumb\"},\"inLanguage\":\"it-IT\",\"potentialAction\":[{\"@type\":\"ReadAction\",\"target\":[\"https:\/\/www.noidiqua.it\/Montale\/il-gruppo-fotografico-dellauser-montale\/\"]}]},{\"@type\":\"ImageObject\",\"inLanguage\":\"it-IT\",\"@id\":\"https:\/\/www.noidiqua.it\/Montale\/il-gruppo-fotografico-dellauser-montale\/#primaryimage\",\"url\":\"https:\/\/www.noidiqua.it\/Montale\/wp-content\/uploads\/2021\/10\/gruppo-1.png\",\"contentUrl\":\"https:\/\/www.noidiqua.it\/Montale\/wp-content\/uploads\/2021\/10\/gruppo-1.png\",\"width\":499,\"height\":281},{\"@type\":\"BreadcrumbList\",\"@id\":\"https:\/\/www.noidiqua.it\/Montale\/il-gruppo-fotografico-dellauser-montale\/#breadcrumb\",\"itemListElement\":[{\"@type\":\"ListItem\",\"position\":1,\"name\":\"Home\",\"item\":\"https:\/\/www.noidiqua.it\/Montale\/\"},{\"@type\":\"ListItem\",\"position\":2,\"name\":\"Il Gruppo fotografico dell&#8217;Auser Montale\"}]},{\"@type\":\"WebSite\",\"@id\":\"https:\/\/www.noidiqua.it\/Montale\/#website\",\"url\":\"https:\/\/www.noidiqua.it\/Montale\/\",\"name\":\"Noi di Qua Testata giornalistica e di attualit\u00e0 di Agliana, Montale e Quarrata.\",\"description\":\"Testata Giornalistica Quarrata Montale Agliana\",\"potentialAction\":[{\"@type\":\"SearchAction\",\"target\":{\"@type\":\"EntryPoint\",\"urlTemplate\":\"https:\/\/www.noidiqua.it\/Montale\/?s={search_term_string}\"},\"query-input\":{\"@type\":\"PropertyValueSpecification\",\"valueRequired\":true,\"valueName\":\"search_term_string\"}}],\"inLanguage\":\"it-IT\"},{\"@type\":\"Person\",\"@id\":\"https:\/\/www.noidiqua.it\/Montale\/#\/schema\/person\/4e183cb0c6d7951e716a876aa702e1a2\",\"name\":\"Marco Bagnoli\",\"image\":{\"@type\":\"ImageObject\",\"inLanguage\":\"it-IT\",\"@id\":\"https:\/\/www.noidiqua.it\/Montale\/#\/schema\/person\/image\/\",\"url\":\"https:\/\/secure.gravatar.com\/avatar\/73ace53724c50db9c48af54756f17b7cdb015a9d8d2c08c7e04e480539a94eee?s=96&d=mm&r=g\",\"contentUrl\":\"https:\/\/secure.gravatar.com\/avatar\/73ace53724c50db9c48af54756f17b7cdb015a9d8d2c08c7e04e480539a94eee?s=96&d=mm&r=g\",\"caption\":\"Marco Bagnoli\"},\"url\":\"https:\/\/www.noidiqua.it\/Montale\/author\/marco-bagnoli\/\"}]}<\/script>\n<!-- \/ Yoast SEO plugin. -->","yoast_head_json":{"title":"Il Gruppo fotografico dell'Auser Montale - Noi di Qua Testata giornalistica e di attualit\u00e0 di Agliana, Montale e Quarrata.","robots":{"index":"index","follow":"follow","max-snippet":"max-snippet:-1","max-image-preview":"max-image-preview:large","max-video-preview":"max-video-preview:-1"},"canonical":"https:\/\/www.noidiqua.it\/Montale\/il-gruppo-fotografico-dellauser-montale\/","og_locale":"it_IT","og_type":"article","og_title":"Il Gruppo fotografico dell'Auser Montale - Noi di Qua Testata giornalistica e di attualit\u00e0 di Agliana, Montale e Quarrata.","og_description":"di Marco Bagnoli settembre 2021 Si sa, l\u2019invenzione della fotografia sembra recente, eppure inizi\u00f2 a metterci le mani nientemeno che Leonardo con la sua camera ottica. E anche quel rispettoso signore di Vinci si stupirebbe di quanto la fotografia ci ha cambiato la vita, o almeno di quanto si \u00e8 addentrata in profondit\u00e0 nella [&hellip;]","og_url":"https:\/\/www.noidiqua.it\/Montale\/il-gruppo-fotografico-dellauser-montale\/","og_site_name":"Noi di Qua Testata giornalistica e di attualit\u00e0 di Agliana, Montale e Quarrata.","article_publisher":"https:\/\/www.facebook.com\/noidiqua.trimestrale\/","article_published_time":"2021-09-05T07:56:48+00:00","article_modified_time":"2021-12-10T09:04:52+00:00","og_image":[{"url":"https:\/\/www.noidiqua.it\/Montale\/wp-content\/uploads\/2021\/10\/gruppo-1.png","type":"","width":"","height":""}],"author":"Marco Bagnoli","twitter_misc":{"Scritto da":"Marco Bagnoli","Tempo di lettura stimato":"3 minuti"},"schema":{"@context":"https:\/\/schema.org","@graph":[{"@type":"WebPage","@id":"https:\/\/www.noidiqua.it\/Montale\/il-gruppo-fotografico-dellauser-montale\/","url":"https:\/\/www.noidiqua.it\/Montale\/il-gruppo-fotografico-dellauser-montale\/","name":"Il Gruppo fotografico dell'Auser Montale - Noi di Qua Testata giornalistica e di attualit\u00e0 di Agliana, Montale e Quarrata.","isPartOf":{"@id":"https:\/\/www.noidiqua.it\/Montale\/#website"},"primaryImageOfPage":{"@id":"https:\/\/www.noidiqua.it\/Montale\/il-gruppo-fotografico-dellauser-montale\/#primaryimage"},"image":{"@id":"https:\/\/www.noidiqua.it\/Montale\/il-gruppo-fotografico-dellauser-montale\/#primaryimage"},"thumbnailUrl":"https:\/\/www.noidiqua.it\/Montale\/wp-content\/uploads\/2021\/10\/gruppo-1.png","datePublished":"2021-09-05T07:56:48+00:00","dateModified":"2021-12-10T09:04:52+00:00","author":{"@id":"https:\/\/www.noidiqua.it\/Montale\/#\/schema\/person\/4e183cb0c6d7951e716a876aa702e1a2"},"breadcrumb":{"@id":"https:\/\/www.noidiqua.it\/Montale\/il-gruppo-fotografico-dellauser-montale\/#breadcrumb"},"inLanguage":"it-IT","potentialAction":[{"@type":"ReadAction","target":["https:\/\/www.noidiqua.it\/Montale\/il-gruppo-fotografico-dellauser-montale\/"]}]},{"@type":"ImageObject","inLanguage":"it-IT","@id":"https:\/\/www.noidiqua.it\/Montale\/il-gruppo-fotografico-dellauser-montale\/#primaryimage","url":"https:\/\/www.noidiqua.it\/Montale\/wp-content\/uploads\/2021\/10\/gruppo-1.png","contentUrl":"https:\/\/www.noidiqua.it\/Montale\/wp-content\/uploads\/2021\/10\/gruppo-1.png","width":499,"height":281},{"@type":"BreadcrumbList","@id":"https:\/\/www.noidiqua.it\/Montale\/il-gruppo-fotografico-dellauser-montale\/#breadcrumb","itemListElement":[{"@type":"ListItem","position":1,"name":"Home","item":"https:\/\/www.noidiqua.it\/Montale\/"},{"@type":"ListItem","position":2,"name":"Il Gruppo fotografico dell&#8217;Auser Montale"}]},{"@type":"WebSite","@id":"https:\/\/www.noidiqua.it\/Montale\/#website","url":"https:\/\/www.noidiqua.it\/Montale\/","name":"Noi di Qua Testata giornalistica e di attualit\u00e0 di Agliana, Montale e Quarrata.","description":"Testata Giornalistica Quarrata Montale Agliana","potentialAction":[{"@type":"SearchAction","target":{"@type":"EntryPoint","urlTemplate":"https:\/\/www.noidiqua.it\/Montale\/?s={search_term_string}"},"query-input":{"@type":"PropertyValueSpecification","valueRequired":true,"valueName":"search_term_string"}}],"inLanguage":"it-IT"},{"@type":"Person","@id":"https:\/\/www.noidiqua.it\/Montale\/#\/schema\/person\/4e183cb0c6d7951e716a876aa702e1a2","name":"Marco Bagnoli","image":{"@type":"ImageObject","inLanguage":"it-IT","@id":"https:\/\/www.noidiqua.it\/Montale\/#\/schema\/person\/image\/","url":"https:\/\/secure.gravatar.com\/avatar\/73ace53724c50db9c48af54756f17b7cdb015a9d8d2c08c7e04e480539a94eee?s=96&d=mm&r=g","contentUrl":"https:\/\/secure.gravatar.com\/avatar\/73ace53724c50db9c48af54756f17b7cdb015a9d8d2c08c7e04e480539a94eee?s=96&d=mm&r=g","caption":"Marco Bagnoli"},"url":"https:\/\/www.noidiqua.it\/Montale\/author\/marco-bagnoli\/"}]}},"_links":{"self":[{"href":"https:\/\/www.noidiqua.it\/Montale\/wp-json\/wp\/v2\/posts\/5941","targetHints":{"allow":["GET"]}}],"collection":[{"href":"https:\/\/www.noidiqua.it\/Montale\/wp-json\/wp\/v2\/posts"}],"about":[{"href":"https:\/\/www.noidiqua.it\/Montale\/wp-json\/wp\/v2\/types\/post"}],"author":[{"embeddable":true,"href":"https:\/\/www.noidiqua.it\/Montale\/wp-json\/wp\/v2\/users\/3"}],"replies":[{"embeddable":true,"href":"https:\/\/www.noidiqua.it\/Montale\/wp-json\/wp\/v2\/comments?post=5941"}],"version-history":[{"count":2,"href":"https:\/\/www.noidiqua.it\/Montale\/wp-json\/wp\/v2\/posts\/5941\/revisions"}],"predecessor-version":[{"id":5945,"href":"https:\/\/www.noidiqua.it\/Montale\/wp-json\/wp\/v2\/posts\/5941\/revisions\/5945"}],"wp:attachment":[{"href":"https:\/\/www.noidiqua.it\/Montale\/wp-json\/wp\/v2\/media?parent=5941"}],"wp:term":[{"taxonomy":"category","embeddable":true,"href":"https:\/\/www.noidiqua.it\/Montale\/wp-json\/wp\/v2\/categories?post=5941"},{"taxonomy":"post_tag","embeddable":true,"href":"https:\/\/www.noidiqua.it\/Montale\/wp-json\/wp\/v2\/tags?post=5941"}],"curies":[{"name":"wp","href":"https:\/\/api.w.org\/{rel}","templated":true}]}}