{"id":5946,"date":"2021-09-05T10:13:37","date_gmt":"2021-09-05T08:13:37","guid":{"rendered":"https:\/\/www.noidiqua.it\/Montale\/?p=5946"},"modified":"2021-12-10T10:05:09","modified_gmt":"2021-12-10T09:05:09","slug":"nella-luci-un-personaggio-montalese-raccontato-in-un-libro","status":"publish","type":"post","link":"https:\/\/www.noidiqua.it\/Montale\/nella-luci-un-personaggio-montalese-raccontato-in-un-libro\/","title":{"rendered":"Nella Luci &#8211; un personaggio montalese raccontato in un libro"},"content":{"rendered":"<p><em>di Serena Michelozzi<\/em><\/p>\n<p><em>settembre 2021<\/em><\/p>\n<p><a href=\"https:\/\/www.noidiqua.it\/Montale\/wp-content\/uploads\/2021\/10\/nella-luci.png\" rel=\"wp-prettyPhoto[5946]\"><img loading=\"lazy\" decoding=\"async\" class=\"aligncenter size-full wp-image-5948\" src=\"https:\/\/www.noidiqua.it\/Montale\/wp-content\/uploads\/2021\/10\/nella-luci.png\" alt=\"\" width=\"490\" height=\"415\" srcset=\"https:\/\/www.noidiqua.it\/Montale\/wp-content\/uploads\/2021\/10\/nella-luci.png 490w, https:\/\/www.noidiqua.it\/Montale\/wp-content\/uploads\/2021\/10\/nella-luci-300x254.png 300w\" sizes=\"auto, (max-width: 490px) 100vw, 490px\" \/><\/a><\/p>\n<p class=\"p1\">\u201c<strong>Nella Luci<\/strong>, un <strong>personaggio montalese<\/strong>\u201d \u00e8 il titolo di un volumetto scritto a pi\u00f9 mani da coloro che ricordano con maggiore affetto la Nella, donna che ha dedicato tutta la sua vita alla parrocchia di Montale, tanto da poter dire che la Chiesa di San Giovanni Evangelista fosse come la sua casa.<\/p>\n<p class=\"p1\">Nella Luci \u00e8 venuta a mancare all\u2019et\u00e0 di 99 anni nel febbraio scorso, ma spiritualmente \u00e8 rimasta impressa nella memoria di tutti coloro che l\u2019hanno potuta conoscere e che le hanno voluto bene, guadagnando l\u2019immortalit\u00e0 nel ricordo della gente di <strong>Montale<\/strong>.<\/p>\n<p class=\"p1\"><i>\u201cE&#8217; stata un\u2019amica della gente\u201d<\/i> scrive in una breve introduzione il proposto di Montale <strong>Don Paolo Firindelli<\/strong> <i>\u201cadulti e ragazzi, anziani e bambini conservano ricordi belli di lei, dei suoi sorrisi, della sua voce squillante come quella di una bambina, delle sue carezze e delle sue canzoni\u201d<\/i>. Ancora. <i>\u201cNella era un inno alla vita\u00bb scrive di lei Linda Bolognesi, \u00absapeva i nomi di tutti i bambini del catechismo e della scuola e non li sbagliava mai\u201d<\/i>. Insomma, dai vari pensieri dedicatele si evince che Nella era per le persone come un raggio di luce e, non a caso, di cognome faceva Luci. Una donna che sapeva apprezzare il bello che la vita ci offre ogni giorno e provare piacere nel quotidiano; una donna sempre serena e in armonia col mondo, come chi conosce profondamente il messaggio divino. <i>\u201cLa donna senza et\u00e0, la piccola Min\u00f9 eternamente non pi\u00f9 giovane, ma pur sempre splendente, brillante, instancabile, che nell\u2019aiuto all\u2019altro trovava la benzina per ricaricarsi e la motivazione per continuare a spendersi\u201d <\/i>racconta Linda Meoni.<\/p>\n<p class=\"p1\">Il libretto &#8211; voluto da Don Firindelli e che si pu\u00f2 richiedere nella Parrocchia di Montale &#8211; contiene anche alcune pagine di memorie scritte dalla stessa Nella su come si viveva un tempo, come in quello difficile della guerra o in quello della ricostruzione post bellica. Il tutto \u00e8 accompagnato da bellissime foto che immortalano e raccontano i momenti felici e pieni di amore della vita di Nella Luci. Per chi non avesse avuto la fortuna di incontrare sul proprio cammino la Nella, si invita a leggere questo bel <strong>libretto<\/strong> per conoscere un importante <strong>personaggio<\/strong> della storia di Montale.<\/p>\n<p class=\"p3\">Buona lettura!<\/p>","protected":false},"excerpt":{"rendered":"<p>di Serena Michelozzi settembre 2021 \u201cNella Luci, un personaggio montalese\u201d \u00e8 il titolo di un volumetto scritto a pi\u00f9 mani da coloro che ricordano con maggiore affetto la Nella, donna che ha dedicato tutta la sua vita alla parrocchia di Montale, tanto da poter dire che la Chiesa di San Giovanni Evangelista fosse come [&hellip;]<\/p>","protected":false},"author":101011,"featured_media":0,"comment_status":"open","ping_status":"open","sticky":false,"template":"","format":"standard","meta":{"footnotes":""},"categories":[7,12],"tags":[68,2636,995,2634,2471,2635],"class_list":["post-5946","post","type-post","status-publish","format-standard","hentry","category-mt","category-solidarieta-qt","tag-don-paolo-firindelli","tag-libretto","tag-mt","tag-nella-luci","tag-personaggio","tag-personaggio-montalese"],"yoast_head":"<!-- This site is optimized with the Yoast SEO plugin v25.5 - https:\/\/yoast.com\/wordpress\/plugins\/seo\/ -->\n<title>Nella Luci - un personaggio montalese raccontato in un libro - Noi di Qua Testata giornalistica e di attualit\u00e0 di Agliana, Montale e Quarrata.<\/title>\n<meta name=\"robots\" content=\"index, follow, max-snippet:-1, max-image-preview:large, max-video-preview:-1\" \/>\n<link rel=\"canonical\" href=\"https:\/\/www.noidiqua.it\/Montale\/nella-luci-un-personaggio-montalese-raccontato-in-un-libro\/\" \/>\n<meta property=\"og:locale\" content=\"it_IT\" \/>\n<meta property=\"og:type\" content=\"article\" \/>\n<meta property=\"og:title\" content=\"Nella Luci - un personaggio montalese raccontato in un libro - Noi di Qua Testata giornalistica e di attualit\u00e0 di Agliana, Montale e Quarrata.\" \/>\n<meta property=\"og:description\" content=\"di Serena Michelozzi settembre 2021 \u201cNella Luci, un personaggio montalese\u201d \u00e8 il titolo di un volumetto scritto a pi\u00f9 mani da coloro che ricordano con maggiore affetto la Nella, donna che ha dedicato tutta la sua vita alla parrocchia di Montale, tanto da poter dire che la Chiesa di San Giovanni Evangelista fosse come [&hellip;]\" \/>\n<meta property=\"og:url\" content=\"https:\/\/www.noidiqua.it\/Montale\/nella-luci-un-personaggio-montalese-raccontato-in-un-libro\/\" \/>\n<meta property=\"og:site_name\" content=\"Noi di Qua Testata giornalistica e di attualit\u00e0 di Agliana, Montale e Quarrata.\" \/>\n<meta property=\"article:publisher\" content=\"https:\/\/www.facebook.com\/noidiqua.trimestrale\/\" \/>\n<meta property=\"article:published_time\" content=\"2021-09-05T08:13:37+00:00\" \/>\n<meta property=\"article:modified_time\" content=\"2021-12-10T09:05:09+00:00\" \/>\n<meta property=\"og:image\" content=\"https:\/\/www.noidiqua.it\/Montale\/wp-content\/uploads\/2021\/10\/nella-luci.png\" \/>\n<meta name=\"author\" content=\"Serena Michelozzi\" \/>\n<meta name=\"twitter:label1\" content=\"Scritto da\" \/>\n\t<meta name=\"twitter:data1\" content=\"Serena Michelozzi\" \/>\n\t<meta name=\"twitter:label2\" content=\"Tempo di lettura stimato\" \/>\n\t<meta name=\"twitter:data2\" content=\"2 minuti\" \/>\n<script type=\"application\/ld+json\" class=\"yoast-schema-graph\">{\"@context\":\"https:\/\/schema.org\",\"@graph\":[{\"@type\":\"WebPage\",\"@id\":\"https:\/\/www.noidiqua.it\/Montale\/nella-luci-un-personaggio-montalese-raccontato-in-un-libro\/\",\"url\":\"https:\/\/www.noidiqua.it\/Montale\/nella-luci-un-personaggio-montalese-raccontato-in-un-libro\/\",\"name\":\"Nella Luci - un personaggio montalese raccontato in un libro - Noi di Qua Testata giornalistica e di attualit\u00e0 di Agliana, Montale e Quarrata.\",\"isPartOf\":{\"@id\":\"https:\/\/www.noidiqua.it\/Montale\/#website\"},\"primaryImageOfPage\":{\"@id\":\"https:\/\/www.noidiqua.it\/Montale\/nella-luci-un-personaggio-montalese-raccontato-in-un-libro\/#primaryimage\"},\"image\":{\"@id\":\"https:\/\/www.noidiqua.it\/Montale\/nella-luci-un-personaggio-montalese-raccontato-in-un-libro\/#primaryimage\"},\"thumbnailUrl\":\"https:\/\/www.noidiqua.it\/Montale\/wp-content\/uploads\/2021\/10\/nella-luci.png\",\"datePublished\":\"2021-09-05T08:13:37+00:00\",\"dateModified\":\"2021-12-10T09:05:09+00:00\",\"author\":{\"@id\":\"https:\/\/www.noidiqua.it\/Montale\/#\/schema\/person\/4763a96f0bdf332cc8a55478dbeba163\"},\"breadcrumb\":{\"@id\":\"https:\/\/www.noidiqua.it\/Montale\/nella-luci-un-personaggio-montalese-raccontato-in-un-libro\/#breadcrumb\"},\"inLanguage\":\"it-IT\",\"potentialAction\":[{\"@type\":\"ReadAction\",\"target\":[\"https:\/\/www.noidiqua.it\/Montale\/nella-luci-un-personaggio-montalese-raccontato-in-un-libro\/\"]}]},{\"@type\":\"ImageObject\",\"inLanguage\":\"it-IT\",\"@id\":\"https:\/\/www.noidiqua.it\/Montale\/nella-luci-un-personaggio-montalese-raccontato-in-un-libro\/#primaryimage\",\"url\":\"https:\/\/www.noidiqua.it\/Montale\/wp-content\/uploads\/2021\/10\/nella-luci.png\",\"contentUrl\":\"https:\/\/www.noidiqua.it\/Montale\/wp-content\/uploads\/2021\/10\/nella-luci.png\",\"width\":490,\"height\":415},{\"@type\":\"BreadcrumbList\",\"@id\":\"https:\/\/www.noidiqua.it\/Montale\/nella-luci-un-personaggio-montalese-raccontato-in-un-libro\/#breadcrumb\",\"itemListElement\":[{\"@type\":\"ListItem\",\"position\":1,\"name\":\"Home\",\"item\":\"https:\/\/www.noidiqua.it\/Montale\/\"},{\"@type\":\"ListItem\",\"position\":2,\"name\":\"Nella Luci &#8211; un personaggio montalese raccontato in un libro\"}]},{\"@type\":\"WebSite\",\"@id\":\"https:\/\/www.noidiqua.it\/Montale\/#website\",\"url\":\"https:\/\/www.noidiqua.it\/Montale\/\",\"name\":\"Noi di Qua Testata giornalistica e di attualit\u00e0 di Agliana, Montale e Quarrata.\",\"description\":\"Testata Giornalistica Quarrata Montale Agliana\",\"potentialAction\":[{\"@type\":\"SearchAction\",\"target\":{\"@type\":\"EntryPoint\",\"urlTemplate\":\"https:\/\/www.noidiqua.it\/Montale\/?s={search_term_string}\"},\"query-input\":{\"@type\":\"PropertyValueSpecification\",\"valueRequired\":true,\"valueName\":\"search_term_string\"}}],\"inLanguage\":\"it-IT\"},{\"@type\":\"Person\",\"@id\":\"https:\/\/www.noidiqua.it\/Montale\/#\/schema\/person\/4763a96f0bdf332cc8a55478dbeba163\",\"name\":\"Serena Michelozzi\",\"image\":{\"@type\":\"ImageObject\",\"inLanguage\":\"it-IT\",\"@id\":\"https:\/\/www.noidiqua.it\/Montale\/#\/schema\/person\/image\/\",\"url\":\"https:\/\/secure.gravatar.com\/avatar\/a8efaab8953a1edb4943a89dbca993e803bf8bcf5221a8ff937a96a5b9914aab?s=96&d=mm&r=g\",\"contentUrl\":\"https:\/\/secure.gravatar.com\/avatar\/a8efaab8953a1edb4943a89dbca993e803bf8bcf5221a8ff937a96a5b9914aab?s=96&d=mm&r=g\",\"caption\":\"Serena Michelozzi\"},\"url\":\"https:\/\/www.noidiqua.it\/Montale\/author\/serena-michelozzi\/\"}]}<\/script>\n<!-- \/ Yoast SEO plugin. -->","yoast_head_json":{"title":"Nella Luci - un personaggio montalese raccontato in un libro - Noi di Qua Testata giornalistica e di attualit\u00e0 di Agliana, Montale e Quarrata.","robots":{"index":"index","follow":"follow","max-snippet":"max-snippet:-1","max-image-preview":"max-image-preview:large","max-video-preview":"max-video-preview:-1"},"canonical":"https:\/\/www.noidiqua.it\/Montale\/nella-luci-un-personaggio-montalese-raccontato-in-un-libro\/","og_locale":"it_IT","og_type":"article","og_title":"Nella Luci - un personaggio montalese raccontato in un libro - Noi di Qua Testata giornalistica e di attualit\u00e0 di Agliana, Montale e Quarrata.","og_description":"di Serena Michelozzi settembre 2021 \u201cNella Luci, un personaggio montalese\u201d \u00e8 il titolo di un volumetto scritto a pi\u00f9 mani da coloro che ricordano con maggiore affetto la Nella, donna che ha dedicato tutta la sua vita alla parrocchia di Montale, tanto da poter dire che la Chiesa di San Giovanni Evangelista fosse come [&hellip;]","og_url":"https:\/\/www.noidiqua.it\/Montale\/nella-luci-un-personaggio-montalese-raccontato-in-un-libro\/","og_site_name":"Noi di Qua Testata giornalistica e di attualit\u00e0 di Agliana, Montale e Quarrata.","article_publisher":"https:\/\/www.facebook.com\/noidiqua.trimestrale\/","article_published_time":"2021-09-05T08:13:37+00:00","article_modified_time":"2021-12-10T09:05:09+00:00","og_image":[{"url":"https:\/\/www.noidiqua.it\/Montale\/wp-content\/uploads\/2021\/10\/nella-luci.png","type":"","width":"","height":""}],"author":"Serena Michelozzi","twitter_misc":{"Scritto da":"Serena Michelozzi","Tempo di lettura stimato":"2 minuti"},"schema":{"@context":"https:\/\/schema.org","@graph":[{"@type":"WebPage","@id":"https:\/\/www.noidiqua.it\/Montale\/nella-luci-un-personaggio-montalese-raccontato-in-un-libro\/","url":"https:\/\/www.noidiqua.it\/Montale\/nella-luci-un-personaggio-montalese-raccontato-in-un-libro\/","name":"Nella Luci - un personaggio montalese raccontato in un libro - Noi di Qua Testata giornalistica e di attualit\u00e0 di Agliana, Montale e Quarrata.","isPartOf":{"@id":"https:\/\/www.noidiqua.it\/Montale\/#website"},"primaryImageOfPage":{"@id":"https:\/\/www.noidiqua.it\/Montale\/nella-luci-un-personaggio-montalese-raccontato-in-un-libro\/#primaryimage"},"image":{"@id":"https:\/\/www.noidiqua.it\/Montale\/nella-luci-un-personaggio-montalese-raccontato-in-un-libro\/#primaryimage"},"thumbnailUrl":"https:\/\/www.noidiqua.it\/Montale\/wp-content\/uploads\/2021\/10\/nella-luci.png","datePublished":"2021-09-05T08:13:37+00:00","dateModified":"2021-12-10T09:05:09+00:00","author":{"@id":"https:\/\/www.noidiqua.it\/Montale\/#\/schema\/person\/4763a96f0bdf332cc8a55478dbeba163"},"breadcrumb":{"@id":"https:\/\/www.noidiqua.it\/Montale\/nella-luci-un-personaggio-montalese-raccontato-in-un-libro\/#breadcrumb"},"inLanguage":"it-IT","potentialAction":[{"@type":"ReadAction","target":["https:\/\/www.noidiqua.it\/Montale\/nella-luci-un-personaggio-montalese-raccontato-in-un-libro\/"]}]},{"@type":"ImageObject","inLanguage":"it-IT","@id":"https:\/\/www.noidiqua.it\/Montale\/nella-luci-un-personaggio-montalese-raccontato-in-un-libro\/#primaryimage","url":"https:\/\/www.noidiqua.it\/Montale\/wp-content\/uploads\/2021\/10\/nella-luci.png","contentUrl":"https:\/\/www.noidiqua.it\/Montale\/wp-content\/uploads\/2021\/10\/nella-luci.png","width":490,"height":415},{"@type":"BreadcrumbList","@id":"https:\/\/www.noidiqua.it\/Montale\/nella-luci-un-personaggio-montalese-raccontato-in-un-libro\/#breadcrumb","itemListElement":[{"@type":"ListItem","position":1,"name":"Home","item":"https:\/\/www.noidiqua.it\/Montale\/"},{"@type":"ListItem","position":2,"name":"Nella Luci &#8211; un personaggio montalese raccontato in un libro"}]},{"@type":"WebSite","@id":"https:\/\/www.noidiqua.it\/Montale\/#website","url":"https:\/\/www.noidiqua.it\/Montale\/","name":"Noi di Qua Testata giornalistica e di attualit\u00e0 di Agliana, Montale e Quarrata.","description":"Testata Giornalistica Quarrata Montale Agliana","potentialAction":[{"@type":"SearchAction","target":{"@type":"EntryPoint","urlTemplate":"https:\/\/www.noidiqua.it\/Montale\/?s={search_term_string}"},"query-input":{"@type":"PropertyValueSpecification","valueRequired":true,"valueName":"search_term_string"}}],"inLanguage":"it-IT"},{"@type":"Person","@id":"https:\/\/www.noidiqua.it\/Montale\/#\/schema\/person\/4763a96f0bdf332cc8a55478dbeba163","name":"Serena Michelozzi","image":{"@type":"ImageObject","inLanguage":"it-IT","@id":"https:\/\/www.noidiqua.it\/Montale\/#\/schema\/person\/image\/","url":"https:\/\/secure.gravatar.com\/avatar\/a8efaab8953a1edb4943a89dbca993e803bf8bcf5221a8ff937a96a5b9914aab?s=96&d=mm&r=g","contentUrl":"https:\/\/secure.gravatar.com\/avatar\/a8efaab8953a1edb4943a89dbca993e803bf8bcf5221a8ff937a96a5b9914aab?s=96&d=mm&r=g","caption":"Serena Michelozzi"},"url":"https:\/\/www.noidiqua.it\/Montale\/author\/serena-michelozzi\/"}]}},"_links":{"self":[{"href":"https:\/\/www.noidiqua.it\/Montale\/wp-json\/wp\/v2\/posts\/5946","targetHints":{"allow":["GET"]}}],"collection":[{"href":"https:\/\/www.noidiqua.it\/Montale\/wp-json\/wp\/v2\/posts"}],"about":[{"href":"https:\/\/www.noidiqua.it\/Montale\/wp-json\/wp\/v2\/types\/post"}],"author":[{"embeddable":true,"href":"https:\/\/www.noidiqua.it\/Montale\/wp-json\/wp\/v2\/users\/101011"}],"replies":[{"embeddable":true,"href":"https:\/\/www.noidiqua.it\/Montale\/wp-json\/wp\/v2\/comments?post=5946"}],"version-history":[{"count":2,"href":"https:\/\/www.noidiqua.it\/Montale\/wp-json\/wp\/v2\/posts\/5946\/revisions"}],"predecessor-version":[{"id":5949,"href":"https:\/\/www.noidiqua.it\/Montale\/wp-json\/wp\/v2\/posts\/5946\/revisions\/5949"}],"wp:attachment":[{"href":"https:\/\/www.noidiqua.it\/Montale\/wp-json\/wp\/v2\/media?parent=5946"}],"wp:term":[{"taxonomy":"category","embeddable":true,"href":"https:\/\/www.noidiqua.it\/Montale\/wp-json\/wp\/v2\/categories?post=5946"},{"taxonomy":"post_tag","embeddable":true,"href":"https:\/\/www.noidiqua.it\/Montale\/wp-json\/wp\/v2\/tags?post=5946"}],"curies":[{"name":"wp","href":"https:\/\/api.w.org\/{rel}","templated":true}]}}