{"id":6080,"date":"2021-12-06T15:32:50","date_gmt":"2021-12-06T14:32:50","guid":{"rendered":"https:\/\/www.noidiqua.it\/Montale\/?p=6080"},"modified":"2022-04-21T11:53:39","modified_gmt":"2022-04-21T09:53:39","slug":"il-restauro-dellorgano-di-fognano","status":"publish","type":"post","link":"https:\/\/www.noidiqua.it\/Montale\/il-restauro-dellorgano-di-fognano\/","title":{"rendered":"il restauro dell&#8217;organo di Fognano"},"content":{"rendered":"<p><em>di Giacomo Bini. Foto: <a href=\"http:\/\/www.bellinigabriele.it\">Gabriele Bellini<\/a>.<\/em><\/p>\n<p>dicembre <em>2021<\/em><\/p>\n<p><a href=\"https:\/\/www.noidiqua.it\/Montale\/wp-content\/uploads\/2021\/12\/organo-fognano.png\" rel=\"wp-prettyPhoto[6080]\"><img loading=\"lazy\" decoding=\"async\" class=\"aligncenter  wp-image-6081\" src=\"https:\/\/www.noidiqua.it\/Montale\/wp-content\/uploads\/2021\/12\/organo-fognano.png\" alt=\"\" width=\"419\" height=\"340\" \/><\/a><\/p>\n<p class=\"p1\"><span class=\"s1\">L\u2019<strong>antico organo<\/strong> della <strong>chiesa<\/strong> di San Martino a Fognano torner\u00e0 a suonare grazie ad un progetto di restauro promosso dal parroco <strong>Don Cristoforo Dabrowski<\/strong>. Il prezioso strumento sar\u00e0 di supporto alle funzioni liturgiche ma potr\u00e0 essere anche utilizzato per un\u2019attivit\u00e0 concertistica di alto livello. Per sostenere le spese del restauro dell\u2019organo la parrocchia ha chiesto un contributo alla Fondazione Cassa di Risparmio di Pistoia e Pescia. <\/span><\/p>\n<p class=\"p1\"><span class=\"s1\">Realizzato nel 1831 da<strong> Giosu\u00e8 Agati<\/strong> lo strumento ha ricevuto altri due interventi successivi da parte di Filippo Tronci nel 1875 e infine dal riparatore e accordatore Leopoldo Del Sere nel 1938. Si tratta di un autentico gioiello che da troppo tempo versa in stato di abbandono e che la comunit\u00e0 di Fognano non vede l\u2019ora di poter rivedere e riascoltare nel pieno della sua funzionalit\u00e0. Sarebbe un arricchimento per la comunit\u00e0 montalese e una ragione di attrazione anche turistica per la frazione di Fognano che aggiungerebbe cos\u00ec un altro bene artistico di rilievo a quelli che gi\u00e0 pu\u00f2 vantare, come l\u2019affresco di <a href=\"https:\/\/www.noidiqua.it\/Montale\/ardengo-soffici-fognano\/\"><strong>Ardengo Soffici<\/strong><\/a> in piazza San Francesco e il parco monumentale di <a href=\"https:\/\/www.noidiqua.it\/Montale\/parco-monumentale-di-fognano\/\"><strong>Jorio Vivarelli<\/strong><\/a>. Il restauro dell\u2019organo verr\u00e0 affidato, appena saranno reperiti i finanziamenti, al restauratore<a href=\"https:\/\/www.noidiqua.it\/samuele-maffucci-conservazione-restauro-organi-storici\/\"><strong> Samuele Maffucci<\/strong><\/a> di Quarrata che ha gi\u00e0 redatto una relazione storica sull\u2019organo che descrive lo stato di conservazione, al momento pessimo, e gli interventi di restauro. <\/span><\/p>\n<p class=\"p1\"><span class=\"s1\"><i>\u00abLo strumento risulta insuonabile\u00bb<\/i> afferma Maffucci nella relazione <i>\u00abma attraverso un accurato restauro l\u2019organo appare pienamente recuperabile all\u2019uso\u00bb<\/i>. Secondo la relazione del restauratore molte delle 400 canne del gruppo originale <i>\u00abpresentano evidenti deformazioni plastiche, dissaldature e ammaccature di varia natura. La maggior parte dei danni sono imputabili alle innumerevoli deiezioni di ratti e pipistrelli, riscontrabili sulla totalit\u00e0 delle superfici interne e esterne dello strumento, responsabili del processo corrosivo innescato sulle essenze lignee e sul metallo di cui si compone il materiale fonico e meccanico\u00bb<\/i>. <\/span><\/p>\n<p class=\"p1\"><span class=\"s1\">Le operazioni di <strong>restauro<\/strong> da compiere sono gi\u00e0 state individuate e definite, si tratta ora di reperire i finanziamenti e per questo \u00e8 essenziale il contributo della Fondazione Caript a cui il parroco si \u00e8 rivolto chiedendo 25mila euro, una somma che corrisponde alla met\u00e0 del costo previsto per l\u2019intervento che si attesta sui 50mila euro.<i> \u00abL\u2019organo restaurato\u00bb<\/i> dice Don Cristoforo<i> \u00abdarebbe un apporto qualitativo alla liturgia ma anche ad un inserimento della chiesa di Fognano in un circuito concertistico di alto livello. Io come parroco e i fedeli auspichiamo quindi un parere favorevole del vescovo e quindi l\u2019assegnazione del contributo richiesto da parte della Fondazione\u00bb<\/i>. La parrocchia ha chiesto alla Fondazione un contributo di 25mila euro, pari alla met\u00e0 della spesa totale prevista che ammonta a circa 50mila euro. <i>\u00abE\u2019 giusto che ci siano contributi per la sanit\u00e0 e per i poveri\u00bb <\/i>aggiunge don Cristoforo <i>\u00abma non bisogna dimenticare anche l\u2019importanza della bellezza, della pittura, della musica che in non pochi casi ci pu\u00f2 portare consolazione morale e spirituale in questi tempi difficili\u00bb<\/i>. Tra l\u2019altro il recupero dell\u2019organo si inquadra in un restauro in corso da tempo di tutte le decorazioni settecentesche della chiesa di San Martino. <\/span><\/p>\n<p class=\"p1\"><span class=\"s1\">La Chiesa sta per riprendere il suo aspetto originario per la gioia dei <strong>parrocchiani<\/strong> e di tutti coloro che amano la tutela del patrimonio artistico cosiddetto minore, quello dei piccoli paesi, che a volte per\u00f2 conserva delle eccellenze sorprendenti come quelle che si possono ammirare nella chiesetta di Fognano. <\/span><\/p>","protected":false},"excerpt":{"rendered":"<p>di Giacomo Bini. Foto: Gabriele Bellini. dicembre 2021 L\u2019antico organo della chiesa di San Martino a Fognano torner\u00e0 a suonare grazie ad un progetto di restauro promosso dal parroco Don Cristoforo Dabrowski. Il prezioso strumento sar\u00e0 di supporto alle funzioni liturgiche ma potr\u00e0 essere anche utilizzato per un\u2019attivit\u00e0 concertistica di alto livello. Per sostenere [&hellip;]<\/p>","protected":false},"author":12,"featured_media":0,"comment_status":"open","ping_status":"open","sticky":false,"template":"","format":"standard","meta":{"footnotes":""},"categories":[2621,7],"tags":[2768,184,2690,1333,2769,1147,2771,130,2770],"class_list":["post-6080","post","type-post","status-publish","format-standard","hentry","category-da-sottolineare","category-mt","tag-antico-organo","tag-ardengo-soffici","tag-chiesa","tag-don-cristoforo-dabrowski","tag-giosue-agati","tag-jorio-vivarelli","tag-parrocchiani","tag-restauro","tag-samuele-maffucci"],"yoast_head":"<!-- This site is optimized with the Yoast SEO plugin v25.5 - https:\/\/yoast.com\/wordpress\/plugins\/seo\/ -->\n<title>il restauro dell&#039;organo di Fognano - Noi di Qua Testata giornalistica e di attualit\u00e0 di Agliana, Montale e Quarrata.<\/title>\n<meta name=\"robots\" content=\"index, follow, max-snippet:-1, max-image-preview:large, max-video-preview:-1\" \/>\n<link rel=\"canonical\" href=\"https:\/\/www.noidiqua.it\/Montale\/il-restauro-dellorgano-di-fognano\/\" \/>\n<meta property=\"og:locale\" content=\"it_IT\" \/>\n<meta property=\"og:type\" content=\"article\" \/>\n<meta property=\"og:title\" content=\"il restauro dell&#039;organo di Fognano - Noi di Qua Testata giornalistica e di attualit\u00e0 di Agliana, Montale e Quarrata.\" \/>\n<meta property=\"og:description\" content=\"di Giacomo Bini. Foto: Gabriele Bellini. dicembre 2021 L\u2019antico organo della chiesa di San Martino a Fognano torner\u00e0 a suonare grazie ad un progetto di restauro promosso dal parroco Don Cristoforo Dabrowski. Il prezioso strumento sar\u00e0 di supporto alle funzioni liturgiche ma potr\u00e0 essere anche utilizzato per un\u2019attivit\u00e0 concertistica di alto livello. Per sostenere [&hellip;]\" \/>\n<meta property=\"og:url\" content=\"https:\/\/www.noidiqua.it\/Montale\/il-restauro-dellorgano-di-fognano\/\" \/>\n<meta property=\"og:site_name\" content=\"Noi di Qua Testata giornalistica e di attualit\u00e0 di Agliana, Montale e Quarrata.\" \/>\n<meta property=\"article:publisher\" content=\"https:\/\/www.facebook.com\/noidiqua.trimestrale\/\" \/>\n<meta property=\"article:published_time\" content=\"2021-12-06T14:32:50+00:00\" \/>\n<meta property=\"article:modified_time\" content=\"2022-04-21T09:53:39+00:00\" \/>\n<meta property=\"og:image\" content=\"https:\/\/www.noidiqua.it\/Montale\/wp-content\/uploads\/2021\/12\/organo-fognano.png\" \/>\n<meta name=\"author\" content=\"Giacomo Bini\" \/>\n<meta name=\"twitter:label1\" content=\"Scritto da\" \/>\n\t<meta name=\"twitter:data1\" content=\"Giacomo Bini\" \/>\n\t<meta name=\"twitter:label2\" content=\"Tempo di lettura stimato\" \/>\n\t<meta name=\"twitter:data2\" content=\"3 minuti\" \/>\n<script type=\"application\/ld+json\" class=\"yoast-schema-graph\">{\"@context\":\"https:\/\/schema.org\",\"@graph\":[{\"@type\":\"WebPage\",\"@id\":\"https:\/\/www.noidiqua.it\/Montale\/il-restauro-dellorgano-di-fognano\/\",\"url\":\"https:\/\/www.noidiqua.it\/Montale\/il-restauro-dellorgano-di-fognano\/\",\"name\":\"il restauro dell'organo di Fognano - Noi di Qua Testata giornalistica e di attualit\u00e0 di Agliana, Montale e Quarrata.\",\"isPartOf\":{\"@id\":\"https:\/\/www.noidiqua.it\/Montale\/#website\"},\"primaryImageOfPage\":{\"@id\":\"https:\/\/www.noidiqua.it\/Montale\/il-restauro-dellorgano-di-fognano\/#primaryimage\"},\"image\":{\"@id\":\"https:\/\/www.noidiqua.it\/Montale\/il-restauro-dellorgano-di-fognano\/#primaryimage\"},\"thumbnailUrl\":\"https:\/\/www.noidiqua.it\/Montale\/wp-content\/uploads\/2021\/12\/organo-fognano.png\",\"datePublished\":\"2021-12-06T14:32:50+00:00\",\"dateModified\":\"2022-04-21T09:53:39+00:00\",\"author\":{\"@id\":\"https:\/\/www.noidiqua.it\/Montale\/#\/schema\/person\/e2e6f44da50af0dae9c90ad168e471a4\"},\"breadcrumb\":{\"@id\":\"https:\/\/www.noidiqua.it\/Montale\/il-restauro-dellorgano-di-fognano\/#breadcrumb\"},\"inLanguage\":\"it-IT\",\"potentialAction\":[{\"@type\":\"ReadAction\",\"target\":[\"https:\/\/www.noidiqua.it\/Montale\/il-restauro-dellorgano-di-fognano\/\"]}]},{\"@type\":\"ImageObject\",\"inLanguage\":\"it-IT\",\"@id\":\"https:\/\/www.noidiqua.it\/Montale\/il-restauro-dellorgano-di-fognano\/#primaryimage\",\"url\":\"https:\/\/www.noidiqua.it\/Montale\/wp-content\/uploads\/2021\/12\/organo-fognano.png\",\"contentUrl\":\"https:\/\/www.noidiqua.it\/Montale\/wp-content\/uploads\/2021\/12\/organo-fognano.png\",\"width\":488,\"height\":404},{\"@type\":\"BreadcrumbList\",\"@id\":\"https:\/\/www.noidiqua.it\/Montale\/il-restauro-dellorgano-di-fognano\/#breadcrumb\",\"itemListElement\":[{\"@type\":\"ListItem\",\"position\":1,\"name\":\"Home\",\"item\":\"https:\/\/www.noidiqua.it\/Montale\/\"},{\"@type\":\"ListItem\",\"position\":2,\"name\":\"il restauro dell&#8217;organo di Fognano\"}]},{\"@type\":\"WebSite\",\"@id\":\"https:\/\/www.noidiqua.it\/Montale\/#website\",\"url\":\"https:\/\/www.noidiqua.it\/Montale\/\",\"name\":\"Noi di Qua Testata giornalistica e di attualit\u00e0 di Agliana, Montale e Quarrata.\",\"description\":\"Testata Giornalistica Quarrata Montale Agliana\",\"potentialAction\":[{\"@type\":\"SearchAction\",\"target\":{\"@type\":\"EntryPoint\",\"urlTemplate\":\"https:\/\/www.noidiqua.it\/Montale\/?s={search_term_string}\"},\"query-input\":{\"@type\":\"PropertyValueSpecification\",\"valueRequired\":true,\"valueName\":\"search_term_string\"}}],\"inLanguage\":\"it-IT\"},{\"@type\":\"Person\",\"@id\":\"https:\/\/www.noidiqua.it\/Montale\/#\/schema\/person\/e2e6f44da50af0dae9c90ad168e471a4\",\"name\":\"Giacomo Bini\",\"image\":{\"@type\":\"ImageObject\",\"inLanguage\":\"it-IT\",\"@id\":\"https:\/\/www.noidiqua.it\/Montale\/#\/schema\/person\/image\/\",\"url\":\"https:\/\/secure.gravatar.com\/avatar\/e5c18ae41df5ae37397358f2c6046696187d51a120c5d0b8f0c49f7b606f46f4?s=96&d=mm&r=g\",\"contentUrl\":\"https:\/\/secure.gravatar.com\/avatar\/e5c18ae41df5ae37397358f2c6046696187d51a120c5d0b8f0c49f7b606f46f4?s=96&d=mm&r=g\",\"caption\":\"Giacomo Bini\"},\"url\":\"https:\/\/www.noidiqua.it\/Montale\/author\/giacomo-bini\/\"}]}<\/script>\n<!-- \/ Yoast SEO plugin. -->","yoast_head_json":{"title":"il restauro dell'organo di Fognano - Noi di Qua Testata giornalistica e di attualit\u00e0 di Agliana, Montale e Quarrata.","robots":{"index":"index","follow":"follow","max-snippet":"max-snippet:-1","max-image-preview":"max-image-preview:large","max-video-preview":"max-video-preview:-1"},"canonical":"https:\/\/www.noidiqua.it\/Montale\/il-restauro-dellorgano-di-fognano\/","og_locale":"it_IT","og_type":"article","og_title":"il restauro dell'organo di Fognano - Noi di Qua Testata giornalistica e di attualit\u00e0 di Agliana, Montale e Quarrata.","og_description":"di Giacomo Bini. Foto: Gabriele Bellini. dicembre 2021 L\u2019antico organo della chiesa di San Martino a Fognano torner\u00e0 a suonare grazie ad un progetto di restauro promosso dal parroco Don Cristoforo Dabrowski. Il prezioso strumento sar\u00e0 di supporto alle funzioni liturgiche ma potr\u00e0 essere anche utilizzato per un\u2019attivit\u00e0 concertistica di alto livello. Per sostenere [&hellip;]","og_url":"https:\/\/www.noidiqua.it\/Montale\/il-restauro-dellorgano-di-fognano\/","og_site_name":"Noi di Qua Testata giornalistica e di attualit\u00e0 di Agliana, Montale e Quarrata.","article_publisher":"https:\/\/www.facebook.com\/noidiqua.trimestrale\/","article_published_time":"2021-12-06T14:32:50+00:00","article_modified_time":"2022-04-21T09:53:39+00:00","og_image":[{"url":"https:\/\/www.noidiqua.it\/Montale\/wp-content\/uploads\/2021\/12\/organo-fognano.png","type":"","width":"","height":""}],"author":"Giacomo Bini","twitter_misc":{"Scritto da":"Giacomo Bini","Tempo di lettura stimato":"3 minuti"},"schema":{"@context":"https:\/\/schema.org","@graph":[{"@type":"WebPage","@id":"https:\/\/www.noidiqua.it\/Montale\/il-restauro-dellorgano-di-fognano\/","url":"https:\/\/www.noidiqua.it\/Montale\/il-restauro-dellorgano-di-fognano\/","name":"il restauro dell'organo di Fognano - Noi di Qua Testata giornalistica e di attualit\u00e0 di Agliana, Montale e Quarrata.","isPartOf":{"@id":"https:\/\/www.noidiqua.it\/Montale\/#website"},"primaryImageOfPage":{"@id":"https:\/\/www.noidiqua.it\/Montale\/il-restauro-dellorgano-di-fognano\/#primaryimage"},"image":{"@id":"https:\/\/www.noidiqua.it\/Montale\/il-restauro-dellorgano-di-fognano\/#primaryimage"},"thumbnailUrl":"https:\/\/www.noidiqua.it\/Montale\/wp-content\/uploads\/2021\/12\/organo-fognano.png","datePublished":"2021-12-06T14:32:50+00:00","dateModified":"2022-04-21T09:53:39+00:00","author":{"@id":"https:\/\/www.noidiqua.it\/Montale\/#\/schema\/person\/e2e6f44da50af0dae9c90ad168e471a4"},"breadcrumb":{"@id":"https:\/\/www.noidiqua.it\/Montale\/il-restauro-dellorgano-di-fognano\/#breadcrumb"},"inLanguage":"it-IT","potentialAction":[{"@type":"ReadAction","target":["https:\/\/www.noidiqua.it\/Montale\/il-restauro-dellorgano-di-fognano\/"]}]},{"@type":"ImageObject","inLanguage":"it-IT","@id":"https:\/\/www.noidiqua.it\/Montale\/il-restauro-dellorgano-di-fognano\/#primaryimage","url":"https:\/\/www.noidiqua.it\/Montale\/wp-content\/uploads\/2021\/12\/organo-fognano.png","contentUrl":"https:\/\/www.noidiqua.it\/Montale\/wp-content\/uploads\/2021\/12\/organo-fognano.png","width":488,"height":404},{"@type":"BreadcrumbList","@id":"https:\/\/www.noidiqua.it\/Montale\/il-restauro-dellorgano-di-fognano\/#breadcrumb","itemListElement":[{"@type":"ListItem","position":1,"name":"Home","item":"https:\/\/www.noidiqua.it\/Montale\/"},{"@type":"ListItem","position":2,"name":"il restauro dell&#8217;organo di Fognano"}]},{"@type":"WebSite","@id":"https:\/\/www.noidiqua.it\/Montale\/#website","url":"https:\/\/www.noidiqua.it\/Montale\/","name":"Noi di Qua Testata giornalistica e di attualit\u00e0 di Agliana, Montale e Quarrata.","description":"Testata Giornalistica Quarrata Montale Agliana","potentialAction":[{"@type":"SearchAction","target":{"@type":"EntryPoint","urlTemplate":"https:\/\/www.noidiqua.it\/Montale\/?s={search_term_string}"},"query-input":{"@type":"PropertyValueSpecification","valueRequired":true,"valueName":"search_term_string"}}],"inLanguage":"it-IT"},{"@type":"Person","@id":"https:\/\/www.noidiqua.it\/Montale\/#\/schema\/person\/e2e6f44da50af0dae9c90ad168e471a4","name":"Giacomo Bini","image":{"@type":"ImageObject","inLanguage":"it-IT","@id":"https:\/\/www.noidiqua.it\/Montale\/#\/schema\/person\/image\/","url":"https:\/\/secure.gravatar.com\/avatar\/e5c18ae41df5ae37397358f2c6046696187d51a120c5d0b8f0c49f7b606f46f4?s=96&d=mm&r=g","contentUrl":"https:\/\/secure.gravatar.com\/avatar\/e5c18ae41df5ae37397358f2c6046696187d51a120c5d0b8f0c49f7b606f46f4?s=96&d=mm&r=g","caption":"Giacomo Bini"},"url":"https:\/\/www.noidiqua.it\/Montale\/author\/giacomo-bini\/"}]}},"_links":{"self":[{"href":"https:\/\/www.noidiqua.it\/Montale\/wp-json\/wp\/v2\/posts\/6080","targetHints":{"allow":["GET"]}}],"collection":[{"href":"https:\/\/www.noidiqua.it\/Montale\/wp-json\/wp\/v2\/posts"}],"about":[{"href":"https:\/\/www.noidiqua.it\/Montale\/wp-json\/wp\/v2\/types\/post"}],"author":[{"embeddable":true,"href":"https:\/\/www.noidiqua.it\/Montale\/wp-json\/wp\/v2\/users\/12"}],"replies":[{"embeddable":true,"href":"https:\/\/www.noidiqua.it\/Montale\/wp-json\/wp\/v2\/comments?post=6080"}],"version-history":[{"count":1,"href":"https:\/\/www.noidiqua.it\/Montale\/wp-json\/wp\/v2\/posts\/6080\/revisions"}],"predecessor-version":[{"id":6082,"href":"https:\/\/www.noidiqua.it\/Montale\/wp-json\/wp\/v2\/posts\/6080\/revisions\/6082"}],"wp:attachment":[{"href":"https:\/\/www.noidiqua.it\/Montale\/wp-json\/wp\/v2\/media?parent=6080"}],"wp:term":[{"taxonomy":"category","embeddable":true,"href":"https:\/\/www.noidiqua.it\/Montale\/wp-json\/wp\/v2\/categories?post=6080"},{"taxonomy":"post_tag","embeddable":true,"href":"https:\/\/www.noidiqua.it\/Montale\/wp-json\/wp\/v2\/tags?post=6080"}],"curies":[{"name":"wp","href":"https:\/\/api.w.org\/{rel}","templated":true}]}}