{"id":6083,"date":"2021-12-06T15:51:34","date_gmt":"2021-12-06T14:51:34","guid":{"rendered":"https:\/\/www.noidiqua.it\/Montale\/?p=6083"},"modified":"2022-04-21T11:54:01","modified_gmt":"2022-04-21T09:54:01","slug":"alberta-breschi-la-bertina","status":"publish","type":"post","link":"https:\/\/www.noidiqua.it\/Montale\/alberta-breschi-la-bertina\/","title":{"rendered":"Alberta Breschi &#8211; \u201cla Bertina\u201d"},"content":{"rendered":"<p><em>di Giacomo Bini<\/em>. Foto: Bruno Tempestini.<\/p>\n<p><em>dicembre 2021<\/em><\/p>\n<p><a href=\"https:\/\/www.noidiqua.it\/Montale\/wp-content\/uploads\/2021\/12\/bertina-1.png\" rel=\"wp-prettyPhoto[6083]\"><img loading=\"lazy\" decoding=\"async\" class=\"aligncenter size-full wp-image-6084\" src=\"https:\/\/www.noidiqua.it\/Montale\/wp-content\/uploads\/2021\/12\/bertina-1.png\" alt=\"\" width=\"479\" height=\"372\" srcset=\"https:\/\/www.noidiqua.it\/Montale\/wp-content\/uploads\/2021\/12\/bertina-1.png 479w, https:\/\/www.noidiqua.it\/Montale\/wp-content\/uploads\/2021\/12\/bertina-1-300x233.png 300w\" sizes=\"auto, (max-width: 479px) 100vw, 479px\" \/><\/a><\/p>\n<p class=\"p1\"><span class=\"s1\">La <strong>Bertina<\/strong> \u00e8 un personaggio montalese che non c\u2019\u00e8 pi\u00f9 ma il cui ricordo \u00e8 ancora vivo in chi l\u2019ha conosciuta. <\/span><\/p>\n<p class=\"p1\"><span class=\"s1\">Ha vissuto sempre da sola nel chiostro della <strong>Badia<\/strong>, unica presenza umana nel complesso abbaziale per decenni abbandonato e diroccato. Le facevano compagnia solo decine di gatti, che lei accudiva amorevolmente e di cui si fidava certamente pi\u00f9 che degli esseri umani. Andava in giro a piedi a vendere, casa per casa, sapone e varichina che teneva in una grande borsa. Era l\u2019epoca in cui si poteva bussare e entrare nelle case facilmente, senza tanti cancelli, porte blindate o sistemi di allarme. La Bertina era accolta da tutti volentieri; tutti la conoscevano e l\u2019aiutavano e soprattutto, erano disposti a scambiare con lei qualche parola. Si poteva vedere spesso in <strong>chiesa<\/strong>, seduta sull\u2019ultima panca, col capo abbassato in atteggiamento di preghiera. Era molto credente, di una religiosit\u00e0 antica, un po\u2019 intrisa di superstizione e caratterizzata dall\u2019inquietudine che le forze del male fossero presenti e minacciose. Si lamentava spesso di oscure congiure ordite contro di lei che si manifestavano con la scomparsa improvvisa di qualcuno dei suoi <strong>gatti<\/strong>. Ed erano sempre i pi\u00f9 belli a sparire, rapiti, lei diceva, <i>\u00abper spregio\u00bb<\/i>. Quest\u2019idea che ci fosse qualcosa o qualcuno che voleva farle del male, in particolare nella parte femminile del genere umano, si era forse formata in lei anche in seguito alle angherie che aveva subito durante un ricovero in quell\u2019inferno che un tempo si chiamava <strong>manicomio<\/strong> e che per fortuna, anche se troppo tardivamente, \u00e8 stato cancellato dalla nostra societ\u00e0. In realt\u00e0 la Bertina era una persona dolce e buona, rispettosa e gentile, una presenza discreta e amichevole, che non chiedeva mai nulla a nessuno, quasi orgogliosa della propria autosufficienza.<\/span><\/p>\n<p><a href=\"https:\/\/www.noidiqua.it\/Montale\/wp-content\/uploads\/2021\/12\/bertina-2.png\" rel=\"wp-prettyPhoto[6083]\"><img loading=\"lazy\" decoding=\"async\" class=\"aligncenter size-full wp-image-6085\" src=\"https:\/\/www.noidiqua.it\/Montale\/wp-content\/uploads\/2021\/12\/bertina-2.png\" alt=\"\" width=\"315\" height=\"414\" srcset=\"https:\/\/www.noidiqua.it\/Montale\/wp-content\/uploads\/2021\/12\/bertina-2.png 315w, https:\/\/www.noidiqua.it\/Montale\/wp-content\/uploads\/2021\/12\/bertina-2-228x300.png 228w\" sizes=\"auto, (max-width: 315px) 100vw, 315px\" \/><\/a><\/p>\n<p class=\"p1\"><span class=\"s1\">Intorno a lei il mondo cambiava rapidamente: il boom edilizio ed economico, l\u2019aumento delle auto per le strade, i rumori e la frenesia crescente della modernit\u00e0. Lei invece continuava a camminare al suo passo, lento e silenzioso, piegata su se stessa, con la sua sporta in mano. Tutti la conoscevano e le volevano bene a Montale, ma era sconosciuta al sistema sanitario e ai servizi sociali. Non si ammalava mai e non aveva mai bisogno di niente. Le bastavano i suoi gatti e solo quando parlava di loro sul suo viso si dipingeva un raro sorriso. <\/span><\/p>\n<p class=\"p1\"><span class=\"s1\">Ad un certo punto, nel 1995, il complesso della Badia fu oggetto di una ristrutturazione e lei fu costretta ad abbandonare quella che fino ad allora era stata la sua casa. Fu trasferita in una roulotte nella piazzetta della Badia per consentirle di stare ancora vicina ai suoi gatti. Ma ormai la sua vita non poteva pi\u00f9 essere uguale a quella di prima e lei si intristiva ogni giorno di pi\u00f9. Due anni dopo, nel 1997, per poco non mor\u00ec nella roulotte in seguito ad una malattia da raffreddamento e i servizi sociali la sistemarono in un appartamento nei pressi del Comune. Ormai era stata raggiunta dalla <strong>civilt\u00e0 moderna<\/strong> e a lei questo non piaceva affatto. <strong>Alberta Breschi<\/strong>, questo il suo nome all\u2019anagrafe, aveva assistenza, riscaldamento, acqua corrente e anche una pensione sociale, ma si sentiva sradicata. Continuava ad andare a trovare i suoi gatti alla Badia e a girare casa per casa, ma ad un passo sempre pi\u00f9 faticoso e incerto.<\/span><\/p>\n<p><a href=\"https:\/\/www.noidiqua.it\/Montale\/wp-content\/uploads\/2021\/12\/bertina-3.png\" rel=\"wp-prettyPhoto[6083]\"><img loading=\"lazy\" decoding=\"async\" class=\"aligncenter  wp-image-6086\" src=\"https:\/\/www.noidiqua.it\/Montale\/wp-content\/uploads\/2021\/12\/bertina-3.png\" alt=\"\" width=\"393\" height=\"296\" \/><\/a><\/p>\n<p class=\"p1\"><span class=\"s1\">Nell\u2019aprile del 2003, in seguito ad un aggravamento delle sue condizioni di salute, fu ricoverata nella Rsa <strong>Le Lame<\/strong> di Agliana, e un mese dopo mor\u00ec, l\u20198 maggio, all\u2019et\u00e0 di 85 anni; fu un dolore per tutti quelli che erano abituati a vederla e ad incontrarla. Montale la ricorda con affetto. <\/span><\/p>","protected":false},"excerpt":{"rendered":"<p>di Giacomo Bini. Foto: Bruno Tempestini. dicembre 2021 La Bertina \u00e8 un personaggio montalese che non c\u2019\u00e8 pi\u00f9 ma il cui ricordo \u00e8 ancora vivo in chi l\u2019ha conosciuta. Ha vissuto sempre da sola nel chiostro della Badia, unica presenza umana nel complesso abbaziale per decenni abbandonato e diroccato. Le facevano compagnia solo decine [&hellip;]<\/p>","protected":false},"author":12,"featured_media":0,"comment_status":"open","ping_status":"open","sticky":false,"template":"","format":"standard","meta":{"footnotes":""},"categories":[7,13,170],"tags":[2776,216,2772,2690,2775,2773,2777,2774],"class_list":["post-6083","post","type-post","status-publish","format-standard","hentry","category-mt","category-personaggi-qt","category-persone-e-personaggi","tag-alberta-breschi","tag-badia","tag-bertina","tag-chiesa","tag-civilta-moderna","tag-gatti","tag-le-lame","tag-manicomio"],"yoast_head":"<!-- This site is optimized with the Yoast SEO plugin v25.5 - https:\/\/yoast.com\/wordpress\/plugins\/seo\/ -->\n<title>Alberta Breschi - \u201cla Bertina\u201d - Noi di Qua Testata giornalistica e di attualit\u00e0 di Agliana, Montale e Quarrata.<\/title>\n<meta name=\"robots\" content=\"index, follow, max-snippet:-1, max-image-preview:large, max-video-preview:-1\" \/>\n<link rel=\"canonical\" href=\"https:\/\/www.noidiqua.it\/Montale\/alberta-breschi-la-bertina\/\" \/>\n<meta property=\"og:locale\" content=\"it_IT\" \/>\n<meta property=\"og:type\" content=\"article\" \/>\n<meta property=\"og:title\" content=\"Alberta Breschi - \u201cla Bertina\u201d - Noi di Qua Testata giornalistica e di attualit\u00e0 di Agliana, Montale e Quarrata.\" \/>\n<meta property=\"og:description\" content=\"di Giacomo Bini. Foto: Bruno Tempestini. dicembre 2021 La Bertina \u00e8 un personaggio montalese che non c\u2019\u00e8 pi\u00f9 ma il cui ricordo \u00e8 ancora vivo in chi l\u2019ha conosciuta. Ha vissuto sempre da sola nel chiostro della Badia, unica presenza umana nel complesso abbaziale per decenni abbandonato e diroccato. Le facevano compagnia solo decine [&hellip;]\" \/>\n<meta property=\"og:url\" content=\"https:\/\/www.noidiqua.it\/Montale\/alberta-breschi-la-bertina\/\" \/>\n<meta property=\"og:site_name\" content=\"Noi di Qua Testata giornalistica e di attualit\u00e0 di Agliana, Montale e Quarrata.\" \/>\n<meta property=\"article:publisher\" content=\"https:\/\/www.facebook.com\/noidiqua.trimestrale\/\" \/>\n<meta property=\"article:published_time\" content=\"2021-12-06T14:51:34+00:00\" \/>\n<meta property=\"article:modified_time\" content=\"2022-04-21T09:54:01+00:00\" \/>\n<meta property=\"og:image\" content=\"https:\/\/www.noidiqua.it\/Montale\/wp-content\/uploads\/2021\/12\/bertina-1.png\" \/>\n<meta name=\"author\" content=\"Giacomo Bini\" \/>\n<meta name=\"twitter:label1\" content=\"Scritto da\" \/>\n\t<meta name=\"twitter:data1\" content=\"Giacomo Bini\" \/>\n\t<meta name=\"twitter:label2\" content=\"Tempo di lettura stimato\" \/>\n\t<meta name=\"twitter:data2\" content=\"3 minuti\" \/>\n<script type=\"application\/ld+json\" class=\"yoast-schema-graph\">{\"@context\":\"https:\/\/schema.org\",\"@graph\":[{\"@type\":\"WebPage\",\"@id\":\"https:\/\/www.noidiqua.it\/Montale\/alberta-breschi-la-bertina\/\",\"url\":\"https:\/\/www.noidiqua.it\/Montale\/alberta-breschi-la-bertina\/\",\"name\":\"Alberta Breschi - \u201cla Bertina\u201d - Noi di Qua Testata giornalistica e di attualit\u00e0 di Agliana, Montale e Quarrata.\",\"isPartOf\":{\"@id\":\"https:\/\/www.noidiqua.it\/Montale\/#website\"},\"primaryImageOfPage\":{\"@id\":\"https:\/\/www.noidiqua.it\/Montale\/alberta-breschi-la-bertina\/#primaryimage\"},\"image\":{\"@id\":\"https:\/\/www.noidiqua.it\/Montale\/alberta-breschi-la-bertina\/#primaryimage\"},\"thumbnailUrl\":\"https:\/\/www.noidiqua.it\/Montale\/wp-content\/uploads\/2021\/12\/bertina-1.png\",\"datePublished\":\"2021-12-06T14:51:34+00:00\",\"dateModified\":\"2022-04-21T09:54:01+00:00\",\"author\":{\"@id\":\"https:\/\/www.noidiqua.it\/Montale\/#\/schema\/person\/e2e6f44da50af0dae9c90ad168e471a4\"},\"breadcrumb\":{\"@id\":\"https:\/\/www.noidiqua.it\/Montale\/alberta-breschi-la-bertina\/#breadcrumb\"},\"inLanguage\":\"it-IT\",\"potentialAction\":[{\"@type\":\"ReadAction\",\"target\":[\"https:\/\/www.noidiqua.it\/Montale\/alberta-breschi-la-bertina\/\"]}]},{\"@type\":\"ImageObject\",\"inLanguage\":\"it-IT\",\"@id\":\"https:\/\/www.noidiqua.it\/Montale\/alberta-breschi-la-bertina\/#primaryimage\",\"url\":\"https:\/\/www.noidiqua.it\/Montale\/wp-content\/uploads\/2021\/12\/bertina-1.png\",\"contentUrl\":\"https:\/\/www.noidiqua.it\/Montale\/wp-content\/uploads\/2021\/12\/bertina-1.png\",\"width\":479,\"height\":372},{\"@type\":\"BreadcrumbList\",\"@id\":\"https:\/\/www.noidiqua.it\/Montale\/alberta-breschi-la-bertina\/#breadcrumb\",\"itemListElement\":[{\"@type\":\"ListItem\",\"position\":1,\"name\":\"Home\",\"item\":\"https:\/\/www.noidiqua.it\/Montale\/\"},{\"@type\":\"ListItem\",\"position\":2,\"name\":\"Alberta Breschi &#8211; \u201cla Bertina\u201d\"}]},{\"@type\":\"WebSite\",\"@id\":\"https:\/\/www.noidiqua.it\/Montale\/#website\",\"url\":\"https:\/\/www.noidiqua.it\/Montale\/\",\"name\":\"Noi di Qua Testata giornalistica e di attualit\u00e0 di Agliana, Montale e Quarrata.\",\"description\":\"Testata Giornalistica Quarrata Montale Agliana\",\"potentialAction\":[{\"@type\":\"SearchAction\",\"target\":{\"@type\":\"EntryPoint\",\"urlTemplate\":\"https:\/\/www.noidiqua.it\/Montale\/?s={search_term_string}\"},\"query-input\":{\"@type\":\"PropertyValueSpecification\",\"valueRequired\":true,\"valueName\":\"search_term_string\"}}],\"inLanguage\":\"it-IT\"},{\"@type\":\"Person\",\"@id\":\"https:\/\/www.noidiqua.it\/Montale\/#\/schema\/person\/e2e6f44da50af0dae9c90ad168e471a4\",\"name\":\"Giacomo Bini\",\"image\":{\"@type\":\"ImageObject\",\"inLanguage\":\"it-IT\",\"@id\":\"https:\/\/www.noidiqua.it\/Montale\/#\/schema\/person\/image\/\",\"url\":\"https:\/\/secure.gravatar.com\/avatar\/e5c18ae41df5ae37397358f2c6046696187d51a120c5d0b8f0c49f7b606f46f4?s=96&d=mm&r=g\",\"contentUrl\":\"https:\/\/secure.gravatar.com\/avatar\/e5c18ae41df5ae37397358f2c6046696187d51a120c5d0b8f0c49f7b606f46f4?s=96&d=mm&r=g\",\"caption\":\"Giacomo Bini\"},\"url\":\"https:\/\/www.noidiqua.it\/Montale\/author\/giacomo-bini\/\"}]}<\/script>\n<!-- \/ Yoast SEO plugin. -->","yoast_head_json":{"title":"Alberta Breschi - \u201cla Bertina\u201d - Noi di Qua Testata giornalistica e di attualit\u00e0 di Agliana, Montale e Quarrata.","robots":{"index":"index","follow":"follow","max-snippet":"max-snippet:-1","max-image-preview":"max-image-preview:large","max-video-preview":"max-video-preview:-1"},"canonical":"https:\/\/www.noidiqua.it\/Montale\/alberta-breschi-la-bertina\/","og_locale":"it_IT","og_type":"article","og_title":"Alberta Breschi - \u201cla Bertina\u201d - Noi di Qua Testata giornalistica e di attualit\u00e0 di Agliana, Montale e Quarrata.","og_description":"di Giacomo Bini. Foto: Bruno Tempestini. dicembre 2021 La Bertina \u00e8 un personaggio montalese che non c\u2019\u00e8 pi\u00f9 ma il cui ricordo \u00e8 ancora vivo in chi l\u2019ha conosciuta. Ha vissuto sempre da sola nel chiostro della Badia, unica presenza umana nel complesso abbaziale per decenni abbandonato e diroccato. Le facevano compagnia solo decine [&hellip;]","og_url":"https:\/\/www.noidiqua.it\/Montale\/alberta-breschi-la-bertina\/","og_site_name":"Noi di Qua Testata giornalistica e di attualit\u00e0 di Agliana, Montale e Quarrata.","article_publisher":"https:\/\/www.facebook.com\/noidiqua.trimestrale\/","article_published_time":"2021-12-06T14:51:34+00:00","article_modified_time":"2022-04-21T09:54:01+00:00","og_image":[{"url":"https:\/\/www.noidiqua.it\/Montale\/wp-content\/uploads\/2021\/12\/bertina-1.png","type":"","width":"","height":""}],"author":"Giacomo Bini","twitter_misc":{"Scritto da":"Giacomo Bini","Tempo di lettura stimato":"3 minuti"},"schema":{"@context":"https:\/\/schema.org","@graph":[{"@type":"WebPage","@id":"https:\/\/www.noidiqua.it\/Montale\/alberta-breschi-la-bertina\/","url":"https:\/\/www.noidiqua.it\/Montale\/alberta-breschi-la-bertina\/","name":"Alberta Breschi - \u201cla Bertina\u201d - Noi di Qua Testata giornalistica e di attualit\u00e0 di Agliana, Montale e Quarrata.","isPartOf":{"@id":"https:\/\/www.noidiqua.it\/Montale\/#website"},"primaryImageOfPage":{"@id":"https:\/\/www.noidiqua.it\/Montale\/alberta-breschi-la-bertina\/#primaryimage"},"image":{"@id":"https:\/\/www.noidiqua.it\/Montale\/alberta-breschi-la-bertina\/#primaryimage"},"thumbnailUrl":"https:\/\/www.noidiqua.it\/Montale\/wp-content\/uploads\/2021\/12\/bertina-1.png","datePublished":"2021-12-06T14:51:34+00:00","dateModified":"2022-04-21T09:54:01+00:00","author":{"@id":"https:\/\/www.noidiqua.it\/Montale\/#\/schema\/person\/e2e6f44da50af0dae9c90ad168e471a4"},"breadcrumb":{"@id":"https:\/\/www.noidiqua.it\/Montale\/alberta-breschi-la-bertina\/#breadcrumb"},"inLanguage":"it-IT","potentialAction":[{"@type":"ReadAction","target":["https:\/\/www.noidiqua.it\/Montale\/alberta-breschi-la-bertina\/"]}]},{"@type":"ImageObject","inLanguage":"it-IT","@id":"https:\/\/www.noidiqua.it\/Montale\/alberta-breschi-la-bertina\/#primaryimage","url":"https:\/\/www.noidiqua.it\/Montale\/wp-content\/uploads\/2021\/12\/bertina-1.png","contentUrl":"https:\/\/www.noidiqua.it\/Montale\/wp-content\/uploads\/2021\/12\/bertina-1.png","width":479,"height":372},{"@type":"BreadcrumbList","@id":"https:\/\/www.noidiqua.it\/Montale\/alberta-breschi-la-bertina\/#breadcrumb","itemListElement":[{"@type":"ListItem","position":1,"name":"Home","item":"https:\/\/www.noidiqua.it\/Montale\/"},{"@type":"ListItem","position":2,"name":"Alberta Breschi &#8211; \u201cla Bertina\u201d"}]},{"@type":"WebSite","@id":"https:\/\/www.noidiqua.it\/Montale\/#website","url":"https:\/\/www.noidiqua.it\/Montale\/","name":"Noi di Qua Testata giornalistica e di attualit\u00e0 di Agliana, Montale e Quarrata.","description":"Testata Giornalistica Quarrata Montale Agliana","potentialAction":[{"@type":"SearchAction","target":{"@type":"EntryPoint","urlTemplate":"https:\/\/www.noidiqua.it\/Montale\/?s={search_term_string}"},"query-input":{"@type":"PropertyValueSpecification","valueRequired":true,"valueName":"search_term_string"}}],"inLanguage":"it-IT"},{"@type":"Person","@id":"https:\/\/www.noidiqua.it\/Montale\/#\/schema\/person\/e2e6f44da50af0dae9c90ad168e471a4","name":"Giacomo Bini","image":{"@type":"ImageObject","inLanguage":"it-IT","@id":"https:\/\/www.noidiqua.it\/Montale\/#\/schema\/person\/image\/","url":"https:\/\/secure.gravatar.com\/avatar\/e5c18ae41df5ae37397358f2c6046696187d51a120c5d0b8f0c49f7b606f46f4?s=96&d=mm&r=g","contentUrl":"https:\/\/secure.gravatar.com\/avatar\/e5c18ae41df5ae37397358f2c6046696187d51a120c5d0b8f0c49f7b606f46f4?s=96&d=mm&r=g","caption":"Giacomo Bini"},"url":"https:\/\/www.noidiqua.it\/Montale\/author\/giacomo-bini\/"}]}},"_links":{"self":[{"href":"https:\/\/www.noidiqua.it\/Montale\/wp-json\/wp\/v2\/posts\/6083","targetHints":{"allow":["GET"]}}],"collection":[{"href":"https:\/\/www.noidiqua.it\/Montale\/wp-json\/wp\/v2\/posts"}],"about":[{"href":"https:\/\/www.noidiqua.it\/Montale\/wp-json\/wp\/v2\/types\/post"}],"author":[{"embeddable":true,"href":"https:\/\/www.noidiqua.it\/Montale\/wp-json\/wp\/v2\/users\/12"}],"replies":[{"embeddable":true,"href":"https:\/\/www.noidiqua.it\/Montale\/wp-json\/wp\/v2\/comments?post=6083"}],"version-history":[{"count":2,"href":"https:\/\/www.noidiqua.it\/Montale\/wp-json\/wp\/v2\/posts\/6083\/revisions"}],"predecessor-version":[{"id":6088,"href":"https:\/\/www.noidiqua.it\/Montale\/wp-json\/wp\/v2\/posts\/6083\/revisions\/6088"}],"wp:attachment":[{"href":"https:\/\/www.noidiqua.it\/Montale\/wp-json\/wp\/v2\/media?parent=6083"}],"wp:term":[{"taxonomy":"category","embeddable":true,"href":"https:\/\/www.noidiqua.it\/Montale\/wp-json\/wp\/v2\/categories?post=6083"},{"taxonomy":"post_tag","embeddable":true,"href":"https:\/\/www.noidiqua.it\/Montale\/wp-json\/wp\/v2\/tags?post=6083"}],"curies":[{"name":"wp","href":"https:\/\/api.w.org\/{rel}","templated":true}]}}