{"id":6123,"date":"2019-12-11T15:45:47","date_gmt":"2019-12-11T14:45:47","guid":{"rendered":"https:\/\/www.noidiqua.it\/Montale\/?p=6123"},"modified":"2022-01-13T15:46:27","modified_gmt":"2022-01-13T14:46:27","slug":"una-mela-al-giorno-3","status":"publish","type":"post","link":"https:\/\/www.noidiqua.it\/Montale\/una-mela-al-giorno-3\/","title":{"rendered":"Una mela al giorno"},"content":{"rendered":"<p><em>di Giacomo Bini<\/em><\/p>\n<p>dicembre\u00a0<em>2019<\/em><\/p>\n<p><a href=\"https:\/\/www.noidiqua.it\/Montale\/wp-content\/uploads\/2022\/01\/dottori-una-mela-al-giorno.png\" rel=\"wp-prettyPhoto[6123]\"><img loading=\"lazy\" decoding=\"async\" class=\"aligncenter size-full wp-image-6124\" src=\"https:\/\/www.noidiqua.it\/Montale\/wp-content\/uploads\/2022\/01\/dottori-una-mela-al-giorno.png\" alt=\"\" width=\"479\" height=\"339\" srcset=\"https:\/\/www.noidiqua.it\/Montale\/wp-content\/uploads\/2022\/01\/dottori-una-mela-al-giorno.png 479w, https:\/\/www.noidiqua.it\/Montale\/wp-content\/uploads\/2022\/01\/dottori-una-mela-al-giorno-300x212.png 300w\" sizes=\"auto, (max-width: 479px) 100vw, 479px\" \/><\/a><\/p>\n<p class=\"p1\"><span class=\"s1\">Diamo il benvenuto in questo numero alla dottoressa <strong>Paola Mandelli<\/strong> che inizia la collaborazione con la nostra rivista nella rubrica \u201c<strong>Una mela al giorno<\/strong>\u201d, dedicata alla salute, quel bene inestimabile che pu\u00f2 essere protetto meglio ascoltando qualche semplice ma prezioso consiglio di un medico di famiglia. Nel salutare la nostra nuova collaboratrice, vogliamo ricordare e ringraziare i suoi predecessori, il dottor <strong>Ferdinando Santini<\/strong> di Agliana e il compianto dottor <strong>Luigi Vangucci<\/strong> di Quarrata. <\/span><\/p>\n<p class=\"p1\"><span class=\"s1\">L\u2019idea di creare nella rivista una rubrica di informazione e educazione alla salute, venne al nostro mai dimenticato direttore <strong>Giancarlo Zampini<\/strong> che era un vulcano di idee e nella sua esperienza giornalistica aveva imparato che, per suscitare interesse nei lettori, non importava fare gli \u201cscoop\u201d, ma occorreva piuttosto essere vicini alle loro esigenze di tutti giorni. E quella di star bene, di <strong>prevenire<\/strong> le <strong>malattie<\/strong>, di sapere qualche piccolo segreto per scansare acciacchi o malanni di stagione, \u00e8 un\u2019esigenza sentitissima e oltretutto ha un grande valore culturale e civile. La conoscenza del proprio organismo, dei suoi punti deboli e delle sue risorse, delle sue reazioni all\u2019ambiente e ai nostri comportamenti, \u00e8 un patrimonio culturale che va coltivato fin dalla pi\u00f9 tenera et\u00e0. <\/span><\/p>\n<p class=\"p1\"><span class=\"s1\">Quanto al valore civile, basti rammentare quanto la prevenzione aiuti a tutelare il benessere collettivo e anche la ricchezza della collettivit\u00e0, visto che ogni malattia individuale ha un costo per la comunit\u00e0 generale. La nostra piccola rivista pu\u00f2 dare un contributo modestissimo ma anche qualche piccolo consiglio, talvolta, pu\u00f2 essere importante e pensiamo che a volte sia pi\u00f9 facile che venga raccolto se trasmesso con linguaggio semplice e non tecnico, secondo lo stile di un giornale che va in mano a tutte le famiglie della piana. La semplicit\u00e0 del linguaggio non deve per\u00f2 andare a discapito della scientificit\u00e0 del contenuto. Per questo <strong>Giancarlo Zampini<\/strong> pens\u00f2 di chiedere la collaborazione di un medico di famiglia, una figura che per esperienza e professionalit\u00e0 \u00e8 capace di parlare alla gente in modo comprensibile, essendo abituato a spiegare le cose pi\u00f9 difficili in termini semplici. Inoltre il medico di famiglia non \u00e8 solo un professionista ma anche una persona di fiducia, una presenza quotidiana, il primo a cui ci si rivolge quando si avverte qualcosa che non va, quello che sa tutto della nostra storia personale e familiare. In un\u2019epoca di disillusioni e di sfiducia in tanti settori, quella del <strong>medico<\/strong> di <strong>famiglia<\/strong> \u00e8 per fortuna ancora una voce autorevole. E&#8217; vero che alcuni oggi pensano di poter trovare tutto su internet, anche in materia di salute, e che a volte c\u2019\u00e8 perfino chi si affida a rimedi fai da te, pensando che la rete possa sostituire la scienza. Noi invece vogliamo mettere in guardia contro questa falsa e pericolosa democratizzazione della conoscenza. Se la nave \u00e8 in una tempesta, scriveva Platone, non si fa un referendum ma ci si affida ad un esperto di navigazione. E nemmeno, aggiungiamo noi, si consulta il \u201c<strong>dottor Google<\/strong>\u201d. <\/span><\/p>\n<p class=\"p1\"><span class=\"s1\">La nostra rubrica \u201cUna mela al giorno\u201d vuole fornire qualche informazione utile ma anche ribadire il valore del lavoro straordinariamente importante dei medici di famiglia. <\/span><\/p>","protected":false},"excerpt":{"rendered":"<p>di Giacomo Bini dicembre\u00a02019 Diamo il benvenuto in questo numero alla dottoressa Paola Mandelli che inizia la collaborazione con la nostra rivista nella rubrica \u201cUna mela al giorno\u201d, dedicata alla salute, quel bene inestimabile che pu\u00f2 essere protetto meglio ascoltando qualche semplice ma prezioso consiglio di un medico di famiglia. Nel salutare la nostra [&hellip;]<\/p>","protected":false},"author":12,"featured_media":0,"comment_status":"open","ping_status":"open","sticky":false,"template":"","format":"standard","meta":{"footnotes":""},"categories":[14,7],"tags":[2813,1417,924,576,103,2812,2597,2318,2811,158],"class_list":["post-6123","post","type-post","status-publish","format-standard","hentry","category-appuntired","category-mt","tag-dottor-google","tag-famiglia","tag-ferdinando-santini","tag-giancarlo-zampini","tag-luigi-vangucci","tag-malattie","tag-medico","tag-paola-mandelli","tag-prevenire","tag-una-mela-al-giorno"],"yoast_head":"<!-- This site is optimized with the Yoast SEO plugin v25.5 - https:\/\/yoast.com\/wordpress\/plugins\/seo\/ -->\n<title>Una mela al giorno - Noi di Qua Testata giornalistica e di attualit\u00e0 di Agliana, Montale e Quarrata.<\/title>\n<meta name=\"robots\" content=\"index, follow, max-snippet:-1, max-image-preview:large, max-video-preview:-1\" \/>\n<link rel=\"canonical\" href=\"https:\/\/www.noidiqua.it\/Montale\/una-mela-al-giorno-3\/\" \/>\n<meta property=\"og:locale\" content=\"it_IT\" \/>\n<meta property=\"og:type\" content=\"article\" \/>\n<meta property=\"og:title\" content=\"Una mela al giorno - Noi di Qua Testata giornalistica e di attualit\u00e0 di Agliana, Montale e Quarrata.\" \/>\n<meta property=\"og:description\" content=\"di Giacomo Bini dicembre\u00a02019 Diamo il benvenuto in questo numero alla dottoressa Paola Mandelli che inizia la collaborazione con la nostra rivista nella rubrica \u201cUna mela al giorno\u201d, dedicata alla salute, quel bene inestimabile che pu\u00f2 essere protetto meglio ascoltando qualche semplice ma prezioso consiglio di un medico di famiglia. Nel salutare la nostra [&hellip;]\" \/>\n<meta property=\"og:url\" content=\"https:\/\/www.noidiqua.it\/Montale\/una-mela-al-giorno-3\/\" \/>\n<meta property=\"og:site_name\" content=\"Noi di Qua Testata giornalistica e di attualit\u00e0 di Agliana, Montale e Quarrata.\" \/>\n<meta property=\"article:publisher\" content=\"https:\/\/www.facebook.com\/noidiqua.trimestrale\/\" \/>\n<meta property=\"article:published_time\" content=\"2019-12-11T14:45:47+00:00\" \/>\n<meta property=\"article:modified_time\" content=\"2022-01-13T14:46:27+00:00\" \/>\n<meta property=\"og:image\" content=\"https:\/\/www.noidiqua.it\/Montale\/wp-content\/uploads\/2022\/01\/dottori-una-mela-al-giorno.png\" \/>\n<meta name=\"author\" content=\"Giacomo Bini\" \/>\n<meta name=\"twitter:label1\" content=\"Scritto da\" \/>\n\t<meta name=\"twitter:data1\" content=\"Giacomo Bini\" \/>\n\t<meta name=\"twitter:label2\" content=\"Tempo di lettura stimato\" \/>\n\t<meta name=\"twitter:data2\" content=\"3 minuti\" \/>\n<script type=\"application\/ld+json\" class=\"yoast-schema-graph\">{\"@context\":\"https:\/\/schema.org\",\"@graph\":[{\"@type\":\"WebPage\",\"@id\":\"https:\/\/www.noidiqua.it\/Montale\/una-mela-al-giorno-3\/\",\"url\":\"https:\/\/www.noidiqua.it\/Montale\/una-mela-al-giorno-3\/\",\"name\":\"Una mela al giorno - Noi di Qua Testata giornalistica e di attualit\u00e0 di Agliana, Montale e Quarrata.\",\"isPartOf\":{\"@id\":\"https:\/\/www.noidiqua.it\/Montale\/#website\"},\"primaryImageOfPage\":{\"@id\":\"https:\/\/www.noidiqua.it\/Montale\/una-mela-al-giorno-3\/#primaryimage\"},\"image\":{\"@id\":\"https:\/\/www.noidiqua.it\/Montale\/una-mela-al-giorno-3\/#primaryimage\"},\"thumbnailUrl\":\"https:\/\/www.noidiqua.it\/Montale\/wp-content\/uploads\/2022\/01\/dottori-una-mela-al-giorno.png\",\"datePublished\":\"2019-12-11T14:45:47+00:00\",\"dateModified\":\"2022-01-13T14:46:27+00:00\",\"author\":{\"@id\":\"https:\/\/www.noidiqua.it\/Montale\/#\/schema\/person\/e2e6f44da50af0dae9c90ad168e471a4\"},\"breadcrumb\":{\"@id\":\"https:\/\/www.noidiqua.it\/Montale\/una-mela-al-giorno-3\/#breadcrumb\"},\"inLanguage\":\"it-IT\",\"potentialAction\":[{\"@type\":\"ReadAction\",\"target\":[\"https:\/\/www.noidiqua.it\/Montale\/una-mela-al-giorno-3\/\"]}]},{\"@type\":\"ImageObject\",\"inLanguage\":\"it-IT\",\"@id\":\"https:\/\/www.noidiqua.it\/Montale\/una-mela-al-giorno-3\/#primaryimage\",\"url\":\"https:\/\/www.noidiqua.it\/Montale\/wp-content\/uploads\/2022\/01\/dottori-una-mela-al-giorno.png\",\"contentUrl\":\"https:\/\/www.noidiqua.it\/Montale\/wp-content\/uploads\/2022\/01\/dottori-una-mela-al-giorno.png\",\"width\":479,\"height\":339},{\"@type\":\"BreadcrumbList\",\"@id\":\"https:\/\/www.noidiqua.it\/Montale\/una-mela-al-giorno-3\/#breadcrumb\",\"itemListElement\":[{\"@type\":\"ListItem\",\"position\":1,\"name\":\"Home\",\"item\":\"https:\/\/www.noidiqua.it\/Montale\/\"},{\"@type\":\"ListItem\",\"position\":2,\"name\":\"Una mela al giorno\"}]},{\"@type\":\"WebSite\",\"@id\":\"https:\/\/www.noidiqua.it\/Montale\/#website\",\"url\":\"https:\/\/www.noidiqua.it\/Montale\/\",\"name\":\"Noi di Qua Testata giornalistica e di attualit\u00e0 di Agliana, Montale e Quarrata.\",\"description\":\"Testata Giornalistica Quarrata Montale Agliana\",\"potentialAction\":[{\"@type\":\"SearchAction\",\"target\":{\"@type\":\"EntryPoint\",\"urlTemplate\":\"https:\/\/www.noidiqua.it\/Montale\/?s={search_term_string}\"},\"query-input\":{\"@type\":\"PropertyValueSpecification\",\"valueRequired\":true,\"valueName\":\"search_term_string\"}}],\"inLanguage\":\"it-IT\"},{\"@type\":\"Person\",\"@id\":\"https:\/\/www.noidiqua.it\/Montale\/#\/schema\/person\/e2e6f44da50af0dae9c90ad168e471a4\",\"name\":\"Giacomo Bini\",\"image\":{\"@type\":\"ImageObject\",\"inLanguage\":\"it-IT\",\"@id\":\"https:\/\/www.noidiqua.it\/Montale\/#\/schema\/person\/image\/\",\"url\":\"https:\/\/secure.gravatar.com\/avatar\/e5c18ae41df5ae37397358f2c6046696187d51a120c5d0b8f0c49f7b606f46f4?s=96&d=mm&r=g\",\"contentUrl\":\"https:\/\/secure.gravatar.com\/avatar\/e5c18ae41df5ae37397358f2c6046696187d51a120c5d0b8f0c49f7b606f46f4?s=96&d=mm&r=g\",\"caption\":\"Giacomo Bini\"},\"url\":\"https:\/\/www.noidiqua.it\/Montale\/author\/giacomo-bini\/\"}]}<\/script>\n<!-- \/ Yoast SEO plugin. -->","yoast_head_json":{"title":"Una mela al giorno - Noi di Qua Testata giornalistica e di attualit\u00e0 di Agliana, Montale e Quarrata.","robots":{"index":"index","follow":"follow","max-snippet":"max-snippet:-1","max-image-preview":"max-image-preview:large","max-video-preview":"max-video-preview:-1"},"canonical":"https:\/\/www.noidiqua.it\/Montale\/una-mela-al-giorno-3\/","og_locale":"it_IT","og_type":"article","og_title":"Una mela al giorno - Noi di Qua Testata giornalistica e di attualit\u00e0 di Agliana, Montale e Quarrata.","og_description":"di Giacomo Bini dicembre\u00a02019 Diamo il benvenuto in questo numero alla dottoressa Paola Mandelli che inizia la collaborazione con la nostra rivista nella rubrica \u201cUna mela al giorno\u201d, dedicata alla salute, quel bene inestimabile che pu\u00f2 essere protetto meglio ascoltando qualche semplice ma prezioso consiglio di un medico di famiglia. Nel salutare la nostra [&hellip;]","og_url":"https:\/\/www.noidiqua.it\/Montale\/una-mela-al-giorno-3\/","og_site_name":"Noi di Qua Testata giornalistica e di attualit\u00e0 di Agliana, Montale e Quarrata.","article_publisher":"https:\/\/www.facebook.com\/noidiqua.trimestrale\/","article_published_time":"2019-12-11T14:45:47+00:00","article_modified_time":"2022-01-13T14:46:27+00:00","og_image":[{"url":"https:\/\/www.noidiqua.it\/Montale\/wp-content\/uploads\/2022\/01\/dottori-una-mela-al-giorno.png","type":"","width":"","height":""}],"author":"Giacomo Bini","twitter_misc":{"Scritto da":"Giacomo Bini","Tempo di lettura stimato":"3 minuti"},"schema":{"@context":"https:\/\/schema.org","@graph":[{"@type":"WebPage","@id":"https:\/\/www.noidiqua.it\/Montale\/una-mela-al-giorno-3\/","url":"https:\/\/www.noidiqua.it\/Montale\/una-mela-al-giorno-3\/","name":"Una mela al giorno - Noi di Qua Testata giornalistica e di attualit\u00e0 di Agliana, Montale e Quarrata.","isPartOf":{"@id":"https:\/\/www.noidiqua.it\/Montale\/#website"},"primaryImageOfPage":{"@id":"https:\/\/www.noidiqua.it\/Montale\/una-mela-al-giorno-3\/#primaryimage"},"image":{"@id":"https:\/\/www.noidiqua.it\/Montale\/una-mela-al-giorno-3\/#primaryimage"},"thumbnailUrl":"https:\/\/www.noidiqua.it\/Montale\/wp-content\/uploads\/2022\/01\/dottori-una-mela-al-giorno.png","datePublished":"2019-12-11T14:45:47+00:00","dateModified":"2022-01-13T14:46:27+00:00","author":{"@id":"https:\/\/www.noidiqua.it\/Montale\/#\/schema\/person\/e2e6f44da50af0dae9c90ad168e471a4"},"breadcrumb":{"@id":"https:\/\/www.noidiqua.it\/Montale\/una-mela-al-giorno-3\/#breadcrumb"},"inLanguage":"it-IT","potentialAction":[{"@type":"ReadAction","target":["https:\/\/www.noidiqua.it\/Montale\/una-mela-al-giorno-3\/"]}]},{"@type":"ImageObject","inLanguage":"it-IT","@id":"https:\/\/www.noidiqua.it\/Montale\/una-mela-al-giorno-3\/#primaryimage","url":"https:\/\/www.noidiqua.it\/Montale\/wp-content\/uploads\/2022\/01\/dottori-una-mela-al-giorno.png","contentUrl":"https:\/\/www.noidiqua.it\/Montale\/wp-content\/uploads\/2022\/01\/dottori-una-mela-al-giorno.png","width":479,"height":339},{"@type":"BreadcrumbList","@id":"https:\/\/www.noidiqua.it\/Montale\/una-mela-al-giorno-3\/#breadcrumb","itemListElement":[{"@type":"ListItem","position":1,"name":"Home","item":"https:\/\/www.noidiqua.it\/Montale\/"},{"@type":"ListItem","position":2,"name":"Una mela al giorno"}]},{"@type":"WebSite","@id":"https:\/\/www.noidiqua.it\/Montale\/#website","url":"https:\/\/www.noidiqua.it\/Montale\/","name":"Noi di Qua Testata giornalistica e di attualit\u00e0 di Agliana, Montale e Quarrata.","description":"Testata Giornalistica Quarrata Montale Agliana","potentialAction":[{"@type":"SearchAction","target":{"@type":"EntryPoint","urlTemplate":"https:\/\/www.noidiqua.it\/Montale\/?s={search_term_string}"},"query-input":{"@type":"PropertyValueSpecification","valueRequired":true,"valueName":"search_term_string"}}],"inLanguage":"it-IT"},{"@type":"Person","@id":"https:\/\/www.noidiqua.it\/Montale\/#\/schema\/person\/e2e6f44da50af0dae9c90ad168e471a4","name":"Giacomo Bini","image":{"@type":"ImageObject","inLanguage":"it-IT","@id":"https:\/\/www.noidiqua.it\/Montale\/#\/schema\/person\/image\/","url":"https:\/\/secure.gravatar.com\/avatar\/e5c18ae41df5ae37397358f2c6046696187d51a120c5d0b8f0c49f7b606f46f4?s=96&d=mm&r=g","contentUrl":"https:\/\/secure.gravatar.com\/avatar\/e5c18ae41df5ae37397358f2c6046696187d51a120c5d0b8f0c49f7b606f46f4?s=96&d=mm&r=g","caption":"Giacomo Bini"},"url":"https:\/\/www.noidiqua.it\/Montale\/author\/giacomo-bini\/"}]}},"_links":{"self":[{"href":"https:\/\/www.noidiqua.it\/Montale\/wp-json\/wp\/v2\/posts\/6123","targetHints":{"allow":["GET"]}}],"collection":[{"href":"https:\/\/www.noidiqua.it\/Montale\/wp-json\/wp\/v2\/posts"}],"about":[{"href":"https:\/\/www.noidiqua.it\/Montale\/wp-json\/wp\/v2\/types\/post"}],"author":[{"embeddable":true,"href":"https:\/\/www.noidiqua.it\/Montale\/wp-json\/wp\/v2\/users\/12"}],"replies":[{"embeddable":true,"href":"https:\/\/www.noidiqua.it\/Montale\/wp-json\/wp\/v2\/comments?post=6123"}],"version-history":[{"count":1,"href":"https:\/\/www.noidiqua.it\/Montale\/wp-json\/wp\/v2\/posts\/6123\/revisions"}],"predecessor-version":[{"id":6125,"href":"https:\/\/www.noidiqua.it\/Montale\/wp-json\/wp\/v2\/posts\/6123\/revisions\/6125"}],"wp:attachment":[{"href":"https:\/\/www.noidiqua.it\/Montale\/wp-json\/wp\/v2\/media?parent=6123"}],"wp:term":[{"taxonomy":"category","embeddable":true,"href":"https:\/\/www.noidiqua.it\/Montale\/wp-json\/wp\/v2\/categories?post=6123"},{"taxonomy":"post_tag","embeddable":true,"href":"https:\/\/www.noidiqua.it\/Montale\/wp-json\/wp\/v2\/tags?post=6123"}],"curies":[{"name":"wp","href":"https:\/\/api.w.org\/{rel}","templated":true}]}}