{"id":6210,"date":"2019-09-05T10:45:37","date_gmt":"2019-09-05T08:45:37","guid":{"rendered":"https:\/\/www.noidiqua.it\/Montale\/?p=6210"},"modified":"2022-01-17T10:47:07","modified_gmt":"2022-01-17T09:47:07","slug":"francesca-sarteanesi-pensieri-scritti-sulle-maglie","status":"publish","type":"post","link":"https:\/\/www.noidiqua.it\/Montale\/francesca-sarteanesi-pensieri-scritti-sulle-maglie\/","title":{"rendered":"Francesca Sarteanesi &#8211; pensieri scritti sulle maglie"},"content":{"rendered":"<p><em>di Marco Bagnoli<\/em><\/p>\n<p><span style=\"line-height: 1.5;\">settembre\u00a0<\/span><em style=\"line-height: 1.5;\">2019<\/em><\/p>\n<p><a href=\"https:\/\/www.noidiqua.it\/Montale\/wp-content\/uploads\/2022\/01\/FRANCESCA-SARTEANESI--e1642412402773.png\" rel=\"wp-prettyPhoto[6210]\"><img loading=\"lazy\" decoding=\"async\" class=\"aligncenter wp-image-6211 \" src=\"https:\/\/www.noidiqua.it\/Montale\/wp-content\/uploads\/2022\/01\/FRANCESCA-SARTEANESI--e1642412402773.png\" alt=\"\" width=\"461\" height=\"366\" srcset=\"https:\/\/www.noidiqua.it\/Montale\/wp-content\/uploads\/2022\/01\/FRANCESCA-SARTEANESI--e1642412402773.png 648w, https:\/\/www.noidiqua.it\/Montale\/wp-content\/uploads\/2022\/01\/FRANCESCA-SARTEANESI--e1642412402773-300x238.png 300w, https:\/\/www.noidiqua.it\/Montale\/wp-content\/uploads\/2022\/01\/FRANCESCA-SARTEANESI--e1642412402773-640x508.png 640w\" sizes=\"auto, (max-width: 461px) 100vw, 461px\" \/><\/a><\/p>\n<p class=\"p1\"><span class=\"s1\">In una splendida mattinata di un\u2019estate ormai matura siamo andati a fare la conoscenza di <strong>Francesca Sarteanesi<\/strong> e dei suoi maglioni; s\u00ec esatto, <strong>maglioni di lana<\/strong>. A dire tutta la verit\u00e0 per\u00f2, avevamo gi\u00e0 conosciuto <a href=\"https:\/\/www.noidiqua.it\/Montale\/francesca-sarteanesi-una-donna-fra-gli-omini\/\">Francesca nel 2014<\/a>, quando presentammo al nostro pubblico di lettori il suo universo teatrale degli Omini, assieme a Francesco Rotelli e Luca Zacchini. E il suo impegno nel campo della recitazione e della scrittura continua ancora oggi, essendo recente la sua partecipazione al festival Inequilibrio di Castiglioncello col suo \u201c<strong>Bella bestia<\/strong>\u201d, assieme a Luisa Busi, una produzione delle Officine della cultura di Arezzo.<\/span><\/p>\n<p><a href=\"https:\/\/www.noidiqua.it\/Montale\/wp-content\/uploads\/2022\/01\/FRANCESCA-SARTEANESI-5.png\" rel=\"wp-prettyPhoto[6210]\"><img loading=\"lazy\" decoding=\"async\" class=\"aligncenter wp-image-6212\" src=\"https:\/\/www.noidiqua.it\/Montale\/wp-content\/uploads\/2022\/01\/FRANCESCA-SARTEANESI-5.png\" alt=\"\" width=\"327\" height=\"327\" srcset=\"https:\/\/www.noidiqua.it\/Montale\/wp-content\/uploads\/2022\/01\/FRANCESCA-SARTEANESI-5.png 450w, https:\/\/www.noidiqua.it\/Montale\/wp-content\/uploads\/2022\/01\/FRANCESCA-SARTEANESI-5-300x300.png 300w, https:\/\/www.noidiqua.it\/Montale\/wp-content\/uploads\/2022\/01\/FRANCESCA-SARTEANESI-5-150x150.png 150w\" sizes=\"auto, (max-width: 327px) 100vw, 327px\" \/><\/a><\/p>\n<p class=\"p1\"><span class=\"s1\">Per\u00f2 qui tira vento, un vento fresco e sar\u00e0 bene tornare a parlare di maglioni. I maglioni di Francesca sono particolari, perch\u00e9 sono tutti \u201cscritti\u201d. Inizi\u00f2 quasi per caso nel settembre-ottobre dello scorso anno, mettendo a frutto quei due punti di cucito che aveva imparato dalle suore di Montale. La prima frase, che dar\u00e0 poi il nome a tutta la sua linea di abbigliamento, era gi\u00e0 tutta un programma, \u201c<strong>almeno nevicasse<\/strong>\u201d; come dire, almeno succedesse qualcosa. Da l\u00ec in poi qualcosa \u00e8 finito per succedere davvero; gli amici l\u2019hanno incoraggiata e cos\u00ec Francesca ha fatto il suo primo mercatino vintage. Come molte cose partite per scherzo, i maglioni sono piaciuti e sono andati a ruba. Allora s\u00ec che la raccolta delle frasi \u00e8 cominciata davvero ed \u00e8 nata una linea di maglioni \u2013 una linea un po\u2019 atipica, perch\u00e9 sono tutti pezzi unici, solo le frasi tornano e si ripresentano, come fantasmi di gatti nella notte. I maglioni, frutto di<strong> recupero<\/strong> o superstiti di vecchie collezioni, tutti rigorosamente di lana o cashmere o acrilico, privati di qualunque <strong>brand<\/strong> o etichetta, portano le scritte sul davanti o sulla schiena e le frasi sono a volte di quelle che sono prima o poi passate per la mente di tutti.<\/span><\/p>\n<p><a href=\"https:\/\/www.noidiqua.it\/Montale\/wp-content\/uploads\/2022\/01\/FRANCESCA-SARTEANESI-4.png\" rel=\"wp-prettyPhoto[6210]\"><img loading=\"lazy\" decoding=\"async\" class=\"aligncenter size-full wp-image-6213\" src=\"https:\/\/www.noidiqua.it\/Montale\/wp-content\/uploads\/2022\/01\/FRANCESCA-SARTEANESI-4.png\" alt=\"\" width=\"281\" height=\"380\" srcset=\"https:\/\/www.noidiqua.it\/Montale\/wp-content\/uploads\/2022\/01\/FRANCESCA-SARTEANESI-4.png 281w, https:\/\/www.noidiqua.it\/Montale\/wp-content\/uploads\/2022\/01\/FRANCESCA-SARTEANESI-4-222x300.png 222w\" sizes=\"auto, (max-width: 281px) 100vw, 281px\" \/><\/a><\/p>\n<p class=\"p1\"><span class=\"s1\">Nonostante la felicit\u00e0 con la quale si lasciano leggere, spesso queste frasi sono il risultato di processi pi\u00f9 complessi, e partono magari da momenti di un vuoto particolarmente interrogativo. Francesca si \u00e8 gi\u00e0 presentata col suo lavoro a Firenze, Prato, ma anche Milano e a breve ad Empoli. Osservando il pubblico, non si pu\u00f2 non concludere che ciascuno sceglie immancabilmente l\u2019oggetto che pi\u00f9 lo riguarda, insomma, come una specie di terapia. Instagram, col profilo <strong>@almenonevicasse<\/strong>, sta giocando un ruolo determinante, col suo farsi vetrina fino nei posti pi\u00f9 impensabili dello stivale, arrivando anche a Bruxelles. Non bisogna per\u00f2 dimenticare che una buona met\u00e0 del lavoro dietro questi maglioni parlanti \u00e8 svolto dalla quanto mai preziosa collaboratrice di Francesca, Rebecca Ihle, di Prato, sarta e costumista. Rebecca consente all\u2019idea iniziale di Francesca di trasformarsi in un qualcosa di indossabile e quindi vendibile. Anche le foto sono tutte opera delle nostre ragazze; non mancava che una modella a indossare le creazioni&#8230; e la modella c\u2019\u00e8 e si chiama <strong>Margherita Marzocchini<\/strong>, di Montemurlo. Secondo Francesca Margherita \u00e8 la ragazza perfetta, in grado di lasciare esprimere sempre il meglio a quelle foto.<\/span><\/p>\n<p><a href=\"https:\/\/www.noidiqua.it\/Montale\/wp-content\/uploads\/2022\/01\/FRANCESCA-SARTEANESI-3.png\" rel=\"wp-prettyPhoto[6210]\"><img loading=\"lazy\" decoding=\"async\" class=\"aligncenter size-full wp-image-6214\" src=\"https:\/\/www.noidiqua.it\/Montale\/wp-content\/uploads\/2022\/01\/FRANCESCA-SARTEANESI-3.png\" alt=\"\" width=\"304\" height=\"380\" srcset=\"https:\/\/www.noidiqua.it\/Montale\/wp-content\/uploads\/2022\/01\/FRANCESCA-SARTEANESI-3.png 304w, https:\/\/www.noidiqua.it\/Montale\/wp-content\/uploads\/2022\/01\/FRANCESCA-SARTEANESI-3-240x300.png 240w\" sizes=\"auto, (max-width: 304px) 100vw, 304px\" \/><\/a><\/p>\n<p class=\"p1\"><span class=\"s1\">Attualmente la squadra dei maglioni sta lavorando alla nuova collezione, con nuovi modelli e ovviamente nuove scritte. Molte di queste si avvalgono di una semanticit\u00e0 estesa, che acquistano una volta esternati dalla mente e depositati sulla stoffa, come \u201cpensa te\u201d, o \u201cio rimango\u201d; altre si limitano a constatare la forza d\u2019urto di certi modi di dire ormai consumati, come \u201c<strong>non \u00e8 freddo, \u00e8 umido<\/strong>\u201d. Forse il segreto di tutto questo successo deriva dalla semplice condizione di partenza di non avere nessuna aspettativa: nessuno si aspettava di finire a fare mercatini e tanto meno di finire pubblicati su di una importante rivista di moda come <strong>Elle<\/strong>, che si \u00e8 accorta di loro gi\u00e0 nello scorso inverno. Ci vediamo il 5 e 6 ottobre al Visarno Market, anzi, ci leggiamo\u2026<\/span><\/p>","protected":false},"excerpt":{"rendered":"<p>di Marco Bagnoli settembre\u00a02019 In una splendida mattinata di un\u2019estate ormai matura siamo andati a fare la conoscenza di Francesca Sarteanesi e dei suoi maglioni; s\u00ec esatto, maglioni di lana. A dire tutta la verit\u00e0 per\u00f2, avevamo gi\u00e0 conosciuto Francesca nel 2014, quando presentammo al nostro pubblico di lettori il suo universo teatrale degli [&hellip;]<\/p>","protected":false},"author":3,"featured_media":0,"comment_status":"open","ping_status":"open","sticky":false,"template":"","format":"standard","meta":{"footnotes":""},"categories":[23,7],"tags":[2932,2931,2930,1892,2935,2936,2928,2929,2933,2934,2180],"class_list":["post-6210","post","type-post","status-publish","format-standard","hentry","category-arte-artigianato-qt","category-mt","tag-almenonevicasse","tag-almeno-nevicasse","tag-bella-bestia","tag-brand","tag-e-umido","tag-elle","tag-francesca-sarteanesi","tag-maglioni-di-lana","tag-margherita-marzocchini","tag-non-e-freddo","tag-recupero"],"yoast_head":"<!-- This site is optimized with the Yoast SEO plugin v25.5 - https:\/\/yoast.com\/wordpress\/plugins\/seo\/ -->\n<title>Francesca Sarteanesi - pensieri scritti sulle maglie - Noi di Qua Testata giornalistica e di attualit\u00e0 di Agliana, Montale e Quarrata.<\/title>\n<meta name=\"robots\" content=\"index, follow, max-snippet:-1, max-image-preview:large, max-video-preview:-1\" \/>\n<link rel=\"canonical\" href=\"https:\/\/www.noidiqua.it\/Montale\/francesca-sarteanesi-pensieri-scritti-sulle-maglie\/\" \/>\n<meta property=\"og:locale\" content=\"it_IT\" \/>\n<meta property=\"og:type\" content=\"article\" \/>\n<meta property=\"og:title\" content=\"Francesca Sarteanesi - pensieri scritti sulle maglie - Noi di Qua Testata giornalistica e di attualit\u00e0 di Agliana, Montale e Quarrata.\" \/>\n<meta property=\"og:description\" content=\"di Marco Bagnoli settembre\u00a02019 In una splendida mattinata di un\u2019estate ormai matura siamo andati a fare la conoscenza di Francesca Sarteanesi e dei suoi maglioni; s\u00ec esatto, maglioni di lana. A dire tutta la verit\u00e0 per\u00f2, avevamo gi\u00e0 conosciuto Francesca nel 2014, quando presentammo al nostro pubblico di lettori il suo universo teatrale degli [&hellip;]\" \/>\n<meta property=\"og:url\" content=\"https:\/\/www.noidiqua.it\/Montale\/francesca-sarteanesi-pensieri-scritti-sulle-maglie\/\" \/>\n<meta property=\"og:site_name\" content=\"Noi di Qua Testata giornalistica e di attualit\u00e0 di Agliana, Montale e Quarrata.\" \/>\n<meta property=\"article:publisher\" content=\"https:\/\/www.facebook.com\/noidiqua.trimestrale\/\" \/>\n<meta property=\"article:published_time\" content=\"2019-09-05T08:45:37+00:00\" \/>\n<meta property=\"article:modified_time\" content=\"2022-01-17T09:47:07+00:00\" \/>\n<meta property=\"og:image\" content=\"https:\/\/www.noidiqua.it\/Montale\/wp-content\/uploads\/2022\/01\/FRANCESCA-SARTEANESI--e1642412402773.png\" \/>\n<meta name=\"author\" content=\"Marco Bagnoli\" \/>\n<meta name=\"twitter:label1\" content=\"Scritto da\" \/>\n\t<meta name=\"twitter:data1\" content=\"Marco Bagnoli\" \/>\n\t<meta name=\"twitter:label2\" content=\"Tempo di lettura stimato\" \/>\n\t<meta name=\"twitter:data2\" content=\"3 minuti\" \/>\n<script type=\"application\/ld+json\" class=\"yoast-schema-graph\">{\"@context\":\"https:\/\/schema.org\",\"@graph\":[{\"@type\":\"WebPage\",\"@id\":\"https:\/\/www.noidiqua.it\/Montale\/francesca-sarteanesi-pensieri-scritti-sulle-maglie\/\",\"url\":\"https:\/\/www.noidiqua.it\/Montale\/francesca-sarteanesi-pensieri-scritti-sulle-maglie\/\",\"name\":\"Francesca Sarteanesi - pensieri scritti sulle maglie - Noi di Qua Testata giornalistica e di attualit\u00e0 di Agliana, Montale e Quarrata.\",\"isPartOf\":{\"@id\":\"https:\/\/www.noidiqua.it\/Montale\/#website\"},\"primaryImageOfPage\":{\"@id\":\"https:\/\/www.noidiqua.it\/Montale\/francesca-sarteanesi-pensieri-scritti-sulle-maglie\/#primaryimage\"},\"image\":{\"@id\":\"https:\/\/www.noidiqua.it\/Montale\/francesca-sarteanesi-pensieri-scritti-sulle-maglie\/#primaryimage\"},\"thumbnailUrl\":\"https:\/\/www.noidiqua.it\/Montale\/wp-content\/uploads\/2022\/01\/FRANCESCA-SARTEANESI--e1642412402773.png\",\"datePublished\":\"2019-09-05T08:45:37+00:00\",\"dateModified\":\"2022-01-17T09:47:07+00:00\",\"author\":{\"@id\":\"https:\/\/www.noidiqua.it\/Montale\/#\/schema\/person\/4e183cb0c6d7951e716a876aa702e1a2\"},\"breadcrumb\":{\"@id\":\"https:\/\/www.noidiqua.it\/Montale\/francesca-sarteanesi-pensieri-scritti-sulle-maglie\/#breadcrumb\"},\"inLanguage\":\"it-IT\",\"potentialAction\":[{\"@type\":\"ReadAction\",\"target\":[\"https:\/\/www.noidiqua.it\/Montale\/francesca-sarteanesi-pensieri-scritti-sulle-maglie\/\"]}]},{\"@type\":\"ImageObject\",\"inLanguage\":\"it-IT\",\"@id\":\"https:\/\/www.noidiqua.it\/Montale\/francesca-sarteanesi-pensieri-scritti-sulle-maglie\/#primaryimage\",\"url\":\"https:\/\/www.noidiqua.it\/Montale\/wp-content\/uploads\/2022\/01\/FRANCESCA-SARTEANESI--e1642412402773.png\",\"contentUrl\":\"https:\/\/www.noidiqua.it\/Montale\/wp-content\/uploads\/2022\/01\/FRANCESCA-SARTEANESI--e1642412402773.png\",\"width\":648,\"height\":514},{\"@type\":\"BreadcrumbList\",\"@id\":\"https:\/\/www.noidiqua.it\/Montale\/francesca-sarteanesi-pensieri-scritti-sulle-maglie\/#breadcrumb\",\"itemListElement\":[{\"@type\":\"ListItem\",\"position\":1,\"name\":\"Home\",\"item\":\"https:\/\/www.noidiqua.it\/Montale\/\"},{\"@type\":\"ListItem\",\"position\":2,\"name\":\"Francesca Sarteanesi &#8211; pensieri scritti sulle maglie\"}]},{\"@type\":\"WebSite\",\"@id\":\"https:\/\/www.noidiqua.it\/Montale\/#website\",\"url\":\"https:\/\/www.noidiqua.it\/Montale\/\",\"name\":\"Noi di Qua Testata giornalistica e di attualit\u00e0 di Agliana, Montale e Quarrata.\",\"description\":\"Testata Giornalistica Quarrata Montale Agliana\",\"potentialAction\":[{\"@type\":\"SearchAction\",\"target\":{\"@type\":\"EntryPoint\",\"urlTemplate\":\"https:\/\/www.noidiqua.it\/Montale\/?s={search_term_string}\"},\"query-input\":{\"@type\":\"PropertyValueSpecification\",\"valueRequired\":true,\"valueName\":\"search_term_string\"}}],\"inLanguage\":\"it-IT\"},{\"@type\":\"Person\",\"@id\":\"https:\/\/www.noidiqua.it\/Montale\/#\/schema\/person\/4e183cb0c6d7951e716a876aa702e1a2\",\"name\":\"Marco Bagnoli\",\"image\":{\"@type\":\"ImageObject\",\"inLanguage\":\"it-IT\",\"@id\":\"https:\/\/www.noidiqua.it\/Montale\/#\/schema\/person\/image\/\",\"url\":\"https:\/\/secure.gravatar.com\/avatar\/73ace53724c50db9c48af54756f17b7cdb015a9d8d2c08c7e04e480539a94eee?s=96&d=mm&r=g\",\"contentUrl\":\"https:\/\/secure.gravatar.com\/avatar\/73ace53724c50db9c48af54756f17b7cdb015a9d8d2c08c7e04e480539a94eee?s=96&d=mm&r=g\",\"caption\":\"Marco Bagnoli\"},\"url\":\"https:\/\/www.noidiqua.it\/Montale\/author\/marco-bagnoli\/\"}]}<\/script>\n<!-- \/ Yoast SEO plugin. -->","yoast_head_json":{"title":"Francesca Sarteanesi - pensieri scritti sulle maglie - Noi di Qua Testata giornalistica e di attualit\u00e0 di Agliana, Montale e Quarrata.","robots":{"index":"index","follow":"follow","max-snippet":"max-snippet:-1","max-image-preview":"max-image-preview:large","max-video-preview":"max-video-preview:-1"},"canonical":"https:\/\/www.noidiqua.it\/Montale\/francesca-sarteanesi-pensieri-scritti-sulle-maglie\/","og_locale":"it_IT","og_type":"article","og_title":"Francesca Sarteanesi - pensieri scritti sulle maglie - Noi di Qua Testata giornalistica e di attualit\u00e0 di Agliana, Montale e Quarrata.","og_description":"di Marco Bagnoli settembre\u00a02019 In una splendida mattinata di un\u2019estate ormai matura siamo andati a fare la conoscenza di Francesca Sarteanesi e dei suoi maglioni; s\u00ec esatto, maglioni di lana. A dire tutta la verit\u00e0 per\u00f2, avevamo gi\u00e0 conosciuto Francesca nel 2014, quando presentammo al nostro pubblico di lettori il suo universo teatrale degli [&hellip;]","og_url":"https:\/\/www.noidiqua.it\/Montale\/francesca-sarteanesi-pensieri-scritti-sulle-maglie\/","og_site_name":"Noi di Qua Testata giornalistica e di attualit\u00e0 di Agliana, Montale e Quarrata.","article_publisher":"https:\/\/www.facebook.com\/noidiqua.trimestrale\/","article_published_time":"2019-09-05T08:45:37+00:00","article_modified_time":"2022-01-17T09:47:07+00:00","og_image":[{"url":"https:\/\/www.noidiqua.it\/Montale\/wp-content\/uploads\/2022\/01\/FRANCESCA-SARTEANESI--e1642412402773.png","type":"","width":"","height":""}],"author":"Marco Bagnoli","twitter_misc":{"Scritto da":"Marco Bagnoli","Tempo di lettura stimato":"3 minuti"},"schema":{"@context":"https:\/\/schema.org","@graph":[{"@type":"WebPage","@id":"https:\/\/www.noidiqua.it\/Montale\/francesca-sarteanesi-pensieri-scritti-sulle-maglie\/","url":"https:\/\/www.noidiqua.it\/Montale\/francesca-sarteanesi-pensieri-scritti-sulle-maglie\/","name":"Francesca Sarteanesi - pensieri scritti sulle maglie - Noi di Qua Testata giornalistica e di attualit\u00e0 di Agliana, Montale e Quarrata.","isPartOf":{"@id":"https:\/\/www.noidiqua.it\/Montale\/#website"},"primaryImageOfPage":{"@id":"https:\/\/www.noidiqua.it\/Montale\/francesca-sarteanesi-pensieri-scritti-sulle-maglie\/#primaryimage"},"image":{"@id":"https:\/\/www.noidiqua.it\/Montale\/francesca-sarteanesi-pensieri-scritti-sulle-maglie\/#primaryimage"},"thumbnailUrl":"https:\/\/www.noidiqua.it\/Montale\/wp-content\/uploads\/2022\/01\/FRANCESCA-SARTEANESI--e1642412402773.png","datePublished":"2019-09-05T08:45:37+00:00","dateModified":"2022-01-17T09:47:07+00:00","author":{"@id":"https:\/\/www.noidiqua.it\/Montale\/#\/schema\/person\/4e183cb0c6d7951e716a876aa702e1a2"},"breadcrumb":{"@id":"https:\/\/www.noidiqua.it\/Montale\/francesca-sarteanesi-pensieri-scritti-sulle-maglie\/#breadcrumb"},"inLanguage":"it-IT","potentialAction":[{"@type":"ReadAction","target":["https:\/\/www.noidiqua.it\/Montale\/francesca-sarteanesi-pensieri-scritti-sulle-maglie\/"]}]},{"@type":"ImageObject","inLanguage":"it-IT","@id":"https:\/\/www.noidiqua.it\/Montale\/francesca-sarteanesi-pensieri-scritti-sulle-maglie\/#primaryimage","url":"https:\/\/www.noidiqua.it\/Montale\/wp-content\/uploads\/2022\/01\/FRANCESCA-SARTEANESI--e1642412402773.png","contentUrl":"https:\/\/www.noidiqua.it\/Montale\/wp-content\/uploads\/2022\/01\/FRANCESCA-SARTEANESI--e1642412402773.png","width":648,"height":514},{"@type":"BreadcrumbList","@id":"https:\/\/www.noidiqua.it\/Montale\/francesca-sarteanesi-pensieri-scritti-sulle-maglie\/#breadcrumb","itemListElement":[{"@type":"ListItem","position":1,"name":"Home","item":"https:\/\/www.noidiqua.it\/Montale\/"},{"@type":"ListItem","position":2,"name":"Francesca Sarteanesi &#8211; pensieri scritti sulle maglie"}]},{"@type":"WebSite","@id":"https:\/\/www.noidiqua.it\/Montale\/#website","url":"https:\/\/www.noidiqua.it\/Montale\/","name":"Noi di Qua Testata giornalistica e di attualit\u00e0 di Agliana, Montale e Quarrata.","description":"Testata Giornalistica Quarrata Montale Agliana","potentialAction":[{"@type":"SearchAction","target":{"@type":"EntryPoint","urlTemplate":"https:\/\/www.noidiqua.it\/Montale\/?s={search_term_string}"},"query-input":{"@type":"PropertyValueSpecification","valueRequired":true,"valueName":"search_term_string"}}],"inLanguage":"it-IT"},{"@type":"Person","@id":"https:\/\/www.noidiqua.it\/Montale\/#\/schema\/person\/4e183cb0c6d7951e716a876aa702e1a2","name":"Marco Bagnoli","image":{"@type":"ImageObject","inLanguage":"it-IT","@id":"https:\/\/www.noidiqua.it\/Montale\/#\/schema\/person\/image\/","url":"https:\/\/secure.gravatar.com\/avatar\/73ace53724c50db9c48af54756f17b7cdb015a9d8d2c08c7e04e480539a94eee?s=96&d=mm&r=g","contentUrl":"https:\/\/secure.gravatar.com\/avatar\/73ace53724c50db9c48af54756f17b7cdb015a9d8d2c08c7e04e480539a94eee?s=96&d=mm&r=g","caption":"Marco Bagnoli"},"url":"https:\/\/www.noidiqua.it\/Montale\/author\/marco-bagnoli\/"}]}},"_links":{"self":[{"href":"https:\/\/www.noidiqua.it\/Montale\/wp-json\/wp\/v2\/posts\/6210","targetHints":{"allow":["GET"]}}],"collection":[{"href":"https:\/\/www.noidiqua.it\/Montale\/wp-json\/wp\/v2\/posts"}],"about":[{"href":"https:\/\/www.noidiqua.it\/Montale\/wp-json\/wp\/v2\/types\/post"}],"author":[{"embeddable":true,"href":"https:\/\/www.noidiqua.it\/Montale\/wp-json\/wp\/v2\/users\/3"}],"replies":[{"embeddable":true,"href":"https:\/\/www.noidiqua.it\/Montale\/wp-json\/wp\/v2\/comments?post=6210"}],"version-history":[{"count":1,"href":"https:\/\/www.noidiqua.it\/Montale\/wp-json\/wp\/v2\/posts\/6210\/revisions"}],"predecessor-version":[{"id":6215,"href":"https:\/\/www.noidiqua.it\/Montale\/wp-json\/wp\/v2\/posts\/6210\/revisions\/6215"}],"wp:attachment":[{"href":"https:\/\/www.noidiqua.it\/Montale\/wp-json\/wp\/v2\/media?parent=6210"}],"wp:term":[{"taxonomy":"category","embeddable":true,"href":"https:\/\/www.noidiqua.it\/Montale\/wp-json\/wp\/v2\/categories?post=6210"},{"taxonomy":"post_tag","embeddable":true,"href":"https:\/\/www.noidiqua.it\/Montale\/wp-json\/wp\/v2\/tags?post=6210"}],"curies":[{"name":"wp","href":"https:\/\/api.w.org\/{rel}","templated":true}]}}