{"id":6222,"date":"2019-09-05T11:19:27","date_gmt":"2019-09-05T09:19:27","guid":{"rendered":"https:\/\/www.noidiqua.it\/Montale\/?p=6222"},"modified":"2022-01-17T11:22:01","modified_gmt":"2022-01-17T10:22:01","slug":"i-brevi-di-noidiqua-29","status":"publish","type":"post","link":"https:\/\/www.noidiqua.it\/Montale\/i-brevi-di-noidiqua-29\/","title":{"rendered":"I brevi di Noidiqua"},"content":{"rendered":"<p><em>di Giacomo Bini<\/em><\/p>\n<p>settembre\u00a0<em>2019<\/em><\/p>\n<p><a href=\"https:\/\/www.noidiqua.it\/Montale\/wp-content\/uploads\/2021\/04\/brevi.png\" rel=\"wp-prettyPhoto[6222]\"><img loading=\"lazy\" decoding=\"async\" class=\"aligncenter size-full wp-image-5604\" src=\"https:\/\/www.noidiqua.it\/Montale\/wp-content\/uploads\/2021\/04\/brevi.png\" alt=\"\" width=\"473\" height=\"291\" srcset=\"https:\/\/www.noidiqua.it\/Montale\/wp-content\/uploads\/2021\/04\/brevi.png 473w, https:\/\/www.noidiqua.it\/Montale\/wp-content\/uploads\/2021\/04\/brevi-300x185.png 300w\" sizes=\"auto, (max-width: 473px) 100vw, 473px\" \/><\/a><\/p>\n<p class=\"p1\"><span class=\"s1\"><b>Carolina Signori \u00e8 la prima presidente donna della Pro-Loco di Tobbiana. Appena eletta dal consiglio direttivo dell\u2019associazione, la neo-presidente succede a Matteo Morittu, dimessosi per ragioni personali. <\/b><\/span><\/p>\n<p class=\"p1\"><span class=\"s1\">Nelle sue prime parole dopo l\u2019elezione, Carolina Signori ha tenuto a ringraziare i due precedenti presidenti, Daniele Pazzini, che \u00e8 tra i fondatori della Pro-Loco e l\u2019ha guidata per moltissimi anni e il predecessore Matteo Morittu. Il primo obiettivo della Pro-Loco \u00e8 arricchire di nuovi eventi la festa patronale di Tobbiana, che si celebra per tradizione nella prima domenica di ottobre e che costituiva in passato il momento in cui i carbonai salutavano le loro famiglie prima di partire per andare a lavorare in Sardegna, in Maremma o anche all\u2019estero. Il secondo appuntamento sar\u00e0, successivamente, la Festa dell\u2019Olio e delle Castagne. <\/span><span class=\"s1\">Altre iniziative sono in fase di elaborazione e verranno messe a punto nelle prossime settimane. Tra le manifestazioni gi\u00e0 organizzate dalla Pro-Loco recentemente vanno ricordate le cene in piazza, la camminata delle Cannicciaie per la valorizzazione del territorio e anche una gita sociale ad Assisi. <i>\u00abSiamo un gruppo di amici molto affiatato\u00bb<\/i> dice Carolina Signori <i>\u00abci unisce, oltre all\u2019amore per il nostro paese, anche la comune esperienza di vicissitudini che ci motivano ad impegnarci in prima persona e cercando la collaborazione con le altre realt\u00e0 del paese\u00bb<\/i>.<\/span><\/p>\n<p>&nbsp;<\/p>\n<p>&nbsp;<\/p>\n<p class=\"p1\"><span class=\"s1\"><b>Un corso tenuto da Laura Santanni su \u201cLetteratura e tradizioni popolari sul territorio pistoiese\u201d apre per la prima volta le porte della villa Smilea all\u2019Universit\u00e0 Vasco Gaiffi (l\u2019ex Universit\u00e0 del Tempo Libero) di Pistoia. <\/b><\/span><\/p>\n<p class=\"p1\"><span class=\"s1\">E&#8217; una nuova occasione culturale offerta ai cittadini della piana pistoiese e a quelli della citt\u00e0 che si vogliano spingere fuori porta, in un luogo suggestivo e ricco di storia come la Smilea. Il corso della professoressa Santanni, che inizia il 30 settembre, prende le mosse dalla gita di Niccol\u00f2 Tommaseo nel pistoiese e proseguir\u00e0, sempre di luned\u00ec alle ore 17, sul tema dell\u2019intellettuale e le fiabe e sulle arti e mestieri nella pianura con l\u2019esempio della villa Smilea. Gli ultimi due incontri, dei cinque previsti, vedranno l\u2019intervento di Roberto Fedi dell\u2019Universit\u00e0 di Perugia sull\u2019ambiente toscano nelle avventure di Pinocchio di Collodi (21 Ottobre) e di Stefano Giovannuzzi dell\u2019Universit\u00e0 di Perugia su Carducci a Pistoia (28 Ottobre). Il corso, per il quale sono gi\u00e0 aperte le iscrizioni, prevede per i partecipanti anche l\u2019offerta di un t\u00e8 per favorire la conversazione sui temi trattati. Un secondo corso dell\u2019Universit\u00e0 Vasco Gaiffi, si terr\u00e0 alla Smilea di Montale nel mese di Febbraio con quattro lezioni tenute da Giacomo Bini sul tema dell\u2019etica ambientale, una riflessione sul ruolo dell\u2019uomo nel pianeta e sui suoi doveri verso le realt\u00e0 non umane. L\u2019organizzazione dei due corsi a Montale, voluta dal presidente dell\u2019Universit\u00e0 Vasco Gaiffi Andrea Fusari con la collaborazione dell\u2019Amministrazione Comunale di Montale, nasce dall\u2019intenzione di estendere l\u2019attivit\u00e0 dell\u2019universit\u00e0 pistoiese anche al territorio della provincia.<\/span><\/p>\n<p>&nbsp;<\/p>\n<p>&nbsp;<\/p>\n<p class=\"p1\"><span class=\"s1\"><b>Sabato 21 settembre, alle ore 11, \u00e8 stato inaugurato un nuovo Centro Prelievi presso gli studi medici della Croce d\u2019Oro di Montale. Il nuovo servizio \u00e8 gestito dalla Biolabor, una societ\u00e0 di servizi sanitari con sede centrale a Livorno ma presente anche a Pistoia, Prato e in altre citt\u00e0 toscane.<\/b> <\/span><\/p>\n<p class=\"p1\"><span class=\"s1\">A partire da marted\u00ec 24 settembre il nuovo centro di via Enzo Nesti 2 ha iniziato l\u2019attivit\u00e0 con apertura il marted\u00ec e il venerd\u00ec dalle 7,30 alle 9,30. In questi orari \u00e8 presente un\u2019infermiera che effettua prelievi ematici e riceve campioni urinari, tamponi o pap-test che saranno inviati al laboratorio per le analisi. Non \u00e8 necessaria alcuna prenotazione, basta recarsi al centro negli orari di apertura. E&#8217; inoltre assicurata anche l\u2019effettuazione di prelievi presso il domicilio dell\u2019utente. La Biolabor assicura la consegna dei risultati delle analisi<i> \u00abin pochissimo tempo\u00bb<\/i> e anche la loro consultazione nella forma on-line.<\/span><\/p>\n<p>&nbsp;<\/p>\n<p>&nbsp;<\/p>\n<p class=\"p1\"><span class=\"s1\"><b>Sabato 1 ottobre, alla Misericordia di Agliana, inizia il corso di primo soccorso, livello base, con abilitazione all\u2019uso del defibrillatore automatico esterno (Dae). Il corso \u00e8 gratuito e aperto a tutti i residenti ad Agliana e degli altri comuni della Piana. Possono partecipare i giovani che hanno compiuto 16 anni e gli adulti di ogni et\u00e0<\/b>. <\/span><\/p>\n<p class=\"p1\"><span class=\"s1\">Sono previste sei lezioni, tenute da formatori abilitati tramite corso regionale. La frequenza \u00e8 due volte a settimana, il marted\u00ec e gioved\u00ec, dalle 21 alle 23. Al termine, superato l\u2019esame previsto, verr\u00e0 rilasciato l\u2019attestato di soccorritore di primo livello e abilitazione all\u2019uso del Dae. Le nozioni apprese potranno essere utili per affrontare le emergenze quotidiane, nonch\u00e9 per svolgere attivit\u00e0 come volontari dell\u2019associazione nelle attivit\u00e0 ordinarie, come ricoveri e dimissioni o accompagnamento a terapie. Come spiega la responsabile della formazione, Greta Avvanzo, chi ha superato il corso di base pu\u00f2 accedere al livello avanzato, per prestare servizio volontario nelle emergenze. <i>\u00abI servizi sociali\u00bb<\/i> spiegano la presidente della Misericordia, Ilaria Signori e il segretario Franco Benesperi <i>\u00absi possono svolgere anche senza avere frequentato il corso di primo livello\u00bb<\/i>. <b>Per informazioni e iscrizioni, rivolgersi alla sede della Misericordia di Agliana: telefono 0574.710225, email info@miseagliana.it. Dalla Misericordia ricordano che sono molte le opportunit\u00e0 di svolgere volontariato nella Confraternita<\/b>. <\/span><\/p>","protected":false},"excerpt":{"rendered":"<p>di Giacomo Bini settembre\u00a02019 Carolina Signori \u00e8 la prima presidente donna della Pro-Loco di Tobbiana. Appena eletta dal consiglio direttivo dell\u2019associazione, la neo-presidente succede a Matteo Morittu, dimessosi per ragioni personali. Nelle sue prime parole dopo l\u2019elezione, Carolina Signori ha tenuto a ringraziare i due precedenti presidenti, Daniele Pazzini, che \u00e8 tra i fondatori [&hellip;]<\/p>","protected":false},"author":11,"featured_media":0,"comment_status":"open","ping_status":"open","sticky":false,"template":"","format":"standard","meta":{"footnotes":""},"categories":[29,7],"tags":[2950,2946,2949,1435,2947,2948,2951,1907],"class_list":["post-6222","post","type-post","status-publish","format-standard","hentry","category-brevi-ndq-qt","category-mt","tag-biolabor","tag-carolina-signori","tag-centro-prelievi","tag-croce-doro-di-montale","tag-laura-santanni","tag-letteratura-e-tradizioni-popolari-sul-territorio-pistoiese","tag-misericordia-di-agliana","tag-pro-loco-di-tobbiana"],"yoast_head":"<!-- This site is optimized with the Yoast SEO plugin v25.5 - https:\/\/yoast.com\/wordpress\/plugins\/seo\/ -->\n<title>I brevi di Noidiqua - Noi di Qua Testata giornalistica e di attualit\u00e0 di Agliana, Montale e Quarrata.<\/title>\n<meta name=\"robots\" content=\"index, follow, max-snippet:-1, max-image-preview:large, max-video-preview:-1\" \/>\n<link rel=\"canonical\" href=\"https:\/\/www.noidiqua.it\/Montale\/i-brevi-di-noidiqua-29\/\" \/>\n<meta property=\"og:locale\" content=\"it_IT\" \/>\n<meta property=\"og:type\" content=\"article\" \/>\n<meta property=\"og:title\" content=\"I brevi di Noidiqua - Noi di Qua Testata giornalistica e di attualit\u00e0 di Agliana, Montale e Quarrata.\" \/>\n<meta property=\"og:description\" content=\"di Giacomo Bini settembre\u00a02019 Carolina Signori \u00e8 la prima presidente donna della Pro-Loco di Tobbiana. Appena eletta dal consiglio direttivo dell\u2019associazione, la neo-presidente succede a Matteo Morittu, dimessosi per ragioni personali. Nelle sue prime parole dopo l\u2019elezione, Carolina Signori ha tenuto a ringraziare i due precedenti presidenti, Daniele Pazzini, che \u00e8 tra i fondatori [&hellip;]\" \/>\n<meta property=\"og:url\" content=\"https:\/\/www.noidiqua.it\/Montale\/i-brevi-di-noidiqua-29\/\" \/>\n<meta property=\"og:site_name\" content=\"Noi di Qua Testata giornalistica e di attualit\u00e0 di Agliana, Montale e Quarrata.\" \/>\n<meta property=\"article:publisher\" content=\"https:\/\/www.facebook.com\/noidiqua.trimestrale\/\" \/>\n<meta property=\"article:published_time\" content=\"2019-09-05T09:19:27+00:00\" \/>\n<meta property=\"article:modified_time\" content=\"2022-01-17T10:22:01+00:00\" \/>\n<meta property=\"og:image\" content=\"https:\/\/www.noidiqua.it\/Montale\/wp-content\/uploads\/2021\/04\/brevi.png\" \/>\n<meta name=\"author\" content=\"Noidiqua\" \/>\n<meta name=\"twitter:label1\" content=\"Scritto da\" \/>\n\t<meta name=\"twitter:data1\" content=\"Noidiqua\" \/>\n\t<meta name=\"twitter:label2\" content=\"Tempo di lettura stimato\" \/>\n\t<meta name=\"twitter:data2\" content=\"4 minuti\" \/>\n<script type=\"application\/ld+json\" class=\"yoast-schema-graph\">{\"@context\":\"https:\/\/schema.org\",\"@graph\":[{\"@type\":\"WebPage\",\"@id\":\"https:\/\/www.noidiqua.it\/Montale\/i-brevi-di-noidiqua-29\/\",\"url\":\"https:\/\/www.noidiqua.it\/Montale\/i-brevi-di-noidiqua-29\/\",\"name\":\"I brevi di Noidiqua - Noi di Qua Testata giornalistica e di attualit\u00e0 di Agliana, Montale e Quarrata.\",\"isPartOf\":{\"@id\":\"https:\/\/www.noidiqua.it\/Montale\/#website\"},\"primaryImageOfPage\":{\"@id\":\"https:\/\/www.noidiqua.it\/Montale\/i-brevi-di-noidiqua-29\/#primaryimage\"},\"image\":{\"@id\":\"https:\/\/www.noidiqua.it\/Montale\/i-brevi-di-noidiqua-29\/#primaryimage\"},\"thumbnailUrl\":\"https:\/\/www.noidiqua.it\/Montale\/wp-content\/uploads\/2021\/04\/brevi.png\",\"datePublished\":\"2019-09-05T09:19:27+00:00\",\"dateModified\":\"2022-01-17T10:22:01+00:00\",\"author\":{\"@id\":\"https:\/\/www.noidiqua.it\/Montale\/#\/schema\/person\/88b6d1cc1a06a29f7f22d67a3772c713\"},\"breadcrumb\":{\"@id\":\"https:\/\/www.noidiqua.it\/Montale\/i-brevi-di-noidiqua-29\/#breadcrumb\"},\"inLanguage\":\"it-IT\",\"potentialAction\":[{\"@type\":\"ReadAction\",\"target\":[\"https:\/\/www.noidiqua.it\/Montale\/i-brevi-di-noidiqua-29\/\"]}]},{\"@type\":\"ImageObject\",\"inLanguage\":\"it-IT\",\"@id\":\"https:\/\/www.noidiqua.it\/Montale\/i-brevi-di-noidiqua-29\/#primaryimage\",\"url\":\"https:\/\/www.noidiqua.it\/Montale\/wp-content\/uploads\/2021\/04\/brevi.png\",\"contentUrl\":\"https:\/\/www.noidiqua.it\/Montale\/wp-content\/uploads\/2021\/04\/brevi.png\",\"width\":473,\"height\":291},{\"@type\":\"BreadcrumbList\",\"@id\":\"https:\/\/www.noidiqua.it\/Montale\/i-brevi-di-noidiqua-29\/#breadcrumb\",\"itemListElement\":[{\"@type\":\"ListItem\",\"position\":1,\"name\":\"Home\",\"item\":\"https:\/\/www.noidiqua.it\/Montale\/\"},{\"@type\":\"ListItem\",\"position\":2,\"name\":\"I brevi di Noidiqua\"}]},{\"@type\":\"WebSite\",\"@id\":\"https:\/\/www.noidiqua.it\/Montale\/#website\",\"url\":\"https:\/\/www.noidiqua.it\/Montale\/\",\"name\":\"Noi di Qua Testata giornalistica e di attualit\u00e0 di Agliana, Montale e Quarrata.\",\"description\":\"Testata Giornalistica Quarrata Montale Agliana\",\"potentialAction\":[{\"@type\":\"SearchAction\",\"target\":{\"@type\":\"EntryPoint\",\"urlTemplate\":\"https:\/\/www.noidiqua.it\/Montale\/?s={search_term_string}\"},\"query-input\":{\"@type\":\"PropertyValueSpecification\",\"valueRequired\":true,\"valueName\":\"search_term_string\"}}],\"inLanguage\":\"it-IT\"},{\"@type\":\"Person\",\"@id\":\"https:\/\/www.noidiqua.it\/Montale\/#\/schema\/person\/88b6d1cc1a06a29f7f22d67a3772c713\",\"name\":\"Noidiqua\",\"image\":{\"@type\":\"ImageObject\",\"inLanguage\":\"it-IT\",\"@id\":\"https:\/\/www.noidiqua.it\/Montale\/#\/schema\/person\/image\/\",\"url\":\"https:\/\/secure.gravatar.com\/avatar\/57c38c8013923f27f46e913d45f086e963a1448a954bfc93d80df0ae6017f8ba?s=96&d=mm&r=g\",\"contentUrl\":\"https:\/\/secure.gravatar.com\/avatar\/57c38c8013923f27f46e913d45f086e963a1448a954bfc93d80df0ae6017f8ba?s=96&d=mm&r=g\",\"caption\":\"Noidiqua\"},\"url\":\"https:\/\/www.noidiqua.it\/Montale\/author\/redazionemt\/\"}]}<\/script>\n<!-- \/ Yoast SEO plugin. -->","yoast_head_json":{"title":"I brevi di Noidiqua - Noi di Qua Testata giornalistica e di attualit\u00e0 di Agliana, Montale e Quarrata.","robots":{"index":"index","follow":"follow","max-snippet":"max-snippet:-1","max-image-preview":"max-image-preview:large","max-video-preview":"max-video-preview:-1"},"canonical":"https:\/\/www.noidiqua.it\/Montale\/i-brevi-di-noidiqua-29\/","og_locale":"it_IT","og_type":"article","og_title":"I brevi di Noidiqua - Noi di Qua Testata giornalistica e di attualit\u00e0 di Agliana, Montale e Quarrata.","og_description":"di Giacomo Bini settembre\u00a02019 Carolina Signori \u00e8 la prima presidente donna della Pro-Loco di Tobbiana. Appena eletta dal consiglio direttivo dell\u2019associazione, la neo-presidente succede a Matteo Morittu, dimessosi per ragioni personali. Nelle sue prime parole dopo l\u2019elezione, Carolina Signori ha tenuto a ringraziare i due precedenti presidenti, Daniele Pazzini, che \u00e8 tra i fondatori [&hellip;]","og_url":"https:\/\/www.noidiqua.it\/Montale\/i-brevi-di-noidiqua-29\/","og_site_name":"Noi di Qua Testata giornalistica e di attualit\u00e0 di Agliana, Montale e Quarrata.","article_publisher":"https:\/\/www.facebook.com\/noidiqua.trimestrale\/","article_published_time":"2019-09-05T09:19:27+00:00","article_modified_time":"2022-01-17T10:22:01+00:00","og_image":[{"url":"https:\/\/www.noidiqua.it\/Montale\/wp-content\/uploads\/2021\/04\/brevi.png","type":"","width":"","height":""}],"author":"Noidiqua","twitter_misc":{"Scritto da":"Noidiqua","Tempo di lettura stimato":"4 minuti"},"schema":{"@context":"https:\/\/schema.org","@graph":[{"@type":"WebPage","@id":"https:\/\/www.noidiqua.it\/Montale\/i-brevi-di-noidiqua-29\/","url":"https:\/\/www.noidiqua.it\/Montale\/i-brevi-di-noidiqua-29\/","name":"I brevi di Noidiqua - Noi di Qua Testata giornalistica e di attualit\u00e0 di Agliana, Montale e Quarrata.","isPartOf":{"@id":"https:\/\/www.noidiqua.it\/Montale\/#website"},"primaryImageOfPage":{"@id":"https:\/\/www.noidiqua.it\/Montale\/i-brevi-di-noidiqua-29\/#primaryimage"},"image":{"@id":"https:\/\/www.noidiqua.it\/Montale\/i-brevi-di-noidiqua-29\/#primaryimage"},"thumbnailUrl":"https:\/\/www.noidiqua.it\/Montale\/wp-content\/uploads\/2021\/04\/brevi.png","datePublished":"2019-09-05T09:19:27+00:00","dateModified":"2022-01-17T10:22:01+00:00","author":{"@id":"https:\/\/www.noidiqua.it\/Montale\/#\/schema\/person\/88b6d1cc1a06a29f7f22d67a3772c713"},"breadcrumb":{"@id":"https:\/\/www.noidiqua.it\/Montale\/i-brevi-di-noidiqua-29\/#breadcrumb"},"inLanguage":"it-IT","potentialAction":[{"@type":"ReadAction","target":["https:\/\/www.noidiqua.it\/Montale\/i-brevi-di-noidiqua-29\/"]}]},{"@type":"ImageObject","inLanguage":"it-IT","@id":"https:\/\/www.noidiqua.it\/Montale\/i-brevi-di-noidiqua-29\/#primaryimage","url":"https:\/\/www.noidiqua.it\/Montale\/wp-content\/uploads\/2021\/04\/brevi.png","contentUrl":"https:\/\/www.noidiqua.it\/Montale\/wp-content\/uploads\/2021\/04\/brevi.png","width":473,"height":291},{"@type":"BreadcrumbList","@id":"https:\/\/www.noidiqua.it\/Montale\/i-brevi-di-noidiqua-29\/#breadcrumb","itemListElement":[{"@type":"ListItem","position":1,"name":"Home","item":"https:\/\/www.noidiqua.it\/Montale\/"},{"@type":"ListItem","position":2,"name":"I brevi di Noidiqua"}]},{"@type":"WebSite","@id":"https:\/\/www.noidiqua.it\/Montale\/#website","url":"https:\/\/www.noidiqua.it\/Montale\/","name":"Noi di Qua Testata giornalistica e di attualit\u00e0 di Agliana, Montale e Quarrata.","description":"Testata Giornalistica Quarrata Montale Agliana","potentialAction":[{"@type":"SearchAction","target":{"@type":"EntryPoint","urlTemplate":"https:\/\/www.noidiqua.it\/Montale\/?s={search_term_string}"},"query-input":{"@type":"PropertyValueSpecification","valueRequired":true,"valueName":"search_term_string"}}],"inLanguage":"it-IT"},{"@type":"Person","@id":"https:\/\/www.noidiqua.it\/Montale\/#\/schema\/person\/88b6d1cc1a06a29f7f22d67a3772c713","name":"Noidiqua","image":{"@type":"ImageObject","inLanguage":"it-IT","@id":"https:\/\/www.noidiqua.it\/Montale\/#\/schema\/person\/image\/","url":"https:\/\/secure.gravatar.com\/avatar\/57c38c8013923f27f46e913d45f086e963a1448a954bfc93d80df0ae6017f8ba?s=96&d=mm&r=g","contentUrl":"https:\/\/secure.gravatar.com\/avatar\/57c38c8013923f27f46e913d45f086e963a1448a954bfc93d80df0ae6017f8ba?s=96&d=mm&r=g","caption":"Noidiqua"},"url":"https:\/\/www.noidiqua.it\/Montale\/author\/redazionemt\/"}]}},"_links":{"self":[{"href":"https:\/\/www.noidiqua.it\/Montale\/wp-json\/wp\/v2\/posts\/6222","targetHints":{"allow":["GET"]}}],"collection":[{"href":"https:\/\/www.noidiqua.it\/Montale\/wp-json\/wp\/v2\/posts"}],"about":[{"href":"https:\/\/www.noidiqua.it\/Montale\/wp-json\/wp\/v2\/types\/post"}],"author":[{"embeddable":true,"href":"https:\/\/www.noidiqua.it\/Montale\/wp-json\/wp\/v2\/users\/11"}],"replies":[{"embeddable":true,"href":"https:\/\/www.noidiqua.it\/Montale\/wp-json\/wp\/v2\/comments?post=6222"}],"version-history":[{"count":1,"href":"https:\/\/www.noidiqua.it\/Montale\/wp-json\/wp\/v2\/posts\/6222\/revisions"}],"predecessor-version":[{"id":6223,"href":"https:\/\/www.noidiqua.it\/Montale\/wp-json\/wp\/v2\/posts\/6222\/revisions\/6223"}],"wp:attachment":[{"href":"https:\/\/www.noidiqua.it\/Montale\/wp-json\/wp\/v2\/media?parent=6222"}],"wp:term":[{"taxonomy":"category","embeddable":true,"href":"https:\/\/www.noidiqua.it\/Montale\/wp-json\/wp\/v2\/categories?post=6222"},{"taxonomy":"post_tag","embeddable":true,"href":"https:\/\/www.noidiqua.it\/Montale\/wp-json\/wp\/v2\/tags?post=6222"}],"curies":[{"name":"wp","href":"https:\/\/api.w.org\/{rel}","templated":true}]}}