{"id":6237,"date":"2019-09-05T12:16:27","date_gmt":"2019-09-05T10:16:27","guid":{"rendered":"https:\/\/www.noidiqua.it\/Montale\/?p=6237"},"modified":"2022-01-17T12:17:07","modified_gmt":"2022-01-17T11:17:07","slug":"obesita-infantile","status":"publish","type":"post","link":"https:\/\/www.noidiqua.it\/Montale\/obesita-infantile\/","title":{"rendered":"Obesit\u00e0 infantile"},"content":{"rendered":"<p><em>di Ferdinando Santini<\/em><\/p>\n<p>settembre\u00a0<em>2019<\/em><\/p>\n<p><a href=\"https:\/\/www.noidiqua.it\/Montale\/wp-content\/uploads\/2022\/01\/OBESITA\u0300-INFANTILE.png\"><img loading=\"lazy\" decoding=\"async\" class=\"aligncenter  wp-image-6239\" src=\"https:\/\/www.noidiqua.it\/Montale\/wp-content\/uploads\/2022\/01\/OBESITA\u0300-INFANTILE.png\" alt=\"\" width=\"370\" height=\"263\" srcset=\"https:\/\/www.noidiqua.it\/Montale\/wp-content\/uploads\/2022\/01\/OBESITA\u0300-INFANTILE.png 450w, https:\/\/www.noidiqua.it\/Montale\/wp-content\/uploads\/2022\/01\/OBESITA\u0300-INFANTILE-300x213.png 300w\" sizes=\"auto, (max-width: 370px) 100vw, 370px\" \/><\/a><\/p>\n<p class=\"p1\"><span class=\"s1\">In Italia due bambini su 10 sono in sovrappeso e uno su 10 \u00e8 obeso, con una maggiore prevalenza nel centro sud. <b>L\u2019obesit\u00e0 infantile \u00e8 un fenomeno non solo dilagante ma anche persistente<\/b>; la met\u00e0 degli adolescenti obesi rischia di esserlo anche da adulto. I rischi sono evidenziati da sempre pi\u00f9 bambini e adolescenti che soffrono di patologie conseguenti all\u2019obesit\u00e0 sinora sconosciute nell\u2019infanzia, come ipertensione, dislipidemia e diabete di tipo 2. <\/span><\/p>\n<p class=\"p1\"><span class=\"s2\">\u2022<\/span><span class=\"s1\"> Un bambino obeso su 20 ha la glicemia alta, condizione definita di pre-diabete.<\/span><\/p>\n<p class=\"p1\"><span class=\"s2\">\u2022<\/span><span class=\"s1\"> Pi\u00f9 del 30% dei bambini obesi hanno trigliceridi e colesterolo elevati, a rischio di sindrome metabolica e comparsa di arteriosclerosi.<\/span><\/p>\n<p class=\"p1\"><span class=\"s2\">\u2022<\/span><span class=\"s1\"> Pi\u00f9 del 30% dei bambini obesi hanno grasso accumulato nel fegato (Epatosteatosi).<\/span><\/p>\n<p class=\"p1\"><span class=\"s2\">\u2022<\/span><span class=\"s1\"> Pi\u00f9 del 10% dei bambini obesi ha valori pressori superiori alla norma.<\/span><\/p>\n<p class=\"p1\"><span class=\"s1\"><b>E&#8217; molto importante l\u2019intervento precoce<\/b>. Il ruolo del pediatra \u00e8 di assoluto primo piano nella strategia complessiva di contrasto all\u2019obesit\u00e0 infantile. <\/span><\/p>\n<p>&nbsp;<\/p>\n<p class=\"p3\"><span class=\"s1\"><b>La chiave per la prevenzione dell\u2019obesit\u00e0 <\/b><\/span><\/p>\n<p class=\"p1\"><span class=\"s1\">Cominciare sin dalle prime et\u00e0 della vita. I primi 1000 giorni di vita (durante la gravidanza e primi due anni di vita) sono un periodo cruciale per la salute futura: ci\u00f2 che accade in questo periodo pu\u00f2 influenzare la predisposizione a varie malattie nelle et\u00e0 future. Consigliati l\u2019allattamento al seno prolungato e lo svezzamento secondo le raccomandazioni nazionali: no a sale e a zuccheri aggiunti sono alcune tra le regole principali che i bambini devono seguire nei primi due anni di vita per prevenire sovrappeso e obesit\u00e0 e quindi l\u2019insorgere di patologie in et\u00e0 adulta. Un tassello cruciale \u00e8 il corretto divezzamento. Le regole nel documento <i>\u201cCorretta alimentazione ed educazione nutrizionale nella prima infanzia F.A.Q.\u201d<\/i> pubblicato dal Ministero della Salute \u00e8 frutto del lavoro del tavolo tecnico di cui hanno fatto parte sia la Societ\u00e0 Italiana di Pediatria sia la Societ\u00e0 Italiana di Nutrizione Pediatrica. <\/span><\/p>\n<p class=\"p1\"><span class=\"s1\"><b>E dopo?<\/b> Per tenere lontani sovrappeso e obesit\u00e0, valida a tutte le et\u00e0 della vita, si deve seguire un\u2019alimentazione a bassa densit\u00e0 calorica, povera di zuccheri, basata sui principi della dieta mediterranea, con almeno 5 porzioni tra frutta, verdura e ortaggi, privilegiando le fonti vegetali di proteine e ripartita in circa 5 pasti giornalieri. A questa si deve aggiungere un\u2019altra \u201cregola d\u2019oro\u201d: trascorrere mediamente almeno 60 minuti al giorno in attivit\u00e0 fisica moderata\/intensa. E&#8217; documentato che l\u2019attivit\u00e0 fisica previene sovrappeso e obesit\u00e0 e migliora il metabolismo a tutte le et\u00e0. <b>L\u2019attivit\u00e0 fisica nei bambini non significa necessariamente coinvolgerli in un\u2019attivit\u00e0 sportiva strutturata<\/b>, ma avere uno stile di vita attivo (camminare a piedi, andare sul triciclo o in bicicletta, giocare all\u2019aperto, fare le scale, ecc) Il movimento non \u00e8 solo sport, ma \u00e8 anche gioco e passeggiate all\u2019aria aperta: tutte attivit\u00e0 che devono far parte delle abitudini quotidiane di bambini ed adolescenti di tutte le et\u00e0. La Societ\u00e0 Italiana di Pediatria ha promosso \u201c la Piramide dell\u2019Attivit\u00e0 Fisica e Motoria\u201d e \u201cla Piramide Alimentare Transculturale\u201d. La dieta mediterranea diventa \u201ctransculturale\u201d. <span class=\"Apple-converted-space\">\u00a0<\/span><\/span><\/p>\n<p>&nbsp;<\/p>\n<p>&nbsp;<\/p>\n<p class=\"p3\"><span class=\"s1\"><b>Evidenze validate dal consesso scientifico <\/b><\/span><\/p>\n<p class=\"p1\"><span class=\"s2\">\u2022<\/span><span class=\"s1\"> Prevenzione primaria da inizio vita, Obesit\u00e0 \u00e8 malattia.<\/span><\/p>\n<p class=\"p1\"><span class=\"s2\">\u2022<\/span><span class=\"s1\"> Diagnosi precoce. Riconoscere con tempestivit\u00e0 sia il sovrappeso, condizione reversibile con maggior facilit\u00e0, che l\u2019obesit\u00e0 franca, condizione ben pi\u00f9 impegnativa e resistente al trattamento. Rapporto peso lunghezza nei primi due anni e, nelle et\u00e0 successive, l\u2019BMI sono gli indici di riferimento per un individuo non in accrescimento. <\/span><\/p>\n<p class=\"p1\"><span class=\"s2\">\u2022<\/span><span class=\"s1\"> Nutrizione della prima et\u00e0. Vi \u00e8 estrema sensibilit\u00e0 dell\u2019organismo, nelle prime et\u00e0, all\u2019azione di fattori modulanti l\u2019espressione genica a lungo termine (epigenetica), che evidenziano l\u2019assoluta importanza dell\u2019azione preventiva sin dalla nascita per ridurre il rischio della comparsa di tutte le malattie croniche non trasmissibili, prima tra tutte l\u2019obesit\u00e0. <\/span><\/p>\n<p class=\"p1\"><span class=\"s2\">\u2022<\/span><span class=\"s1\"> Ricerca di Complicanze. La ricerca di alterazioni metaboliche (dosaggio di glicemia e profilo lipidico, misurazione della pressione arteriosa, esecuzione ecografia epatica) \u00e8 suggerita per i bambini obesi di et\u00e0 superiore ai 6 anni e per gli adolescenti obesi.<\/span><\/p>\n<p>&nbsp;<\/p>\n<p>&nbsp;<\/p>\n<p class=\"p3\"><span class=\"s1\"><b>Il cambiamento terapeutico<\/b><\/span><\/p>\n<p class=\"p1\"><span class=\"s1\">No solo diete restrittive. Va proposto un approccio cognitivo-comportamentale basato sull\u2019educazione terapeutica centrato sulla famiglia e sulla condivisione. Questi nuovi programmi hanno la finalit\u00e0 di raggiungere una riduzione del peso attraverso cambiamenti dello stile di vita, realizzati partendo dal rispetto del paziente e della sua famiglia, proponendo un colloquio motivazionale, potenziando le competenze familiari, rendendo i piccoli pazienti \u2018autonomi\u2019, superando i sensi di colpa legati al peso e al fallimento delle terapie dietetiche intraprese, ed al cattivo rapporto con la propria immagine corporea. <\/span><\/p>\n<p class=\"p1\"><span class=\"s1\"><b>Questo percorso educativo, cerca di superare la vergogna che blocca la famiglia davanti ad una patologia stigmatizzante, con la volont\u00e0 di affrontare e ridurre gli episodi di derisione e bullismo, tanto comuni in ambito domestico, scolastico e persino sanitario<\/b>, che fanno soffrire i bambini e i ragazzi. Lo scopo \u00e8 quello di modificare le rappresentazioni mentali, gli atteggiamenti e i comportamenti delle famiglie, nei confronti degli alimenti e dell\u2019attivit\u00e0 motoria attraverso un processo di <b>empowerment<\/b>, cio\u00e8 di crescita culturale e presa in carico consapevole ed autonoma delle loro scelte di vita e di salute.<\/span><\/p>","protected":false},"excerpt":{"rendered":"<p>di Ferdinando Santini settembre\u00a02019 In Italia due bambini su 10 sono in sovrappeso e uno su 10 \u00e8 obeso, con una maggiore prevalenza nel centro sud. L\u2019obesit\u00e0 infantile \u00e8 un fenomeno non solo dilagante ma anche persistente; la met\u00e0 degli adolescenti obesi rischia di esserlo anche da adulto. I rischi sono evidenziati da sempre [&hellip;]<\/p>","protected":false},"author":101012,"featured_media":0,"comment_status":"open","ping_status":"open","sticky":false,"template":"","format":"standard","meta":{"footnotes":""},"categories":[7,20],"tags":[1270,2969,2972,2971,2968,1015,2967,2651,2970],"class_list":["post-6237","post","type-post","status-publish","format-standard","hentry","category-mt","category-una-mela-al-giorno-qt","tag-attivita-fisica","tag-bambino-obeso","tag-cambiamento-terapeutico","tag-consesso-scientifico","tag-fenomeno","tag-ministero-della-salute","tag-obesita-infantile","tag-prevenzione","tag-societa-italiana-di-nutrizione-pediatrica"],"yoast_head":"<!-- This site is optimized with the Yoast SEO plugin v25.5 - https:\/\/yoast.com\/wordpress\/plugins\/seo\/ -->\n<title>Obesit\u00e0 infantile - Noi di Qua Testata giornalistica e di attualit\u00e0 di Agliana, Montale e Quarrata.<\/title>\n<meta name=\"robots\" content=\"index, follow, max-snippet:-1, max-image-preview:large, max-video-preview:-1\" \/>\n<link rel=\"canonical\" href=\"https:\/\/www.noidiqua.it\/Montale\/obesita-infantile\/\" \/>\n<meta property=\"og:locale\" content=\"it_IT\" \/>\n<meta property=\"og:type\" content=\"article\" \/>\n<meta property=\"og:title\" content=\"Obesit\u00e0 infantile - Noi di Qua Testata giornalistica e di attualit\u00e0 di Agliana, Montale e Quarrata.\" \/>\n<meta property=\"og:description\" content=\"di Ferdinando Santini settembre\u00a02019 In Italia due bambini su 10 sono in sovrappeso e uno su 10 \u00e8 obeso, con una maggiore prevalenza nel centro sud. L\u2019obesit\u00e0 infantile \u00e8 un fenomeno non solo dilagante ma anche persistente; la met\u00e0 degli adolescenti obesi rischia di esserlo anche da adulto. I rischi sono evidenziati da sempre [&hellip;]\" \/>\n<meta property=\"og:url\" content=\"https:\/\/www.noidiqua.it\/Montale\/obesita-infantile\/\" \/>\n<meta property=\"og:site_name\" content=\"Noi di Qua Testata giornalistica e di attualit\u00e0 di Agliana, Montale e Quarrata.\" \/>\n<meta property=\"article:publisher\" content=\"https:\/\/www.facebook.com\/noidiqua.trimestrale\/\" \/>\n<meta property=\"article:published_time\" content=\"2019-09-05T10:16:27+00:00\" \/>\n<meta property=\"article:modified_time\" content=\"2022-01-17T11:17:07+00:00\" \/>\n<meta property=\"og:image\" content=\"https:\/\/www.noidiqua.it\/Montale\/wp-content\/uploads\/2019\/03\/logo-sito.jpg\" \/>\n<meta name=\"author\" content=\"Ferdinando Santini\" \/>\n<meta name=\"twitter:label1\" content=\"Scritto da\" \/>\n\t<meta name=\"twitter:data1\" content=\"Ferdinando Santini\" \/>\n\t<meta name=\"twitter:label2\" content=\"Tempo di lettura stimato\" \/>\n\t<meta name=\"twitter:data2\" content=\"4 minuti\" \/>\n<script type=\"application\/ld+json\" class=\"yoast-schema-graph\">{\"@context\":\"https:\/\/schema.org\",\"@graph\":[{\"@type\":\"WebPage\",\"@id\":\"https:\/\/www.noidiqua.it\/Montale\/obesita-infantile\/\",\"url\":\"https:\/\/www.noidiqua.it\/Montale\/obesita-infantile\/\",\"name\":\"Obesit\u00e0 infantile - Noi di Qua Testata giornalistica e di attualit\u00e0 di Agliana, Montale e Quarrata.\",\"isPartOf\":{\"@id\":\"https:\/\/www.noidiqua.it\/Montale\/#website\"},\"datePublished\":\"2019-09-05T10:16:27+00:00\",\"dateModified\":\"2022-01-17T11:17:07+00:00\",\"author\":{\"@id\":\"https:\/\/www.noidiqua.it\/Montale\/#\/schema\/person\/262adc8f70023d9ad2d704ba02b72429\"},\"breadcrumb\":{\"@id\":\"https:\/\/www.noidiqua.it\/Montale\/obesita-infantile\/#breadcrumb\"},\"inLanguage\":\"it-IT\",\"potentialAction\":[{\"@type\":\"ReadAction\",\"target\":[\"https:\/\/www.noidiqua.it\/Montale\/obesita-infantile\/\"]}]},{\"@type\":\"BreadcrumbList\",\"@id\":\"https:\/\/www.noidiqua.it\/Montale\/obesita-infantile\/#breadcrumb\",\"itemListElement\":[{\"@type\":\"ListItem\",\"position\":1,\"name\":\"Home\",\"item\":\"https:\/\/www.noidiqua.it\/Montale\/\"},{\"@type\":\"ListItem\",\"position\":2,\"name\":\"Obesit\u00e0 infantile\"}]},{\"@type\":\"WebSite\",\"@id\":\"https:\/\/www.noidiqua.it\/Montale\/#website\",\"url\":\"https:\/\/www.noidiqua.it\/Montale\/\",\"name\":\"Noi di Qua Testata giornalistica e di attualit\u00e0 di Agliana, Montale e Quarrata.\",\"description\":\"Testata Giornalistica Quarrata Montale Agliana\",\"potentialAction\":[{\"@type\":\"SearchAction\",\"target\":{\"@type\":\"EntryPoint\",\"urlTemplate\":\"https:\/\/www.noidiqua.it\/Montale\/?s={search_term_string}\"},\"query-input\":{\"@type\":\"PropertyValueSpecification\",\"valueRequired\":true,\"valueName\":\"search_term_string\"}}],\"inLanguage\":\"it-IT\"},{\"@type\":\"Person\",\"@id\":\"https:\/\/www.noidiqua.it\/Montale\/#\/schema\/person\/262adc8f70023d9ad2d704ba02b72429\",\"name\":\"Ferdinando Santini\",\"image\":{\"@type\":\"ImageObject\",\"inLanguage\":\"it-IT\",\"@id\":\"https:\/\/www.noidiqua.it\/Montale\/#\/schema\/person\/image\/\",\"url\":\"https:\/\/secure.gravatar.com\/avatar\/fe173a81a563736baaa4f4ed6241ba2aa9597b2e0b72bbe52d305de68cd5ef57?s=96&d=mm&r=g\",\"contentUrl\":\"https:\/\/secure.gravatar.com\/avatar\/fe173a81a563736baaa4f4ed6241ba2aa9597b2e0b72bbe52d305de68cd5ef57?s=96&d=mm&r=g\",\"caption\":\"Ferdinando Santini\"},\"url\":\"https:\/\/www.noidiqua.it\/Montale\/author\/ferdinando-santini\/\"}]}<\/script>\n<!-- \/ Yoast SEO plugin. -->","yoast_head_json":{"title":"Obesit\u00e0 infantile - Noi di Qua Testata giornalistica e di attualit\u00e0 di Agliana, Montale e Quarrata.","robots":{"index":"index","follow":"follow","max-snippet":"max-snippet:-1","max-image-preview":"max-image-preview:large","max-video-preview":"max-video-preview:-1"},"canonical":"https:\/\/www.noidiqua.it\/Montale\/obesita-infantile\/","og_locale":"it_IT","og_type":"article","og_title":"Obesit\u00e0 infantile - Noi di Qua Testata giornalistica e di attualit\u00e0 di Agliana, Montale e Quarrata.","og_description":"di Ferdinando Santini settembre\u00a02019 In Italia due bambini su 10 sono in sovrappeso e uno su 10 \u00e8 obeso, con una maggiore prevalenza nel centro sud. L\u2019obesit\u00e0 infantile \u00e8 un fenomeno non solo dilagante ma anche persistente; la met\u00e0 degli adolescenti obesi rischia di esserlo anche da adulto. I rischi sono evidenziati da sempre [&hellip;]","og_url":"https:\/\/www.noidiqua.it\/Montale\/obesita-infantile\/","og_site_name":"Noi di Qua Testata giornalistica e di attualit\u00e0 di Agliana, Montale e Quarrata.","article_publisher":"https:\/\/www.facebook.com\/noidiqua.trimestrale\/","article_published_time":"2019-09-05T10:16:27+00:00","article_modified_time":"2022-01-17T11:17:07+00:00","og_image":[{"url":"https:\/\/www.noidiqua.it\/Montale\/wp-content\/uploads\/2019\/03\/logo-sito.jpg","type":"","width":"","height":""}],"author":"Ferdinando Santini","twitter_misc":{"Scritto da":"Ferdinando Santini","Tempo di lettura stimato":"4 minuti"},"schema":{"@context":"https:\/\/schema.org","@graph":[{"@type":"WebPage","@id":"https:\/\/www.noidiqua.it\/Montale\/obesita-infantile\/","url":"https:\/\/www.noidiqua.it\/Montale\/obesita-infantile\/","name":"Obesit\u00e0 infantile - Noi di Qua Testata giornalistica e di attualit\u00e0 di Agliana, Montale e Quarrata.","isPartOf":{"@id":"https:\/\/www.noidiqua.it\/Montale\/#website"},"datePublished":"2019-09-05T10:16:27+00:00","dateModified":"2022-01-17T11:17:07+00:00","author":{"@id":"https:\/\/www.noidiqua.it\/Montale\/#\/schema\/person\/262adc8f70023d9ad2d704ba02b72429"},"breadcrumb":{"@id":"https:\/\/www.noidiqua.it\/Montale\/obesita-infantile\/#breadcrumb"},"inLanguage":"it-IT","potentialAction":[{"@type":"ReadAction","target":["https:\/\/www.noidiqua.it\/Montale\/obesita-infantile\/"]}]},{"@type":"BreadcrumbList","@id":"https:\/\/www.noidiqua.it\/Montale\/obesita-infantile\/#breadcrumb","itemListElement":[{"@type":"ListItem","position":1,"name":"Home","item":"https:\/\/www.noidiqua.it\/Montale\/"},{"@type":"ListItem","position":2,"name":"Obesit\u00e0 infantile"}]},{"@type":"WebSite","@id":"https:\/\/www.noidiqua.it\/Montale\/#website","url":"https:\/\/www.noidiqua.it\/Montale\/","name":"Noi di Qua Testata giornalistica e di attualit\u00e0 di Agliana, Montale e Quarrata.","description":"Testata Giornalistica Quarrata Montale Agliana","potentialAction":[{"@type":"SearchAction","target":{"@type":"EntryPoint","urlTemplate":"https:\/\/www.noidiqua.it\/Montale\/?s={search_term_string}"},"query-input":{"@type":"PropertyValueSpecification","valueRequired":true,"valueName":"search_term_string"}}],"inLanguage":"it-IT"},{"@type":"Person","@id":"https:\/\/www.noidiqua.it\/Montale\/#\/schema\/person\/262adc8f70023d9ad2d704ba02b72429","name":"Ferdinando Santini","image":{"@type":"ImageObject","inLanguage":"it-IT","@id":"https:\/\/www.noidiqua.it\/Montale\/#\/schema\/person\/image\/","url":"https:\/\/secure.gravatar.com\/avatar\/fe173a81a563736baaa4f4ed6241ba2aa9597b2e0b72bbe52d305de68cd5ef57?s=96&d=mm&r=g","contentUrl":"https:\/\/secure.gravatar.com\/avatar\/fe173a81a563736baaa4f4ed6241ba2aa9597b2e0b72bbe52d305de68cd5ef57?s=96&d=mm&r=g","caption":"Ferdinando Santini"},"url":"https:\/\/www.noidiqua.it\/Montale\/author\/ferdinando-santini\/"}]}},"_links":{"self":[{"href":"https:\/\/www.noidiqua.it\/Montale\/wp-json\/wp\/v2\/posts\/6237","targetHints":{"allow":["GET"]}}],"collection":[{"href":"https:\/\/www.noidiqua.it\/Montale\/wp-json\/wp\/v2\/posts"}],"about":[{"href":"https:\/\/www.noidiqua.it\/Montale\/wp-json\/wp\/v2\/types\/post"}],"author":[{"embeddable":true,"href":"https:\/\/www.noidiqua.it\/Montale\/wp-json\/wp\/v2\/users\/101012"}],"replies":[{"embeddable":true,"href":"https:\/\/www.noidiqua.it\/Montale\/wp-json\/wp\/v2\/comments?post=6237"}],"version-history":[{"count":2,"href":"https:\/\/www.noidiqua.it\/Montale\/wp-json\/wp\/v2\/posts\/6237\/revisions"}],"predecessor-version":[{"id":6240,"href":"https:\/\/www.noidiqua.it\/Montale\/wp-json\/wp\/v2\/posts\/6237\/revisions\/6240"}],"wp:attachment":[{"href":"https:\/\/www.noidiqua.it\/Montale\/wp-json\/wp\/v2\/media?parent=6237"}],"wp:term":[{"taxonomy":"category","embeddable":true,"href":"https:\/\/www.noidiqua.it\/Montale\/wp-json\/wp\/v2\/categories?post=6237"},{"taxonomy":"post_tag","embeddable":true,"href":"https:\/\/www.noidiqua.it\/Montale\/wp-json\/wp\/v2\/tags?post=6237"}],"curies":[{"name":"wp","href":"https:\/\/api.w.org\/{rel}","templated":true}]}}