{"id":6785,"date":"2022-03-13T17:12:13","date_gmt":"2022-03-13T16:12:13","guid":{"rendered":"https:\/\/www.noidiqua.it\/Montale\/?p=6785"},"modified":"2022-04-21T11:47:20","modified_gmt":"2022-04-21T09:47:20","slug":"le-cure-negate-durante-la-pandemia","status":"publish","type":"post","link":"https:\/\/www.noidiqua.it\/Montale\/le-cure-negate-durante-la-pandemia\/","title":{"rendered":"Le cure negate durante la pandemia"},"content":{"rendered":"<p><em>di Paola Maria Mandelli<\/em><\/p>\n<p><em>marzo 2022<\/em><\/p>\n<p><a href=\"https:\/\/www.noidiqua.it\/Montale\/wp-content\/uploads\/2022\/04\/una-mela.png\" rel=\"wp-prettyPhoto[6785]\"><img loading=\"lazy\" decoding=\"async\" class=\"aligncenter size-full wp-image-6786\" src=\"https:\/\/www.noidiqua.it\/Montale\/wp-content\/uploads\/2022\/04\/una-mela.png\" alt=\"\" width=\"512\" height=\"273\" srcset=\"https:\/\/www.noidiqua.it\/Montale\/wp-content\/uploads\/2022\/04\/una-mela.png 512w, https:\/\/www.noidiqua.it\/Montale\/wp-content\/uploads\/2022\/04\/una-mela-300x160.png 300w\" sizes=\"auto, (max-width: 512px) 100vw, 512px\" \/><\/a><\/p>\n<p class=\"p1\"><span class=\"s1\"><b>Qualcuno l&#8217;ha gi\u00e0 definita la pandemia delle cure negate, destinata a lasciare strascichi non meno gravi dei danni provocati dal Covid<\/b>. D&#8217;altronde la pandemia prima o poi passer\u00e0, mentre il cancro resta e dal 2020 al 2021, secondo l&#8217;Aiom, l&#8217;Associazione Italiana di Oncologia Medica, un milione di malati oncologici hanno finito per restare senza cure, saltando anche visite di controllo e screening che hanno fatto purtroppo perdere per strada almeno 15 mila diagnosi di tumori. <b>Un ritardo nella diagnosi di una malattia come il tumore, pu\u00f2 far la differenza tra vivere o morire<\/b>.<\/span><\/p>\n<p class=\"p1\"><span class=\"s1\">Pi\u00f9 di 2 pazienti su 5 raccontano di visite, esami o interventi cancellati; pi\u00f9 di 1 su 3 ha avuto difficolt\u00e0 a restare in contatto con gli specialisti e i centri di riferimento; pi\u00f9 di 1 su 10 non ha avuto a disposizione i dispositivi di protezione individuale o non ha trovato i farmaci di cui aveva necessit\u00e0 perch\u00e9, spesso, utilizzati per i pazienti Covid; tutto questo ha portato quelli \u201cordinari\u201d a vivere un senso di abbandono e di incertezza, per tutto il periodo di emergenza sanitaria. <\/span><\/p>\n<p class=\"p1\"><span class=\"s1\"><b>Per quasi tre cittadini su cinque, poi, hanno regnato incertezza, paura, ansia, tristezza, senso di solitudine, angoscia, fatica e confusione.<\/b> Infatti per contenere la trasmissione del virus, si raccomandava la permanenza a casa, e gli accessi al pronto soccorso e l&#8217;ospedale (non correlati all&#8217;infezione da virus) sono stati ridotti al minimo. In pratica i pazienti non Covid hanno potuto contare sul Servizio Sanitario Nazionale solo sei mesi l&#8217;anno, da maggio a ottobre, e questo \u00e8 grave!<\/span><\/p>\n<p class=\"p1\"><span class=\"s1\">I numeri ce li forniscono il sindacato dei medici ospedalieri Anaao e l&#8217;associazione Salutequit\u00e0, che ha monitorato gli interventi e gli accertamenti rinviati. Ebbene, da inizio pandemia ci sono stati oltre due milioni di ricoveri in meno rispetto al 2019, sono saltati circa 600 mila interventi chirurgici e persi per strada 4 milioni di screening oncologici. <\/span><\/p>\n<p class=\"p1\"><span class=\"s1\"><b>La continuit\u00e0 terapeutica di importanti malattie croniche \u00e8 stata messa sotto attacco<\/b>, in particolare, l\u2019impiego di alcune terapie farmacologiche \u2013 soprattutto quelle di patologie asintomatiche e preventive \u2013 si \u00e8 ridotto bruscamente. Riduzioni molto marcate in termini assoluti, fino a raggiungere anche il 40%, o forti diminuzioni di prescrizioni per pazienti di nuova diagnosi fino ad arrivare all\u201985% in alcuni casi, sebbene non vi siano evidenze scientifiche che possano suggerire una diminuzione cos\u00ec drastica dell\u2019incidenza della patologia. E dopo la fine del lockdown non si sono visti segnali decisi di ripresa.<\/span><\/p>\n<p class=\"p1\"><span class=\"s1\">\u00c8 diminuito il ricorso a terapie per patologie croniche, per la prevenzione di eventi cardiovascolari, fratture ossee, o per controllare la progressione del diabete, dell\u2019artrite reumatoide. <\/span><\/p>\n<p class=\"p1\"><span class=\"s1\">Anche reperire certi farmaci \u00e8 stato un problema. In alcune regioni erano accessibili solo nelle farmacie ospedaliere (<i>distribuzione diretta ospedaliera<\/i>). Ulteriori criticit\u00e0 sono state costituite dalla presenza di piani terapeutici, registri di monitoraggio e schede di dispensazione che hanno innalzato un\u2019ulteriore barriera per i pazienti.<\/span><\/p>\n<p class=\"p5\"><span class=\"s2\"><b>Per il recupero di questa enorme mole di arretrato servir\u00e0 assumere personale. E questa volta i soldi per farlo ci sarebbero pure; altro tempo da perdere no<\/b>.<\/span><\/p>","protected":false},"excerpt":{"rendered":"<p>di Paola Maria Mandelli marzo 2022 Qualcuno l&#8217;ha gi\u00e0 definita la pandemia delle cure negate, destinata a lasciare strascichi non meno gravi dei danni provocati dal Covid. D&#8217;altronde la pandemia prima o poi passer\u00e0, mentre il cancro resta e dal 2020 al 2021, secondo l&#8217;Aiom, l&#8217;Associazione Italiana di Oncologia Medica, un milione di malati [&hellip;]<\/p>","protected":false},"author":101014,"featured_media":0,"comment_status":"open","ping_status":"open","sticky":false,"template":"","format":"standard","meta":{"footnotes":""},"categories":[7,20],"tags":[2997,3003,311,2998,2289,2237,3001,2764,2999,3002,3000,3004,158],"class_list":["post-6785","post","type-post","status-publish","format-standard","hentry","category-mt","category-una-mela-al-giorno-qt","tag-aiom","tag-anaao","tag-ansia","tag-associazione-italiana-di-oncologia-medica","tag-covid","tag-lockdown","tag-pandemia","tag-paola-maria-mandelli","tag-pazienti","tag-salutequita","tag-servizio-sanitario-nazionale","tag-terapeutica","tag-una-mela-al-giorno"],"yoast_head":"<!-- This site is optimized with the Yoast SEO plugin v25.5 - https:\/\/yoast.com\/wordpress\/plugins\/seo\/ -->\n<title>Le cure negate durante la pandemia - Noi di Qua Testata giornalistica e di attualit\u00e0 di Agliana, Montale e Quarrata.<\/title>\n<meta name=\"robots\" content=\"index, follow, max-snippet:-1, max-image-preview:large, max-video-preview:-1\" \/>\n<link rel=\"canonical\" href=\"https:\/\/www.noidiqua.it\/Montale\/le-cure-negate-durante-la-pandemia\/\" \/>\n<meta property=\"og:locale\" content=\"it_IT\" \/>\n<meta property=\"og:type\" content=\"article\" \/>\n<meta property=\"og:title\" content=\"Le cure negate durante la pandemia - Noi di Qua Testata giornalistica e di attualit\u00e0 di Agliana, Montale e Quarrata.\" \/>\n<meta property=\"og:description\" content=\"di Paola Maria Mandelli marzo 2022 Qualcuno l&#8217;ha gi\u00e0 definita la pandemia delle cure negate, destinata a lasciare strascichi non meno gravi dei danni provocati dal Covid. D&#8217;altronde la pandemia prima o poi passer\u00e0, mentre il cancro resta e dal 2020 al 2021, secondo l&#8217;Aiom, l&#8217;Associazione Italiana di Oncologia Medica, un milione di malati [&hellip;]\" \/>\n<meta property=\"og:url\" content=\"https:\/\/www.noidiqua.it\/Montale\/le-cure-negate-durante-la-pandemia\/\" \/>\n<meta property=\"og:site_name\" content=\"Noi di Qua Testata giornalistica e di attualit\u00e0 di Agliana, Montale e Quarrata.\" \/>\n<meta property=\"article:publisher\" content=\"https:\/\/www.facebook.com\/noidiqua.trimestrale\/\" \/>\n<meta property=\"article:published_time\" content=\"2022-03-13T16:12:13+00:00\" \/>\n<meta property=\"article:modified_time\" content=\"2022-04-21T09:47:20+00:00\" \/>\n<meta property=\"og:image\" content=\"https:\/\/www.noidiqua.it\/Montale\/wp-content\/uploads\/2022\/04\/una-mela.png\" \/>\n<meta name=\"author\" content=\"Paola Maria Mandelli\" \/>\n<meta name=\"twitter:label1\" content=\"Scritto da\" \/>\n\t<meta name=\"twitter:data1\" content=\"Paola Maria Mandelli\" \/>\n\t<meta name=\"twitter:label2\" content=\"Tempo di lettura stimato\" \/>\n\t<meta name=\"twitter:data2\" content=\"2 minuti\" \/>\n<script type=\"application\/ld+json\" class=\"yoast-schema-graph\">{\"@context\":\"https:\/\/schema.org\",\"@graph\":[{\"@type\":\"WebPage\",\"@id\":\"https:\/\/www.noidiqua.it\/Montale\/le-cure-negate-durante-la-pandemia\/\",\"url\":\"https:\/\/www.noidiqua.it\/Montale\/le-cure-negate-durante-la-pandemia\/\",\"name\":\"Le cure negate durante la pandemia - Noi di Qua Testata giornalistica e di attualit\u00e0 di Agliana, Montale e Quarrata.\",\"isPartOf\":{\"@id\":\"https:\/\/www.noidiqua.it\/Montale\/#website\"},\"primaryImageOfPage\":{\"@id\":\"https:\/\/www.noidiqua.it\/Montale\/le-cure-negate-durante-la-pandemia\/#primaryimage\"},\"image\":{\"@id\":\"https:\/\/www.noidiqua.it\/Montale\/le-cure-negate-durante-la-pandemia\/#primaryimage\"},\"thumbnailUrl\":\"https:\/\/www.noidiqua.it\/Montale\/wp-content\/uploads\/2022\/04\/una-mela.png\",\"datePublished\":\"2022-03-13T16:12:13+00:00\",\"dateModified\":\"2022-04-21T09:47:20+00:00\",\"author\":{\"@id\":\"https:\/\/www.noidiqua.it\/Montale\/#\/schema\/person\/648f75ce7c013c638265e4752ded135c\"},\"breadcrumb\":{\"@id\":\"https:\/\/www.noidiqua.it\/Montale\/le-cure-negate-durante-la-pandemia\/#breadcrumb\"},\"inLanguage\":\"it-IT\",\"potentialAction\":[{\"@type\":\"ReadAction\",\"target\":[\"https:\/\/www.noidiqua.it\/Montale\/le-cure-negate-durante-la-pandemia\/\"]}]},{\"@type\":\"ImageObject\",\"inLanguage\":\"it-IT\",\"@id\":\"https:\/\/www.noidiqua.it\/Montale\/le-cure-negate-durante-la-pandemia\/#primaryimage\",\"url\":\"https:\/\/www.noidiqua.it\/Montale\/wp-content\/uploads\/2022\/04\/una-mela.png\",\"contentUrl\":\"https:\/\/www.noidiqua.it\/Montale\/wp-content\/uploads\/2022\/04\/una-mela.png\",\"width\":512,\"height\":273},{\"@type\":\"BreadcrumbList\",\"@id\":\"https:\/\/www.noidiqua.it\/Montale\/le-cure-negate-durante-la-pandemia\/#breadcrumb\",\"itemListElement\":[{\"@type\":\"ListItem\",\"position\":1,\"name\":\"Home\",\"item\":\"https:\/\/www.noidiqua.it\/Montale\/\"},{\"@type\":\"ListItem\",\"position\":2,\"name\":\"Le cure negate durante la pandemia\"}]},{\"@type\":\"WebSite\",\"@id\":\"https:\/\/www.noidiqua.it\/Montale\/#website\",\"url\":\"https:\/\/www.noidiqua.it\/Montale\/\",\"name\":\"Noi di Qua Testata giornalistica e di attualit\u00e0 di Agliana, Montale e Quarrata.\",\"description\":\"Testata Giornalistica Quarrata Montale Agliana\",\"potentialAction\":[{\"@type\":\"SearchAction\",\"target\":{\"@type\":\"EntryPoint\",\"urlTemplate\":\"https:\/\/www.noidiqua.it\/Montale\/?s={search_term_string}\"},\"query-input\":{\"@type\":\"PropertyValueSpecification\",\"valueRequired\":true,\"valueName\":\"search_term_string\"}}],\"inLanguage\":\"it-IT\"},{\"@type\":\"Person\",\"@id\":\"https:\/\/www.noidiqua.it\/Montale\/#\/schema\/person\/648f75ce7c013c638265e4752ded135c\",\"name\":\"Paola Maria Mandelli\",\"image\":{\"@type\":\"ImageObject\",\"inLanguage\":\"it-IT\",\"@id\":\"https:\/\/www.noidiqua.it\/Montale\/#\/schema\/person\/image\/\",\"url\":\"https:\/\/secure.gravatar.com\/avatar\/36a1604078ac68a02457b1c1830174c74a01009237fc4b38945230bcad46ebfa?s=96&d=mm&r=g\",\"contentUrl\":\"https:\/\/secure.gravatar.com\/avatar\/36a1604078ac68a02457b1c1830174c74a01009237fc4b38945230bcad46ebfa?s=96&d=mm&r=g\",\"caption\":\"Paola Maria Mandelli\"},\"url\":\"https:\/\/www.noidiqua.it\/Montale\/author\/paola-maria-mandelli\/\"}]}<\/script>\n<!-- \/ Yoast SEO plugin. -->","yoast_head_json":{"title":"Le cure negate durante la pandemia - Noi di Qua Testata giornalistica e di attualit\u00e0 di Agliana, Montale e Quarrata.","robots":{"index":"index","follow":"follow","max-snippet":"max-snippet:-1","max-image-preview":"max-image-preview:large","max-video-preview":"max-video-preview:-1"},"canonical":"https:\/\/www.noidiqua.it\/Montale\/le-cure-negate-durante-la-pandemia\/","og_locale":"it_IT","og_type":"article","og_title":"Le cure negate durante la pandemia - Noi di Qua Testata giornalistica e di attualit\u00e0 di Agliana, Montale e Quarrata.","og_description":"di Paola Maria Mandelli marzo 2022 Qualcuno l&#8217;ha gi\u00e0 definita la pandemia delle cure negate, destinata a lasciare strascichi non meno gravi dei danni provocati dal Covid. D&#8217;altronde la pandemia prima o poi passer\u00e0, mentre il cancro resta e dal 2020 al 2021, secondo l&#8217;Aiom, l&#8217;Associazione Italiana di Oncologia Medica, un milione di malati [&hellip;]","og_url":"https:\/\/www.noidiqua.it\/Montale\/le-cure-negate-durante-la-pandemia\/","og_site_name":"Noi di Qua Testata giornalistica e di attualit\u00e0 di Agliana, Montale e Quarrata.","article_publisher":"https:\/\/www.facebook.com\/noidiqua.trimestrale\/","article_published_time":"2022-03-13T16:12:13+00:00","article_modified_time":"2022-04-21T09:47:20+00:00","og_image":[{"url":"https:\/\/www.noidiqua.it\/Montale\/wp-content\/uploads\/2022\/04\/una-mela.png","type":"","width":"","height":""}],"author":"Paola Maria Mandelli","twitter_misc":{"Scritto da":"Paola Maria Mandelli","Tempo di lettura stimato":"2 minuti"},"schema":{"@context":"https:\/\/schema.org","@graph":[{"@type":"WebPage","@id":"https:\/\/www.noidiqua.it\/Montale\/le-cure-negate-durante-la-pandemia\/","url":"https:\/\/www.noidiqua.it\/Montale\/le-cure-negate-durante-la-pandemia\/","name":"Le cure negate durante la pandemia - Noi di Qua Testata giornalistica e di attualit\u00e0 di Agliana, Montale e Quarrata.","isPartOf":{"@id":"https:\/\/www.noidiqua.it\/Montale\/#website"},"primaryImageOfPage":{"@id":"https:\/\/www.noidiqua.it\/Montale\/le-cure-negate-durante-la-pandemia\/#primaryimage"},"image":{"@id":"https:\/\/www.noidiqua.it\/Montale\/le-cure-negate-durante-la-pandemia\/#primaryimage"},"thumbnailUrl":"https:\/\/www.noidiqua.it\/Montale\/wp-content\/uploads\/2022\/04\/una-mela.png","datePublished":"2022-03-13T16:12:13+00:00","dateModified":"2022-04-21T09:47:20+00:00","author":{"@id":"https:\/\/www.noidiqua.it\/Montale\/#\/schema\/person\/648f75ce7c013c638265e4752ded135c"},"breadcrumb":{"@id":"https:\/\/www.noidiqua.it\/Montale\/le-cure-negate-durante-la-pandemia\/#breadcrumb"},"inLanguage":"it-IT","potentialAction":[{"@type":"ReadAction","target":["https:\/\/www.noidiqua.it\/Montale\/le-cure-negate-durante-la-pandemia\/"]}]},{"@type":"ImageObject","inLanguage":"it-IT","@id":"https:\/\/www.noidiqua.it\/Montale\/le-cure-negate-durante-la-pandemia\/#primaryimage","url":"https:\/\/www.noidiqua.it\/Montale\/wp-content\/uploads\/2022\/04\/una-mela.png","contentUrl":"https:\/\/www.noidiqua.it\/Montale\/wp-content\/uploads\/2022\/04\/una-mela.png","width":512,"height":273},{"@type":"BreadcrumbList","@id":"https:\/\/www.noidiqua.it\/Montale\/le-cure-negate-durante-la-pandemia\/#breadcrumb","itemListElement":[{"@type":"ListItem","position":1,"name":"Home","item":"https:\/\/www.noidiqua.it\/Montale\/"},{"@type":"ListItem","position":2,"name":"Le cure negate durante la pandemia"}]},{"@type":"WebSite","@id":"https:\/\/www.noidiqua.it\/Montale\/#website","url":"https:\/\/www.noidiqua.it\/Montale\/","name":"Noi di Qua Testata giornalistica e di attualit\u00e0 di Agliana, Montale e Quarrata.","description":"Testata Giornalistica Quarrata Montale Agliana","potentialAction":[{"@type":"SearchAction","target":{"@type":"EntryPoint","urlTemplate":"https:\/\/www.noidiqua.it\/Montale\/?s={search_term_string}"},"query-input":{"@type":"PropertyValueSpecification","valueRequired":true,"valueName":"search_term_string"}}],"inLanguage":"it-IT"},{"@type":"Person","@id":"https:\/\/www.noidiqua.it\/Montale\/#\/schema\/person\/648f75ce7c013c638265e4752ded135c","name":"Paola Maria Mandelli","image":{"@type":"ImageObject","inLanguage":"it-IT","@id":"https:\/\/www.noidiqua.it\/Montale\/#\/schema\/person\/image\/","url":"https:\/\/secure.gravatar.com\/avatar\/36a1604078ac68a02457b1c1830174c74a01009237fc4b38945230bcad46ebfa?s=96&d=mm&r=g","contentUrl":"https:\/\/secure.gravatar.com\/avatar\/36a1604078ac68a02457b1c1830174c74a01009237fc4b38945230bcad46ebfa?s=96&d=mm&r=g","caption":"Paola Maria Mandelli"},"url":"https:\/\/www.noidiqua.it\/Montale\/author\/paola-maria-mandelli\/"}]}},"_links":{"self":[{"href":"https:\/\/www.noidiqua.it\/Montale\/wp-json\/wp\/v2\/posts\/6785","targetHints":{"allow":["GET"]}}],"collection":[{"href":"https:\/\/www.noidiqua.it\/Montale\/wp-json\/wp\/v2\/posts"}],"about":[{"href":"https:\/\/www.noidiqua.it\/Montale\/wp-json\/wp\/v2\/types\/post"}],"author":[{"embeddable":true,"href":"https:\/\/www.noidiqua.it\/Montale\/wp-json\/wp\/v2\/users\/101014"}],"replies":[{"embeddable":true,"href":"https:\/\/www.noidiqua.it\/Montale\/wp-json\/wp\/v2\/comments?post=6785"}],"version-history":[{"count":1,"href":"https:\/\/www.noidiqua.it\/Montale\/wp-json\/wp\/v2\/posts\/6785\/revisions"}],"predecessor-version":[{"id":6787,"href":"https:\/\/www.noidiqua.it\/Montale\/wp-json\/wp\/v2\/posts\/6785\/revisions\/6787"}],"wp:attachment":[{"href":"https:\/\/www.noidiqua.it\/Montale\/wp-json\/wp\/v2\/media?parent=6785"}],"wp:term":[{"taxonomy":"category","embeddable":true,"href":"https:\/\/www.noidiqua.it\/Montale\/wp-json\/wp\/v2\/categories?post=6785"},{"taxonomy":"post_tag","embeddable":true,"href":"https:\/\/www.noidiqua.it\/Montale\/wp-json\/wp\/v2\/tags?post=6785"}],"curies":[{"name":"wp","href":"https:\/\/api.w.org\/{rel}","templated":true}]}}