{"id":6788,"date":"2022-03-13T17:26:45","date_gmt":"2022-03-13T16:26:45","guid":{"rendered":"https:\/\/www.noidiqua.it\/Montale\/?p=6788"},"modified":"2022-07-14T11:18:56","modified_gmt":"2022-07-14T09:18:56","slug":"francesca-sarteanesi-faccio-presente-il-teatro","status":"publish","type":"post","link":"https:\/\/www.noidiqua.it\/Montale\/francesca-sarteanesi-faccio-presente-il-teatro\/","title":{"rendered":"Francesca Sarteanesi &#8211; Faccio presente il teatro"},"content":{"rendered":"<p><em>di David Colzi. Foto: <a href=\"http:\/\/www.bellinigabriele.it\">Gabriele Bellini<\/a>.<\/em><\/p>\n<p><em style=\"line-height: 1.5;\">marzo 2022<\/em><\/p>\n<p><a href=\"https:\/\/www.noidiqua.it\/Montale\/wp-content\/uploads\/2022\/04\/sarteanesi-3.png\" rel=\"wp-prettyPhoto[6788]\"><img loading=\"lazy\" decoding=\"async\" class=\"size-full wp-image-6789 aligncenter\" src=\"https:\/\/www.noidiqua.it\/Montale\/wp-content\/uploads\/2022\/04\/sarteanesi-3.png\" alt=\"\" width=\"501\" height=\"389\" srcset=\"https:\/\/www.noidiqua.it\/Montale\/wp-content\/uploads\/2022\/04\/sarteanesi-3.png 501w, https:\/\/www.noidiqua.it\/Montale\/wp-content\/uploads\/2022\/04\/sarteanesi-3-300x233.png 300w\" sizes=\"auto, (max-width: 501px) 100vw, 501px\" \/><\/a><\/p>\n<p class=\"p1\"><span class=\"s1\">Autrice di <strong>testi teatrali<\/strong>, performer, ideatrice<\/span> <span class=\"s1\">di <strong>laboratori<\/strong>, ma anche creatrice di capi di abbigliamento e persino un po\u2019 pittrice.<\/span> <span class=\"s1\">Insomma <strong>Francesca Sarteanesi<\/strong> \u00e8 un turbinio di idee e progetti, quindi la prima difficolt\u00e0 che incontriamo parlando con lei, \u00e8 capire quale sia il suo mestiere. <i>\u00abPrincipalmente scrivo e recito per il teatro, fin dal tempo de Gli Omini, quindi dal 2006\u00bb <\/i>precisa lei. <i>\u00abIl mio mestiere \u00e8 quello\u00bb<\/i>. Infatti noi la prima volta l\u2019abbiamo conosciuta proprio nell\u2019ambito del trio teatrale \u201c<a href=\"https:\/\/www.noidiqua.it\/Montale\/francesca-sarteanesi-una-donna-fra-gli-omini\/\"><strong>Gli Omini<\/strong><\/a>\u201d, creato assieme a un altro montalese, <a href=\"https:\/\/www.noidiqua.it\/Montale\/francesco-rotelli-attore-e-regista-teatrale\/\"><strong>Francesco Rotelli<\/strong><\/a>, e dal pistoiese Luca Zacchini. <\/span><\/p>\n<p class=\"p1\"><span class=\"s1\">Ma dal 2018, Francesca lavora \u201cin proprio\u201d, mantenendo per\u00f2 la stessa modalit\u00e0 creativa sviluppata ai tempi del trio; quindi taccuino e registratore in tasca e orecchie tese verso le persone comuni, in modo da carpire discorsi, parole e suggestioni tratte dal quotidiano, con particolare attenzione alla dimensione delle periferie, dove tutto \u00e8 concentrato e identificabile in maniera pi\u00f9 immediata, soprattutto per quanto riguarda le relazioni umane, dove, aggiunge la nostra attrice<i> \u00absono pi\u00f9 poetiche anche le solitudini\u00bb<\/i>. <\/span><\/p>\n<p class=\"p1\"><span class=\"s1\">Eppure, ci rivela Francesca, dopo la fine dell\u2019esperienza con Gli Omini non era nemmeno tanto sicura se proseguire col teatro, ma alla fine la passione ha vinto, e da allora ha messo in scena due nuove opere: \u201c<strong>Bella Bestia<\/strong>\u201d, nel 2019 e l\u2019ultimo \u201c<strong>Sergio<\/strong>\u201d, del 2021. Il primo \u00e8 uno spettacolo scritto e interpretato assieme a Luisa Bosi, mentre il secondo \u00e8 stato scritto assieme a Tommaso Cheli, ma interpretato solo da Francesca in forma di monologo.<\/span><\/p>\n<p><a href=\"https:\/\/www.noidiqua.it\/Montale\/wp-content\/uploads\/2022\/04\/sarteanesi-1.png\" rel=\"wp-prettyPhoto[6788]\"><img loading=\"lazy\" decoding=\"async\" class=\"aligncenter wp-image-6790\" src=\"https:\/\/www.noidiqua.it\/Montale\/wp-content\/uploads\/2022\/04\/sarteanesi-1.png\" alt=\"\" width=\"400\" height=\"357\" srcset=\"https:\/\/www.noidiqua.it\/Montale\/wp-content\/uploads\/2022\/04\/sarteanesi-1.png 499w, https:\/\/www.noidiqua.it\/Montale\/wp-content\/uploads\/2022\/04\/sarteanesi-1-300x268.png 300w\" sizes=\"auto, (max-width: 400px) 100vw, 400px\" \/><\/a><\/p>\n<p class=\"p1\"><span class=\"s1\">Chiedendo di pi\u00f9 su questa ultima fatica teatrale, Francesca ci spiega che nonostante la sua sola presenza sulla scena, lei non percepisce questo spettacolo come un monologo, perch\u00e9 Sergio, questo marito immaginario con cui parla, \u00e8 presente e in qualche modo, nonostante la sua assenza, risulta l\u00ec sul palco. Insomma, secondo Francesca, \u00e8 un dialogo a tutti gli effetti:<i> \u00abE&#8217; uno spettacolo asciutto, dove non c\u2019\u00e8 nulla e si vede tutto\u00bb<\/i>. Suggestioni a parte, Sergio impegna l\u2019attrice per una cinquantina di minuti e lei non ci nasconde la grande fatica nel tenere il pubblico legato alla trama per tutta la durata di questa traversata in solitaria. Ma i riconoscimenti e le rappresentazioni in giro per il centro e il nord Italia danno un responso chiaro: lo spettacolo piace. Non a caso le \u00e8 valso la quasi vittoria agli <strong>Ubu 2021<\/strong>, ovvero gli \u201cOscar\u201d del teatro italiano. E pensare che lei, il giorno delle nomination, si era collegata alla radio solo per curiosit\u00e0, tanto per sentire quali colleghi erano in lizza. <\/span><\/p>\n<p class=\"p1\"><span class=\"s1\"><b>Poi, quando hai sentito che fra i tre nomi, nella categoria Attrice\/performer, c\u2019era il tuo?<\/b> <i>\u00abIncredulit\u00e0; sono rimasta frastornata per una settimana\u00bb. <\/i><b>Anche se alla fine non l\u2019hai vinto: che soddisfazione! <\/b><i>\u00ab&#8230;Un premio riservato solo ai grandissimi\u00bb<\/i> prosegue Francesca. <i>\u00abE&#8217; uno di quei pensieri che neanche ti sfiorano la testa\u00bb<\/i>. Talento, attenzione ai particolari, un po\u2019 di ironia, sono i tratti distintivi di Francesca e questi suoi primi spettacoli ne sono la prova, e sicuramente saranno gli ingredienti anche per i prossimi. Sempre sul versante del teatro ironico, citiamo la performance di improvvisazione fatta assieme a <strong>Lella Costa<\/strong>, ad agosto 2020, presso la Fortezza di Sarzana all\u2019interno della serata \u201cL\u2019ironia \u00e8 donna\u201d. Se volete, potete vedere tutto il match su YouTube.<\/span><\/p>\n<p class=\"p1\"><span class=\"s1\">Il fulcro di tutta la produzione artistica di Francesca sono dunque le parole: estrapolate, maneggiate, oppure decontestualizzate per focalizzarne i significati primari; a questo gioco \u201cserio\u201d non sfugge neanche un altro suo progetto, quello delle frasi scritte sui maglioni, che possiamo chiamare \u201cAlmeno nevicasse\u201d, in quanto \u00e8 stata la prima scritta ricamata col punto catenella.<\/span><\/p>\n<p><a href=\"https:\/\/www.noidiqua.it\/Montale\/wp-content\/uploads\/2022\/04\/sarteanesi-2.png\" rel=\"wp-prettyPhoto[6788]\"><img loading=\"lazy\" decoding=\"async\" class=\"aligncenter wp-image-6791\" src=\"https:\/\/www.noidiqua.it\/Montale\/wp-content\/uploads\/2022\/04\/sarteanesi-2.png\" alt=\"\" width=\"418\" height=\"390\" srcset=\"https:\/\/www.noidiqua.it\/Montale\/wp-content\/uploads\/2022\/04\/sarteanesi-2.png 506w, https:\/\/www.noidiqua.it\/Montale\/wp-content\/uploads\/2022\/04\/sarteanesi-2-300x280.png 300w\" sizes=\"auto, (max-width: 418px) 100vw, 418px\" \/><\/a><\/p>\n<p class=\"p1\"><span class=\"s1\">Ci\u00f2 che part\u00ec come uno sfogo personale, impresso su una maglia che aveva in casa, si \u00e8 trasformato piano piano in un progetto parallelo. Le scritte cos\u00ec sono cominciate a moltiplicarsi e la gente ha iniziato ad apprezzare i vari \u201cpezzi unici\u201d che altro non sono che maglioni vintage recuperati, restaurati e poi personalizzati. Complice di questo nuovo viaggio \u00e8 l\u2019insostituibile <strong>Rebecca Ihle<\/strong>, sarta e costumista di Prato (costumista anche per \u201cSergio\u201d) e la modella <strong>Margherita Marzocchini<\/strong>, di Montemurlo. Sulla seguitissima pagina di instagram <strong>@almenonevicasse<\/strong> potete vedere la miriade di scritte che sono uscite fuori dal genio di queste due donne, la cui originalit\u00e0 non \u00e8 passata inosservata neanche a Glamour e Vanity fair, dove sono state recensite positivamente. Persino gente dello spettacolo come Geppi Cucciari o Justine Mattera hanno acquistato un loro pezzo unico, cos\u00ec come altri clienti in Europa o in America. Se volete conoscere meglio questa storia, potete andare su noidiqua.it e, sulla pagina di Montale, digitare: <i><a href=\"https:\/\/www.noidiqua.it\/Montale\/francesca-sarteanesi-pensieri-scritti-sulle-maglie\/\">Francesca Sarteanesi \u2013 pensieri scritti sulle maglie<\/a>.<\/i><\/span><\/p>\n<p class=\"p1\"><span class=\"s1\">Quel che a noi interessa ora di questo progetto, \u00e8 che in qualche modo si \u00e8 fuso col teatro, perch\u00e9 da circa due anni, Francesca ha iniziato a realizzare su richiesta, laboratori teatrali di improvvisazioni, scrittura creativa e drammaturgia in tutta Italia (con una puntata anche a Lugano) dove, partendo da un processo creativo particolare, i partecipanti riescono a trovare la loro frase e a ricamarsela da soli su un maglione. Si tratta sempre di tre giornate con un numero limitato di persone. Il primo giorno interviene solo Francesca, il secondo arriva anche Rebecca e il terzo le raggiunge la modella Margherita. <\/span><\/p>\n<p class=\"p1\"><span class=\"s1\">Esperienze riuscitissime, e la soddisfazione di tutti \u00e8 palpabile nei vari video di <strong>YouTube<\/strong>. Magari, sorriderete pure voi, guardando qualche uomo alle prese col ricamo o qualche senior alla prima esperienza teatrale. Infatti ogni laboratorio si conclude con una piccola performance dove i protagonisti del corso indossano i loro maglioni, recitando testi che sono venuti fuori dalle interviste.<\/span><\/p>\n<p class=\"p1\"><span class=\"s1\"><b>Rimanendo in tema cucito: qual \u00e8 la tua frase preferita, tra le novecentosessantacinque che avete scritto sui maglioni?<\/b> <i>\u00ab\u201cFaccio presente\u201d mi piace molto\u00bb<\/i> conclude Francesca Sarteanesi <i>\u00abper le sue molteplici possibilit\u00e0 interpretative\u00bb<\/i>. &#8230;E noi lo terremo presente.<\/span><\/p>","protected":false},"excerpt":{"rendered":"<p>di David Colzi. Foto: Gabriele Bellini. marzo 2022 Autrice di testi teatrali, performer, ideatrice di laboratori, ma anche creatrice di capi di abbigliamento e persino un po\u2019 pittrice. Insomma Francesca Sarteanesi \u00e8 un turbinio di idee e progetti, quindi la prima difficolt\u00e0 che incontriamo parlando con lei, \u00e8 capire quale sia il suo mestiere. [&hellip;]<\/p>","protected":false},"author":14,"featured_media":0,"comment_status":"open","ping_status":"open","sticky":false,"template":"","format":"standard","meta":{"footnotes":""},"categories":[172,7],"tags":[2932,2930,2928,865,2224,3006,3009,2933,3010,3007,3005,3008,2219],"class_list":["post-6788","post","type-post","status-publish","format-standard","hentry","category-che-spettacolo","category-mt","tag-almenonevicasse","tag-bella-bestia","tag-francesca-sarteanesi","tag-francesco-rotelli","tag-gli-omini","tag-laboratori","tag-lella-costa","tag-margherita-marzocchini","tag-rebecca-ihle","tag-sergio","tag-testi-teatrali","tag-ubu-2021","tag-youtube"],"yoast_head":"<!-- This site is optimized with the Yoast SEO plugin v25.5 - https:\/\/yoast.com\/wordpress\/plugins\/seo\/ -->\n<title>Francesca Sarteanesi - Faccio presente il teatro - Noi di Qua Testata giornalistica e di attualit\u00e0 di Agliana, Montale e Quarrata.<\/title>\n<meta name=\"robots\" content=\"index, follow, max-snippet:-1, max-image-preview:large, max-video-preview:-1\" \/>\n<link rel=\"canonical\" href=\"https:\/\/www.noidiqua.it\/Montale\/francesca-sarteanesi-faccio-presente-il-teatro\/\" \/>\n<meta property=\"og:locale\" content=\"it_IT\" \/>\n<meta property=\"og:type\" content=\"article\" \/>\n<meta property=\"og:title\" content=\"Francesca Sarteanesi - Faccio presente il teatro - Noi di Qua Testata giornalistica e di attualit\u00e0 di Agliana, Montale e Quarrata.\" \/>\n<meta property=\"og:description\" content=\"di David Colzi. Foto: Gabriele Bellini. marzo 2022 Autrice di testi teatrali, performer, ideatrice di laboratori, ma anche creatrice di capi di abbigliamento e persino un po\u2019 pittrice. Insomma Francesca Sarteanesi \u00e8 un turbinio di idee e progetti, quindi la prima difficolt\u00e0 che incontriamo parlando con lei, \u00e8 capire quale sia il suo mestiere. [&hellip;]\" \/>\n<meta property=\"og:url\" content=\"https:\/\/www.noidiqua.it\/Montale\/francesca-sarteanesi-faccio-presente-il-teatro\/\" \/>\n<meta property=\"og:site_name\" content=\"Noi di Qua Testata giornalistica e di attualit\u00e0 di Agliana, Montale e Quarrata.\" \/>\n<meta property=\"article:publisher\" content=\"https:\/\/www.facebook.com\/noidiqua.trimestrale\/\" \/>\n<meta property=\"article:published_time\" content=\"2022-03-13T16:26:45+00:00\" \/>\n<meta property=\"article:modified_time\" content=\"2022-07-14T09:18:56+00:00\" \/>\n<meta property=\"og:image\" content=\"https:\/\/www.noidiqua.it\/Montale\/wp-content\/uploads\/2022\/04\/sarteanesi-3.png\" \/>\n<meta name=\"author\" content=\"Daniela Gori\" \/>\n<meta name=\"twitter:label1\" content=\"Scritto da\" \/>\n\t<meta name=\"twitter:data1\" content=\"Daniela Gori\" \/>\n\t<meta name=\"twitter:label2\" content=\"Tempo di lettura stimato\" \/>\n\t<meta name=\"twitter:data2\" content=\"5 minuti\" \/>\n<script type=\"application\/ld+json\" class=\"yoast-schema-graph\">{\"@context\":\"https:\/\/schema.org\",\"@graph\":[{\"@type\":\"WebPage\",\"@id\":\"https:\/\/www.noidiqua.it\/Montale\/francesca-sarteanesi-faccio-presente-il-teatro\/\",\"url\":\"https:\/\/www.noidiqua.it\/Montale\/francesca-sarteanesi-faccio-presente-il-teatro\/\",\"name\":\"Francesca Sarteanesi - Faccio presente il teatro - Noi di Qua Testata giornalistica e di attualit\u00e0 di Agliana, Montale e Quarrata.\",\"isPartOf\":{\"@id\":\"https:\/\/www.noidiqua.it\/Montale\/#website\"},\"primaryImageOfPage\":{\"@id\":\"https:\/\/www.noidiqua.it\/Montale\/francesca-sarteanesi-faccio-presente-il-teatro\/#primaryimage\"},\"image\":{\"@id\":\"https:\/\/www.noidiqua.it\/Montale\/francesca-sarteanesi-faccio-presente-il-teatro\/#primaryimage\"},\"thumbnailUrl\":\"https:\/\/www.noidiqua.it\/Montale\/wp-content\/uploads\/2022\/04\/sarteanesi-3.png\",\"datePublished\":\"2022-03-13T16:26:45+00:00\",\"dateModified\":\"2022-07-14T09:18:56+00:00\",\"author\":{\"@id\":\"https:\/\/www.noidiqua.it\/Montale\/#\/schema\/person\/12cd4ee986501a2ed6a5952f7add6015\"},\"breadcrumb\":{\"@id\":\"https:\/\/www.noidiqua.it\/Montale\/francesca-sarteanesi-faccio-presente-il-teatro\/#breadcrumb\"},\"inLanguage\":\"it-IT\",\"potentialAction\":[{\"@type\":\"ReadAction\",\"target\":[\"https:\/\/www.noidiqua.it\/Montale\/francesca-sarteanesi-faccio-presente-il-teatro\/\"]}]},{\"@type\":\"ImageObject\",\"inLanguage\":\"it-IT\",\"@id\":\"https:\/\/www.noidiqua.it\/Montale\/francesca-sarteanesi-faccio-presente-il-teatro\/#primaryimage\",\"url\":\"https:\/\/www.noidiqua.it\/Montale\/wp-content\/uploads\/2022\/04\/sarteanesi-3.png\",\"contentUrl\":\"https:\/\/www.noidiqua.it\/Montale\/wp-content\/uploads\/2022\/04\/sarteanesi-3.png\",\"width\":501,\"height\":389},{\"@type\":\"BreadcrumbList\",\"@id\":\"https:\/\/www.noidiqua.it\/Montale\/francesca-sarteanesi-faccio-presente-il-teatro\/#breadcrumb\",\"itemListElement\":[{\"@type\":\"ListItem\",\"position\":1,\"name\":\"Home\",\"item\":\"https:\/\/www.noidiqua.it\/Montale\/\"},{\"@type\":\"ListItem\",\"position\":2,\"name\":\"Francesca Sarteanesi &#8211; Faccio presente il teatro\"}]},{\"@type\":\"WebSite\",\"@id\":\"https:\/\/www.noidiqua.it\/Montale\/#website\",\"url\":\"https:\/\/www.noidiqua.it\/Montale\/\",\"name\":\"Noi di Qua Testata giornalistica e di attualit\u00e0 di Agliana, Montale e Quarrata.\",\"description\":\"Testata Giornalistica Quarrata Montale Agliana\",\"potentialAction\":[{\"@type\":\"SearchAction\",\"target\":{\"@type\":\"EntryPoint\",\"urlTemplate\":\"https:\/\/www.noidiqua.it\/Montale\/?s={search_term_string}\"},\"query-input\":{\"@type\":\"PropertyValueSpecification\",\"valueRequired\":true,\"valueName\":\"search_term_string\"}}],\"inLanguage\":\"it-IT\"},{\"@type\":\"Person\",\"@id\":\"https:\/\/www.noidiqua.it\/Montale\/#\/schema\/person\/12cd4ee986501a2ed6a5952f7add6015\",\"name\":\"Daniela Gori\",\"image\":{\"@type\":\"ImageObject\",\"inLanguage\":\"it-IT\",\"@id\":\"https:\/\/www.noidiqua.it\/Montale\/#\/schema\/person\/image\/\",\"url\":\"https:\/\/secure.gravatar.com\/avatar\/cedef6954f2f50aad74cfd521587e906c1bab342e26190dc95981b13aef624c8?s=96&d=mm&r=g\",\"contentUrl\":\"https:\/\/secure.gravatar.com\/avatar\/cedef6954f2f50aad74cfd521587e906c1bab342e26190dc95981b13aef624c8?s=96&d=mm&r=g\",\"caption\":\"Daniela Gori\"},\"url\":\"https:\/\/www.noidiqua.it\/Montale\/author\/daniela-gori\/\"}]}<\/script>\n<!-- \/ Yoast SEO plugin. -->","yoast_head_json":{"title":"Francesca Sarteanesi - Faccio presente il teatro - Noi di Qua Testata giornalistica e di attualit\u00e0 di Agliana, Montale e Quarrata.","robots":{"index":"index","follow":"follow","max-snippet":"max-snippet:-1","max-image-preview":"max-image-preview:large","max-video-preview":"max-video-preview:-1"},"canonical":"https:\/\/www.noidiqua.it\/Montale\/francesca-sarteanesi-faccio-presente-il-teatro\/","og_locale":"it_IT","og_type":"article","og_title":"Francesca Sarteanesi - Faccio presente il teatro - Noi di Qua Testata giornalistica e di attualit\u00e0 di Agliana, Montale e Quarrata.","og_description":"di David Colzi. Foto: Gabriele Bellini. marzo 2022 Autrice di testi teatrali, performer, ideatrice di laboratori, ma anche creatrice di capi di abbigliamento e persino un po\u2019 pittrice. Insomma Francesca Sarteanesi \u00e8 un turbinio di idee e progetti, quindi la prima difficolt\u00e0 che incontriamo parlando con lei, \u00e8 capire quale sia il suo mestiere. [&hellip;]","og_url":"https:\/\/www.noidiqua.it\/Montale\/francesca-sarteanesi-faccio-presente-il-teatro\/","og_site_name":"Noi di Qua Testata giornalistica e di attualit\u00e0 di Agliana, Montale e Quarrata.","article_publisher":"https:\/\/www.facebook.com\/noidiqua.trimestrale\/","article_published_time":"2022-03-13T16:26:45+00:00","article_modified_time":"2022-07-14T09:18:56+00:00","og_image":[{"url":"https:\/\/www.noidiqua.it\/Montale\/wp-content\/uploads\/2022\/04\/sarteanesi-3.png","type":"","width":"","height":""}],"author":"Daniela Gori","twitter_misc":{"Scritto da":"Daniela Gori","Tempo di lettura stimato":"5 minuti"},"schema":{"@context":"https:\/\/schema.org","@graph":[{"@type":"WebPage","@id":"https:\/\/www.noidiqua.it\/Montale\/francesca-sarteanesi-faccio-presente-il-teatro\/","url":"https:\/\/www.noidiqua.it\/Montale\/francesca-sarteanesi-faccio-presente-il-teatro\/","name":"Francesca Sarteanesi - Faccio presente il teatro - Noi di Qua Testata giornalistica e di attualit\u00e0 di Agliana, Montale e Quarrata.","isPartOf":{"@id":"https:\/\/www.noidiqua.it\/Montale\/#website"},"primaryImageOfPage":{"@id":"https:\/\/www.noidiqua.it\/Montale\/francesca-sarteanesi-faccio-presente-il-teatro\/#primaryimage"},"image":{"@id":"https:\/\/www.noidiqua.it\/Montale\/francesca-sarteanesi-faccio-presente-il-teatro\/#primaryimage"},"thumbnailUrl":"https:\/\/www.noidiqua.it\/Montale\/wp-content\/uploads\/2022\/04\/sarteanesi-3.png","datePublished":"2022-03-13T16:26:45+00:00","dateModified":"2022-07-14T09:18:56+00:00","author":{"@id":"https:\/\/www.noidiqua.it\/Montale\/#\/schema\/person\/12cd4ee986501a2ed6a5952f7add6015"},"breadcrumb":{"@id":"https:\/\/www.noidiqua.it\/Montale\/francesca-sarteanesi-faccio-presente-il-teatro\/#breadcrumb"},"inLanguage":"it-IT","potentialAction":[{"@type":"ReadAction","target":["https:\/\/www.noidiqua.it\/Montale\/francesca-sarteanesi-faccio-presente-il-teatro\/"]}]},{"@type":"ImageObject","inLanguage":"it-IT","@id":"https:\/\/www.noidiqua.it\/Montale\/francesca-sarteanesi-faccio-presente-il-teatro\/#primaryimage","url":"https:\/\/www.noidiqua.it\/Montale\/wp-content\/uploads\/2022\/04\/sarteanesi-3.png","contentUrl":"https:\/\/www.noidiqua.it\/Montale\/wp-content\/uploads\/2022\/04\/sarteanesi-3.png","width":501,"height":389},{"@type":"BreadcrumbList","@id":"https:\/\/www.noidiqua.it\/Montale\/francesca-sarteanesi-faccio-presente-il-teatro\/#breadcrumb","itemListElement":[{"@type":"ListItem","position":1,"name":"Home","item":"https:\/\/www.noidiqua.it\/Montale\/"},{"@type":"ListItem","position":2,"name":"Francesca Sarteanesi &#8211; Faccio presente il teatro"}]},{"@type":"WebSite","@id":"https:\/\/www.noidiqua.it\/Montale\/#website","url":"https:\/\/www.noidiqua.it\/Montale\/","name":"Noi di Qua Testata giornalistica e di attualit\u00e0 di Agliana, Montale e Quarrata.","description":"Testata Giornalistica Quarrata Montale Agliana","potentialAction":[{"@type":"SearchAction","target":{"@type":"EntryPoint","urlTemplate":"https:\/\/www.noidiqua.it\/Montale\/?s={search_term_string}"},"query-input":{"@type":"PropertyValueSpecification","valueRequired":true,"valueName":"search_term_string"}}],"inLanguage":"it-IT"},{"@type":"Person","@id":"https:\/\/www.noidiqua.it\/Montale\/#\/schema\/person\/12cd4ee986501a2ed6a5952f7add6015","name":"Daniela Gori","image":{"@type":"ImageObject","inLanguage":"it-IT","@id":"https:\/\/www.noidiqua.it\/Montale\/#\/schema\/person\/image\/","url":"https:\/\/secure.gravatar.com\/avatar\/cedef6954f2f50aad74cfd521587e906c1bab342e26190dc95981b13aef624c8?s=96&d=mm&r=g","contentUrl":"https:\/\/secure.gravatar.com\/avatar\/cedef6954f2f50aad74cfd521587e906c1bab342e26190dc95981b13aef624c8?s=96&d=mm&r=g","caption":"Daniela Gori"},"url":"https:\/\/www.noidiqua.it\/Montale\/author\/daniela-gori\/"}]}},"_links":{"self":[{"href":"https:\/\/www.noidiqua.it\/Montale\/wp-json\/wp\/v2\/posts\/6788","targetHints":{"allow":["GET"]}}],"collection":[{"href":"https:\/\/www.noidiqua.it\/Montale\/wp-json\/wp\/v2\/posts"}],"about":[{"href":"https:\/\/www.noidiqua.it\/Montale\/wp-json\/wp\/v2\/types\/post"}],"author":[{"embeddable":true,"href":"https:\/\/www.noidiqua.it\/Montale\/wp-json\/wp\/v2\/users\/14"}],"replies":[{"embeddable":true,"href":"https:\/\/www.noidiqua.it\/Montale\/wp-json\/wp\/v2\/comments?post=6788"}],"version-history":[{"count":4,"href":"https:\/\/www.noidiqua.it\/Montale\/wp-json\/wp\/v2\/posts\/6788\/revisions"}],"predecessor-version":[{"id":6845,"href":"https:\/\/www.noidiqua.it\/Montale\/wp-json\/wp\/v2\/posts\/6788\/revisions\/6845"}],"wp:attachment":[{"href":"https:\/\/www.noidiqua.it\/Montale\/wp-json\/wp\/v2\/media?parent=6788"}],"wp:term":[{"taxonomy":"category","embeddable":true,"href":"https:\/\/www.noidiqua.it\/Montale\/wp-json\/wp\/v2\/categories?post=6788"},{"taxonomy":"post_tag","embeddable":true,"href":"https:\/\/www.noidiqua.it\/Montale\/wp-json\/wp\/v2\/tags?post=6788"}],"curies":[{"name":"wp","href":"https:\/\/api.w.org\/{rel}","templated":true}]}}