{"id":6817,"date":"2022-03-13T10:45:40","date_gmt":"2022-03-13T09:45:40","guid":{"rendered":"https:\/\/www.noidiqua.it\/Montale\/?p=6817"},"modified":"2022-07-14T11:21:39","modified_gmt":"2022-07-14T09:21:39","slug":"la-foresta-dellacquerino-cantagallo","status":"publish","type":"post","link":"https:\/\/www.noidiqua.it\/Montale\/la-foresta-dellacquerino-cantagallo\/","title":{"rendered":"La Foresta dell&#8217;Acquerino Cantagallo"},"content":{"rendered":"<p><em>di David Colzi<\/em><\/p>\n<p><em>marzo 2022<\/em><\/p>\n<p><a href=\"https:\/\/www.noidiqua.it\/Montale\/wp-content\/uploads\/2022\/04\/Acquerino-1.png\" rel=\"wp-prettyPhoto[6817]\"><img loading=\"lazy\" decoding=\"async\" class=\"aligncenter size-full wp-image-6818\" src=\"https:\/\/www.noidiqua.it\/Montale\/wp-content\/uploads\/2022\/04\/Acquerino-1.png\" alt=\"\" width=\"505\" height=\"343\" srcset=\"https:\/\/www.noidiqua.it\/Montale\/wp-content\/uploads\/2022\/04\/Acquerino-1.png 505w, https:\/\/www.noidiqua.it\/Montale\/wp-content\/uploads\/2022\/04\/Acquerino-1-300x204.png 300w\" sizes=\"auto, (max-width: 505px) 100vw, 505px\" \/><\/a><\/p>\n<p class=\"p1\"><span class=\"s1\"><a href=\"https:\/\/www.noidiqua.it\/Montale\/centro-visite-della-cascina-di-spedaletto-una-realta-da-scoprire\/\">Dopo aver parlato nel 2019 del Centro Visite della Cascina di Spedaletto<\/a>, in qualit\u00e0 di punto di accesso montalese verso la riserva dell\u2019<strong>Acquerino Cantagallo<\/strong>, abbiamo deciso stavolta di inoltrarci in quella stupenda area verde per conoscerne la flora e la fauna. A farci da guida ancora una volta c\u2019\u00e8 il dottor <strong>Massimiliano Petrolo<\/strong>, naturalista e guida ambientale escursionistica presso l\u2019Ecoistituto delle Cerbaie, che conosce molto bene l\u2019area e infatti ci snocciola subito le prime informazioni per farci capire le varie competenze, che sono molto diversificate. <\/span><\/p>\n<p class=\"p1\"><span class=\"s1\">Questa enorme riserva si sviluppa in gran parte (1.514 ettari) nel territorio demaniale regionale, sia nel distretto tirrenico, valle del Bisenzio, che in quello adriatico, valle delle Limentre. L\u2019area per\u00f2 \u00e8 anche in parte gestita dai carabinieri forestali, e parliamo della \u201cRiserva Naturale dello Stato Acquerino\u201d, cio\u00e8 quella localizzata sull\u2019Appennino settentrionale, nell\u2019alto bacino del torrente Limentra. Qui si parte da un altitudine minima di 750 metri per arrivare ad una massima di 1.240, per un estensione di 243 ettari. Non solo: parte \u00e8 anche \u201c<strong>Riserva Naturale Regionale<\/strong> Acquerino Cantagallo\u201d, che \u00e8 quella di cui ci occuperemo. Quindi competenze e gestioni se le dividono lo Stato Italiano (parte pistoiese nei pressi della ex caserma forestale) e la regione Toscana.<\/span><\/p>\n<p class=\"p1\"><span class=\"s1\">Adesso con Petrolo parliamo di cosa ci aspetta una volta entrati in questo paradiso naturale dal lato Montale, quindi partendo da sopra Tobbiana, localit\u00e0 Cascina di Spedaletto. Questo \u00e8 secondo il nostro naturalista il punto pi\u00f9 comodo, innanzitutto perch\u00e9 ci si arriva agilmente con l\u2019auto e poi perch\u00e9 intorno al <strong>Centro Visite<\/strong> c\u2019\u00e8 il pratone dei faggi dove poter fare picnic in famiglia. Da qui partono molti sentieri, anche facili, per portare i bambini a spasso in mezzo alla natura. I pi\u00f9 avventurosi invece, possono intraprendere escursioni impegnative di trekking che durano ore o addirittura giorni, appoggiandosi alle strutture ricettive, come il <strong>Rifugio Pacini<\/strong> a Pian della Rasa.<\/span><\/p>\n<p><a href=\"https:\/\/www.noidiqua.it\/Montale\/wp-content\/uploads\/2022\/04\/Acquerino-3.png\" rel=\"wp-prettyPhoto[6817]\"><img loading=\"lazy\" decoding=\"async\" class=\"aligncenter  wp-image-6819\" src=\"https:\/\/www.noidiqua.it\/Montale\/wp-content\/uploads\/2022\/04\/Acquerino-3.png\" alt=\"\" width=\"448\" height=\"325\" srcset=\"https:\/\/www.noidiqua.it\/Montale\/wp-content\/uploads\/2022\/04\/Acquerino-3.png 516w, https:\/\/www.noidiqua.it\/Montale\/wp-content\/uploads\/2022\/04\/Acquerino-3-300x217.png 300w\" sizes=\"auto, (max-width: 448px) 100vw, 448px\" \/><\/a><\/p>\n<p class=\"p1\"><span class=\"s1\">I boschi, complici i dislivelli di altitudine, si riempiono di castagneti e faggete; in particolare quest\u2019ultime caratterizzano la maggior parte dell\u2019area e tra di loro scorrono tanti corsi d\u2019acqua, magari piccolissimi, ma fondamentali perch\u00e9 danno riparo a una fauna che qui trova uno degli ultimi rifugi. In particolare gli anfibi sono numerosi, ed essendo creature molto fragili, ci testimoniano l\u2019ottimo stato di salute di questo scrigno prezioso per la biodiversit\u00e0. Ci sono dalla \u201cSalamandrina dagli occhiali\u201d (specie endemica italiana), alla \u201cSalamandra pezzata\u201d, fino ai tritoni, ai rospi, alle rane comuni o anfibi come \u201cL\u2019ululone dal ventre giallo\u201d. A riguardo Petrolo ci fa presente che tanti <strong>anfibi<\/strong> come quelli citati, una volta vivevano nella nostra Piana, oggi purtroppo irrimediabilmente antropizzata. <\/span><\/p>\n<p class=\"p1\"><span class=\"s1\">Se siete fortunati, fra questi animaletti molto timidi, potrete vedere anche il gambero di fiume o il granchio d\u2019acqua dolce che da qualche anno \u00e8 sceso fino a Striglianella e questo \u00e8 un buon segno. Di rarit\u00e0 in rarit\u00e0, avvisiamo che nel 2017 nei pressi di Cantagallo \u00e8 stato fotografato persino il \u201cfantasma dei boschi\u201d, ovvero il \u201c<strong>Gatto selvatico europeo<\/strong>\u201d, considerato estinto nel pratese dal 1800. Poi come da altre parti, \u00e8 tornato il lupo, che magari sentirete ululare in lontananza, e tendendo l\u2019orecchio potrete avvertire il \u201cPicchio rosso\u201d intento a scavare il tronco di un albero, magari tra una risate e l\u2019altra, perch\u00e9 a questo suono somiglia il suo inconfondibile richiamo. Con un po\u2019 di pazienza potrete vedere animali che ci sono in gran numero, ma elusivi, come il ghiro, lo scoiattolo rosso, il cervo o il daino&#8230; <i>\u00abMa non deve essere una caccia alla rarit\u00e0\u00bb<\/i> ci ammonisce Petrolo.<i> \u00abL\u00ec tutto \u00e8 una scoperta, dai piccoli fiori del sottobosco, fino agli alberi secolari che necessitano di pi\u00f9 persone per essere abbracciati. Insomma \u00e8 una <strong>foresta magica<\/strong> a due passi da casa, che va vissuta a pieno\u00bb.<\/i><\/span><\/p>\n<p><a href=\"https:\/\/www.noidiqua.it\/Montale\/wp-content\/uploads\/2022\/04\/Acquerino-2.png\" rel=\"wp-prettyPhoto[6817]\"><img loading=\"lazy\" decoding=\"async\" class=\"aligncenter  wp-image-6820\" src=\"https:\/\/www.noidiqua.it\/Montale\/wp-content\/uploads\/2022\/04\/Acquerino-2.png\" alt=\"\" width=\"404\" height=\"353\" srcset=\"https:\/\/www.noidiqua.it\/Montale\/wp-content\/uploads\/2022\/04\/Acquerino-2.png 505w, https:\/\/www.noidiqua.it\/Montale\/wp-content\/uploads\/2022\/04\/Acquerino-2-300x262.png 300w\" sizes=\"auto, (max-width: 404px) 100vw, 404px\" \/><\/a><\/p>\n<p class=\"p1\"><span class=\"s1\">La \u201cRiserva Naturale Regionale Acquerino Cantagallo\u201d \u00e8 di libero accesso e spesso associazioni o scuole, organizzano gite, giornate didattiche e altro ancora; a facilitare il tutto ci sono cartine del territorio, strutture come la <strong>Cascina di Spedaletto<\/strong> e tanti sentieri segnalati dal Cai. Inoltrandovi, potrete percorrere le vecchie stradine che in antichit\u00e0 portavano i pastori in transumanza verso i pascoli alti. La raccomandazione fondamentale \u00e8 sempre quella di non partire per passeggiate o escursioni in solitaria.<\/span><\/p>\n<p class=\"p1\"><span class=\"s1\">Prima di salutarci Massimiliano Petrolo ci informa che da inizio marzo la Toscana, come il resto d\u2019Italia, ha pubblicato le linee guida per la tutela dei \u201c<strong>boschi vetusti<\/strong>\u201d cio\u00e8 quei polmoni verdi che hanno al loro interno alberi con un\u2019et\u00e0 superiore ai sessant\u2019anni. Questo permetter\u00e0 un censimento preciso delle nostre piccole o grandi foreste; sar\u00e0 quindi uno strumento fondamentale per la loro salvaguardia. Fino ad oggi purtroppo, come spesso accade in Italia, esisteva la legge, ma non i parametri per applicarla. Inutile dire che il nostro naturalista \u00e8 gi\u00e0 al lavoro per stendere la sua lista che comprender\u00e0 anche aree del nostro territorio. <\/span><\/p>","protected":false},"excerpt":{"rendered":"<p>di David Colzi marzo 2022 Dopo aver parlato nel 2019 del Centro Visite della Cascina di Spedaletto, in qualit\u00e0 di punto di accesso montalese verso la riserva dell\u2019Acquerino Cantagallo, abbiamo deciso stavolta di inoltrarci in quella stupenda area verde per conoscerne la flora e la fauna. A farci da guida ancora una volta c\u2019\u00e8 [&hellip;]<\/p>","protected":false},"author":5,"featured_media":0,"comment_status":"open","ping_status":"open","sticky":false,"template":"","format":"standard","meta":{"footnotes":""},"categories":[7,1706],"tags":[3045,3048,3051,1249,2910,3050,3049,1823,3047,3046],"class_list":["post-6817","post","type-post","status-publish","format-standard","hentry","category-mt","category-qualita-di-vita","tag-acquerino-cantagallo","tag-anfibi","tag-boschi-vetusti","tag-cascina-di-spedaletto","tag-centro-visite","tag-foresta-magica","tag-gatto-selvatico-europeo","tag-massimiliano-petrolo","tag-rifugio-pacini","tag-riserva-naturale-regionale"],"yoast_head":"<!-- This site is optimized with the Yoast SEO plugin v25.5 - https:\/\/yoast.com\/wordpress\/plugins\/seo\/ -->\n<title>La Foresta dell&#039;Acquerino Cantagallo - Noi di Qua Testata giornalistica e di attualit\u00e0 di Agliana, Montale e Quarrata.<\/title>\n<meta name=\"robots\" content=\"index, follow, max-snippet:-1, max-image-preview:large, max-video-preview:-1\" \/>\n<link rel=\"canonical\" href=\"https:\/\/www.noidiqua.it\/Montale\/la-foresta-dellacquerino-cantagallo\/\" \/>\n<meta property=\"og:locale\" content=\"it_IT\" \/>\n<meta property=\"og:type\" content=\"article\" \/>\n<meta property=\"og:title\" content=\"La Foresta dell&#039;Acquerino Cantagallo - Noi di Qua Testata giornalistica e di attualit\u00e0 di Agliana, Montale e Quarrata.\" \/>\n<meta property=\"og:description\" content=\"di David Colzi marzo 2022 Dopo aver parlato nel 2019 del Centro Visite della Cascina di Spedaletto, in qualit\u00e0 di punto di accesso montalese verso la riserva dell\u2019Acquerino Cantagallo, abbiamo deciso stavolta di inoltrarci in quella stupenda area verde per conoscerne la flora e la fauna. A farci da guida ancora una volta c\u2019\u00e8 [&hellip;]\" \/>\n<meta property=\"og:url\" content=\"https:\/\/www.noidiqua.it\/Montale\/la-foresta-dellacquerino-cantagallo\/\" \/>\n<meta property=\"og:site_name\" content=\"Noi di Qua Testata giornalistica e di attualit\u00e0 di Agliana, Montale e Quarrata.\" \/>\n<meta property=\"article:publisher\" content=\"https:\/\/www.facebook.com\/noidiqua.trimestrale\/\" \/>\n<meta property=\"article:published_time\" content=\"2022-03-13T09:45:40+00:00\" \/>\n<meta property=\"article:modified_time\" content=\"2022-07-14T09:21:39+00:00\" \/>\n<meta property=\"og:image\" content=\"https:\/\/www.noidiqua.it\/Montale\/wp-content\/uploads\/2022\/04\/Acquerino-1.png\" \/>\n<meta name=\"author\" content=\"David Colzi\" \/>\n<meta name=\"twitter:label1\" content=\"Scritto da\" \/>\n\t<meta name=\"twitter:data1\" content=\"David Colzi\" \/>\n\t<meta name=\"twitter:label2\" content=\"Tempo di lettura stimato\" \/>\n\t<meta name=\"twitter:data2\" content=\"4 minuti\" \/>\n<script type=\"application\/ld+json\" class=\"yoast-schema-graph\">{\"@context\":\"https:\/\/schema.org\",\"@graph\":[{\"@type\":\"WebPage\",\"@id\":\"https:\/\/www.noidiqua.it\/Montale\/la-foresta-dellacquerino-cantagallo\/\",\"url\":\"https:\/\/www.noidiqua.it\/Montale\/la-foresta-dellacquerino-cantagallo\/\",\"name\":\"La Foresta dell'Acquerino Cantagallo - Noi di Qua Testata giornalistica e di attualit\u00e0 di Agliana, Montale e Quarrata.\",\"isPartOf\":{\"@id\":\"https:\/\/www.noidiqua.it\/Montale\/#website\"},\"primaryImageOfPage\":{\"@id\":\"https:\/\/www.noidiqua.it\/Montale\/la-foresta-dellacquerino-cantagallo\/#primaryimage\"},\"image\":{\"@id\":\"https:\/\/www.noidiqua.it\/Montale\/la-foresta-dellacquerino-cantagallo\/#primaryimage\"},\"thumbnailUrl\":\"https:\/\/www.noidiqua.it\/Montale\/wp-content\/uploads\/2022\/04\/Acquerino-1.png\",\"datePublished\":\"2022-03-13T09:45:40+00:00\",\"dateModified\":\"2022-07-14T09:21:39+00:00\",\"author\":{\"@id\":\"https:\/\/www.noidiqua.it\/Montale\/#\/schema\/person\/3b45dd21eb2367c177b6a6d35c868ccc\"},\"breadcrumb\":{\"@id\":\"https:\/\/www.noidiqua.it\/Montale\/la-foresta-dellacquerino-cantagallo\/#breadcrumb\"},\"inLanguage\":\"it-IT\",\"potentialAction\":[{\"@type\":\"ReadAction\",\"target\":[\"https:\/\/www.noidiqua.it\/Montale\/la-foresta-dellacquerino-cantagallo\/\"]}]},{\"@type\":\"ImageObject\",\"inLanguage\":\"it-IT\",\"@id\":\"https:\/\/www.noidiqua.it\/Montale\/la-foresta-dellacquerino-cantagallo\/#primaryimage\",\"url\":\"https:\/\/www.noidiqua.it\/Montale\/wp-content\/uploads\/2022\/04\/Acquerino-1.png\",\"contentUrl\":\"https:\/\/www.noidiqua.it\/Montale\/wp-content\/uploads\/2022\/04\/Acquerino-1.png\",\"width\":505,\"height\":343},{\"@type\":\"BreadcrumbList\",\"@id\":\"https:\/\/www.noidiqua.it\/Montale\/la-foresta-dellacquerino-cantagallo\/#breadcrumb\",\"itemListElement\":[{\"@type\":\"ListItem\",\"position\":1,\"name\":\"Home\",\"item\":\"https:\/\/www.noidiqua.it\/Montale\/\"},{\"@type\":\"ListItem\",\"position\":2,\"name\":\"La Foresta dell&#8217;Acquerino Cantagallo\"}]},{\"@type\":\"WebSite\",\"@id\":\"https:\/\/www.noidiqua.it\/Montale\/#website\",\"url\":\"https:\/\/www.noidiqua.it\/Montale\/\",\"name\":\"Noi di Qua Testata giornalistica e di attualit\u00e0 di Agliana, Montale e Quarrata.\",\"description\":\"Testata Giornalistica Quarrata Montale Agliana\",\"potentialAction\":[{\"@type\":\"SearchAction\",\"target\":{\"@type\":\"EntryPoint\",\"urlTemplate\":\"https:\/\/www.noidiqua.it\/Montale\/?s={search_term_string}\"},\"query-input\":{\"@type\":\"PropertyValueSpecification\",\"valueRequired\":true,\"valueName\":\"search_term_string\"}}],\"inLanguage\":\"it-IT\"},{\"@type\":\"Person\",\"@id\":\"https:\/\/www.noidiqua.it\/Montale\/#\/schema\/person\/3b45dd21eb2367c177b6a6d35c868ccc\",\"name\":\"David Colzi\",\"image\":{\"@type\":\"ImageObject\",\"inLanguage\":\"it-IT\",\"@id\":\"https:\/\/www.noidiqua.it\/Montale\/#\/schema\/person\/image\/\",\"url\":\"https:\/\/secure.gravatar.com\/avatar\/515ac68c0075b78a8243a0f28e5a361c9b5c466a1d6912ac3919ddd928c4db8c?s=96&d=mm&r=g\",\"contentUrl\":\"https:\/\/secure.gravatar.com\/avatar\/515ac68c0075b78a8243a0f28e5a361c9b5c466a1d6912ac3919ddd928c4db8c?s=96&d=mm&r=g\",\"caption\":\"David Colzi\"},\"url\":\"https:\/\/www.noidiqua.it\/Montale\/author\/david-colzi\/\"}]}<\/script>\n<!-- \/ Yoast SEO plugin. -->","yoast_head_json":{"title":"La Foresta dell'Acquerino Cantagallo - Noi di Qua Testata giornalistica e di attualit\u00e0 di Agliana, Montale e Quarrata.","robots":{"index":"index","follow":"follow","max-snippet":"max-snippet:-1","max-image-preview":"max-image-preview:large","max-video-preview":"max-video-preview:-1"},"canonical":"https:\/\/www.noidiqua.it\/Montale\/la-foresta-dellacquerino-cantagallo\/","og_locale":"it_IT","og_type":"article","og_title":"La Foresta dell'Acquerino Cantagallo - Noi di Qua Testata giornalistica e di attualit\u00e0 di Agliana, Montale e Quarrata.","og_description":"di David Colzi marzo 2022 Dopo aver parlato nel 2019 del Centro Visite della Cascina di Spedaletto, in qualit\u00e0 di punto di accesso montalese verso la riserva dell\u2019Acquerino Cantagallo, abbiamo deciso stavolta di inoltrarci in quella stupenda area verde per conoscerne la flora e la fauna. A farci da guida ancora una volta c\u2019\u00e8 [&hellip;]","og_url":"https:\/\/www.noidiqua.it\/Montale\/la-foresta-dellacquerino-cantagallo\/","og_site_name":"Noi di Qua Testata giornalistica e di attualit\u00e0 di Agliana, Montale e Quarrata.","article_publisher":"https:\/\/www.facebook.com\/noidiqua.trimestrale\/","article_published_time":"2022-03-13T09:45:40+00:00","article_modified_time":"2022-07-14T09:21:39+00:00","og_image":[{"url":"https:\/\/www.noidiqua.it\/Montale\/wp-content\/uploads\/2022\/04\/Acquerino-1.png","type":"","width":"","height":""}],"author":"David Colzi","twitter_misc":{"Scritto da":"David Colzi","Tempo di lettura stimato":"4 minuti"},"schema":{"@context":"https:\/\/schema.org","@graph":[{"@type":"WebPage","@id":"https:\/\/www.noidiqua.it\/Montale\/la-foresta-dellacquerino-cantagallo\/","url":"https:\/\/www.noidiqua.it\/Montale\/la-foresta-dellacquerino-cantagallo\/","name":"La Foresta dell'Acquerino Cantagallo - Noi di Qua Testata giornalistica e di attualit\u00e0 di Agliana, Montale e Quarrata.","isPartOf":{"@id":"https:\/\/www.noidiqua.it\/Montale\/#website"},"primaryImageOfPage":{"@id":"https:\/\/www.noidiqua.it\/Montale\/la-foresta-dellacquerino-cantagallo\/#primaryimage"},"image":{"@id":"https:\/\/www.noidiqua.it\/Montale\/la-foresta-dellacquerino-cantagallo\/#primaryimage"},"thumbnailUrl":"https:\/\/www.noidiqua.it\/Montale\/wp-content\/uploads\/2022\/04\/Acquerino-1.png","datePublished":"2022-03-13T09:45:40+00:00","dateModified":"2022-07-14T09:21:39+00:00","author":{"@id":"https:\/\/www.noidiqua.it\/Montale\/#\/schema\/person\/3b45dd21eb2367c177b6a6d35c868ccc"},"breadcrumb":{"@id":"https:\/\/www.noidiqua.it\/Montale\/la-foresta-dellacquerino-cantagallo\/#breadcrumb"},"inLanguage":"it-IT","potentialAction":[{"@type":"ReadAction","target":["https:\/\/www.noidiqua.it\/Montale\/la-foresta-dellacquerino-cantagallo\/"]}]},{"@type":"ImageObject","inLanguage":"it-IT","@id":"https:\/\/www.noidiqua.it\/Montale\/la-foresta-dellacquerino-cantagallo\/#primaryimage","url":"https:\/\/www.noidiqua.it\/Montale\/wp-content\/uploads\/2022\/04\/Acquerino-1.png","contentUrl":"https:\/\/www.noidiqua.it\/Montale\/wp-content\/uploads\/2022\/04\/Acquerino-1.png","width":505,"height":343},{"@type":"BreadcrumbList","@id":"https:\/\/www.noidiqua.it\/Montale\/la-foresta-dellacquerino-cantagallo\/#breadcrumb","itemListElement":[{"@type":"ListItem","position":1,"name":"Home","item":"https:\/\/www.noidiqua.it\/Montale\/"},{"@type":"ListItem","position":2,"name":"La Foresta dell&#8217;Acquerino Cantagallo"}]},{"@type":"WebSite","@id":"https:\/\/www.noidiqua.it\/Montale\/#website","url":"https:\/\/www.noidiqua.it\/Montale\/","name":"Noi di Qua Testata giornalistica e di attualit\u00e0 di Agliana, Montale e Quarrata.","description":"Testata Giornalistica Quarrata Montale Agliana","potentialAction":[{"@type":"SearchAction","target":{"@type":"EntryPoint","urlTemplate":"https:\/\/www.noidiqua.it\/Montale\/?s={search_term_string}"},"query-input":{"@type":"PropertyValueSpecification","valueRequired":true,"valueName":"search_term_string"}}],"inLanguage":"it-IT"},{"@type":"Person","@id":"https:\/\/www.noidiqua.it\/Montale\/#\/schema\/person\/3b45dd21eb2367c177b6a6d35c868ccc","name":"David Colzi","image":{"@type":"ImageObject","inLanguage":"it-IT","@id":"https:\/\/www.noidiqua.it\/Montale\/#\/schema\/person\/image\/","url":"https:\/\/secure.gravatar.com\/avatar\/515ac68c0075b78a8243a0f28e5a361c9b5c466a1d6912ac3919ddd928c4db8c?s=96&d=mm&r=g","contentUrl":"https:\/\/secure.gravatar.com\/avatar\/515ac68c0075b78a8243a0f28e5a361c9b5c466a1d6912ac3919ddd928c4db8c?s=96&d=mm&r=g","caption":"David Colzi"},"url":"https:\/\/www.noidiqua.it\/Montale\/author\/david-colzi\/"}]}},"_links":{"self":[{"href":"https:\/\/www.noidiqua.it\/Montale\/wp-json\/wp\/v2\/posts\/6817","targetHints":{"allow":["GET"]}}],"collection":[{"href":"https:\/\/www.noidiqua.it\/Montale\/wp-json\/wp\/v2\/posts"}],"about":[{"href":"https:\/\/www.noidiqua.it\/Montale\/wp-json\/wp\/v2\/types\/post"}],"author":[{"embeddable":true,"href":"https:\/\/www.noidiqua.it\/Montale\/wp-json\/wp\/v2\/users\/5"}],"replies":[{"embeddable":true,"href":"https:\/\/www.noidiqua.it\/Montale\/wp-json\/wp\/v2\/comments?post=6817"}],"version-history":[{"count":2,"href":"https:\/\/www.noidiqua.it\/Montale\/wp-json\/wp\/v2\/posts\/6817\/revisions"}],"predecessor-version":[{"id":6822,"href":"https:\/\/www.noidiqua.it\/Montale\/wp-json\/wp\/v2\/posts\/6817\/revisions\/6822"}],"wp:attachment":[{"href":"https:\/\/www.noidiqua.it\/Montale\/wp-json\/wp\/v2\/media?parent=6817"}],"wp:term":[{"taxonomy":"category","embeddable":true,"href":"https:\/\/www.noidiqua.it\/Montale\/wp-json\/wp\/v2\/categories?post=6817"},{"taxonomy":"post_tag","embeddable":true,"href":"https:\/\/www.noidiqua.it\/Montale\/wp-json\/wp\/v2\/tags?post=6817"}],"curies":[{"name":"wp","href":"https:\/\/api.w.org\/{rel}","templated":true}]}}