{"id":6824,"date":"2022-03-13T11:16:25","date_gmt":"2022-03-13T10:16:25","guid":{"rendered":"https:\/\/www.noidiqua.it\/Montale\/?p=6824"},"modified":"2022-07-14T11:22:50","modified_gmt":"2022-07-14T09:22:50","slug":"progetto-arboreo","status":"publish","type":"post","link":"https:\/\/www.noidiqua.it\/Montale\/progetto-arboreo\/","title":{"rendered":"Progetto Arboreo"},"content":{"rendered":"<p><em>di Daniela Gori<\/em><\/p>\n<p><em>marzo 2022<\/em><\/p>\n<p><a href=\"https:\/\/www.noidiqua.it\/Montale\/wp-content\/uploads\/2022\/04\/Arboreo-1.png\" rel=\"wp-prettyPhoto[6824]\"><img loading=\"lazy\" decoding=\"async\" class=\"aligncenter size-full wp-image-6825\" src=\"https:\/\/www.noidiqua.it\/Montale\/wp-content\/uploads\/2022\/04\/Arboreo-1.png\" alt=\"\" width=\"489\" height=\"296\" srcset=\"https:\/\/www.noidiqua.it\/Montale\/wp-content\/uploads\/2022\/04\/Arboreo-1.png 489w, https:\/\/www.noidiqua.it\/Montale\/wp-content\/uploads\/2022\/04\/Arboreo-1-300x182.png 300w\" sizes=\"auto, (max-width: 489px) 100vw, 489px\" \/><\/a><\/p>\n<p class=\"p1\"><span class=\"s1\">\u201c<strong>Arboreo<\/strong> \u2013 Alle radici della Comunit\u00e0 educante\u201d, pu\u00f2 sembrare a prima vista un semplice progetto per far capire ai giovani l\u2019importanza delle <strong>aree verdi<\/strong>, tramite la loro tutela e la loro cura. <\/span><\/p>\n<p class=\"p1\"><span class=\"s1\">Promosso dalla cooperativa Gemma e dall\u2019associazione <strong>Pozzo di Giacobbe<\/strong> di Quarrata, con la partecipazione degli istituti comprensivi Bonaccorso da Montemagno e Mario Nannini e del liceo artistico Petrocchi di Quarrata, del Bartolomeo Sestini di Agliana, del comprensivo di Montale (a questi poi si \u00e8 aggiunto anche il comprensivo Raffaello di Pistoia), il progetto si propone di implementare le aree verdi del territorio con un migliaio di alberi. Ma \u201cArboreo\u201d \u00e8 molto di pi\u00f9 che un semplice lavoro di messa a dimora di alberi; \u00e8 l\u2019occasione per condividere gli stessi obiettivi da insegnanti, studenti, educatori del <strong>Terzo Settore<\/strong>, istituzioni locali e genitori, per creare opportunit\u00e0 nuove e sperimentali di apprendimento e di socialit\u00e0 per i minori del territorio. E&#8217; inoltre un modo per porre un\u2019attenzione particolare ai pi\u00f9 vulnerabili perch\u00e9 in situazioni di povert\u00e0, di disabilit\u00e0 o di difficolt\u00e0 familiari. E&#8217; per\u00f2 anche l\u2019occasione per i ragazzi e le ragazze degli istituti scolastici di studiare nella pratica la matematica e la geometria per realizzare i progetti di intervento e la fisica e le scienze per applicarle ad alberi e piante.<\/span><\/p>\n<p><a href=\"https:\/\/www.noidiqua.it\/Montale\/wp-content\/uploads\/2022\/04\/Arboreo-3.png\" rel=\"wp-prettyPhoto[6824]\"><img loading=\"lazy\" decoding=\"async\" class=\"aligncenter  wp-image-6826\" src=\"https:\/\/www.noidiqua.it\/Montale\/wp-content\/uploads\/2022\/04\/Arboreo-3.png\" alt=\"\" width=\"402\" height=\"330\" srcset=\"https:\/\/www.noidiqua.it\/Montale\/wp-content\/uploads\/2022\/04\/Arboreo-3.png 500w, https:\/\/www.noidiqua.it\/Montale\/wp-content\/uploads\/2022\/04\/Arboreo-3-300x246.png 300w\" sizes=\"auto, (max-width: 402px) 100vw, 402px\" \/><\/a><\/p>\n<p class=\"p1\"><span class=\"s1\">Non solo: in \u201cArboreo\u201d trovano spazio anche le materie umanistiche, con approfondimenti tematici ed esperienze dirette sul rapporto tra natura e letteratura, tra <strong>natura<\/strong> e arte. E&#8217; per questa maxi offerta educativa, che intende riattivare le energie della comunit\u00e0 nell\u2019era post Covid, che il progetto \u00e8 stato selezionato e finanziato nell\u2019avviso \u201c<strong>Educare insieme<\/strong>\u201d, indetto dalla Presidenza del Consiglio dei Ministri \u2013 Dipartimento per le Politiche della Famiglia.<\/span><\/p>\n<p><a href=\"https:\/\/www.noidiqua.it\/Montale\/wp-content\/uploads\/2022\/04\/Arboreo-4.png\" rel=\"wp-prettyPhoto[6824]\"><img loading=\"lazy\" decoding=\"async\" class=\"aligncenter size-full wp-image-6827\" src=\"https:\/\/www.noidiqua.it\/Montale\/wp-content\/uploads\/2022\/04\/Arboreo-4.png\" alt=\"\" width=\"321\" height=\"399\" srcset=\"https:\/\/www.noidiqua.it\/Montale\/wp-content\/uploads\/2022\/04\/Arboreo-4.png 321w, https:\/\/www.noidiqua.it\/Montale\/wp-content\/uploads\/2022\/04\/Arboreo-4-241x300.png 241w\" sizes=\"auto, (max-width: 321px) 100vw, 321px\" \/><\/a><\/p>\n<p class=\"p1\"><span class=\"s1\">L\u2019idea \u00e8 nata da un\u2019intuizione di <strong>Caterina Bracali<\/strong>, insegnante di Arte, e dell\u2019artista <strong>Gerardo Paoletti<\/strong>, a cui si \u00e8 affiancato l\u2019esperto <strong>Massimiliano Petrolo<\/strong>, naturalista e guida ambientale dell\u2019Ecoistituto delle Cerbaie, che conosce benissimo il territorio dei comuni di Montale, Agliana e Quarrata. Attivit\u00e0 di formazione ad hoc \u00e8 stata dunque messa a disposizione di educatori e insegnanti che si occupano del progetto. <i>\u00abCon Arboreo vogliamo piantare almeno 1.000 alberi in quattro aree verdi del territorio individuate dai circa 800 ragazzi che partecipano al progetto\u00bb<\/i> hanno spiegato i coordinatori della cooperativa Gemma <i>\u00ab1.000 alberi che diventano occasione di cura, mantenimento, rigenerazione urbana e del territorio, ma anche e soprattutto di rigenerazione delle relazioni umane e sociali e dell\u2019attenzione verso chi fa pi\u00f9 fatica. Attraverso contesti e laboratori di apprendimento non formali, Arboreo intende creare nei ragazzi partecipazione attiva nel proprio contesto di vita in una prospettiva ecologica ed <strong>ecosostenibile<\/strong>. Ogni albero piantato avr\u00e0 la sua \u201ccarta d\u2019identit\u00e0\u201d, nella quale il ragazzo o la ragazza che l\u2019hanno messo a dimora scriveranno le generalit\u00e0 della pianta e altre informazioni; un modo per esortare il senso di responsabilit\u00e0 nei confronti della natura. Quella di Arboreo \u00e8 un\u2019azione locale e concreta di contrasto alla povert\u00e0 educativa minorile che contribuisce ad un processo globale di tutela e rinascita del pianeta, in perfetta aderenza agli obiettivi dell\u2019Agenda di sviluppo sostenibile 2030\u00bb<\/i>.<\/span><\/p>\n<p><a href=\"https:\/\/www.noidiqua.it\/Montale\/wp-content\/uploads\/2022\/04\/Arboreo-2.png\" rel=\"wp-prettyPhoto[6824]\"><img loading=\"lazy\" decoding=\"async\" class=\"aligncenter  wp-image-6828\" src=\"https:\/\/www.noidiqua.it\/Montale\/wp-content\/uploads\/2022\/04\/Arboreo-2.png\" alt=\"\" width=\"434\" height=\"363\" srcset=\"https:\/\/www.noidiqua.it\/Montale\/wp-content\/uploads\/2022\/04\/Arboreo-2.png 502w, https:\/\/www.noidiqua.it\/Montale\/wp-content\/uploads\/2022\/04\/Arboreo-2-300x251.png 300w\" sizes=\"auto, (max-width: 434px) 100vw, 434px\" \/><\/a><\/p>","protected":false},"excerpt":{"rendered":"<p>di Daniela Gori marzo 2022 \u201cArboreo \u2013 Alle radici della Comunit\u00e0 educante\u201d, pu\u00f2 sembrare a prima vista un semplice progetto per far capire ai giovani l\u2019importanza delle aree verdi, tramite la loro tutela e la loro cura. Promosso dalla cooperativa Gemma e dall\u2019associazione Pozzo di Giacobbe di Quarrata, con la partecipazione degli istituti comprensivi [&hellip;]<\/p>","protected":false},"author":14,"featured_media":0,"comment_status":"open","ping_status":"open","sticky":false,"template":"","format":"standard","meta":{"footnotes":""},"categories":[7,1706],"tags":[3052,2446,3056,3057,3055,177,1823,1749,3053,3054],"class_list":["post-6824","post","type-post","status-publish","format-standard","hentry","category-mt","category-qualita-di-vita","tag-arboreo","tag-aree-verdi","tag-caterina-bracali","tag-ecosostenibile","tag-educare-insieme","tag-gerardo-paoletti","tag-massimiliano-petrolo","tag-natura","tag-pozzo-di-giacobbe","tag-terzo-settore"],"yoast_head":"<!-- This site is optimized with the Yoast SEO plugin v25.5 - https:\/\/yoast.com\/wordpress\/plugins\/seo\/ -->\n<title>Progetto Arboreo - Noi di Qua Testata giornalistica e di attualit\u00e0 di Agliana, Montale e Quarrata.<\/title>\n<meta name=\"robots\" content=\"index, follow, max-snippet:-1, max-image-preview:large, max-video-preview:-1\" \/>\n<link rel=\"canonical\" href=\"https:\/\/www.noidiqua.it\/Montale\/progetto-arboreo\/\" \/>\n<meta property=\"og:locale\" content=\"it_IT\" \/>\n<meta property=\"og:type\" content=\"article\" \/>\n<meta property=\"og:title\" content=\"Progetto Arboreo - Noi di Qua Testata giornalistica e di attualit\u00e0 di Agliana, Montale e Quarrata.\" \/>\n<meta property=\"og:description\" content=\"di Daniela Gori marzo 2022 \u201cArboreo \u2013 Alle radici della Comunit\u00e0 educante\u201d, pu\u00f2 sembrare a prima vista un semplice progetto per far capire ai giovani l\u2019importanza delle aree verdi, tramite la loro tutela e la loro cura. Promosso dalla cooperativa Gemma e dall\u2019associazione Pozzo di Giacobbe di Quarrata, con la partecipazione degli istituti comprensivi [&hellip;]\" \/>\n<meta property=\"og:url\" content=\"https:\/\/www.noidiqua.it\/Montale\/progetto-arboreo\/\" \/>\n<meta property=\"og:site_name\" content=\"Noi di Qua Testata giornalistica e di attualit\u00e0 di Agliana, Montale e Quarrata.\" \/>\n<meta property=\"article:publisher\" content=\"https:\/\/www.facebook.com\/noidiqua.trimestrale\/\" \/>\n<meta property=\"article:published_time\" content=\"2022-03-13T10:16:25+00:00\" \/>\n<meta property=\"article:modified_time\" content=\"2022-07-14T09:22:50+00:00\" \/>\n<meta property=\"og:image\" content=\"https:\/\/www.noidiqua.it\/Montale\/wp-content\/uploads\/2022\/04\/Arboreo-1.png\" \/>\n<meta name=\"author\" content=\"Daniela Gori\" \/>\n<meta name=\"twitter:label1\" content=\"Scritto da\" \/>\n\t<meta name=\"twitter:data1\" content=\"Daniela Gori\" \/>\n\t<meta name=\"twitter:label2\" content=\"Tempo di lettura stimato\" \/>\n\t<meta name=\"twitter:data2\" content=\"3 minuti\" \/>\n<script type=\"application\/ld+json\" class=\"yoast-schema-graph\">{\"@context\":\"https:\/\/schema.org\",\"@graph\":[{\"@type\":\"WebPage\",\"@id\":\"https:\/\/www.noidiqua.it\/Montale\/progetto-arboreo\/\",\"url\":\"https:\/\/www.noidiqua.it\/Montale\/progetto-arboreo\/\",\"name\":\"Progetto Arboreo - Noi di Qua Testata giornalistica e di attualit\u00e0 di Agliana, Montale e Quarrata.\",\"isPartOf\":{\"@id\":\"https:\/\/www.noidiqua.it\/Montale\/#website\"},\"primaryImageOfPage\":{\"@id\":\"https:\/\/www.noidiqua.it\/Montale\/progetto-arboreo\/#primaryimage\"},\"image\":{\"@id\":\"https:\/\/www.noidiqua.it\/Montale\/progetto-arboreo\/#primaryimage\"},\"thumbnailUrl\":\"https:\/\/www.noidiqua.it\/Montale\/wp-content\/uploads\/2022\/04\/Arboreo-1.png\",\"datePublished\":\"2022-03-13T10:16:25+00:00\",\"dateModified\":\"2022-07-14T09:22:50+00:00\",\"author\":{\"@id\":\"https:\/\/www.noidiqua.it\/Montale\/#\/schema\/person\/12cd4ee986501a2ed6a5952f7add6015\"},\"breadcrumb\":{\"@id\":\"https:\/\/www.noidiqua.it\/Montale\/progetto-arboreo\/#breadcrumb\"},\"inLanguage\":\"it-IT\",\"potentialAction\":[{\"@type\":\"ReadAction\",\"target\":[\"https:\/\/www.noidiqua.it\/Montale\/progetto-arboreo\/\"]}]},{\"@type\":\"ImageObject\",\"inLanguage\":\"it-IT\",\"@id\":\"https:\/\/www.noidiqua.it\/Montale\/progetto-arboreo\/#primaryimage\",\"url\":\"https:\/\/www.noidiqua.it\/Montale\/wp-content\/uploads\/2022\/04\/Arboreo-1.png\",\"contentUrl\":\"https:\/\/www.noidiqua.it\/Montale\/wp-content\/uploads\/2022\/04\/Arboreo-1.png\",\"width\":489,\"height\":296},{\"@type\":\"BreadcrumbList\",\"@id\":\"https:\/\/www.noidiqua.it\/Montale\/progetto-arboreo\/#breadcrumb\",\"itemListElement\":[{\"@type\":\"ListItem\",\"position\":1,\"name\":\"Home\",\"item\":\"https:\/\/www.noidiqua.it\/Montale\/\"},{\"@type\":\"ListItem\",\"position\":2,\"name\":\"Progetto Arboreo\"}]},{\"@type\":\"WebSite\",\"@id\":\"https:\/\/www.noidiqua.it\/Montale\/#website\",\"url\":\"https:\/\/www.noidiqua.it\/Montale\/\",\"name\":\"Noi di Qua Testata giornalistica e di attualit\u00e0 di Agliana, Montale e Quarrata.\",\"description\":\"Testata Giornalistica Quarrata Montale Agliana\",\"potentialAction\":[{\"@type\":\"SearchAction\",\"target\":{\"@type\":\"EntryPoint\",\"urlTemplate\":\"https:\/\/www.noidiqua.it\/Montale\/?s={search_term_string}\"},\"query-input\":{\"@type\":\"PropertyValueSpecification\",\"valueRequired\":true,\"valueName\":\"search_term_string\"}}],\"inLanguage\":\"it-IT\"},{\"@type\":\"Person\",\"@id\":\"https:\/\/www.noidiqua.it\/Montale\/#\/schema\/person\/12cd4ee986501a2ed6a5952f7add6015\",\"name\":\"Daniela Gori\",\"image\":{\"@type\":\"ImageObject\",\"inLanguage\":\"it-IT\",\"@id\":\"https:\/\/www.noidiqua.it\/Montale\/#\/schema\/person\/image\/\",\"url\":\"https:\/\/secure.gravatar.com\/avatar\/cedef6954f2f50aad74cfd521587e906c1bab342e26190dc95981b13aef624c8?s=96&d=mm&r=g\",\"contentUrl\":\"https:\/\/secure.gravatar.com\/avatar\/cedef6954f2f50aad74cfd521587e906c1bab342e26190dc95981b13aef624c8?s=96&d=mm&r=g\",\"caption\":\"Daniela Gori\"},\"url\":\"https:\/\/www.noidiqua.it\/Montale\/author\/daniela-gori\/\"}]}<\/script>\n<!-- \/ Yoast SEO plugin. -->","yoast_head_json":{"title":"Progetto Arboreo - Noi di Qua Testata giornalistica e di attualit\u00e0 di Agliana, Montale e Quarrata.","robots":{"index":"index","follow":"follow","max-snippet":"max-snippet:-1","max-image-preview":"max-image-preview:large","max-video-preview":"max-video-preview:-1"},"canonical":"https:\/\/www.noidiqua.it\/Montale\/progetto-arboreo\/","og_locale":"it_IT","og_type":"article","og_title":"Progetto Arboreo - Noi di Qua Testata giornalistica e di attualit\u00e0 di Agliana, Montale e Quarrata.","og_description":"di Daniela Gori marzo 2022 \u201cArboreo \u2013 Alle radici della Comunit\u00e0 educante\u201d, pu\u00f2 sembrare a prima vista un semplice progetto per far capire ai giovani l\u2019importanza delle aree verdi, tramite la loro tutela e la loro cura. Promosso dalla cooperativa Gemma e dall\u2019associazione Pozzo di Giacobbe di Quarrata, con la partecipazione degli istituti comprensivi [&hellip;]","og_url":"https:\/\/www.noidiqua.it\/Montale\/progetto-arboreo\/","og_site_name":"Noi di Qua Testata giornalistica e di attualit\u00e0 di Agliana, Montale e Quarrata.","article_publisher":"https:\/\/www.facebook.com\/noidiqua.trimestrale\/","article_published_time":"2022-03-13T10:16:25+00:00","article_modified_time":"2022-07-14T09:22:50+00:00","og_image":[{"url":"https:\/\/www.noidiqua.it\/Montale\/wp-content\/uploads\/2022\/04\/Arboreo-1.png","type":"","width":"","height":""}],"author":"Daniela Gori","twitter_misc":{"Scritto da":"Daniela Gori","Tempo di lettura stimato":"3 minuti"},"schema":{"@context":"https:\/\/schema.org","@graph":[{"@type":"WebPage","@id":"https:\/\/www.noidiqua.it\/Montale\/progetto-arboreo\/","url":"https:\/\/www.noidiqua.it\/Montale\/progetto-arboreo\/","name":"Progetto Arboreo - Noi di Qua Testata giornalistica e di attualit\u00e0 di Agliana, Montale e Quarrata.","isPartOf":{"@id":"https:\/\/www.noidiqua.it\/Montale\/#website"},"primaryImageOfPage":{"@id":"https:\/\/www.noidiqua.it\/Montale\/progetto-arboreo\/#primaryimage"},"image":{"@id":"https:\/\/www.noidiqua.it\/Montale\/progetto-arboreo\/#primaryimage"},"thumbnailUrl":"https:\/\/www.noidiqua.it\/Montale\/wp-content\/uploads\/2022\/04\/Arboreo-1.png","datePublished":"2022-03-13T10:16:25+00:00","dateModified":"2022-07-14T09:22:50+00:00","author":{"@id":"https:\/\/www.noidiqua.it\/Montale\/#\/schema\/person\/12cd4ee986501a2ed6a5952f7add6015"},"breadcrumb":{"@id":"https:\/\/www.noidiqua.it\/Montale\/progetto-arboreo\/#breadcrumb"},"inLanguage":"it-IT","potentialAction":[{"@type":"ReadAction","target":["https:\/\/www.noidiqua.it\/Montale\/progetto-arboreo\/"]}]},{"@type":"ImageObject","inLanguage":"it-IT","@id":"https:\/\/www.noidiqua.it\/Montale\/progetto-arboreo\/#primaryimage","url":"https:\/\/www.noidiqua.it\/Montale\/wp-content\/uploads\/2022\/04\/Arboreo-1.png","contentUrl":"https:\/\/www.noidiqua.it\/Montale\/wp-content\/uploads\/2022\/04\/Arboreo-1.png","width":489,"height":296},{"@type":"BreadcrumbList","@id":"https:\/\/www.noidiqua.it\/Montale\/progetto-arboreo\/#breadcrumb","itemListElement":[{"@type":"ListItem","position":1,"name":"Home","item":"https:\/\/www.noidiqua.it\/Montale\/"},{"@type":"ListItem","position":2,"name":"Progetto Arboreo"}]},{"@type":"WebSite","@id":"https:\/\/www.noidiqua.it\/Montale\/#website","url":"https:\/\/www.noidiqua.it\/Montale\/","name":"Noi di Qua Testata giornalistica e di attualit\u00e0 di Agliana, Montale e Quarrata.","description":"Testata Giornalistica Quarrata Montale Agliana","potentialAction":[{"@type":"SearchAction","target":{"@type":"EntryPoint","urlTemplate":"https:\/\/www.noidiqua.it\/Montale\/?s={search_term_string}"},"query-input":{"@type":"PropertyValueSpecification","valueRequired":true,"valueName":"search_term_string"}}],"inLanguage":"it-IT"},{"@type":"Person","@id":"https:\/\/www.noidiqua.it\/Montale\/#\/schema\/person\/12cd4ee986501a2ed6a5952f7add6015","name":"Daniela Gori","image":{"@type":"ImageObject","inLanguage":"it-IT","@id":"https:\/\/www.noidiqua.it\/Montale\/#\/schema\/person\/image\/","url":"https:\/\/secure.gravatar.com\/avatar\/cedef6954f2f50aad74cfd521587e906c1bab342e26190dc95981b13aef624c8?s=96&d=mm&r=g","contentUrl":"https:\/\/secure.gravatar.com\/avatar\/cedef6954f2f50aad74cfd521587e906c1bab342e26190dc95981b13aef624c8?s=96&d=mm&r=g","caption":"Daniela Gori"},"url":"https:\/\/www.noidiqua.it\/Montale\/author\/daniela-gori\/"}]}},"_links":{"self":[{"href":"https:\/\/www.noidiqua.it\/Montale\/wp-json\/wp\/v2\/posts\/6824","targetHints":{"allow":["GET"]}}],"collection":[{"href":"https:\/\/www.noidiqua.it\/Montale\/wp-json\/wp\/v2\/posts"}],"about":[{"href":"https:\/\/www.noidiqua.it\/Montale\/wp-json\/wp\/v2\/types\/post"}],"author":[{"embeddable":true,"href":"https:\/\/www.noidiqua.it\/Montale\/wp-json\/wp\/v2\/users\/14"}],"replies":[{"embeddable":true,"href":"https:\/\/www.noidiqua.it\/Montale\/wp-json\/wp\/v2\/comments?post=6824"}],"version-history":[{"count":1,"href":"https:\/\/www.noidiqua.it\/Montale\/wp-json\/wp\/v2\/posts\/6824\/revisions"}],"predecessor-version":[{"id":6829,"href":"https:\/\/www.noidiqua.it\/Montale\/wp-json\/wp\/v2\/posts\/6824\/revisions\/6829"}],"wp:attachment":[{"href":"https:\/\/www.noidiqua.it\/Montale\/wp-json\/wp\/v2\/media?parent=6824"}],"wp:term":[{"taxonomy":"category","embeddable":true,"href":"https:\/\/www.noidiqua.it\/Montale\/wp-json\/wp\/v2\/categories?post=6824"},{"taxonomy":"post_tag","embeddable":true,"href":"https:\/\/www.noidiqua.it\/Montale\/wp-json\/wp\/v2\/tags?post=6824"}],"curies":[{"name":"wp","href":"https:\/\/api.w.org\/{rel}","templated":true}]}}