{"id":6830,"date":"2022-03-13T11:23:44","date_gmt":"2022-03-13T10:23:44","guid":{"rendered":"https:\/\/www.noidiqua.it\/Montale\/?p=6830"},"modified":"2022-04-21T11:24:34","modified_gmt":"2022-04-21T09:24:34","slug":"i-brevi-di-noidiqua-30","status":"publish","type":"post","link":"https:\/\/www.noidiqua.it\/Montale\/i-brevi-di-noidiqua-30\/","title":{"rendered":"I brevi di Noidiqua"},"content":{"rendered":"<p><em>di Giacomo Bini<\/em><\/p>\n<p><em>marzo 2022<\/em><\/p>\n<p><a href=\"https:\/\/www.noidiqua.it\/Montale\/wp-content\/uploads\/2021\/04\/brevi.png\" rel=\"wp-prettyPhoto[6830]\"><img loading=\"lazy\" decoding=\"async\" class=\"aligncenter size-full wp-image-5604\" src=\"https:\/\/www.noidiqua.it\/Montale\/wp-content\/uploads\/2021\/04\/brevi.png\" alt=\"\" width=\"473\" height=\"291\" srcset=\"https:\/\/www.noidiqua.it\/Montale\/wp-content\/uploads\/2021\/04\/brevi.png 473w, https:\/\/www.noidiqua.it\/Montale\/wp-content\/uploads\/2021\/04\/brevi-300x185.png 300w\" sizes=\"auto, (max-width: 473px) 100vw, 473px\" \/><\/a><\/p>\n<p class=\"p1\"><span class=\"s1\"><b>Il paese di Montale si \u00e8 mobilitato in favore della popolazione dell\u2019Ucraina.<\/b><\/span><\/p>\n<p class=\"p1\"><span class=\"s1\">Una raccolta \u00e8 stata promossa dal Supermercato Votino in collaborazione con la Misericordia di Montale, un\u2019altra \u00e8 stata organizzata dalla Pro-Loco di Fognano con la collaborazione anche della Farmacia di Fognano e della tabaccheria Segnali di Fumo di Montale, un\u2019altra ancora \u00e8 stata promossa dall\u2019Auser di Montale insieme all\u2019Auser di Agliana e sempre in collaborazione con la Misericordia di Montale. Al Supermercato Votino moltissime persone hanno lasciato prodotti nei carrelli appositamente sistemati all\u2019uscita del negozio. La Misericordia di Montale ha provveduto al trasporto dei prodotti nella propria sede da dove sono stati caricati sui camion diretti in Ucraina. La raccolta promossa dalla Pro-Loco di Fognano viene fatta in contatto con l\u2019associazione culturale Kolos di Firenze. L\u2019Auser di Montale ha raccolto i beni alimentari presso l\u2019ex sala consiliare della Badia da dove sono stati prelevati dai mezzi e dagli operatori della Misericordia per essere inviati in Ucraina tramite il canale delle Misericordie. <\/span><\/p>\n<p>&nbsp;<\/p>\n<p>&nbsp;<\/p>\n<p class=\"p1\"><span class=\"s1\"><b>I lavori di ampliamento del cimitero del capoluogo sono stati assegnati, in seguito ad una gara pubblica, alla ditta Fratelli Zaccariello di Poggibonsi, che hanno presentato l\u2019offerta pi\u00f9 conveniente con un ribasso del 15,23 per cento pari ad un importo di 83 mila euro. <\/b><\/span><\/p>\n<p class=\"p1\"><span class=\"s1\">La spesa complessiva prevista dal Comune per l\u2019intervento \u00e8 pari a 650 mila euro comprendenti 509 mila e 110 euro di importo dei lavori affidati alla ditta vincitrice della gara di appalto, 15 mila 681 euro gi\u00e0 impegnati per le varie autorizzazioni preliminari e di 125 mila euro di somme a disposizione inclusi gli 83 mila e 469 euro derivanti dal ribasso d\u2019asta. Il progetto esecutivo \u00e8 stato elaborato, dopo una gara, all\u2019architetto Marco Biagini al quale \u00e8 stata anche affidata recentemente la direzione dei lavori e il coordinamento della sicurezza in fase di esecuzione. Il Comune ha ottenuto gi\u00e0 i permessi necessari dal Genio Civile e dall\u2019Asl. <\/span><span class=\"s1\">L\u2019ampliamento consiste soprattutto nella realizzazione di nuovi loculi sul lato ovest dell\u2019attuale cimitero, il cui perimetro complessivo non sar\u00e0 modificato. Attualmente i loculi si trovano infatti solo sul lato est e sul lato sud del cimitero, mentre il lato ovest sar\u00e0 oggetto del nuovo intervento in parte dalla parte di via Coppi e in parte dalla parte che guarda il Giardino dei Semplici e la piscina. L\u2019ampliamento \u00e8 considerevole perch\u00e9 saranno realizzati in tutto 550 loculi e anche 300 ossarietti. Si tratta di un allargamento superiore a quello effettuato nel 2006 sul lato est, quando furono realizzati 150 loculi e 132 ossarietti. Il lavoro non provocher\u00e0 disagi alle persone che si recheranno al cimitero, di cui non si prevedono chiusure neanche parziali. Infatti il cantiere occuper\u00e0 prevalentemente lo spazio esterno al cimitero e utilizzer\u00e0 un terreno adiacente di propriet\u00e0 comunale. L\u2019ampliamento che sta per essere effettuato fa seguito ad uno precedente, avvenuto nel 2010, quando fu realizzato un nuovo campo di inumazione per via di urgenza con una spesa di poco superiore ai 100 mila euro.<\/span><\/p>\n<p>&nbsp;<\/p>\n<p>&nbsp;<\/p>\n<p class=\"p1\"><span class=\"s1\"><b>La giunta comunale di Montale ha deliberato di chiedere alla Provincia di Pistoia l\u2019istituzione del divieto di transito ai mezzi superiori a 5 tonnellate nel tratto della via Provinciale Pratese tra il cavalcaferrovia e Ponte Bocci. <\/b><\/span><\/p>\n<p class=\"p1\"><span class=\"s1\">La richiesta del Comune di Montale viene incontro ad una condizione di disagio sofferta da molto tempo dai residenti nelle abitazioni che sorgono lungo quel tratto della provinciale pratese. Nel testo della delibera di giunta si citano esplicitamente le problematiche relative <i>\u00abal costante transito di mezzi pesanti in entrambe le direzioni di marcia, da e verso Montemurlo, che arrecano disturbo per la forte rumorosit\u00e0 dovuta al peso e ai carichi trasportati nonch\u00e9 per le vibrazioni conseguenti, con rischio per la sicurezza degli abitanti della zona interessata, non servita peraltro da alcun attraversamento pedonale e banchina rispetto alla sede viabile\u00bb<\/i>. <\/span><span class=\"s1\">Si tratta di una zona chiusa tra la linea ferroviaria e la via provinciale caratterizzata da una serie di abitazioni singole e soprattutto da palazzine condominiali, disposte lungo la strada senza nemmeno un marciapiede e afflitte da smog, rumore e assenza di sicurezza all\u2019uscita dal cancelletto di casa. Per fortuna da qualche tempo \u00e8 stato eliminato l\u2019ulteriore disagio provocato dallo stato di degrado del complesso industriale dell\u2019ex Poltronova che \u00e8 stato risanato e ristrutturato grazie all\u2019iniziativa di alcuni imprenditori proprietari di una ditta tessile situata nelle vicinanze. <\/span><span class=\"s1\">In ogni caso la zona ha bisogno di essere riqualificata e la richiesta del Comune alla provincia \u00e8 un primo passo in questa direzione. Peraltro \u00e8 una richiesta motivata anche dal fatto che \u00e8 stata aperta la nuova arteria di collegamento tra la zona industriale di Montale e il casello di Prato Ovest, denominata via della Costituzione, che consente ai mezzi pesanti una utile alternativa alla via provinciale pratese. Il divieto di circolazione ai mezzi pesanti avrebbe in ogni caso le deroghe previste per i mezzi adibiti ai servizi pubblici, come autobus del trasporto pubblico locale, camion per la raccolta dei rifiuti e mezzi di pubblica sicurezza.<\/span><\/p>\n<p>&nbsp;<\/p>\n<p>&nbsp;<\/p>\n<p class=\"p1\"><span class=\"s1\"><b>L\u2019idraulico-artista Gabriele Sichi, scomparso il 4 febbraio scorso, era un amico di Noidiqua e lo ricordiamo con affetto avendo avuto il privilegio di dedicargli un articolo e la copertina sul nostro giornale. <\/b><\/span><\/p>\n<p class=\"p1\"><span class=\"s1\">Per quarant\u2019anni Sichi ha lavorato alla villa di Celle mettendo la sua sopraffina competenza al servizio degli artisti che hanno realizzato le loro opere nel parco di Giuliano Gori. La passione per l\u2019arte acquisita a Celle lo aveva motivato a realizzare opere nel giardino della propria casa. L\u2019ultima sua realizzazione \u00e8 stato un originale albero di Natale addobbato con seicento tappi di spumante e di champagne provenienti dalla sua attivit\u00e0 di Sommelier (un\u2019altra delle sue passioni). Aveva fatto quell\u2019albero per augurare a tutti <i>\u00abun anno nuovo con le bollicine\u00bb<\/i>. Pieno di vita e di idee, Gabriele aveva un nuovo progetto artistico per il suo giardino, un\u2019opera denominata \u201cIncontri\u201d composta da due scale che partono separate ma si congiungono in una sommit\u00e0 dove sognava di fotografare i suoi due nipoti, che erano per lui una fonte di ispirazione. <\/span><span class=\"s1\">Chi ha avuto le mani d\u2019oro come Gabriele lascia tracce di s\u00e9 in qualsiasi cosa sia stata oggetto della sua sapienza artigiana. E le tracce pi\u00f9 importanti resteranno nelle opere d\u2019arte del parco di Celle, quelle di Dani Caravan, di Hidetoshi Nagasawa, di Robert Morris e di Inoue Bukichi. Dove zampilla o scorre l\u2019acqua e dove cade una goccia, l\u00ec ha lavorato Gabriele, col suo umile ma preziosissimo mestiere, con l\u2019orgoglio di stare al fianco di artisti di valore mondiale, con l\u2019entusiasmo di servire un\u2019idea destinata a rimanere in eterno.<\/span><\/p>","protected":false},"excerpt":{"rendered":"<p>di Giacomo Bini marzo 2022 Il paese di Montale si \u00e8 mobilitato in favore della popolazione dell\u2019Ucraina. Una raccolta \u00e8 stata promossa dal Supermercato Votino in collaborazione con la Misericordia di Montale, un\u2019altra \u00e8 stata organizzata dalla Pro-Loco di Fognano con la collaborazione anche della Farmacia di Fognano e della tabaccheria Segnali di Fumo [&hellip;]<\/p>","protected":false},"author":12,"featured_media":0,"comment_status":"open","ping_status":"open","sticky":false,"template":"","format":"standard","meta":{"footnotes":""},"categories":[29,7],"tags":[3059,2333,3062,3060,2919,3061,3064,113,3063,3058,2986],"class_list":["post-6830","post","type-post","status-publish","format-standard","hentry","category-brevi-ndq-qt","category-mt","tag-ampliamento","tag-brevi","tag-cavalcaferrovia","tag-cimitero","tag-gabriele-sichi","tag-giunta-comunale","tag-idraulico-artista","tag-noidiqua","tag-ponte-bocci","tag-popolazione","tag-ucraina"],"yoast_head":"<!-- This site is optimized with the Yoast SEO plugin v25.5 - https:\/\/yoast.com\/wordpress\/plugins\/seo\/ -->\n<title>I brevi di Noidiqua - Noi di Qua Testata giornalistica e di attualit\u00e0 di Agliana, Montale e Quarrata.<\/title>\n<meta name=\"robots\" content=\"index, follow, max-snippet:-1, max-image-preview:large, max-video-preview:-1\" \/>\n<link rel=\"canonical\" href=\"https:\/\/www.noidiqua.it\/Montale\/i-brevi-di-noidiqua-30\/\" \/>\n<meta property=\"og:locale\" content=\"it_IT\" \/>\n<meta property=\"og:type\" content=\"article\" \/>\n<meta property=\"og:title\" content=\"I brevi di Noidiqua - Noi di Qua Testata giornalistica e di attualit\u00e0 di Agliana, Montale e Quarrata.\" \/>\n<meta property=\"og:description\" content=\"di Giacomo Bini marzo 2022 Il paese di Montale si \u00e8 mobilitato in favore della popolazione dell\u2019Ucraina. Una raccolta \u00e8 stata promossa dal Supermercato Votino in collaborazione con la Misericordia di Montale, un\u2019altra \u00e8 stata organizzata dalla Pro-Loco di Fognano con la collaborazione anche della Farmacia di Fognano e della tabaccheria Segnali di Fumo [&hellip;]\" \/>\n<meta property=\"og:url\" content=\"https:\/\/www.noidiqua.it\/Montale\/i-brevi-di-noidiqua-30\/\" \/>\n<meta property=\"og:site_name\" content=\"Noi di Qua Testata giornalistica e di attualit\u00e0 di Agliana, Montale e Quarrata.\" \/>\n<meta property=\"article:publisher\" content=\"https:\/\/www.facebook.com\/noidiqua.trimestrale\/\" \/>\n<meta property=\"article:published_time\" content=\"2022-03-13T10:23:44+00:00\" \/>\n<meta property=\"article:modified_time\" content=\"2022-04-21T09:24:34+00:00\" \/>\n<meta property=\"og:image\" content=\"https:\/\/www.noidiqua.it\/Montale\/wp-content\/uploads\/2021\/04\/brevi.png\" \/>\n<meta name=\"author\" content=\"Giacomo Bini\" \/>\n<meta name=\"twitter:label1\" content=\"Scritto da\" \/>\n\t<meta name=\"twitter:data1\" content=\"Giacomo Bini\" \/>\n\t<meta name=\"twitter:label2\" content=\"Tempo di lettura stimato\" \/>\n\t<meta name=\"twitter:data2\" content=\"5 minuti\" \/>\n<script type=\"application\/ld+json\" class=\"yoast-schema-graph\">{\"@context\":\"https:\/\/schema.org\",\"@graph\":[{\"@type\":\"WebPage\",\"@id\":\"https:\/\/www.noidiqua.it\/Montale\/i-brevi-di-noidiqua-30\/\",\"url\":\"https:\/\/www.noidiqua.it\/Montale\/i-brevi-di-noidiqua-30\/\",\"name\":\"I brevi di Noidiqua - Noi di Qua Testata giornalistica e di attualit\u00e0 di Agliana, Montale e Quarrata.\",\"isPartOf\":{\"@id\":\"https:\/\/www.noidiqua.it\/Montale\/#website\"},\"primaryImageOfPage\":{\"@id\":\"https:\/\/www.noidiqua.it\/Montale\/i-brevi-di-noidiqua-30\/#primaryimage\"},\"image\":{\"@id\":\"https:\/\/www.noidiqua.it\/Montale\/i-brevi-di-noidiqua-30\/#primaryimage\"},\"thumbnailUrl\":\"https:\/\/www.noidiqua.it\/Montale\/wp-content\/uploads\/2021\/04\/brevi.png\",\"datePublished\":\"2022-03-13T10:23:44+00:00\",\"dateModified\":\"2022-04-21T09:24:34+00:00\",\"author\":{\"@id\":\"https:\/\/www.noidiqua.it\/Montale\/#\/schema\/person\/e2e6f44da50af0dae9c90ad168e471a4\"},\"breadcrumb\":{\"@id\":\"https:\/\/www.noidiqua.it\/Montale\/i-brevi-di-noidiqua-30\/#breadcrumb\"},\"inLanguage\":\"it-IT\",\"potentialAction\":[{\"@type\":\"ReadAction\",\"target\":[\"https:\/\/www.noidiqua.it\/Montale\/i-brevi-di-noidiqua-30\/\"]}]},{\"@type\":\"ImageObject\",\"inLanguage\":\"it-IT\",\"@id\":\"https:\/\/www.noidiqua.it\/Montale\/i-brevi-di-noidiqua-30\/#primaryimage\",\"url\":\"https:\/\/www.noidiqua.it\/Montale\/wp-content\/uploads\/2021\/04\/brevi.png\",\"contentUrl\":\"https:\/\/www.noidiqua.it\/Montale\/wp-content\/uploads\/2021\/04\/brevi.png\",\"width\":473,\"height\":291},{\"@type\":\"BreadcrumbList\",\"@id\":\"https:\/\/www.noidiqua.it\/Montale\/i-brevi-di-noidiqua-30\/#breadcrumb\",\"itemListElement\":[{\"@type\":\"ListItem\",\"position\":1,\"name\":\"Home\",\"item\":\"https:\/\/www.noidiqua.it\/Montale\/\"},{\"@type\":\"ListItem\",\"position\":2,\"name\":\"I brevi di Noidiqua\"}]},{\"@type\":\"WebSite\",\"@id\":\"https:\/\/www.noidiqua.it\/Montale\/#website\",\"url\":\"https:\/\/www.noidiqua.it\/Montale\/\",\"name\":\"Noi di Qua Testata giornalistica e di attualit\u00e0 di Agliana, Montale e Quarrata.\",\"description\":\"Testata Giornalistica Quarrata Montale Agliana\",\"potentialAction\":[{\"@type\":\"SearchAction\",\"target\":{\"@type\":\"EntryPoint\",\"urlTemplate\":\"https:\/\/www.noidiqua.it\/Montale\/?s={search_term_string}\"},\"query-input\":{\"@type\":\"PropertyValueSpecification\",\"valueRequired\":true,\"valueName\":\"search_term_string\"}}],\"inLanguage\":\"it-IT\"},{\"@type\":\"Person\",\"@id\":\"https:\/\/www.noidiqua.it\/Montale\/#\/schema\/person\/e2e6f44da50af0dae9c90ad168e471a4\",\"name\":\"Giacomo Bini\",\"image\":{\"@type\":\"ImageObject\",\"inLanguage\":\"it-IT\",\"@id\":\"https:\/\/www.noidiqua.it\/Montale\/#\/schema\/person\/image\/\",\"url\":\"https:\/\/secure.gravatar.com\/avatar\/e5c18ae41df5ae37397358f2c6046696187d51a120c5d0b8f0c49f7b606f46f4?s=96&d=mm&r=g\",\"contentUrl\":\"https:\/\/secure.gravatar.com\/avatar\/e5c18ae41df5ae37397358f2c6046696187d51a120c5d0b8f0c49f7b606f46f4?s=96&d=mm&r=g\",\"caption\":\"Giacomo Bini\"},\"url\":\"https:\/\/www.noidiqua.it\/Montale\/author\/giacomo-bini\/\"}]}<\/script>\n<!-- \/ Yoast SEO plugin. -->","yoast_head_json":{"title":"I brevi di Noidiqua - Noi di Qua Testata giornalistica e di attualit\u00e0 di Agliana, Montale e Quarrata.","robots":{"index":"index","follow":"follow","max-snippet":"max-snippet:-1","max-image-preview":"max-image-preview:large","max-video-preview":"max-video-preview:-1"},"canonical":"https:\/\/www.noidiqua.it\/Montale\/i-brevi-di-noidiqua-30\/","og_locale":"it_IT","og_type":"article","og_title":"I brevi di Noidiqua - Noi di Qua Testata giornalistica e di attualit\u00e0 di Agliana, Montale e Quarrata.","og_description":"di Giacomo Bini marzo 2022 Il paese di Montale si \u00e8 mobilitato in favore della popolazione dell\u2019Ucraina. Una raccolta \u00e8 stata promossa dal Supermercato Votino in collaborazione con la Misericordia di Montale, un\u2019altra \u00e8 stata organizzata dalla Pro-Loco di Fognano con la collaborazione anche della Farmacia di Fognano e della tabaccheria Segnali di Fumo [&hellip;]","og_url":"https:\/\/www.noidiqua.it\/Montale\/i-brevi-di-noidiqua-30\/","og_site_name":"Noi di Qua Testata giornalistica e di attualit\u00e0 di Agliana, Montale e Quarrata.","article_publisher":"https:\/\/www.facebook.com\/noidiqua.trimestrale\/","article_published_time":"2022-03-13T10:23:44+00:00","article_modified_time":"2022-04-21T09:24:34+00:00","og_image":[{"url":"https:\/\/www.noidiqua.it\/Montale\/wp-content\/uploads\/2021\/04\/brevi.png","type":"","width":"","height":""}],"author":"Giacomo Bini","twitter_misc":{"Scritto da":"Giacomo Bini","Tempo di lettura stimato":"5 minuti"},"schema":{"@context":"https:\/\/schema.org","@graph":[{"@type":"WebPage","@id":"https:\/\/www.noidiqua.it\/Montale\/i-brevi-di-noidiqua-30\/","url":"https:\/\/www.noidiqua.it\/Montale\/i-brevi-di-noidiqua-30\/","name":"I brevi di Noidiqua - Noi di Qua Testata giornalistica e di attualit\u00e0 di Agliana, Montale e Quarrata.","isPartOf":{"@id":"https:\/\/www.noidiqua.it\/Montale\/#website"},"primaryImageOfPage":{"@id":"https:\/\/www.noidiqua.it\/Montale\/i-brevi-di-noidiqua-30\/#primaryimage"},"image":{"@id":"https:\/\/www.noidiqua.it\/Montale\/i-brevi-di-noidiqua-30\/#primaryimage"},"thumbnailUrl":"https:\/\/www.noidiqua.it\/Montale\/wp-content\/uploads\/2021\/04\/brevi.png","datePublished":"2022-03-13T10:23:44+00:00","dateModified":"2022-04-21T09:24:34+00:00","author":{"@id":"https:\/\/www.noidiqua.it\/Montale\/#\/schema\/person\/e2e6f44da50af0dae9c90ad168e471a4"},"breadcrumb":{"@id":"https:\/\/www.noidiqua.it\/Montale\/i-brevi-di-noidiqua-30\/#breadcrumb"},"inLanguage":"it-IT","potentialAction":[{"@type":"ReadAction","target":["https:\/\/www.noidiqua.it\/Montale\/i-brevi-di-noidiqua-30\/"]}]},{"@type":"ImageObject","inLanguage":"it-IT","@id":"https:\/\/www.noidiqua.it\/Montale\/i-brevi-di-noidiqua-30\/#primaryimage","url":"https:\/\/www.noidiqua.it\/Montale\/wp-content\/uploads\/2021\/04\/brevi.png","contentUrl":"https:\/\/www.noidiqua.it\/Montale\/wp-content\/uploads\/2021\/04\/brevi.png","width":473,"height":291},{"@type":"BreadcrumbList","@id":"https:\/\/www.noidiqua.it\/Montale\/i-brevi-di-noidiqua-30\/#breadcrumb","itemListElement":[{"@type":"ListItem","position":1,"name":"Home","item":"https:\/\/www.noidiqua.it\/Montale\/"},{"@type":"ListItem","position":2,"name":"I brevi di Noidiqua"}]},{"@type":"WebSite","@id":"https:\/\/www.noidiqua.it\/Montale\/#website","url":"https:\/\/www.noidiqua.it\/Montale\/","name":"Noi di Qua Testata giornalistica e di attualit\u00e0 di Agliana, Montale e Quarrata.","description":"Testata Giornalistica Quarrata Montale Agliana","potentialAction":[{"@type":"SearchAction","target":{"@type":"EntryPoint","urlTemplate":"https:\/\/www.noidiqua.it\/Montale\/?s={search_term_string}"},"query-input":{"@type":"PropertyValueSpecification","valueRequired":true,"valueName":"search_term_string"}}],"inLanguage":"it-IT"},{"@type":"Person","@id":"https:\/\/www.noidiqua.it\/Montale\/#\/schema\/person\/e2e6f44da50af0dae9c90ad168e471a4","name":"Giacomo Bini","image":{"@type":"ImageObject","inLanguage":"it-IT","@id":"https:\/\/www.noidiqua.it\/Montale\/#\/schema\/person\/image\/","url":"https:\/\/secure.gravatar.com\/avatar\/e5c18ae41df5ae37397358f2c6046696187d51a120c5d0b8f0c49f7b606f46f4?s=96&d=mm&r=g","contentUrl":"https:\/\/secure.gravatar.com\/avatar\/e5c18ae41df5ae37397358f2c6046696187d51a120c5d0b8f0c49f7b606f46f4?s=96&d=mm&r=g","caption":"Giacomo Bini"},"url":"https:\/\/www.noidiqua.it\/Montale\/author\/giacomo-bini\/"}]}},"_links":{"self":[{"href":"https:\/\/www.noidiqua.it\/Montale\/wp-json\/wp\/v2\/posts\/6830","targetHints":{"allow":["GET"]}}],"collection":[{"href":"https:\/\/www.noidiqua.it\/Montale\/wp-json\/wp\/v2\/posts"}],"about":[{"href":"https:\/\/www.noidiqua.it\/Montale\/wp-json\/wp\/v2\/types\/post"}],"author":[{"embeddable":true,"href":"https:\/\/www.noidiqua.it\/Montale\/wp-json\/wp\/v2\/users\/12"}],"replies":[{"embeddable":true,"href":"https:\/\/www.noidiqua.it\/Montale\/wp-json\/wp\/v2\/comments?post=6830"}],"version-history":[{"count":1,"href":"https:\/\/www.noidiqua.it\/Montale\/wp-json\/wp\/v2\/posts\/6830\/revisions"}],"predecessor-version":[{"id":6831,"href":"https:\/\/www.noidiqua.it\/Montale\/wp-json\/wp\/v2\/posts\/6830\/revisions\/6831"}],"wp:attachment":[{"href":"https:\/\/www.noidiqua.it\/Montale\/wp-json\/wp\/v2\/media?parent=6830"}],"wp:term":[{"taxonomy":"category","embeddable":true,"href":"https:\/\/www.noidiqua.it\/Montale\/wp-json\/wp\/v2\/categories?post=6830"},{"taxonomy":"post_tag","embeddable":true,"href":"https:\/\/www.noidiqua.it\/Montale\/wp-json\/wp\/v2\/tags?post=6830"}],"curies":[{"name":"wp","href":"https:\/\/api.w.org\/{rel}","templated":true}]}}