{"id":6838,"date":"2022-03-12T11:43:35","date_gmt":"2022-03-12T10:43:35","guid":{"rendered":"https:\/\/www.noidiqua.it\/Montale\/?p=6838"},"modified":"2022-04-21T11:43:59","modified_gmt":"2022-04-21T09:43:59","slug":"si-stava-meglio-quando-si-stava-peggio","status":"publish","type":"post","link":"https:\/\/www.noidiqua.it\/Montale\/si-stava-meglio-quando-si-stava-peggio\/","title":{"rendered":"Si stava meglio quando si stava peggio"},"content":{"rendered":"<p><em>di Massimo Cappelli<\/em>. <em>Archivio foto: Ernesto Franchi e Daniele Neri.<\/em><\/p>\n<p><em>marzo 2022<\/em><\/p>\n<p><a href=\"https:\/\/www.noidiqua.it\/Montale\/wp-content\/uploads\/2022\/04\/concludendo-2.png\" rel=\"wp-prettyPhoto[6838]\"><img loading=\"lazy\" decoding=\"async\" class=\"aligncenter size-full wp-image-6840\" src=\"https:\/\/www.noidiqua.it\/Montale\/wp-content\/uploads\/2022\/04\/concludendo-2.png\" alt=\"\" width=\"499\" height=\"357\" srcset=\"https:\/\/www.noidiqua.it\/Montale\/wp-content\/uploads\/2022\/04\/concludendo-2.png 499w, https:\/\/www.noidiqua.it\/Montale\/wp-content\/uploads\/2022\/04\/concludendo-2-300x215.png 300w\" sizes=\"auto, (max-width: 499px) 100vw, 499px\" \/><\/a><\/p>\n<p class=\"p1\">Mi ricordo, quando un paio di anni fa l\u2019allora presidente Conte fece il primo discorso alla Nazione con il conseguente primo DPCM relativo all\u2019emergenza Covid 19. Le sue parole mi entrarono come proiettili, soprattutto quando fece riferimento alle abitudini: <b><i>\u201c&#8230; Saremo tutti costretti a cambiare le nostre abitudini\u201d<\/i><\/b> disse, questa frase, in questi due anni mi \u00e8 risuonata molte volte in testa. Tutti noi siamo stati costretti a cambiare le nostre consuetudini e questo ha stravolto non di poco la nostra vita. Certamente non \u00e8 stato il male peggiore, se pensiamo a chi non ce l\u2019ha fatta, tutti abbiamo perso qualcuno: amici, parenti, fratelli, genitori. Ma anche solo aver dovuto per forza rinunciare ai rapporti sociali, nel lavoro e nella vita in genere, \u00e8 stato per molti un grosso trauma. La pandemia ha dato il colpo di grazia alle relazioni sociali, gi\u00e0 compromesse da tempo dalla tecnologia, basti pensare ai nostri figli che si rinchiudono nella loro stanza comunicando con gli amici, o giocando da remoto, con i dispositivi di ultima generazione.<\/p>\n<p class=\"p1\"><b>Ritrovi e vita sociale della seconda met\u00e0 del secolo scorso.<\/b><\/p>\n<p class=\"p1\">Sono lontani quei tempi di quando la domenica pomeriggio, nelle stagioni pi\u00f9 calde, al <b>lago del Santonuovo<\/b>, di propriet\u00e0 della famiglia <b>Poggi Banchieri<\/b> ma aperto a tutti, si ritrovavano centinaia di giovani passeggiando sulle sue rive, dopo aver lasciato il loro mezzo di locomozione, insieme ad una miriade di biciclette e motorini, perch\u00e9 alle automobili nel parcheggio oltre la sbarra, era interdetto l\u2019ingresso. Erano gli anni Settanta, o se non vi fa paura direi: <b>la seconda met\u00e0 del secolo scorso<\/b>. La vita sociale era molto intensa, allora, e c\u2019era tanta voglia di vivere, di uscire di casa, di incontrarsi e di divertirsi. Molti ragazzi lavoravano in fabbrica, il lavoro allora abbondava, altri studiavano, ma ognuno aspettava il fine settimana per ritrovarsi al lago del Santonuovo. L\u00ec, fra una partita a biliardino o a ping pong, nascevano o finivano le storie d\u2019amore, fra una birra e un panino, si organizzavano scherzi goliardici prendendo in giro il malcapitato di turno. Gli amanti del calcio viaggiavano con la radiolina a transistor all\u2019orecchio seguendo in diretta <b>\u201cTutto il calcio minuto per minuto\u201d<\/b>. Gli amanti della musica avevano sempre con s\u00e9 il mangianastri portatile, e chi aveva in auto l\u2019impianto HI-FI non si stancava mai di portare in mano il suo pesante autoradio estraibile, anzi, ne ostentava il brand come il migliore sul mercato. Quando poi risaliva in auto ne dava esempio partendo a finestrini aperti, a tutto volume, facendosi ascoltare fino a qualche centinaio di metri di distanza.<\/p>\n<p><a href=\"https:\/\/www.noidiqua.it\/Montale\/wp-content\/uploads\/2022\/04\/concludendo-1.png\" rel=\"wp-prettyPhoto[6838]\"><img loading=\"lazy\" decoding=\"async\" class=\"aligncenter size-full wp-image-6841\" src=\"https:\/\/www.noidiqua.it\/Montale\/wp-content\/uploads\/2022\/04\/concludendo-1.png\" alt=\"\" width=\"502\" height=\"326\" srcset=\"https:\/\/www.noidiqua.it\/Montale\/wp-content\/uploads\/2022\/04\/concludendo-1.png 502w, https:\/\/www.noidiqua.it\/Montale\/wp-content\/uploads\/2022\/04\/concludendo-1-300x195.png 300w\" sizes=\"auto, (max-width: 502px) 100vw, 502px\" \/><\/a><\/p>\n<p class=\"p1\">C\u2019era invece chi preferiva il picnic portando con s\u00e9 merenda e coperta. C\u2019era per\u00f2 anche chi portava solo la coperta, perch\u00e9 in prossimit\u00e0 di un bosco poteva essere sempre utile, specialmente d\u2019estate quando si indossavano i pantaloni bianchi.<\/p>\n<p class=\"p1\">Il lago del Santonuovo era un luogo di aggregazione diurno e del fine settimana, per i dopocena estivi infrasettimanali, invece, ad Agliana, c\u2019era un\u2019intera via molto battuta: <b>Via Roma<\/b>. La <b>\u201cmovida\u201d<\/b> anni Settanta partiva da nord-est, con il <b>Bar Nazionale<\/b> percorrendo tutta la via fino ad arrivare alla <b>Gelateria di Anisare<\/b> detto \u201cIl Cinese\u201d, che era quasi in piazza. Erano tante le \u201cvasche\u201d percorse in su e in gi\u00f9, con l\u2019intento di imbroccare e la speranza di risolvere in qualche modo la serata, o di fissare per il fine settimana. C\u2019\u00e8 da dire che Agliana, allora, era la localit\u00e0 che offriva le pi\u00f9 belle ragazze di tutta la piana pistoiese, il concentramento di bellezza femminile era paragonabile agli artisti che sono nati o piovuti nel Cinquecento a Firenze. Agliana era un vero e proprio <b>Rinascimento della bellezza<\/b>.<\/p>\n<p class=\"p1\">Tutte le ragazze uscivano di casa, e a gruppetti percorrevano Via Roma facendosi ammirare in tutta la loro bellezza, le poche meno belle beneficiavano della scarsa illuminazione nei coni d\u2019ombra fra lampione e lampione, al lato della via.<\/p>\n<p class=\"p1\"><b>Dal dancing alla discoteca.<\/b><\/p>\n<p class=\"p1\">Il 1977 (o gi\u00f9 di l\u00ec) fu la linea di demarcazione fra dancing e discoteche. Fu la pellicola <b>\u201cLa Febbre del Sabato Sera\u201d<\/b> che, oltre a lanciare il giovanissimo <b>John Travolta<\/b>, ci traghett\u00f2 nel mondo underground, dando origine ai diversi tipi di musica, dal Rock, alla House Music, alla commerciale e cos\u00ec via, creando anche una figura di spicco mai vista prima di allora: il deejay. Ai tempi dei dancing erano i complessini di zona che tenevano su la serata suonando dal vivo i pezzi pi\u00f9 in voga, nelle feste in casa pomeridiane invece, a mettere i dischi c\u2019era il ragazzo pi\u00f9 timido, che sceglieva le canzoni invece di ballare i lenti e pomiciare con le ragazzine. Poi ci fu il rovescio della medaglia: con l\u2019avvento delle discoteche tanti sfigati si scoprirono bravi deejay, diventando vere e proprie celebrit\u00e0 locali e anche nazionali.<\/p>\n<p><a href=\"https:\/\/www.noidiqua.it\/Montale\/wp-content\/uploads\/2022\/04\/concludendo-3.png\" rel=\"wp-prettyPhoto[6838]\"><img loading=\"lazy\" decoding=\"async\" class=\"aligncenter size-full wp-image-6842\" src=\"https:\/\/www.noidiqua.it\/Montale\/wp-content\/uploads\/2022\/04\/concludendo-3.png\" alt=\"\" width=\"501\" height=\"371\" srcset=\"https:\/\/www.noidiqua.it\/Montale\/wp-content\/uploads\/2022\/04\/concludendo-3.png 501w, https:\/\/www.noidiqua.it\/Montale\/wp-content\/uploads\/2022\/04\/concludendo-3-300x222.png 300w\" sizes=\"auto, (max-width: 501px) 100vw, 501px\" \/><\/a><\/p>\n<p class=\"p1\"><b>Signorina permette questo ballo?<\/b><\/p>\n<p class=\"p1\">Qualche decennio addietro, nel primo dopoguerra, durante e dopo la ricostruzione, c\u2019erano poche sale da ballo, i giovani si intrattenevano nelle feste di piazza o sul lastricato dell\u2019aia. I veglioni venivano fatti poche volte in un anno: per carnevale, all\u2019ultimo dell\u2019anno, o anche in qualche particolare serata con attrazione. Questi eventi venivano organizzati nelle case del popolo da poco ricostruite, nei cinema o nei teatri adattati per l\u2019occasione, da qui sembra derivi il termine tutto romagnolo <b>\u201cliscio\u201d<\/b>, ovvero il ballare su un pavimento uniforme anzich\u00e9 nei prati o sull\u2019aia. Pi\u00f9 tardi, negli anni Sessanta, la piana pistoiese vide nascere e crescere diverse sale da ballo, molte di queste attigue proprio alle case del popolo, questi dancing divennero punti di aggregazione per tanti giovani, Il fenomeno dur\u00f2 una quindicina d\u2019anni, fino, appunto, all\u2019insorgere delle discoteche.<\/p>\n<p class=\"p1\">Il <b>Tamburo della Luna<\/b> di Quarrata fu una delle sale da ballo pi\u00f9 frequentate della piana, addirittura venivano da Firenze, dall\u2019empolese e dalla montagna pistoiese. Cos\u00ec come <b>il Matteotti<\/b> di Agliana e l<b>\u2019Antares<\/b> di Montale che insieme al \u201cTamburo\u201d condividevano il gradimento di molti giovani. Anche Casalguidi aveva i suoi punti di riferimento canori: in inverno Il <b>Milleluci<\/b> e in estate la <b>Grotta Verde<\/b>, una balera all\u2019aperto molto bella e particolare, ricavata dal giardino di una villa, aveva al suo interno una suggestiva vasca di pesci che era anche fontana con luci colorate, a forma di piccola grotta che dava il nome al locale.<\/p>\n<p class=\"p1\">Eh s\u00ec, <b><i>\u201csi stava meglio quando si stava peggio\u201d<\/i><\/b> \u00e8 proprio il caso di dirlo, perch\u00e9 anche se avevamo meno soldi, meno comodit\u00e0 e meno tecnologia, ci sentivamo pi\u00f9 vicini e avevamo, quantomeno, qualche decina di anni in meno e tanta, tanta speranza nel futuro.<\/p>\n<p class=\"p1\">Ciao, ci vediamo a giugno&#8230;.<\/p>","protected":false},"excerpt":{"rendered":"<p>di Massimo Cappelli. Archivio foto: Ernesto Franchi e Daniele Neri. marzo 2022 Mi ricordo, quando un paio di anni fa l\u2019allora presidente Conte fece il primo discorso alla Nazione con il conseguente primo DPCM relativo all\u2019emergenza Covid 19. Le sue parole mi entrarono come proiettili, soprattutto quando fece riferimento alle abitudini: \u201c&#8230; Saremo tutti [&hellip;]<\/p>","protected":false},"author":7,"featured_media":0,"comment_status":"open","ping_status":"open","sticky":false,"template":"","format":"standard","meta":{"footnotes":""},"categories":[24,7],"tags":[3075,1761,3071,3074,3073,3072,3070,2015,3076,3077],"class_list":["post-6838","post","type-post","status-publish","format-standard","hentry","category-concludendo-qt","category-mt","tag-anisare","tag-bar-nazionale","tag-grotta-verde","tag-john-travolta","tag-la-febbre-del-sabato-sera","tag-liscio","tag-matteotti","tag-milleluci","tag-poggi-banchieri","tag-santonuovo"],"yoast_head":"<!-- This site is optimized with the Yoast SEO plugin v25.5 - https:\/\/yoast.com\/wordpress\/plugins\/seo\/ -->\n<title>Si stava meglio quando si stava peggio - Noi di Qua Testata giornalistica e di attualit\u00e0 di Agliana, Montale e Quarrata.<\/title>\n<meta name=\"robots\" content=\"index, follow, max-snippet:-1, max-image-preview:large, max-video-preview:-1\" \/>\n<link rel=\"canonical\" href=\"https:\/\/www.noidiqua.it\/Montale\/si-stava-meglio-quando-si-stava-peggio\/\" \/>\n<meta property=\"og:locale\" content=\"it_IT\" \/>\n<meta property=\"og:type\" content=\"article\" \/>\n<meta property=\"og:title\" content=\"Si stava meglio quando si stava peggio - Noi di Qua Testata giornalistica e di attualit\u00e0 di Agliana, Montale e Quarrata.\" \/>\n<meta property=\"og:description\" content=\"di Massimo Cappelli. Archivio foto: Ernesto Franchi e Daniele Neri. marzo 2022 Mi ricordo, quando un paio di anni fa l\u2019allora presidente Conte fece il primo discorso alla Nazione con il conseguente primo DPCM relativo all\u2019emergenza Covid 19. Le sue parole mi entrarono come proiettili, soprattutto quando fece riferimento alle abitudini: \u201c&#8230; Saremo tutti [&hellip;]\" \/>\n<meta property=\"og:url\" content=\"https:\/\/www.noidiqua.it\/Montale\/si-stava-meglio-quando-si-stava-peggio\/\" \/>\n<meta property=\"og:site_name\" content=\"Noi di Qua Testata giornalistica e di attualit\u00e0 di Agliana, Montale e Quarrata.\" \/>\n<meta property=\"article:publisher\" content=\"https:\/\/www.facebook.com\/noidiqua.trimestrale\/\" \/>\n<meta property=\"article:published_time\" content=\"2022-03-12T10:43:35+00:00\" \/>\n<meta property=\"article:modified_time\" content=\"2022-04-21T09:43:59+00:00\" \/>\n<meta property=\"og:image\" content=\"https:\/\/www.noidiqua.it\/Montale\/wp-content\/uploads\/2022\/04\/concludendo-2.png\" \/>\n<meta name=\"author\" content=\"Massimo Cappelli\" \/>\n<meta name=\"twitter:label1\" content=\"Scritto da\" \/>\n\t<meta name=\"twitter:data1\" content=\"Massimo Cappelli\" \/>\n\t<meta name=\"twitter:label2\" content=\"Tempo di lettura stimato\" \/>\n\t<meta name=\"twitter:data2\" content=\"6 minuti\" \/>\n<script type=\"application\/ld+json\" class=\"yoast-schema-graph\">{\"@context\":\"https:\/\/schema.org\",\"@graph\":[{\"@type\":\"WebPage\",\"@id\":\"https:\/\/www.noidiqua.it\/Montale\/si-stava-meglio-quando-si-stava-peggio\/\",\"url\":\"https:\/\/www.noidiqua.it\/Montale\/si-stava-meglio-quando-si-stava-peggio\/\",\"name\":\"Si stava meglio quando si stava peggio - Noi di Qua Testata giornalistica e di attualit\u00e0 di Agliana, Montale e Quarrata.\",\"isPartOf\":{\"@id\":\"https:\/\/www.noidiqua.it\/Montale\/#website\"},\"primaryImageOfPage\":{\"@id\":\"https:\/\/www.noidiqua.it\/Montale\/si-stava-meglio-quando-si-stava-peggio\/#primaryimage\"},\"image\":{\"@id\":\"https:\/\/www.noidiqua.it\/Montale\/si-stava-meglio-quando-si-stava-peggio\/#primaryimage\"},\"thumbnailUrl\":\"https:\/\/www.noidiqua.it\/Montale\/wp-content\/uploads\/2022\/04\/concludendo-2.png\",\"datePublished\":\"2022-03-12T10:43:35+00:00\",\"dateModified\":\"2022-04-21T09:43:59+00:00\",\"author\":{\"@id\":\"https:\/\/www.noidiqua.it\/Montale\/#\/schema\/person\/858b1b9db61101126e5ded39f94daedb\"},\"breadcrumb\":{\"@id\":\"https:\/\/www.noidiqua.it\/Montale\/si-stava-meglio-quando-si-stava-peggio\/#breadcrumb\"},\"inLanguage\":\"it-IT\",\"potentialAction\":[{\"@type\":\"ReadAction\",\"target\":[\"https:\/\/www.noidiqua.it\/Montale\/si-stava-meglio-quando-si-stava-peggio\/\"]}]},{\"@type\":\"ImageObject\",\"inLanguage\":\"it-IT\",\"@id\":\"https:\/\/www.noidiqua.it\/Montale\/si-stava-meglio-quando-si-stava-peggio\/#primaryimage\",\"url\":\"https:\/\/www.noidiqua.it\/Montale\/wp-content\/uploads\/2022\/04\/concludendo-2.png\",\"contentUrl\":\"https:\/\/www.noidiqua.it\/Montale\/wp-content\/uploads\/2022\/04\/concludendo-2.png\",\"width\":499,\"height\":357},{\"@type\":\"BreadcrumbList\",\"@id\":\"https:\/\/www.noidiqua.it\/Montale\/si-stava-meglio-quando-si-stava-peggio\/#breadcrumb\",\"itemListElement\":[{\"@type\":\"ListItem\",\"position\":1,\"name\":\"Home\",\"item\":\"https:\/\/www.noidiqua.it\/Montale\/\"},{\"@type\":\"ListItem\",\"position\":2,\"name\":\"Si stava meglio quando si stava peggio\"}]},{\"@type\":\"WebSite\",\"@id\":\"https:\/\/www.noidiqua.it\/Montale\/#website\",\"url\":\"https:\/\/www.noidiqua.it\/Montale\/\",\"name\":\"Noi di Qua Testata giornalistica e di attualit\u00e0 di Agliana, Montale e Quarrata.\",\"description\":\"Testata Giornalistica Quarrata Montale Agliana\",\"potentialAction\":[{\"@type\":\"SearchAction\",\"target\":{\"@type\":\"EntryPoint\",\"urlTemplate\":\"https:\/\/www.noidiqua.it\/Montale\/?s={search_term_string}\"},\"query-input\":{\"@type\":\"PropertyValueSpecification\",\"valueRequired\":true,\"valueName\":\"search_term_string\"}}],\"inLanguage\":\"it-IT\"},{\"@type\":\"Person\",\"@id\":\"https:\/\/www.noidiqua.it\/Montale\/#\/schema\/person\/858b1b9db61101126e5ded39f94daedb\",\"name\":\"Massimo Cappelli\",\"image\":{\"@type\":\"ImageObject\",\"inLanguage\":\"it-IT\",\"@id\":\"https:\/\/www.noidiqua.it\/Montale\/#\/schema\/person\/image\/\",\"url\":\"https:\/\/secure.gravatar.com\/avatar\/0e7261535228aa9bb0417ab8f42f3fadaf8ce23bdfde46c689c43410a676cfa9?s=96&d=mm&r=g\",\"contentUrl\":\"https:\/\/secure.gravatar.com\/avatar\/0e7261535228aa9bb0417ab8f42f3fadaf8ce23bdfde46c689c43410a676cfa9?s=96&d=mm&r=g\",\"caption\":\"Massimo Cappelli\"},\"url\":\"https:\/\/www.noidiqua.it\/Montale\/author\/massimo-cappelli\/\"}]}<\/script>\n<!-- \/ Yoast SEO plugin. -->","yoast_head_json":{"title":"Si stava meglio quando si stava peggio - Noi di Qua Testata giornalistica e di attualit\u00e0 di Agliana, Montale e Quarrata.","robots":{"index":"index","follow":"follow","max-snippet":"max-snippet:-1","max-image-preview":"max-image-preview:large","max-video-preview":"max-video-preview:-1"},"canonical":"https:\/\/www.noidiqua.it\/Montale\/si-stava-meglio-quando-si-stava-peggio\/","og_locale":"it_IT","og_type":"article","og_title":"Si stava meglio quando si stava peggio - Noi di Qua Testata giornalistica e di attualit\u00e0 di Agliana, Montale e Quarrata.","og_description":"di Massimo Cappelli. Archivio foto: Ernesto Franchi e Daniele Neri. marzo 2022 Mi ricordo, quando un paio di anni fa l\u2019allora presidente Conte fece il primo discorso alla Nazione con il conseguente primo DPCM relativo all\u2019emergenza Covid 19. Le sue parole mi entrarono come proiettili, soprattutto quando fece riferimento alle abitudini: \u201c&#8230; Saremo tutti [&hellip;]","og_url":"https:\/\/www.noidiqua.it\/Montale\/si-stava-meglio-quando-si-stava-peggio\/","og_site_name":"Noi di Qua Testata giornalistica e di attualit\u00e0 di Agliana, Montale e Quarrata.","article_publisher":"https:\/\/www.facebook.com\/noidiqua.trimestrale\/","article_published_time":"2022-03-12T10:43:35+00:00","article_modified_time":"2022-04-21T09:43:59+00:00","og_image":[{"url":"https:\/\/www.noidiqua.it\/Montale\/wp-content\/uploads\/2022\/04\/concludendo-2.png","type":"","width":"","height":""}],"author":"Massimo Cappelli","twitter_misc":{"Scritto da":"Massimo Cappelli","Tempo di lettura stimato":"6 minuti"},"schema":{"@context":"https:\/\/schema.org","@graph":[{"@type":"WebPage","@id":"https:\/\/www.noidiqua.it\/Montale\/si-stava-meglio-quando-si-stava-peggio\/","url":"https:\/\/www.noidiqua.it\/Montale\/si-stava-meglio-quando-si-stava-peggio\/","name":"Si stava meglio quando si stava peggio - Noi di Qua Testata giornalistica e di attualit\u00e0 di Agliana, Montale e Quarrata.","isPartOf":{"@id":"https:\/\/www.noidiqua.it\/Montale\/#website"},"primaryImageOfPage":{"@id":"https:\/\/www.noidiqua.it\/Montale\/si-stava-meglio-quando-si-stava-peggio\/#primaryimage"},"image":{"@id":"https:\/\/www.noidiqua.it\/Montale\/si-stava-meglio-quando-si-stava-peggio\/#primaryimage"},"thumbnailUrl":"https:\/\/www.noidiqua.it\/Montale\/wp-content\/uploads\/2022\/04\/concludendo-2.png","datePublished":"2022-03-12T10:43:35+00:00","dateModified":"2022-04-21T09:43:59+00:00","author":{"@id":"https:\/\/www.noidiqua.it\/Montale\/#\/schema\/person\/858b1b9db61101126e5ded39f94daedb"},"breadcrumb":{"@id":"https:\/\/www.noidiqua.it\/Montale\/si-stava-meglio-quando-si-stava-peggio\/#breadcrumb"},"inLanguage":"it-IT","potentialAction":[{"@type":"ReadAction","target":["https:\/\/www.noidiqua.it\/Montale\/si-stava-meglio-quando-si-stava-peggio\/"]}]},{"@type":"ImageObject","inLanguage":"it-IT","@id":"https:\/\/www.noidiqua.it\/Montale\/si-stava-meglio-quando-si-stava-peggio\/#primaryimage","url":"https:\/\/www.noidiqua.it\/Montale\/wp-content\/uploads\/2022\/04\/concludendo-2.png","contentUrl":"https:\/\/www.noidiqua.it\/Montale\/wp-content\/uploads\/2022\/04\/concludendo-2.png","width":499,"height":357},{"@type":"BreadcrumbList","@id":"https:\/\/www.noidiqua.it\/Montale\/si-stava-meglio-quando-si-stava-peggio\/#breadcrumb","itemListElement":[{"@type":"ListItem","position":1,"name":"Home","item":"https:\/\/www.noidiqua.it\/Montale\/"},{"@type":"ListItem","position":2,"name":"Si stava meglio quando si stava peggio"}]},{"@type":"WebSite","@id":"https:\/\/www.noidiqua.it\/Montale\/#website","url":"https:\/\/www.noidiqua.it\/Montale\/","name":"Noi di Qua Testata giornalistica e di attualit\u00e0 di Agliana, Montale e Quarrata.","description":"Testata Giornalistica Quarrata Montale Agliana","potentialAction":[{"@type":"SearchAction","target":{"@type":"EntryPoint","urlTemplate":"https:\/\/www.noidiqua.it\/Montale\/?s={search_term_string}"},"query-input":{"@type":"PropertyValueSpecification","valueRequired":true,"valueName":"search_term_string"}}],"inLanguage":"it-IT"},{"@type":"Person","@id":"https:\/\/www.noidiqua.it\/Montale\/#\/schema\/person\/858b1b9db61101126e5ded39f94daedb","name":"Massimo Cappelli","image":{"@type":"ImageObject","inLanguage":"it-IT","@id":"https:\/\/www.noidiqua.it\/Montale\/#\/schema\/person\/image\/","url":"https:\/\/secure.gravatar.com\/avatar\/0e7261535228aa9bb0417ab8f42f3fadaf8ce23bdfde46c689c43410a676cfa9?s=96&d=mm&r=g","contentUrl":"https:\/\/secure.gravatar.com\/avatar\/0e7261535228aa9bb0417ab8f42f3fadaf8ce23bdfde46c689c43410a676cfa9?s=96&d=mm&r=g","caption":"Massimo Cappelli"},"url":"https:\/\/www.noidiqua.it\/Montale\/author\/massimo-cappelli\/"}]}},"_links":{"self":[{"href":"https:\/\/www.noidiqua.it\/Montale\/wp-json\/wp\/v2\/posts\/6838","targetHints":{"allow":["GET"]}}],"collection":[{"href":"https:\/\/www.noidiqua.it\/Montale\/wp-json\/wp\/v2\/posts"}],"about":[{"href":"https:\/\/www.noidiqua.it\/Montale\/wp-json\/wp\/v2\/types\/post"}],"author":[{"embeddable":true,"href":"https:\/\/www.noidiqua.it\/Montale\/wp-json\/wp\/v2\/users\/7"}],"replies":[{"embeddable":true,"href":"https:\/\/www.noidiqua.it\/Montale\/wp-json\/wp\/v2\/comments?post=6838"}],"version-history":[{"count":2,"href":"https:\/\/www.noidiqua.it\/Montale\/wp-json\/wp\/v2\/posts\/6838\/revisions"}],"predecessor-version":[{"id":6843,"href":"https:\/\/www.noidiqua.it\/Montale\/wp-json\/wp\/v2\/posts\/6838\/revisions\/6843"}],"wp:attachment":[{"href":"https:\/\/www.noidiqua.it\/Montale\/wp-json\/wp\/v2\/media?parent=6838"}],"wp:term":[{"taxonomy":"category","embeddable":true,"href":"https:\/\/www.noidiqua.it\/Montale\/wp-json\/wp\/v2\/categories?post=6838"},{"taxonomy":"post_tag","embeddable":true,"href":"https:\/\/www.noidiqua.it\/Montale\/wp-json\/wp\/v2\/tags?post=6838"}],"curies":[{"name":"wp","href":"https:\/\/api.w.org\/{rel}","templated":true}]}}