{"id":7234,"date":"2022-09-05T15:21:38","date_gmt":"2022-09-05T13:21:38","guid":{"rendered":"https:\/\/www.noidiqua.it\/Montale\/?p=7234"},"modified":"2022-12-09T11:30:44","modified_gmt":"2022-12-09T10:30:44","slug":"lucia-pinzauti-larte-per-conoscere-la-nostra-natura","status":"publish","type":"post","link":"https:\/\/www.noidiqua.it\/Montale\/lucia-pinzauti-larte-per-conoscere-la-nostra-natura\/","title":{"rendered":"Lucia Pinzauti &#8211; l&#8217;arte per conoscere la nostra Natura"},"content":{"rendered":"<p><em>di Serena Michelozzi<\/em><\/p>\n<p><em>settembre 2022<\/em><\/p>\n<p><a href=\"https:\/\/www.noidiqua.it\/Montale\/wp-content\/uploads\/2022\/10\/Pinzauti-ritratto-e1665580834820.png\" rel=\"wp-prettyPhoto[7234]\"><img loading=\"lazy\" decoding=\"async\" class=\"aligncenter wp-image-7235 size-full\" src=\"https:\/\/www.noidiqua.it\/Montale\/wp-content\/uploads\/2022\/10\/Pinzauti-ritratto-e1665580834820.png\" alt=\"\" width=\"500\" height=\"405\" srcset=\"https:\/\/www.noidiqua.it\/Montale\/wp-content\/uploads\/2022\/10\/Pinzauti-ritratto-e1665580834820.png 500w, https:\/\/www.noidiqua.it\/Montale\/wp-content\/uploads\/2022\/10\/Pinzauti-ritratto-e1665580834820-300x243.png 300w\" sizes=\"auto, (max-width: 500px) 100vw, 500px\" \/><\/a><\/p>\n<p class=\"p1\"><strong>Lucia Pinzauti<\/strong>, classe \u201880, <strong>artista montalese<\/strong>, ha sempre avuto una spiccata creativit\u00e0, concentrata in una visione profonda della natura, e di tutte le cose tangibili, analizzandole nella forma e nel colore dell\u2019ingombro spaziale. Non solo: <i>\u00abMi sentivo anche coinvolta nell\u2019indagare le emozioni che sentivo. Questi due aspetti, del visibile e dell\u2019invisibile, dialogavano dentro di me, ed io cercavo di riequilibrarli ed esprimerli attraverso il disegno con le matite. Per questo ho pensato che fosse l\u2019arte la strada da intraprendere nella mia vita e, seguendo la mia passione, mi sono iscritta e diplomata alla Scuola d\u2019arte\u00bb <\/i>ci racconta Lucia, che oggi \u00e8 pittrice, scultrice e illustratrice, ed ha anche lei partecipato al progetto di arte contemporanea \u201c<strong>NO WALL<\/strong>\u201d (letteralmente \u201cno muro\u201d), curato dal critico d\u2019arte <strong>Ilaria Magni<\/strong> e voluto dalla Propositura di Montale con la collaborazione degli artisti del territorio, i quali hanno accettato di mettersi in gioco attraverso un ciclo di mostre personali presso l\u2019antichissima cripta dell\u2019Abbazia di San Salvatore in Agna.<\/p>\n<p class=\"p1\">L\u2019opera esposta da Lucia Pinzauti si intitola \u201c<strong>Vespri<\/strong>\u201d, ossia l\u2019ora tarda del giorno verso il tramonto, la quinta delle ore diurne (circa le 18), il momento in cui si suole recitare il vespro nella liturgia cattolica. <i>\u00abHo inteso riflettere sul rapporto dell\u2019io in relazione alla natura, alle emozioni e al ciclo della vita attraverso simboli che divengono codici che interpretano e definiscono la nostra identit\u00e0. L\u2019abbazia di San Salvatore in Agna vanta una storia millenaria ed \u00e8 sempre stata immersa in un luogo caratterizzato dalla generosit\u00e0 della natura e dall\u2019importanza della storia. Per questo ho voluto ricreare non solo attraverso il disegno, ma anche attraverso mezzi espressivi come il suono e il video, un\u2019esperienza immersiva. Ho voluto suggerire una riflessione nell\u2019ora simbolica del tramonto, la pi\u00f9 meditativa della giornata, dove si fanno i conti con s\u00e9 stessi e con la propria coscienza, per interrogarsi su quale sia il mondo che noi oggi stiamo lasciando ai bambini\u00bb<\/i> ci spiega la nostra artista montalese, la cui ricerca pi\u00f9 recente tende inoltre a incentrarsi su una <strong>poetica<\/strong> che investe la sfera interiore dell\u2019essere umano, indagando i segni e i simboli nei quali si identifica per raggiungere il proprio personale equilibrio.<\/p>\n<p><a href=\"https:\/\/www.noidiqua.it\/Montale\/wp-content\/uploads\/2022\/10\/Pinzauti-Vespri.png\" rel=\"wp-prettyPhoto[7234]\"><img loading=\"lazy\" decoding=\"async\" class=\"aligncenter size-full wp-image-7236\" src=\"https:\/\/www.noidiqua.it\/Montale\/wp-content\/uploads\/2022\/10\/Pinzauti-Vespri.png\" alt=\"\" width=\"501\" height=\"305\" srcset=\"https:\/\/www.noidiqua.it\/Montale\/wp-content\/uploads\/2022\/10\/Pinzauti-Vespri.png 501w, https:\/\/www.noidiqua.it\/Montale\/wp-content\/uploads\/2022\/10\/Pinzauti-Vespri-300x183.png 300w\" sizes=\"auto, (max-width: 501px) 100vw, 501px\" \/><\/a><\/p>\n<p class=\"p1\">Lucia, nella sua attivit\u00e0 artistica, \u00e8 solita utilizzare mezzi diversi a seconda di ci\u00f2 che intende comunicare in un determinato momento: dalla <strong>pittura<\/strong> alla <strong>scultura<\/strong>, sino alla <strong>videoarte<\/strong>&#8230; e tutto questo pu\u00f2 convivere &#8211; appunto &#8211; in un\u2019installazione, che permette di creare un ambiente <i>site specific<\/i>, ossia pensato apposta per un determinato luogo e finalizzato ad aumentare la suggestione e la partecipazione dei fruitori della mostra, i quali possono cos\u00ec partecipare ad un\u2019<strong>esperienza immersiva<\/strong>, visiva e sonora, proprio come quella dell\u2019installazione \u201cVespri\u201d sovra richiamata. La sua fonte principale di ispirazione \u00e8 l\u2019amore per la natura e i suoi colori, in quanto attraverso il colore Lucia ha la possibilit\u00e0 di comunicare un\u2019emozione ben precisa. Una delle creazioni a cui \u00e8 pi\u00f9 affezionata \u00e8 \u201c<strong>La Bambina e il Pianeta Blu<\/strong>\u201d: <i>\u00abQui la mia bambina interiore \u00e8 colta nell\u2019atto di scattarsi un selfie sdraiata a testa in gi\u00f9 sul globo terrestre, e da un\u2019angolazione cos\u00ec inusuale ne osserva la superficie, che \u00e8 composta da moltissimi elementi in resina colorata, forme diverse, sia vegetali che animali. Il Mondo \u00e8 cos\u00ec rappresentato proprio come se ci fosse un linguaggio scritto da decifrare ed io provo ad interpretarlo, suggerendo che forse dovremmo osservare la vita da pi\u00f9 angolazioni ed essere disposti a modificare il proprio punto di vista: infatti le cose cambiano aspetto a seconda di come si osservano\u00bb<\/i> ci spiega la nostra artista, che vanta una vasta serie di mostre ed eventi. Inizia nel 2014, con \u201c<strong>In insula ex insula<\/strong>\u201d, presso il centro espositivo del Borghetto di Bagnolo a Montemurlo. Nel 2018 ha fatto parte degli artisti di Pistoia Contemporary Arts Weekend-Palazzi d\u2019Arte con l\u2019opera \u201c<strong>#Equilibriumgirl<\/strong>\u201d. Sempre nel 2018 ha esposto presso la Farsetti Arte di Prato all\u2019interno di \u201cDonne eccellenze pratesi\u201d a cura di Carlo Palli con <strong>#Sympatheia<\/strong>. Nel 2019 l\u2019opera sovra menzionata \u201cLa bambina e il Pianeta blu\u201d, \u00e8 stata scelta per l\u2019evento \u201cCome lei vede il mondo\u201d presso la sala Brunelleschi dell\u2019Istituto degli innocenti di Firenze. Nel 2020 \u00e8 stata poi selezionata per la mostra virtuale \u201cArt in Quarantena\u201d all\u2019interno di un numero speciale della rivista \u201cCultura Commestibile\u201d, per la quale ho realizzato l\u2019opera \u201cMemorie e filo rosso\u201d.<\/p>\n<p><a href=\"https:\/\/www.noidiqua.it\/Montale\/wp-content\/uploads\/2022\/10\/Pinzauti-La-bambina-e-il-Pianeta-Blu.png\" rel=\"wp-prettyPhoto[7234]\"><img loading=\"lazy\" decoding=\"async\" class=\"aligncenter size-full wp-image-7237\" src=\"https:\/\/www.noidiqua.it\/Montale\/wp-content\/uploads\/2022\/10\/Pinzauti-La-bambina-e-il-Pianeta-Blu.png\" alt=\"\" width=\"507\" height=\"423\" srcset=\"https:\/\/www.noidiqua.it\/Montale\/wp-content\/uploads\/2022\/10\/Pinzauti-La-bambina-e-il-Pianeta-Blu.png 507w, https:\/\/www.noidiqua.it\/Montale\/wp-content\/uploads\/2022\/10\/Pinzauti-La-bambina-e-il-Pianeta-Blu-300x250.png 300w\" sizes=\"auto, (max-width: 507px) 100vw, 507px\" \/><\/a><\/p>\n<p class=\"p1\">Possiamo leggere e scoprire qualcosa in pi\u00f9 su Lucia andando a visitare le sue pagine facebook e instagram.<\/p>","protected":false},"excerpt":{"rendered":"<p>di Serena Michelozzi settembre 2022 Lucia Pinzauti, classe \u201880, artista montalese, ha sempre avuto una spiccata creativit\u00e0, concentrata in una visione profonda della natura, e di tutte le cose tangibili, analizzandole nella forma e nel colore dell\u2019ingombro spaziale. Non solo: \u00abMi sentivo anche coinvolta nell\u2019indagare le emozioni che sentivo. Questi due aspetti, del visibile [&hellip;]<\/p>","protected":false},"author":101011,"featured_media":0,"comment_status":"open","ping_status":"open","sticky":false,"template":"","format":"standard","meta":{"footnotes":""},"categories":[23,7],"tags":[3212,3213,1252,3209,3205,3211,3210,3203,3204,2004,3207,144,3206,3208],"class_list":["post-7234","post","type-post","status-publish","format-standard","hentry","category-arte-artigianato-qt","category-mt","tag-equilibriumgirl","tag-sympatheia","tag-artista-montalese","tag-esperienza-immersiva","tag-ilaria-magni","tag-in-insula-ex-insula","tag-la-bambina-e-il-pianeta-blu","tag-lucia-pinzauti","tag-no-wall","tag-pittura","tag-poetica","tag-scultura","tag-vespri","tag-videoarte"],"yoast_head":"<!-- This site is optimized with the Yoast SEO plugin v25.5 - https:\/\/yoast.com\/wordpress\/plugins\/seo\/ -->\n<title>Lucia Pinzauti - l&#039;arte per conoscere la nostra Natura - Noi di Qua Testata giornalistica e di attualit\u00e0 di Agliana, Montale e Quarrata.<\/title>\n<meta name=\"robots\" content=\"index, follow, max-snippet:-1, max-image-preview:large, max-video-preview:-1\" \/>\n<link rel=\"canonical\" href=\"https:\/\/www.noidiqua.it\/Montale\/lucia-pinzauti-larte-per-conoscere-la-nostra-natura\/\" \/>\n<meta property=\"og:locale\" content=\"it_IT\" \/>\n<meta property=\"og:type\" content=\"article\" \/>\n<meta property=\"og:title\" content=\"Lucia Pinzauti - l&#039;arte per conoscere la nostra Natura - Noi di Qua Testata giornalistica e di attualit\u00e0 di Agliana, Montale e Quarrata.\" \/>\n<meta property=\"og:description\" content=\"di Serena Michelozzi settembre 2022 Lucia Pinzauti, classe \u201880, artista montalese, ha sempre avuto una spiccata creativit\u00e0, concentrata in una visione profonda della natura, e di tutte le cose tangibili, analizzandole nella forma e nel colore dell\u2019ingombro spaziale. Non solo: \u00abMi sentivo anche coinvolta nell\u2019indagare le emozioni che sentivo. Questi due aspetti, del visibile [&hellip;]\" \/>\n<meta property=\"og:url\" content=\"https:\/\/www.noidiqua.it\/Montale\/lucia-pinzauti-larte-per-conoscere-la-nostra-natura\/\" \/>\n<meta property=\"og:site_name\" content=\"Noi di Qua Testata giornalistica e di attualit\u00e0 di Agliana, Montale e Quarrata.\" \/>\n<meta property=\"article:publisher\" content=\"https:\/\/www.facebook.com\/noidiqua.trimestrale\/\" \/>\n<meta property=\"article:published_time\" content=\"2022-09-05T13:21:38+00:00\" \/>\n<meta property=\"article:modified_time\" content=\"2022-12-09T10:30:44+00:00\" \/>\n<meta property=\"og:image\" content=\"https:\/\/www.noidiqua.it\/Montale\/wp-content\/uploads\/2022\/10\/Pinzauti-ritratto-e1665580834820.png\" \/>\n<meta name=\"author\" content=\"Serena Michelozzi\" \/>\n<meta name=\"twitter:label1\" content=\"Scritto da\" \/>\n\t<meta name=\"twitter:data1\" content=\"Serena Michelozzi\" \/>\n\t<meta name=\"twitter:label2\" content=\"Tempo di lettura stimato\" \/>\n\t<meta name=\"twitter:data2\" content=\"4 minuti\" \/>\n<script type=\"application\/ld+json\" class=\"yoast-schema-graph\">{\"@context\":\"https:\/\/schema.org\",\"@graph\":[{\"@type\":\"WebPage\",\"@id\":\"https:\/\/www.noidiqua.it\/Montale\/lucia-pinzauti-larte-per-conoscere-la-nostra-natura\/\",\"url\":\"https:\/\/www.noidiqua.it\/Montale\/lucia-pinzauti-larte-per-conoscere-la-nostra-natura\/\",\"name\":\"Lucia Pinzauti - l'arte per conoscere la nostra Natura - Noi di Qua Testata giornalistica e di attualit\u00e0 di Agliana, Montale e Quarrata.\",\"isPartOf\":{\"@id\":\"https:\/\/www.noidiqua.it\/Montale\/#website\"},\"primaryImageOfPage\":{\"@id\":\"https:\/\/www.noidiqua.it\/Montale\/lucia-pinzauti-larte-per-conoscere-la-nostra-natura\/#primaryimage\"},\"image\":{\"@id\":\"https:\/\/www.noidiqua.it\/Montale\/lucia-pinzauti-larte-per-conoscere-la-nostra-natura\/#primaryimage\"},\"thumbnailUrl\":\"https:\/\/www.noidiqua.it\/Montale\/wp-content\/uploads\/2022\/10\/Pinzauti-ritratto-e1665580834820.png\",\"datePublished\":\"2022-09-05T13:21:38+00:00\",\"dateModified\":\"2022-12-09T10:30:44+00:00\",\"author\":{\"@id\":\"https:\/\/www.noidiqua.it\/Montale\/#\/schema\/person\/4763a96f0bdf332cc8a55478dbeba163\"},\"breadcrumb\":{\"@id\":\"https:\/\/www.noidiqua.it\/Montale\/lucia-pinzauti-larte-per-conoscere-la-nostra-natura\/#breadcrumb\"},\"inLanguage\":\"it-IT\",\"potentialAction\":[{\"@type\":\"ReadAction\",\"target\":[\"https:\/\/www.noidiqua.it\/Montale\/lucia-pinzauti-larte-per-conoscere-la-nostra-natura\/\"]}]},{\"@type\":\"ImageObject\",\"inLanguage\":\"it-IT\",\"@id\":\"https:\/\/www.noidiqua.it\/Montale\/lucia-pinzauti-larte-per-conoscere-la-nostra-natura\/#primaryimage\",\"url\":\"https:\/\/www.noidiqua.it\/Montale\/wp-content\/uploads\/2022\/10\/Pinzauti-ritratto-e1665580834820.png\",\"contentUrl\":\"https:\/\/www.noidiqua.it\/Montale\/wp-content\/uploads\/2022\/10\/Pinzauti-ritratto-e1665580834820.png\",\"width\":500,\"height\":405},{\"@type\":\"BreadcrumbList\",\"@id\":\"https:\/\/www.noidiqua.it\/Montale\/lucia-pinzauti-larte-per-conoscere-la-nostra-natura\/#breadcrumb\",\"itemListElement\":[{\"@type\":\"ListItem\",\"position\":1,\"name\":\"Home\",\"item\":\"https:\/\/www.noidiqua.it\/Montale\/\"},{\"@type\":\"ListItem\",\"position\":2,\"name\":\"Lucia Pinzauti &#8211; l&#8217;arte per conoscere la nostra Natura\"}]},{\"@type\":\"WebSite\",\"@id\":\"https:\/\/www.noidiqua.it\/Montale\/#website\",\"url\":\"https:\/\/www.noidiqua.it\/Montale\/\",\"name\":\"Noi di Qua Testata giornalistica e di attualit\u00e0 di Agliana, Montale e Quarrata.\",\"description\":\"Testata Giornalistica Quarrata Montale Agliana\",\"potentialAction\":[{\"@type\":\"SearchAction\",\"target\":{\"@type\":\"EntryPoint\",\"urlTemplate\":\"https:\/\/www.noidiqua.it\/Montale\/?s={search_term_string}\"},\"query-input\":{\"@type\":\"PropertyValueSpecification\",\"valueRequired\":true,\"valueName\":\"search_term_string\"}}],\"inLanguage\":\"it-IT\"},{\"@type\":\"Person\",\"@id\":\"https:\/\/www.noidiqua.it\/Montale\/#\/schema\/person\/4763a96f0bdf332cc8a55478dbeba163\",\"name\":\"Serena Michelozzi\",\"image\":{\"@type\":\"ImageObject\",\"inLanguage\":\"it-IT\",\"@id\":\"https:\/\/www.noidiqua.it\/Montale\/#\/schema\/person\/image\/\",\"url\":\"https:\/\/secure.gravatar.com\/avatar\/a8efaab8953a1edb4943a89dbca993e803bf8bcf5221a8ff937a96a5b9914aab?s=96&d=mm&r=g\",\"contentUrl\":\"https:\/\/secure.gravatar.com\/avatar\/a8efaab8953a1edb4943a89dbca993e803bf8bcf5221a8ff937a96a5b9914aab?s=96&d=mm&r=g\",\"caption\":\"Serena Michelozzi\"},\"url\":\"https:\/\/www.noidiqua.it\/Montale\/author\/serena-michelozzi\/\"}]}<\/script>\n<!-- \/ Yoast SEO plugin. -->","yoast_head_json":{"title":"Lucia Pinzauti - l'arte per conoscere la nostra Natura - Noi di Qua Testata giornalistica e di attualit\u00e0 di Agliana, Montale e Quarrata.","robots":{"index":"index","follow":"follow","max-snippet":"max-snippet:-1","max-image-preview":"max-image-preview:large","max-video-preview":"max-video-preview:-1"},"canonical":"https:\/\/www.noidiqua.it\/Montale\/lucia-pinzauti-larte-per-conoscere-la-nostra-natura\/","og_locale":"it_IT","og_type":"article","og_title":"Lucia Pinzauti - l'arte per conoscere la nostra Natura - Noi di Qua Testata giornalistica e di attualit\u00e0 di Agliana, Montale e Quarrata.","og_description":"di Serena Michelozzi settembre 2022 Lucia Pinzauti, classe \u201880, artista montalese, ha sempre avuto una spiccata creativit\u00e0, concentrata in una visione profonda della natura, e di tutte le cose tangibili, analizzandole nella forma e nel colore dell\u2019ingombro spaziale. Non solo: \u00abMi sentivo anche coinvolta nell\u2019indagare le emozioni che sentivo. Questi due aspetti, del visibile [&hellip;]","og_url":"https:\/\/www.noidiqua.it\/Montale\/lucia-pinzauti-larte-per-conoscere-la-nostra-natura\/","og_site_name":"Noi di Qua Testata giornalistica e di attualit\u00e0 di Agliana, Montale e Quarrata.","article_publisher":"https:\/\/www.facebook.com\/noidiqua.trimestrale\/","article_published_time":"2022-09-05T13:21:38+00:00","article_modified_time":"2022-12-09T10:30:44+00:00","og_image":[{"url":"https:\/\/www.noidiqua.it\/Montale\/wp-content\/uploads\/2022\/10\/Pinzauti-ritratto-e1665580834820.png","type":"","width":"","height":""}],"author":"Serena Michelozzi","twitter_misc":{"Scritto da":"Serena Michelozzi","Tempo di lettura stimato":"4 minuti"},"schema":{"@context":"https:\/\/schema.org","@graph":[{"@type":"WebPage","@id":"https:\/\/www.noidiqua.it\/Montale\/lucia-pinzauti-larte-per-conoscere-la-nostra-natura\/","url":"https:\/\/www.noidiqua.it\/Montale\/lucia-pinzauti-larte-per-conoscere-la-nostra-natura\/","name":"Lucia Pinzauti - l'arte per conoscere la nostra Natura - Noi di Qua Testata giornalistica e di attualit\u00e0 di Agliana, Montale e Quarrata.","isPartOf":{"@id":"https:\/\/www.noidiqua.it\/Montale\/#website"},"primaryImageOfPage":{"@id":"https:\/\/www.noidiqua.it\/Montale\/lucia-pinzauti-larte-per-conoscere-la-nostra-natura\/#primaryimage"},"image":{"@id":"https:\/\/www.noidiqua.it\/Montale\/lucia-pinzauti-larte-per-conoscere-la-nostra-natura\/#primaryimage"},"thumbnailUrl":"https:\/\/www.noidiqua.it\/Montale\/wp-content\/uploads\/2022\/10\/Pinzauti-ritratto-e1665580834820.png","datePublished":"2022-09-05T13:21:38+00:00","dateModified":"2022-12-09T10:30:44+00:00","author":{"@id":"https:\/\/www.noidiqua.it\/Montale\/#\/schema\/person\/4763a96f0bdf332cc8a55478dbeba163"},"breadcrumb":{"@id":"https:\/\/www.noidiqua.it\/Montale\/lucia-pinzauti-larte-per-conoscere-la-nostra-natura\/#breadcrumb"},"inLanguage":"it-IT","potentialAction":[{"@type":"ReadAction","target":["https:\/\/www.noidiqua.it\/Montale\/lucia-pinzauti-larte-per-conoscere-la-nostra-natura\/"]}]},{"@type":"ImageObject","inLanguage":"it-IT","@id":"https:\/\/www.noidiqua.it\/Montale\/lucia-pinzauti-larte-per-conoscere-la-nostra-natura\/#primaryimage","url":"https:\/\/www.noidiqua.it\/Montale\/wp-content\/uploads\/2022\/10\/Pinzauti-ritratto-e1665580834820.png","contentUrl":"https:\/\/www.noidiqua.it\/Montale\/wp-content\/uploads\/2022\/10\/Pinzauti-ritratto-e1665580834820.png","width":500,"height":405},{"@type":"BreadcrumbList","@id":"https:\/\/www.noidiqua.it\/Montale\/lucia-pinzauti-larte-per-conoscere-la-nostra-natura\/#breadcrumb","itemListElement":[{"@type":"ListItem","position":1,"name":"Home","item":"https:\/\/www.noidiqua.it\/Montale\/"},{"@type":"ListItem","position":2,"name":"Lucia Pinzauti &#8211; l&#8217;arte per conoscere la nostra Natura"}]},{"@type":"WebSite","@id":"https:\/\/www.noidiqua.it\/Montale\/#website","url":"https:\/\/www.noidiqua.it\/Montale\/","name":"Noi di Qua Testata giornalistica e di attualit\u00e0 di Agliana, Montale e Quarrata.","description":"Testata Giornalistica Quarrata Montale Agliana","potentialAction":[{"@type":"SearchAction","target":{"@type":"EntryPoint","urlTemplate":"https:\/\/www.noidiqua.it\/Montale\/?s={search_term_string}"},"query-input":{"@type":"PropertyValueSpecification","valueRequired":true,"valueName":"search_term_string"}}],"inLanguage":"it-IT"},{"@type":"Person","@id":"https:\/\/www.noidiqua.it\/Montale\/#\/schema\/person\/4763a96f0bdf332cc8a55478dbeba163","name":"Serena Michelozzi","image":{"@type":"ImageObject","inLanguage":"it-IT","@id":"https:\/\/www.noidiqua.it\/Montale\/#\/schema\/person\/image\/","url":"https:\/\/secure.gravatar.com\/avatar\/a8efaab8953a1edb4943a89dbca993e803bf8bcf5221a8ff937a96a5b9914aab?s=96&d=mm&r=g","contentUrl":"https:\/\/secure.gravatar.com\/avatar\/a8efaab8953a1edb4943a89dbca993e803bf8bcf5221a8ff937a96a5b9914aab?s=96&d=mm&r=g","caption":"Serena Michelozzi"},"url":"https:\/\/www.noidiqua.it\/Montale\/author\/serena-michelozzi\/"}]}},"_links":{"self":[{"href":"https:\/\/www.noidiqua.it\/Montale\/wp-json\/wp\/v2\/posts\/7234","targetHints":{"allow":["GET"]}}],"collection":[{"href":"https:\/\/www.noidiqua.it\/Montale\/wp-json\/wp\/v2\/posts"}],"about":[{"href":"https:\/\/www.noidiqua.it\/Montale\/wp-json\/wp\/v2\/types\/post"}],"author":[{"embeddable":true,"href":"https:\/\/www.noidiqua.it\/Montale\/wp-json\/wp\/v2\/users\/101011"}],"replies":[{"embeddable":true,"href":"https:\/\/www.noidiqua.it\/Montale\/wp-json\/wp\/v2\/comments?post=7234"}],"version-history":[{"count":2,"href":"https:\/\/www.noidiqua.it\/Montale\/wp-json\/wp\/v2\/posts\/7234\/revisions"}],"predecessor-version":[{"id":7279,"href":"https:\/\/www.noidiqua.it\/Montale\/wp-json\/wp\/v2\/posts\/7234\/revisions\/7279"}],"wp:attachment":[{"href":"https:\/\/www.noidiqua.it\/Montale\/wp-json\/wp\/v2\/media?parent=7234"}],"wp:term":[{"taxonomy":"category","embeddable":true,"href":"https:\/\/www.noidiqua.it\/Montale\/wp-json\/wp\/v2\/categories?post=7234"},{"taxonomy":"post_tag","embeddable":true,"href":"https:\/\/www.noidiqua.it\/Montale\/wp-json\/wp\/v2\/tags?post=7234"}],"curies":[{"name":"wp","href":"https:\/\/api.w.org\/{rel}","templated":true}]}}