{"id":7242,"date":"2022-09-05T16:02:31","date_gmt":"2022-09-05T14:02:31","guid":{"rendered":"https:\/\/www.noidiqua.it\/Montale\/?p=7242"},"modified":"2022-12-09T11:31:39","modified_gmt":"2022-12-09T10:31:39","slug":"dieci-anni-senza-il-nostro-giancarlo","status":"publish","type":"post","link":"https:\/\/www.noidiqua.it\/Montale\/dieci-anni-senza-il-nostro-giancarlo\/","title":{"rendered":"Dieci anni senza il nostro Giancarlo"},"content":{"rendered":"<p><em>di Giacomo Bini. Foto: Riccardo Boccardi.<\/em><\/p>\n<p><em>settembre 2022<\/em><\/p>\n<p><a href=\"https:\/\/www.noidiqua.it\/Montale\/wp-content\/uploads\/2022\/10\/zampini-1.png\" rel=\"wp-prettyPhoto[7242]\"><img loading=\"lazy\" decoding=\"async\" class=\"aligncenter size-full wp-image-7243\" src=\"https:\/\/www.noidiqua.it\/Montale\/wp-content\/uploads\/2022\/10\/zampini-1.png\" alt=\"\" width=\"507\" height=\"386\" srcset=\"https:\/\/www.noidiqua.it\/Montale\/wp-content\/uploads\/2022\/10\/zampini-1.png 507w, https:\/\/www.noidiqua.it\/Montale\/wp-content\/uploads\/2022\/10\/zampini-1-300x228.png 300w\" sizes=\"auto, (max-width: 507px) 100vw, 507px\" \/><\/a><\/p>\n<p>Sono passati dieci anni dalla\u00a0<strong>scomparsa<\/strong>\u00a0di\u00a0<strong>Giancarlo Zampini<\/strong>\u00a0ma a noi sembra impossibile, come il primo giorno, che lui non ci sia pi\u00f9. Il nostro\u00a0<strong>direttore<\/strong>\u00a0ci manca. Ogni volta che impostiamo un nuovo numero della rivista \u201c<strong>Noi di qua<\/strong>\u201d, che \u00e8 stata e resta una sua creatura, ci sentiamo inadeguati. Perch\u00e9 Giancarlo era impareggiabile soprattutto in una cosa, che era il suo vero talento: trovare in ogni fatto, anche il pi\u00f9 piccolo, la storia di una persona. La sua infinita<strong>\u00a0curiosit\u00e0<\/strong>\u00a0non si indirizzava tanto agli eventi, sebbene fosse un bravissimo\u00a0<strong>cronista<\/strong>, quanto agli uomini che stanno dietro agli eventi. Del resto la nostra rivista, che lui ha fondato, ha nel titolo un pronome personale, il \u201cnoi\u201d, che per lui racchiudeva uno sterminato universo di storie umane. Anche nei suoi articoli sulle pagine de\u00a0<strong>La Nazione<\/strong>, cronaca di Pistoia, la pura e semplice cronaca gli andava sempre stretta e lui la oltrepassava ricostruendo vicende di vita, disegnando personaggi ed esistenze. La sua carica umana, la sua grande capacit\u00e0 di stabilire relazioni con gli altri, di trovare terreni comuni di dialogo e di scambio, la simpatia e il senso dell\u2019umorismo lo hanno fatto amare dai lettori e da tutti quelli che lo conoscevano.\u00a0<strong>Giornalista<\/strong>\u00a0vero perch\u00e9 genuino e sincero, senza secondi fini, senza interessi o arrivismi, pronto a condurre le sue battaglie con rispetto e con assoluta indipendenza, Giancarlo sapeva raccontare e conquistava tutti perch\u00e9 ci metteva il cuore oltre che la penna. Era il contrario di un\u2019immagine stereotipata del giornalista distaccato e un po\u2019 cinico, che non si fa toccare dalle passioni. Giancarlo era un cronista innamorato della sua gente e della sua\u00a0<strong>terra<\/strong>. Per questo gli vogliamo bene ed \u00e8 ancora con noi.<\/p>\n<p class=\"p1\"><span class=\"s1\">Abbiamo pensato di riproporre un breve testo autobiografico scritto da Giancarlo Zampini come introduzione al suo libro dedicato alla sua frequentazione con lo scrittore e giornalista Tiziano Terzani dal titolo <i>\u201cTiziano Terzani: L\u2019 Orsigna, ultimo amore\u201d<\/i> edito da Lalli nel 2009.<\/span><\/p>\n<p class=\"p3\"><span class=\"s2\"><b>Chi sono<\/b><\/span><\/p>\n<p class=\"p1\"><span class=\"s1\">Sono uno\u2026 della generazione di mezzo, nato il 30 novembre del 1945 in una famiglia molto dignitosa, sopravvissuta alla guerra, ma che sarebbe caduta nella povert\u00e0 pi\u00f9 nera due anni dopo con la morte di mio padre Antonio. Livia, mia madre, rimase vedova con tre figli: io di due anni, Franco il maggiore di 12 e Renzo il mezzano di 10. Livia \u00e8 stata una grande madre, da perfetta capofamiglia ha vestito anche i panni di uomo, garantendo con le sue grandi capacit\u00e0 di ricamatrice le entrate minime per sopravvivere.<\/span><\/p>\n<p class=\"p1\"><span class=\"s1\">Considerato la piega che aveva preso la mia vita, a soli due anni entrai in possesso di tutte le caratteristiche giuste per essere da grande una persona destinata all\u2019anonimato. Per studiare servivano soldi e volont\u00e0: dei primi non c\u2019era l\u2019ombra, della seconda\u2026 meglio tacere. Ricordo che dalla quinta elementare ci congedammo in una quarantina, la maestra si chiamava Montesi &#8211; brava e buona &#8211; ma da sola non poteva certo badare ed insegnare a 40 alunni: avete capito bene, 40! Andai alle superiori che non sapevo niente di grammatica, la storia non mi piaceva, le cose andavano meglio a matematica e geografia, l\u2019eccellenza la raggiungevo solo a disegno ed in condotta: ero molto timido. Per scuole superiori intendo l\u2019avviamento professionale, iscriversi alle medie significava dovere passare un esame di ammissione ed essere certi di continuare a frequentare anche dopo i tre anni. La mia scuola \u00e8 stata la vita dalla quale ho imparato tutto quello che conosco. Sono uscito dalla povert\u00e0 ed ignoranza per merito della mia curiosit\u00e0, della voglia di sapere e di conoscere, necessit\u00e0 emerse fortemente con l\u2019et\u00e0 dell\u2019adolescenza. <\/span><\/p>\n<p class=\"p1\"><span class=\"s1\">Ho cominciato a lavorare che avevo 16 anni: ho fatto l\u2019artigiano, il commesso, il venditore di enciclopedie, in seguito il disegnatore tecnico di arredamento: a 23 anni Pistoia mi stava stretta, a disegnare guadagnavo 19.000 lire al mese, anche se questo ruolo mi fece conoscere fior di architetti, Giovanni Michelucci su tutti. Erano altri tempi, si poteva cambiare lavoro una volta al mese tante erano le opportunit\u00e0, non come oggi che i giovani sono precari a vita ed un lavoro definitivo non lo trovano mai. Nel 1968 ebbi la possibilit\u00e0 di entrare a fare parte della forza vendite di una grande azienda di spumanti di Torino: ci sono stato quasi sei anni, ho conosciuto migliaia di bar, alberghi, ristoranti, locali notturni. Nel 1975 passai alle dipendenze di una azienda commerciale di abbigliamento, come gerente in uno dei 26 negozi sparsi per l\u2019Italia centro settentrionale. Infine detti vita ad uno studio-negozio di arredamento, attualmente condotto da mio figlio Federico.<\/span><\/p>\n<p><a href=\"https:\/\/www.noidiqua.it\/Montale\/wp-content\/uploads\/2022\/10\/zampini-2.png\" rel=\"wp-prettyPhoto[7242]\"><img loading=\"lazy\" decoding=\"async\" class=\"aligncenter size-full wp-image-7244\" src=\"https:\/\/www.noidiqua.it\/Montale\/wp-content\/uploads\/2022\/10\/zampini-2.png\" alt=\"\" width=\"390\" height=\"408\" srcset=\"https:\/\/www.noidiqua.it\/Montale\/wp-content\/uploads\/2022\/10\/zampini-2.png 390w, https:\/\/www.noidiqua.it\/Montale\/wp-content\/uploads\/2022\/10\/zampini-2-287x300.png 287w\" sizes=\"auto, (max-width: 390px) 100vw, 390px\" \/><\/a><\/p>\n<p class=\"p1\"><span class=\"s1\">La strada giornalistica, meglio dire che mi ha spinto ad interessarmi di comunicazione, \u00e8 iniziata nel 1981 &#8211; per divertimento &#8211; con TV Quarrata, televisione della mia citt\u00e0 di Luciano Michelozzi, ingegnoso elettricista e radioamatore con tanto di negozio in piazza del comune. [\u2026] Trasmettevamo solo la sera dalle 21.00 alle 24.00 &#8211; con il titolare che svolgeva le funzioni di regista, addetto alle luci, microfoni, scenografia di studio, ideatore di programmi, ecc. Personalmente curavo un telegiornale, che parlava di Quarrata e basta, oltre due trasmissioni settimanali dal titolo, \u201cParliamo di\u2026\u201d e \u201cDetto fra Noi\u201d: come studio un ex garage, adibito a magazzino del negozio. <\/span><\/p>\n<p class=\"p1\"><span class=\"s1\">Si arriva cos\u00ec al 1989, anno in cui la redazione di Pistoia de \u201cLa Nazione\u201d ha la necessit\u00e0 di ampliare il proprio organico di collaboratori: risposi di si, molto volentieri, anche se avevo gi\u00e0 44 anni. Presso l\u2019ufficio del capo servizio Alberto Ciullini firmai il primo contratto giornalistico della mia vita: il lavoro di cronista era diventato una cosa seria, i lettori mi avrebbero giudicato. Se la memoria non mi tradisce, venivo pagato con 2.000 lire per articoli brevi, 4.000 lire oltre un certo numero di battute. [\u2026]<\/span><\/p>\n<p class=\"p1\"><span class=\"s1\">Ad oggi ho scritto migliaia di articoli spaziando in largo ed in lungo: dalla politica locale e provinciale alla cronaca nera, all\u2019agricoltura, turismo, arte, storie del giorno su fatti e persone: sono sempre stato, a detta dei superiori, un cacciatore di notizie.<\/span><\/p>","protected":false},"excerpt":{"rendered":"<p>di Giacomo Bini. Foto: Riccardo Boccardi. settembre 2022 Sono passati dieci anni dalla\u00a0scomparsa\u00a0di\u00a0Giancarlo Zampini\u00a0ma a noi sembra impossibile, come il primo giorno, che lui non ci sia pi\u00f9. Il nostro\u00a0direttore\u00a0ci manca. Ogni volta che impostiamo un nuovo numero della rivista \u201cNoi di qua\u201d, che \u00e8 stata e resta una sua creatura, ci sentiamo inadeguati. [&hellip;]<\/p>","protected":false},"author":12,"featured_media":0,"comment_status":"open","ping_status":"open","sticky":false,"template":"","format":"standard","meta":{"footnotes":""},"categories":[31,7],"tags":[3222,63,3220,576,1478,3223,3221,3219,3224],"class_list":["post-7242","post","type-post","status-publish","format-standard","hentry","category-storia-qt","category-mt","tag-cronista","tag-curiosita","tag-direttore","tag-giancarlo-zampini","tag-giornalista","tag-la-nazione","tag-noi-di-qua","tag-scomparsa","tag-terra"],"yoast_head":"<!-- This site is optimized with the Yoast SEO plugin v25.5 - https:\/\/yoast.com\/wordpress\/plugins\/seo\/ -->\n<title>Dieci anni senza il nostro Giancarlo - Noi di Qua Testata giornalistica e di attualit\u00e0 di Agliana, Montale e Quarrata.<\/title>\n<meta name=\"robots\" content=\"index, follow, max-snippet:-1, max-image-preview:large, max-video-preview:-1\" \/>\n<link rel=\"canonical\" href=\"https:\/\/www.noidiqua.it\/Montale\/dieci-anni-senza-il-nostro-giancarlo\/\" \/>\n<meta property=\"og:locale\" content=\"it_IT\" \/>\n<meta property=\"og:type\" content=\"article\" \/>\n<meta property=\"og:title\" content=\"Dieci anni senza il nostro Giancarlo - Noi di Qua Testata giornalistica e di attualit\u00e0 di Agliana, Montale e Quarrata.\" \/>\n<meta property=\"og:description\" content=\"di Giacomo Bini. Foto: Riccardo Boccardi. settembre 2022 Sono passati dieci anni dalla\u00a0scomparsa\u00a0di\u00a0Giancarlo Zampini\u00a0ma a noi sembra impossibile, come il primo giorno, che lui non ci sia pi\u00f9. Il nostro\u00a0direttore\u00a0ci manca. Ogni volta che impostiamo un nuovo numero della rivista \u201cNoi di qua\u201d, che \u00e8 stata e resta una sua creatura, ci sentiamo inadeguati. [&hellip;]\" \/>\n<meta property=\"og:url\" content=\"https:\/\/www.noidiqua.it\/Montale\/dieci-anni-senza-il-nostro-giancarlo\/\" \/>\n<meta property=\"og:site_name\" content=\"Noi di Qua Testata giornalistica e di attualit\u00e0 di Agliana, Montale e Quarrata.\" \/>\n<meta property=\"article:publisher\" content=\"https:\/\/www.facebook.com\/noidiqua.trimestrale\/\" \/>\n<meta property=\"article:published_time\" content=\"2022-09-05T14:02:31+00:00\" \/>\n<meta property=\"article:modified_time\" content=\"2022-12-09T10:31:39+00:00\" \/>\n<meta property=\"og:image\" content=\"https:\/\/www.noidiqua.it\/Montale\/wp-content\/uploads\/2022\/10\/zampini-1.png\" \/>\n<meta name=\"author\" content=\"Giacomo Bini\" \/>\n<meta name=\"twitter:label1\" content=\"Scritto da\" \/>\n\t<meta name=\"twitter:data1\" content=\"Giacomo Bini\" \/>\n\t<meta name=\"twitter:label2\" content=\"Tempo di lettura stimato\" \/>\n\t<meta name=\"twitter:data2\" content=\"5 minuti\" \/>\n<script type=\"application\/ld+json\" class=\"yoast-schema-graph\">{\"@context\":\"https:\/\/schema.org\",\"@graph\":[{\"@type\":\"WebPage\",\"@id\":\"https:\/\/www.noidiqua.it\/Montale\/dieci-anni-senza-il-nostro-giancarlo\/\",\"url\":\"https:\/\/www.noidiqua.it\/Montale\/dieci-anni-senza-il-nostro-giancarlo\/\",\"name\":\"Dieci anni senza il nostro Giancarlo - Noi di Qua Testata giornalistica e di attualit\u00e0 di Agliana, Montale e Quarrata.\",\"isPartOf\":{\"@id\":\"https:\/\/www.noidiqua.it\/Montale\/#website\"},\"primaryImageOfPage\":{\"@id\":\"https:\/\/www.noidiqua.it\/Montale\/dieci-anni-senza-il-nostro-giancarlo\/#primaryimage\"},\"image\":{\"@id\":\"https:\/\/www.noidiqua.it\/Montale\/dieci-anni-senza-il-nostro-giancarlo\/#primaryimage\"},\"thumbnailUrl\":\"https:\/\/www.noidiqua.it\/Montale\/wp-content\/uploads\/2022\/10\/zampini-1.png\",\"datePublished\":\"2022-09-05T14:02:31+00:00\",\"dateModified\":\"2022-12-09T10:31:39+00:00\",\"author\":{\"@id\":\"https:\/\/www.noidiqua.it\/Montale\/#\/schema\/person\/e2e6f44da50af0dae9c90ad168e471a4\"},\"breadcrumb\":{\"@id\":\"https:\/\/www.noidiqua.it\/Montale\/dieci-anni-senza-il-nostro-giancarlo\/#breadcrumb\"},\"inLanguage\":\"it-IT\",\"potentialAction\":[{\"@type\":\"ReadAction\",\"target\":[\"https:\/\/www.noidiqua.it\/Montale\/dieci-anni-senza-il-nostro-giancarlo\/\"]}]},{\"@type\":\"ImageObject\",\"inLanguage\":\"it-IT\",\"@id\":\"https:\/\/www.noidiqua.it\/Montale\/dieci-anni-senza-il-nostro-giancarlo\/#primaryimage\",\"url\":\"https:\/\/www.noidiqua.it\/Montale\/wp-content\/uploads\/2022\/10\/zampini-1.png\",\"contentUrl\":\"https:\/\/www.noidiqua.it\/Montale\/wp-content\/uploads\/2022\/10\/zampini-1.png\",\"width\":507,\"height\":386},{\"@type\":\"BreadcrumbList\",\"@id\":\"https:\/\/www.noidiqua.it\/Montale\/dieci-anni-senza-il-nostro-giancarlo\/#breadcrumb\",\"itemListElement\":[{\"@type\":\"ListItem\",\"position\":1,\"name\":\"Home\",\"item\":\"https:\/\/www.noidiqua.it\/Montale\/\"},{\"@type\":\"ListItem\",\"position\":2,\"name\":\"Dieci anni senza il nostro Giancarlo\"}]},{\"@type\":\"WebSite\",\"@id\":\"https:\/\/www.noidiqua.it\/Montale\/#website\",\"url\":\"https:\/\/www.noidiqua.it\/Montale\/\",\"name\":\"Noi di Qua Testata giornalistica e di attualit\u00e0 di Agliana, Montale e Quarrata.\",\"description\":\"Testata Giornalistica Quarrata Montale Agliana\",\"potentialAction\":[{\"@type\":\"SearchAction\",\"target\":{\"@type\":\"EntryPoint\",\"urlTemplate\":\"https:\/\/www.noidiqua.it\/Montale\/?s={search_term_string}\"},\"query-input\":{\"@type\":\"PropertyValueSpecification\",\"valueRequired\":true,\"valueName\":\"search_term_string\"}}],\"inLanguage\":\"it-IT\"},{\"@type\":\"Person\",\"@id\":\"https:\/\/www.noidiqua.it\/Montale\/#\/schema\/person\/e2e6f44da50af0dae9c90ad168e471a4\",\"name\":\"Giacomo Bini\",\"image\":{\"@type\":\"ImageObject\",\"inLanguage\":\"it-IT\",\"@id\":\"https:\/\/www.noidiqua.it\/Montale\/#\/schema\/person\/image\/\",\"url\":\"https:\/\/secure.gravatar.com\/avatar\/e5c18ae41df5ae37397358f2c6046696187d51a120c5d0b8f0c49f7b606f46f4?s=96&d=mm&r=g\",\"contentUrl\":\"https:\/\/secure.gravatar.com\/avatar\/e5c18ae41df5ae37397358f2c6046696187d51a120c5d0b8f0c49f7b606f46f4?s=96&d=mm&r=g\",\"caption\":\"Giacomo Bini\"},\"url\":\"https:\/\/www.noidiqua.it\/Montale\/author\/giacomo-bini\/\"}]}<\/script>\n<!-- \/ Yoast SEO plugin. -->","yoast_head_json":{"title":"Dieci anni senza il nostro Giancarlo - Noi di Qua Testata giornalistica e di attualit\u00e0 di Agliana, Montale e Quarrata.","robots":{"index":"index","follow":"follow","max-snippet":"max-snippet:-1","max-image-preview":"max-image-preview:large","max-video-preview":"max-video-preview:-1"},"canonical":"https:\/\/www.noidiqua.it\/Montale\/dieci-anni-senza-il-nostro-giancarlo\/","og_locale":"it_IT","og_type":"article","og_title":"Dieci anni senza il nostro Giancarlo - Noi di Qua Testata giornalistica e di attualit\u00e0 di Agliana, Montale e Quarrata.","og_description":"di Giacomo Bini. Foto: Riccardo Boccardi. settembre 2022 Sono passati dieci anni dalla\u00a0scomparsa\u00a0di\u00a0Giancarlo Zampini\u00a0ma a noi sembra impossibile, come il primo giorno, che lui non ci sia pi\u00f9. Il nostro\u00a0direttore\u00a0ci manca. Ogni volta che impostiamo un nuovo numero della rivista \u201cNoi di qua\u201d, che \u00e8 stata e resta una sua creatura, ci sentiamo inadeguati. [&hellip;]","og_url":"https:\/\/www.noidiqua.it\/Montale\/dieci-anni-senza-il-nostro-giancarlo\/","og_site_name":"Noi di Qua Testata giornalistica e di attualit\u00e0 di Agliana, Montale e Quarrata.","article_publisher":"https:\/\/www.facebook.com\/noidiqua.trimestrale\/","article_published_time":"2022-09-05T14:02:31+00:00","article_modified_time":"2022-12-09T10:31:39+00:00","og_image":[{"url":"https:\/\/www.noidiqua.it\/Montale\/wp-content\/uploads\/2022\/10\/zampini-1.png","type":"","width":"","height":""}],"author":"Giacomo Bini","twitter_misc":{"Scritto da":"Giacomo Bini","Tempo di lettura stimato":"5 minuti"},"schema":{"@context":"https:\/\/schema.org","@graph":[{"@type":"WebPage","@id":"https:\/\/www.noidiqua.it\/Montale\/dieci-anni-senza-il-nostro-giancarlo\/","url":"https:\/\/www.noidiqua.it\/Montale\/dieci-anni-senza-il-nostro-giancarlo\/","name":"Dieci anni senza il nostro Giancarlo - Noi di Qua Testata giornalistica e di attualit\u00e0 di Agliana, Montale e Quarrata.","isPartOf":{"@id":"https:\/\/www.noidiqua.it\/Montale\/#website"},"primaryImageOfPage":{"@id":"https:\/\/www.noidiqua.it\/Montale\/dieci-anni-senza-il-nostro-giancarlo\/#primaryimage"},"image":{"@id":"https:\/\/www.noidiqua.it\/Montale\/dieci-anni-senza-il-nostro-giancarlo\/#primaryimage"},"thumbnailUrl":"https:\/\/www.noidiqua.it\/Montale\/wp-content\/uploads\/2022\/10\/zampini-1.png","datePublished":"2022-09-05T14:02:31+00:00","dateModified":"2022-12-09T10:31:39+00:00","author":{"@id":"https:\/\/www.noidiqua.it\/Montale\/#\/schema\/person\/e2e6f44da50af0dae9c90ad168e471a4"},"breadcrumb":{"@id":"https:\/\/www.noidiqua.it\/Montale\/dieci-anni-senza-il-nostro-giancarlo\/#breadcrumb"},"inLanguage":"it-IT","potentialAction":[{"@type":"ReadAction","target":["https:\/\/www.noidiqua.it\/Montale\/dieci-anni-senza-il-nostro-giancarlo\/"]}]},{"@type":"ImageObject","inLanguage":"it-IT","@id":"https:\/\/www.noidiqua.it\/Montale\/dieci-anni-senza-il-nostro-giancarlo\/#primaryimage","url":"https:\/\/www.noidiqua.it\/Montale\/wp-content\/uploads\/2022\/10\/zampini-1.png","contentUrl":"https:\/\/www.noidiqua.it\/Montale\/wp-content\/uploads\/2022\/10\/zampini-1.png","width":507,"height":386},{"@type":"BreadcrumbList","@id":"https:\/\/www.noidiqua.it\/Montale\/dieci-anni-senza-il-nostro-giancarlo\/#breadcrumb","itemListElement":[{"@type":"ListItem","position":1,"name":"Home","item":"https:\/\/www.noidiqua.it\/Montale\/"},{"@type":"ListItem","position":2,"name":"Dieci anni senza il nostro Giancarlo"}]},{"@type":"WebSite","@id":"https:\/\/www.noidiqua.it\/Montale\/#website","url":"https:\/\/www.noidiqua.it\/Montale\/","name":"Noi di Qua Testata giornalistica e di attualit\u00e0 di Agliana, Montale e Quarrata.","description":"Testata Giornalistica Quarrata Montale Agliana","potentialAction":[{"@type":"SearchAction","target":{"@type":"EntryPoint","urlTemplate":"https:\/\/www.noidiqua.it\/Montale\/?s={search_term_string}"},"query-input":{"@type":"PropertyValueSpecification","valueRequired":true,"valueName":"search_term_string"}}],"inLanguage":"it-IT"},{"@type":"Person","@id":"https:\/\/www.noidiqua.it\/Montale\/#\/schema\/person\/e2e6f44da50af0dae9c90ad168e471a4","name":"Giacomo Bini","image":{"@type":"ImageObject","inLanguage":"it-IT","@id":"https:\/\/www.noidiqua.it\/Montale\/#\/schema\/person\/image\/","url":"https:\/\/secure.gravatar.com\/avatar\/e5c18ae41df5ae37397358f2c6046696187d51a120c5d0b8f0c49f7b606f46f4?s=96&d=mm&r=g","contentUrl":"https:\/\/secure.gravatar.com\/avatar\/e5c18ae41df5ae37397358f2c6046696187d51a120c5d0b8f0c49f7b606f46f4?s=96&d=mm&r=g","caption":"Giacomo Bini"},"url":"https:\/\/www.noidiqua.it\/Montale\/author\/giacomo-bini\/"}]}},"_links":{"self":[{"href":"https:\/\/www.noidiqua.it\/Montale\/wp-json\/wp\/v2\/posts\/7242","targetHints":{"allow":["GET"]}}],"collection":[{"href":"https:\/\/www.noidiqua.it\/Montale\/wp-json\/wp\/v2\/posts"}],"about":[{"href":"https:\/\/www.noidiqua.it\/Montale\/wp-json\/wp\/v2\/types\/post"}],"author":[{"embeddable":true,"href":"https:\/\/www.noidiqua.it\/Montale\/wp-json\/wp\/v2\/users\/12"}],"replies":[{"embeddable":true,"href":"https:\/\/www.noidiqua.it\/Montale\/wp-json\/wp\/v2\/comments?post=7242"}],"version-history":[{"count":2,"href":"https:\/\/www.noidiqua.it\/Montale\/wp-json\/wp\/v2\/posts\/7242\/revisions"}],"predecessor-version":[{"id":7281,"href":"https:\/\/www.noidiqua.it\/Montale\/wp-json\/wp\/v2\/posts\/7242\/revisions\/7281"}],"wp:attachment":[{"href":"https:\/\/www.noidiqua.it\/Montale\/wp-json\/wp\/v2\/media?parent=7242"}],"wp:term":[{"taxonomy":"category","embeddable":true,"href":"https:\/\/www.noidiqua.it\/Montale\/wp-json\/wp\/v2\/categories?post=7242"},{"taxonomy":"post_tag","embeddable":true,"href":"https:\/\/www.noidiqua.it\/Montale\/wp-json\/wp\/v2\/tags?post=7242"}],"curies":[{"name":"wp","href":"https:\/\/api.w.org\/{rel}","templated":true}]}}