{"id":7246,"date":"2022-09-05T16:13:08","date_gmt":"2022-09-05T14:13:08","guid":{"rendered":"https:\/\/www.noidiqua.it\/Montale\/?p=7246"},"modified":"2022-12-09T11:31:05","modified_gmt":"2022-12-09T10:31:05","slug":"cinque-anni-dopo-lincendio","status":"publish","type":"post","link":"https:\/\/www.noidiqua.it\/Montale\/cinque-anni-dopo-lincendio\/","title":{"rendered":"Cinque anni dopo l&#8217;incendio"},"content":{"rendered":"<p><em>di Giacomo Bini<\/em><\/p>\n<p><em>settembre 2022<\/em><\/p>\n<p><a href=\"https:\/\/www.noidiqua.it\/Montale\/wp-content\/uploads\/2022\/10\/incendio-dopo-5-anni-3.png\" rel=\"wp-prettyPhoto[7246]\"><img loading=\"lazy\" decoding=\"async\" class=\"aligncenter size-full wp-image-7247\" src=\"https:\/\/www.noidiqua.it\/Montale\/wp-content\/uploads\/2022\/10\/incendio-dopo-5-anni-3.png\" alt=\"\" width=\"503\" height=\"372\" srcset=\"https:\/\/www.noidiqua.it\/Montale\/wp-content\/uploads\/2022\/10\/incendio-dopo-5-anni-3.png 503w, https:\/\/www.noidiqua.it\/Montale\/wp-content\/uploads\/2022\/10\/incendio-dopo-5-anni-3-300x222.png 300w\" sizes=\"auto, (max-width: 503px) 100vw, 503px\" \/><\/a><\/p>\n<p class=\"p1\"><span class=\"s1\">Le zone colpite dall\u2019<strong>incendio<\/strong> del 2017, che divor\u00f2 370 ettari di <strong>bosco<\/strong>, offrono uno spettacolo desolante. I <strong>cinque anni<\/strong> trascorsi non hanno prodotto una ripresa del bosco e ci vorr\u00e0 ancora molto tempo, forse ancora un decennio, per poter parlare di una rinascita. <\/span><\/p>\n<p class=\"p1\"><span class=\"s1\">La natura non \u00e8 stata ferma, qualcosa, anzi molto, \u00e8 cresciuto, ma \u00e8 <strong>sottobosco,<\/strong> soprattutto un mare di <strong>ginestre<\/strong>, che soffoca quegli arbusti di castagno e di quercia che sono spuntati e cercano vanamente di farsi largo. E&#8217; il rovesciamento della gerarchia normale dei boschi, con le piante alte svettanti a captare la luce e la vegetazione sottostante ridotta ai minimi termini. Ora le ginestre spadroneggiano, raggiungendo altezze insolite, anche di due metri e per vedere le foglie di una <strong>quercia<\/strong> o di un <strong>castagno<\/strong> bisogna farsi largo in una selva fittissima. Cos\u00ec fitta da diventare impenetrabile, densa e compatta come fosse un corpo unico, che si espande fino a occupare i sentieri, a ridurne l\u2019ampiezza. Anche i percorsi pi\u00f9 larghi sono spesso ridotti a viottole tra due muraglie fitte di ginestre. Cancellati ormai i passaggi secondari, quelli che passavano sotto le chiome degli alberi. Dalla distesa di sottobosco emergono soltanto alcuni scheletri degli<strong> alberi carbonizzati<\/strong> dalle fiamme, che ancora non sono caduti e che danno al paesaggio un aspetto spettrale ricordando la distruzione prodotta dal fuoco.<\/span><\/p>\n<p><a href=\"https:\/\/www.noidiqua.it\/Montale\/wp-content\/uploads\/2022\/10\/incendio-dopo-5-anni-1.png\" rel=\"wp-prettyPhoto[7246]\"><img loading=\"lazy\" decoding=\"async\" class=\"aligncenter size-full wp-image-7248\" src=\"https:\/\/www.noidiqua.it\/Montale\/wp-content\/uploads\/2022\/10\/incendio-dopo-5-anni-1.png\" alt=\"\" width=\"500\" height=\"331\" srcset=\"https:\/\/www.noidiqua.it\/Montale\/wp-content\/uploads\/2022\/10\/incendio-dopo-5-anni-1.png 500w, https:\/\/www.noidiqua.it\/Montale\/wp-content\/uploads\/2022\/10\/incendio-dopo-5-anni-1-300x199.png 300w\" sizes=\"auto, (max-width: 500px) 100vw, 500px\" \/><\/a><\/p>\n<p class=\"p1\"><span class=\"s1\">La zona che abbiamo visitato con la guida di <strong>Sauro Capocchi<\/strong>, un esperto conoscitore dei boschi montalesi, \u00e8 quella delle colline sopra la villa di <strong>Colle Alberto<\/strong>. Si va con un fuoristrada fino ai margini delle aree colpite dall\u2019incendio ed \u00e8 purtroppo evidente la differenza netta tra le zone di bosco rimaste indenni e quelle attraversate dalle fiamme. <i>\u00abE&#8217; uno spettacolo deprimente, che mette tanta tristezza\u00bb<\/i> dice Sauro <i>\u00abnelle zone bruciate sono rinati pruni e un misto di piante di sottobosco, l\u00e0 in mezzo sono nati anche i castagni e le querce ma non sono ancora pi\u00f9 alti del sottobosco e non riescono a venirne fuori ancora dalla macchia. Perch\u00e9 queste piante possano emergere dal sottobosco devono iniziare ad avere una certa struttura che per ora, dopo cinque anni, non hanno. Ci vorranno ancora almeno altri dieci anni perch\u00e9 i castagni e le querce inizino a diventare importanti e il sottobosco tenda a ripulirsi. Intendiamoci, dieci anni non per un ritorno del bosco alla situazione di prima, ma perch\u00e9 si possa parlare almeno di un inizio di una rinascita\u00bb<\/i>.<\/span><\/p>\n<p><a href=\"https:\/\/www.noidiqua.it\/Montale\/wp-content\/uploads\/2022\/10\/incedio-dopo-5-anni-2.png\" rel=\"wp-prettyPhoto[7246]\"><img loading=\"lazy\" decoding=\"async\" class=\"aligncenter size-full wp-image-7249\" src=\"https:\/\/www.noidiqua.it\/Montale\/wp-content\/uploads\/2022\/10\/incedio-dopo-5-anni-2.png\" alt=\"\" width=\"500\" height=\"305\" srcset=\"https:\/\/www.noidiqua.it\/Montale\/wp-content\/uploads\/2022\/10\/incedio-dopo-5-anni-2.png 500w, https:\/\/www.noidiqua.it\/Montale\/wp-content\/uploads\/2022\/10\/incedio-dopo-5-anni-2-300x183.png 300w\" sizes=\"auto, (max-width: 500px) 100vw, 500px\" \/><\/a><\/p>\n<p class=\"p1\"><span class=\"s1\">Scesi dal fuoristrada per proseguire a piedi ci si rende conto di avere un percorso obbligato, quasi un tunnel delimitato dagli arbusti. <i>\u00abSono restati accessibili solo i sentieri principali\u00bb <\/i>spiega Capocchi <i>\u00abquelli grandi ma tutti i passaggi interni al bosco, tutti i sentieri minori non ci sono pi\u00f9 perch\u00e9 il sottobosco \u00e8 inaccessibile. Prima mi veniva la voglia anche la mattina di andare a fare un giretto per osservare il bosco e per vedere qualche animale, ma ora proprio non si vede niente, \u00e8 una macchia continua, sempre uguale, dove non si passa\u00bb. Dalla collina si gode una vista splendida sulla vallata, ma il bosco non c\u2019\u00e8 pi\u00f9, non ci sono le chiome delle querce, dei castagni e dei pini\u00bb<\/i>. <\/span><\/p>\n<p class=\"p1\"><span class=\"s1\"><i>\u00abLa natura richiede molto tempo\u00bb<\/i> chiosa amaramente Sauro Capocchi <i>\u00abper rimediare a un danno cos\u00ec grande\u00bb<\/i>. Nel 2017 i fuoco ci mise pochissimo tempo a andare dal bosco sopra <strong>Tobbiana<\/strong>, da dove part\u00ec l\u2019incendio, fino a tutta la valle dell\u2019Agna, le colline sopra l\u2019abitato di <strong>Montale<\/strong> e perfino le vicinanze di Santomato. Il tempo della rinascita invece si misura in decenni.<\/span><\/p>","protected":false},"excerpt":{"rendered":"<p>di Giacomo Bini settembre 2022 Le zone colpite dall\u2019incendio del 2017, che divor\u00f2 370 ettari di bosco, offrono uno spettacolo desolante. I cinque anni trascorsi non hanno prodotto una ripresa del bosco e ci vorr\u00e0 ancora molto tempo, forse ancora un decennio, per poter parlare di una rinascita. La natura non \u00e8 stata ferma, [&hellip;]<\/p>","protected":false},"author":12,"featured_media":0,"comment_status":"open","ping_status":"open","sticky":false,"template":"","format":"standard","meta":{"footnotes":""},"categories":[30,7],"tags":[3229,1259,2593,3226,1598,3228,3225,995,1356,544,3227,155],"class_list":["post-7246","post","type-post","status-publish","format-standard","hentry","category-pillola-qt","category-mt","tag-alberi-carbonizzati","tag-bosco","tag-castagno","tag-cinque-anni","tag-colle-alberto","tag-ginestre","tag-incendio","tag-mt","tag-quercia","tag-sauro-capocchi","tag-sottobosco","tag-tobbiana"],"yoast_head":"<!-- This site is optimized with the Yoast SEO plugin v25.5 - https:\/\/yoast.com\/wordpress\/plugins\/seo\/ -->\n<title>Cinque anni dopo l&#039;incendio - Noi di Qua Testata giornalistica e di attualit\u00e0 di Agliana, Montale e Quarrata.<\/title>\n<meta name=\"robots\" content=\"index, follow, max-snippet:-1, max-image-preview:large, max-video-preview:-1\" \/>\n<link rel=\"canonical\" href=\"https:\/\/www.noidiqua.it\/Montale\/cinque-anni-dopo-lincendio\/\" \/>\n<meta property=\"og:locale\" content=\"it_IT\" \/>\n<meta property=\"og:type\" content=\"article\" \/>\n<meta property=\"og:title\" content=\"Cinque anni dopo l&#039;incendio - Noi di Qua Testata giornalistica e di attualit\u00e0 di Agliana, Montale e Quarrata.\" \/>\n<meta property=\"og:description\" content=\"di Giacomo Bini settembre 2022 Le zone colpite dall\u2019incendio del 2017, che divor\u00f2 370 ettari di bosco, offrono uno spettacolo desolante. I cinque anni trascorsi non hanno prodotto una ripresa del bosco e ci vorr\u00e0 ancora molto tempo, forse ancora un decennio, per poter parlare di una rinascita. La natura non \u00e8 stata ferma, [&hellip;]\" \/>\n<meta property=\"og:url\" content=\"https:\/\/www.noidiqua.it\/Montale\/cinque-anni-dopo-lincendio\/\" \/>\n<meta property=\"og:site_name\" content=\"Noi di Qua Testata giornalistica e di attualit\u00e0 di Agliana, Montale e Quarrata.\" \/>\n<meta property=\"article:publisher\" content=\"https:\/\/www.facebook.com\/noidiqua.trimestrale\/\" \/>\n<meta property=\"article:published_time\" content=\"2022-09-05T14:13:08+00:00\" \/>\n<meta property=\"article:modified_time\" content=\"2022-12-09T10:31:05+00:00\" \/>\n<meta property=\"og:image\" content=\"https:\/\/www.noidiqua.it\/Montale\/wp-content\/uploads\/2022\/10\/incendio-dopo-5-anni-3.png\" \/>\n<meta name=\"author\" content=\"Giacomo Bini\" \/>\n<meta name=\"twitter:label1\" content=\"Scritto da\" \/>\n\t<meta name=\"twitter:data1\" content=\"Giacomo Bini\" \/>\n\t<meta name=\"twitter:label2\" content=\"Tempo di lettura stimato\" \/>\n\t<meta name=\"twitter:data2\" content=\"4 minuti\" \/>\n<script type=\"application\/ld+json\" class=\"yoast-schema-graph\">{\"@context\":\"https:\/\/schema.org\",\"@graph\":[{\"@type\":\"WebPage\",\"@id\":\"https:\/\/www.noidiqua.it\/Montale\/cinque-anni-dopo-lincendio\/\",\"url\":\"https:\/\/www.noidiqua.it\/Montale\/cinque-anni-dopo-lincendio\/\",\"name\":\"Cinque anni dopo l'incendio - Noi di Qua Testata giornalistica e di attualit\u00e0 di Agliana, Montale e Quarrata.\",\"isPartOf\":{\"@id\":\"https:\/\/www.noidiqua.it\/Montale\/#website\"},\"primaryImageOfPage\":{\"@id\":\"https:\/\/www.noidiqua.it\/Montale\/cinque-anni-dopo-lincendio\/#primaryimage\"},\"image\":{\"@id\":\"https:\/\/www.noidiqua.it\/Montale\/cinque-anni-dopo-lincendio\/#primaryimage\"},\"thumbnailUrl\":\"https:\/\/www.noidiqua.it\/Montale\/wp-content\/uploads\/2022\/10\/incendio-dopo-5-anni-3.png\",\"datePublished\":\"2022-09-05T14:13:08+00:00\",\"dateModified\":\"2022-12-09T10:31:05+00:00\",\"author\":{\"@id\":\"https:\/\/www.noidiqua.it\/Montale\/#\/schema\/person\/e2e6f44da50af0dae9c90ad168e471a4\"},\"breadcrumb\":{\"@id\":\"https:\/\/www.noidiqua.it\/Montale\/cinque-anni-dopo-lincendio\/#breadcrumb\"},\"inLanguage\":\"it-IT\",\"potentialAction\":[{\"@type\":\"ReadAction\",\"target\":[\"https:\/\/www.noidiqua.it\/Montale\/cinque-anni-dopo-lincendio\/\"]}]},{\"@type\":\"ImageObject\",\"inLanguage\":\"it-IT\",\"@id\":\"https:\/\/www.noidiqua.it\/Montale\/cinque-anni-dopo-lincendio\/#primaryimage\",\"url\":\"https:\/\/www.noidiqua.it\/Montale\/wp-content\/uploads\/2022\/10\/incendio-dopo-5-anni-3.png\",\"contentUrl\":\"https:\/\/www.noidiqua.it\/Montale\/wp-content\/uploads\/2022\/10\/incendio-dopo-5-anni-3.png\",\"width\":503,\"height\":372},{\"@type\":\"BreadcrumbList\",\"@id\":\"https:\/\/www.noidiqua.it\/Montale\/cinque-anni-dopo-lincendio\/#breadcrumb\",\"itemListElement\":[{\"@type\":\"ListItem\",\"position\":1,\"name\":\"Home\",\"item\":\"https:\/\/www.noidiqua.it\/Montale\/\"},{\"@type\":\"ListItem\",\"position\":2,\"name\":\"Cinque anni dopo l&#8217;incendio\"}]},{\"@type\":\"WebSite\",\"@id\":\"https:\/\/www.noidiqua.it\/Montale\/#website\",\"url\":\"https:\/\/www.noidiqua.it\/Montale\/\",\"name\":\"Noi di Qua Testata giornalistica e di attualit\u00e0 di Agliana, Montale e Quarrata.\",\"description\":\"Testata Giornalistica Quarrata Montale Agliana\",\"potentialAction\":[{\"@type\":\"SearchAction\",\"target\":{\"@type\":\"EntryPoint\",\"urlTemplate\":\"https:\/\/www.noidiqua.it\/Montale\/?s={search_term_string}\"},\"query-input\":{\"@type\":\"PropertyValueSpecification\",\"valueRequired\":true,\"valueName\":\"search_term_string\"}}],\"inLanguage\":\"it-IT\"},{\"@type\":\"Person\",\"@id\":\"https:\/\/www.noidiqua.it\/Montale\/#\/schema\/person\/e2e6f44da50af0dae9c90ad168e471a4\",\"name\":\"Giacomo Bini\",\"image\":{\"@type\":\"ImageObject\",\"inLanguage\":\"it-IT\",\"@id\":\"https:\/\/www.noidiqua.it\/Montale\/#\/schema\/person\/image\/\",\"url\":\"https:\/\/secure.gravatar.com\/avatar\/e5c18ae41df5ae37397358f2c6046696187d51a120c5d0b8f0c49f7b606f46f4?s=96&d=mm&r=g\",\"contentUrl\":\"https:\/\/secure.gravatar.com\/avatar\/e5c18ae41df5ae37397358f2c6046696187d51a120c5d0b8f0c49f7b606f46f4?s=96&d=mm&r=g\",\"caption\":\"Giacomo Bini\"},\"url\":\"https:\/\/www.noidiqua.it\/Montale\/author\/giacomo-bini\/\"}]}<\/script>\n<!-- \/ Yoast SEO plugin. -->","yoast_head_json":{"title":"Cinque anni dopo l'incendio - Noi di Qua Testata giornalistica e di attualit\u00e0 di Agliana, Montale e Quarrata.","robots":{"index":"index","follow":"follow","max-snippet":"max-snippet:-1","max-image-preview":"max-image-preview:large","max-video-preview":"max-video-preview:-1"},"canonical":"https:\/\/www.noidiqua.it\/Montale\/cinque-anni-dopo-lincendio\/","og_locale":"it_IT","og_type":"article","og_title":"Cinque anni dopo l'incendio - Noi di Qua Testata giornalistica e di attualit\u00e0 di Agliana, Montale e Quarrata.","og_description":"di Giacomo Bini settembre 2022 Le zone colpite dall\u2019incendio del 2017, che divor\u00f2 370 ettari di bosco, offrono uno spettacolo desolante. I cinque anni trascorsi non hanno prodotto una ripresa del bosco e ci vorr\u00e0 ancora molto tempo, forse ancora un decennio, per poter parlare di una rinascita. La natura non \u00e8 stata ferma, [&hellip;]","og_url":"https:\/\/www.noidiqua.it\/Montale\/cinque-anni-dopo-lincendio\/","og_site_name":"Noi di Qua Testata giornalistica e di attualit\u00e0 di Agliana, Montale e Quarrata.","article_publisher":"https:\/\/www.facebook.com\/noidiqua.trimestrale\/","article_published_time":"2022-09-05T14:13:08+00:00","article_modified_time":"2022-12-09T10:31:05+00:00","og_image":[{"url":"https:\/\/www.noidiqua.it\/Montale\/wp-content\/uploads\/2022\/10\/incendio-dopo-5-anni-3.png","type":"","width":"","height":""}],"author":"Giacomo Bini","twitter_misc":{"Scritto da":"Giacomo Bini","Tempo di lettura stimato":"4 minuti"},"schema":{"@context":"https:\/\/schema.org","@graph":[{"@type":"WebPage","@id":"https:\/\/www.noidiqua.it\/Montale\/cinque-anni-dopo-lincendio\/","url":"https:\/\/www.noidiqua.it\/Montale\/cinque-anni-dopo-lincendio\/","name":"Cinque anni dopo l'incendio - Noi di Qua Testata giornalistica e di attualit\u00e0 di Agliana, Montale e Quarrata.","isPartOf":{"@id":"https:\/\/www.noidiqua.it\/Montale\/#website"},"primaryImageOfPage":{"@id":"https:\/\/www.noidiqua.it\/Montale\/cinque-anni-dopo-lincendio\/#primaryimage"},"image":{"@id":"https:\/\/www.noidiqua.it\/Montale\/cinque-anni-dopo-lincendio\/#primaryimage"},"thumbnailUrl":"https:\/\/www.noidiqua.it\/Montale\/wp-content\/uploads\/2022\/10\/incendio-dopo-5-anni-3.png","datePublished":"2022-09-05T14:13:08+00:00","dateModified":"2022-12-09T10:31:05+00:00","author":{"@id":"https:\/\/www.noidiqua.it\/Montale\/#\/schema\/person\/e2e6f44da50af0dae9c90ad168e471a4"},"breadcrumb":{"@id":"https:\/\/www.noidiqua.it\/Montale\/cinque-anni-dopo-lincendio\/#breadcrumb"},"inLanguage":"it-IT","potentialAction":[{"@type":"ReadAction","target":["https:\/\/www.noidiqua.it\/Montale\/cinque-anni-dopo-lincendio\/"]}]},{"@type":"ImageObject","inLanguage":"it-IT","@id":"https:\/\/www.noidiqua.it\/Montale\/cinque-anni-dopo-lincendio\/#primaryimage","url":"https:\/\/www.noidiqua.it\/Montale\/wp-content\/uploads\/2022\/10\/incendio-dopo-5-anni-3.png","contentUrl":"https:\/\/www.noidiqua.it\/Montale\/wp-content\/uploads\/2022\/10\/incendio-dopo-5-anni-3.png","width":503,"height":372},{"@type":"BreadcrumbList","@id":"https:\/\/www.noidiqua.it\/Montale\/cinque-anni-dopo-lincendio\/#breadcrumb","itemListElement":[{"@type":"ListItem","position":1,"name":"Home","item":"https:\/\/www.noidiqua.it\/Montale\/"},{"@type":"ListItem","position":2,"name":"Cinque anni dopo l&#8217;incendio"}]},{"@type":"WebSite","@id":"https:\/\/www.noidiqua.it\/Montale\/#website","url":"https:\/\/www.noidiqua.it\/Montale\/","name":"Noi di Qua Testata giornalistica e di attualit\u00e0 di Agliana, Montale e Quarrata.","description":"Testata Giornalistica Quarrata Montale Agliana","potentialAction":[{"@type":"SearchAction","target":{"@type":"EntryPoint","urlTemplate":"https:\/\/www.noidiqua.it\/Montale\/?s={search_term_string}"},"query-input":{"@type":"PropertyValueSpecification","valueRequired":true,"valueName":"search_term_string"}}],"inLanguage":"it-IT"},{"@type":"Person","@id":"https:\/\/www.noidiqua.it\/Montale\/#\/schema\/person\/e2e6f44da50af0dae9c90ad168e471a4","name":"Giacomo Bini","image":{"@type":"ImageObject","inLanguage":"it-IT","@id":"https:\/\/www.noidiqua.it\/Montale\/#\/schema\/person\/image\/","url":"https:\/\/secure.gravatar.com\/avatar\/e5c18ae41df5ae37397358f2c6046696187d51a120c5d0b8f0c49f7b606f46f4?s=96&d=mm&r=g","contentUrl":"https:\/\/secure.gravatar.com\/avatar\/e5c18ae41df5ae37397358f2c6046696187d51a120c5d0b8f0c49f7b606f46f4?s=96&d=mm&r=g","caption":"Giacomo Bini"},"url":"https:\/\/www.noidiqua.it\/Montale\/author\/giacomo-bini\/"}]}},"_links":{"self":[{"href":"https:\/\/www.noidiqua.it\/Montale\/wp-json\/wp\/v2\/posts\/7246","targetHints":{"allow":["GET"]}}],"collection":[{"href":"https:\/\/www.noidiqua.it\/Montale\/wp-json\/wp\/v2\/posts"}],"about":[{"href":"https:\/\/www.noidiqua.it\/Montale\/wp-json\/wp\/v2\/types\/post"}],"author":[{"embeddable":true,"href":"https:\/\/www.noidiqua.it\/Montale\/wp-json\/wp\/v2\/users\/12"}],"replies":[{"embeddable":true,"href":"https:\/\/www.noidiqua.it\/Montale\/wp-json\/wp\/v2\/comments?post=7246"}],"version-history":[{"count":1,"href":"https:\/\/www.noidiqua.it\/Montale\/wp-json\/wp\/v2\/posts\/7246\/revisions"}],"predecessor-version":[{"id":7250,"href":"https:\/\/www.noidiqua.it\/Montale\/wp-json\/wp\/v2\/posts\/7246\/revisions\/7250"}],"wp:attachment":[{"href":"https:\/\/www.noidiqua.it\/Montale\/wp-json\/wp\/v2\/media?parent=7246"}],"wp:term":[{"taxonomy":"category","embeddable":true,"href":"https:\/\/www.noidiqua.it\/Montale\/wp-json\/wp\/v2\/categories?post=7246"},{"taxonomy":"post_tag","embeddable":true,"href":"https:\/\/www.noidiqua.it\/Montale\/wp-json\/wp\/v2\/tags?post=7246"}],"curies":[{"name":"wp","href":"https:\/\/api.w.org\/{rel}","templated":true}]}}