{"id":7288,"date":"2022-12-06T12:39:22","date_gmt":"2022-12-06T11:39:22","guid":{"rendered":"https:\/\/www.noidiqua.it\/Montale\/?p=7288"},"modified":"2022-12-06T12:39:38","modified_gmt":"2022-12-06T11:39:38","slug":"vab-sezione-montale","status":"publish","type":"post","link":"https:\/\/www.noidiqua.it\/Montale\/vab-sezione-montale\/","title":{"rendered":"Vab sezione Montale"},"content":{"rendered":"<p><em>di Giacomo Bini<\/em><\/p>\n<p><em>dicembre 2022<\/em><\/p>\n<p><a href=\"https:\/\/www.noidiqua.it\/Montale\/wp-content\/uploads\/2022\/12\/vab.png\" rel=\"wp-prettyPhoto[7288]\"><img loading=\"lazy\" decoding=\"async\" class=\"aligncenter size-full wp-image-7289\" src=\"https:\/\/www.noidiqua.it\/Montale\/wp-content\/uploads\/2022\/12\/vab.png\" alt=\"\" width=\"494\" height=\"355\" srcset=\"https:\/\/www.noidiqua.it\/Montale\/wp-content\/uploads\/2022\/12\/vab.png 494w, https:\/\/www.noidiqua.it\/Montale\/wp-content\/uploads\/2022\/12\/vab-300x216.png 300w\" sizes=\"auto, (max-width: 494px) 100vw, 494px\" \/><\/a><\/p>\n<p class=\"p1\"><span class=\"s1\">I 41 <strong>volontari<\/strong> della Vab di Montale sono gli angeli custodi dei nostri boschi e svolgono un lavoro spesso oscuro ma prezioso per il mantenimento dell\u2019ambiente. L\u2019anno che sta per finire per la <strong>Vab montalese<\/strong> \u00e8 stato molto intenso, a causa di una stagione calda lunghissima e di un rischio incendi moltiplicato dalla siccit\u00e0. Pi\u00f9 di una volta la Vab \u00e8 intervenuta per salvare i nostri boschi. <\/span><\/p>\n<p class=\"p1\"><span class=\"s1\">L\u2019ultimo e pi\u00f9 importante intervento \u00e8 stato il 5 ottobre scorso quando furono gli operatori Vab, in particolare il coordinatore Francesco Bruni, ad avvistare l\u2019inizio di un pericoloso incendio nella zona di Settinoro e la tempestivit\u00e0 del loro allarme e dell\u2019immediato intervento sul fronte del fuoco \u00e8 stata decisiva per bloccare le fiamme e a limitare i danni ad un solo ettaro. E\u2019 stato evitato un disastro in una zona che era rimasta indenne dal grande incendio del 2017 quando bruciarono 370 ettari di bosco. La comunit\u00e0 deve dunque dire grazie alla Vab di Montale che per tutto l\u2019anno sorveglia il grande<strong> polmone verde<\/strong> della nostra collina e montagna. <\/span><\/p>\n<p class=\"p1\"><span class=\"s1\">Nel magazzino comunale di via Primo Maggio dove ha la sua sede, la Vab custodisce i mezzi necessari alla sua attivit\u00e0: due fuoristrada <strong>Defende<\/strong>r dotati di moduli antincendio, un altro fuoristrada avuto in comodato d\u2019uso dal Comune per lavorare sia contro gli incendi che in caso di neve con spargisale e lama da neve, una panda 4 per 4, un furgone come unit\u00e0 logistica di supporto e una campagnola R80. La Vab di Montale \u00e8 integrata nel<strong> sistema antincendio<\/strong> della Regione Toscana ed \u00e8 intervenuta in molti incendi avvenuti in tutta la provincia di Pistoia. Un altro settore di attivit\u00e0 \u00e8 la <strong>Protezione Civile<\/strong> sia nel sistema comunale che nella colonna mobile regionale al cui interno la Vab a partecipato alle principali emergenze nazionali. La Vab effettuata una sorveglianza per i rischi idro-geologici e si \u00e8 occupata anche del taglio di alberi pericolanti in occasione della tempesta di vento del 17 agosto scorso.<\/span><\/p>\n<p class=\"p1\"><span class=\"s1\"> Ultimamente alla Vab si sono aggregati anche diversi giovani spinti dalla passione per la tutela dell\u2019ambiente. Il consiglio direttivo \u00e8 composto da <strong>Francesco Bruni<\/strong> (coordinatore), Francesco Ciofi (vice-coordinatore), Jacopo Natali (tesoriere), Andrea Taglianetti (segretario) e Lorano Bruni (responsabile della logistica e dei soci). Iris Lucchesi e Alice Santini sono collaboratrici esterne al consiglio. I volontari della Vab compiono la loro opera motivati dall\u2019amore per il proprio territorio e in cambio chiedono solo, alla comunit\u00e0 e alle istituzioni, l\u2019attenzione alla <strong>tutela del bosco<\/strong>, a partire dal ripristino e alla conservazione delle vie che attraversano i boschi, che attualmente sono molto compromesse e rappresentano il presidio principale contro il rischio degli <strong>incendi<\/strong>. <\/span><\/p>","protected":false},"excerpt":{"rendered":"<p>di Giacomo Bini dicembre 2022 I 41 volontari della Vab di Montale sono gli angeli custodi dei nostri boschi e svolgono un lavoro spesso oscuro ma prezioso per il mantenimento dell\u2019ambiente. L\u2019anno che sta per finire per la Vab montalese \u00e8 stato molto intenso, a causa di una stagione calda lunghissima e di un [&hellip;]<\/p>","protected":false},"author":12,"featured_media":0,"comment_status":"open","ping_status":"open","sticky":false,"template":"","format":"standard","meta":{"footnotes":""},"categories":[7,12],"tags":[3259,3261,1304,2277,800,3260,3262,3258,1908],"class_list":["post-7288","post","type-post","status-publish","format-standard","hentry","category-mt","category-solidarieta-qt","tag-defende","tag-francesco-bruni","tag-incendi","tag-polmone-verde","tag-protezione-civile","tag-sistema-antincendio","tag-tutela-del-bosco","tag-vab-montalese","tag-volontari"],"yoast_head":"<!-- This site is optimized with the Yoast SEO plugin v25.5 - https:\/\/yoast.com\/wordpress\/plugins\/seo\/ -->\n<title>Vab sezione Montale - Noi di Qua Testata giornalistica e di attualit\u00e0 di Agliana, Montale e Quarrata.<\/title>\n<meta name=\"robots\" content=\"index, follow, max-snippet:-1, max-image-preview:large, max-video-preview:-1\" \/>\n<link rel=\"canonical\" href=\"https:\/\/www.noidiqua.it\/Montale\/vab-sezione-montale\/\" \/>\n<meta property=\"og:locale\" content=\"it_IT\" \/>\n<meta property=\"og:type\" content=\"article\" \/>\n<meta property=\"og:title\" content=\"Vab sezione Montale - Noi di Qua Testata giornalistica e di attualit\u00e0 di Agliana, Montale e Quarrata.\" \/>\n<meta property=\"og:description\" content=\"di Giacomo Bini dicembre 2022 I 41 volontari della Vab di Montale sono gli angeli custodi dei nostri boschi e svolgono un lavoro spesso oscuro ma prezioso per il mantenimento dell\u2019ambiente. L\u2019anno che sta per finire per la Vab montalese \u00e8 stato molto intenso, a causa di una stagione calda lunghissima e di un [&hellip;]\" \/>\n<meta property=\"og:url\" content=\"https:\/\/www.noidiqua.it\/Montale\/vab-sezione-montale\/\" \/>\n<meta property=\"og:site_name\" content=\"Noi di Qua Testata giornalistica e di attualit\u00e0 di Agliana, Montale e Quarrata.\" \/>\n<meta property=\"article:publisher\" content=\"https:\/\/www.facebook.com\/noidiqua.trimestrale\/\" \/>\n<meta property=\"article:published_time\" content=\"2022-12-06T11:39:22+00:00\" \/>\n<meta property=\"article:modified_time\" content=\"2022-12-06T11:39:38+00:00\" \/>\n<meta property=\"og:image\" content=\"https:\/\/www.noidiqua.it\/Montale\/wp-content\/uploads\/2022\/12\/vab.png\" \/>\n<meta name=\"author\" content=\"Giacomo Bini\" \/>\n<meta name=\"twitter:label1\" content=\"Scritto da\" \/>\n\t<meta name=\"twitter:data1\" content=\"Giacomo Bini\" \/>\n\t<meta name=\"twitter:label2\" content=\"Tempo di lettura stimato\" \/>\n\t<meta name=\"twitter:data2\" content=\"3 minuti\" \/>\n<script type=\"application\/ld+json\" class=\"yoast-schema-graph\">{\"@context\":\"https:\/\/schema.org\",\"@graph\":[{\"@type\":\"WebPage\",\"@id\":\"https:\/\/www.noidiqua.it\/Montale\/vab-sezione-montale\/\",\"url\":\"https:\/\/www.noidiqua.it\/Montale\/vab-sezione-montale\/\",\"name\":\"Vab sezione Montale - Noi di Qua Testata giornalistica e di attualit\u00e0 di Agliana, Montale e Quarrata.\",\"isPartOf\":{\"@id\":\"https:\/\/www.noidiqua.it\/Montale\/#website\"},\"primaryImageOfPage\":{\"@id\":\"https:\/\/www.noidiqua.it\/Montale\/vab-sezione-montale\/#primaryimage\"},\"image\":{\"@id\":\"https:\/\/www.noidiqua.it\/Montale\/vab-sezione-montale\/#primaryimage\"},\"thumbnailUrl\":\"https:\/\/www.noidiqua.it\/Montale\/wp-content\/uploads\/2022\/12\/vab.png\",\"datePublished\":\"2022-12-06T11:39:22+00:00\",\"dateModified\":\"2022-12-06T11:39:38+00:00\",\"author\":{\"@id\":\"https:\/\/www.noidiqua.it\/Montale\/#\/schema\/person\/e2e6f44da50af0dae9c90ad168e471a4\"},\"breadcrumb\":{\"@id\":\"https:\/\/www.noidiqua.it\/Montale\/vab-sezione-montale\/#breadcrumb\"},\"inLanguage\":\"it-IT\",\"potentialAction\":[{\"@type\":\"ReadAction\",\"target\":[\"https:\/\/www.noidiqua.it\/Montale\/vab-sezione-montale\/\"]}]},{\"@type\":\"ImageObject\",\"inLanguage\":\"it-IT\",\"@id\":\"https:\/\/www.noidiqua.it\/Montale\/vab-sezione-montale\/#primaryimage\",\"url\":\"https:\/\/www.noidiqua.it\/Montale\/wp-content\/uploads\/2022\/12\/vab.png\",\"contentUrl\":\"https:\/\/www.noidiqua.it\/Montale\/wp-content\/uploads\/2022\/12\/vab.png\",\"width\":494,\"height\":355},{\"@type\":\"BreadcrumbList\",\"@id\":\"https:\/\/www.noidiqua.it\/Montale\/vab-sezione-montale\/#breadcrumb\",\"itemListElement\":[{\"@type\":\"ListItem\",\"position\":1,\"name\":\"Home\",\"item\":\"https:\/\/www.noidiqua.it\/Montale\/\"},{\"@type\":\"ListItem\",\"position\":2,\"name\":\"Vab sezione Montale\"}]},{\"@type\":\"WebSite\",\"@id\":\"https:\/\/www.noidiqua.it\/Montale\/#website\",\"url\":\"https:\/\/www.noidiqua.it\/Montale\/\",\"name\":\"Noi di Qua Testata giornalistica e di attualit\u00e0 di Agliana, Montale e Quarrata.\",\"description\":\"Testata Giornalistica Quarrata Montale Agliana\",\"potentialAction\":[{\"@type\":\"SearchAction\",\"target\":{\"@type\":\"EntryPoint\",\"urlTemplate\":\"https:\/\/www.noidiqua.it\/Montale\/?s={search_term_string}\"},\"query-input\":{\"@type\":\"PropertyValueSpecification\",\"valueRequired\":true,\"valueName\":\"search_term_string\"}}],\"inLanguage\":\"it-IT\"},{\"@type\":\"Person\",\"@id\":\"https:\/\/www.noidiqua.it\/Montale\/#\/schema\/person\/e2e6f44da50af0dae9c90ad168e471a4\",\"name\":\"Giacomo Bini\",\"image\":{\"@type\":\"ImageObject\",\"inLanguage\":\"it-IT\",\"@id\":\"https:\/\/www.noidiqua.it\/Montale\/#\/schema\/person\/image\/\",\"url\":\"https:\/\/secure.gravatar.com\/avatar\/e5c18ae41df5ae37397358f2c6046696187d51a120c5d0b8f0c49f7b606f46f4?s=96&d=mm&r=g\",\"contentUrl\":\"https:\/\/secure.gravatar.com\/avatar\/e5c18ae41df5ae37397358f2c6046696187d51a120c5d0b8f0c49f7b606f46f4?s=96&d=mm&r=g\",\"caption\":\"Giacomo Bini\"},\"url\":\"https:\/\/www.noidiqua.it\/Montale\/author\/giacomo-bini\/\"}]}<\/script>\n<!-- \/ Yoast SEO plugin. -->","yoast_head_json":{"title":"Vab sezione Montale - Noi di Qua Testata giornalistica e di attualit\u00e0 di Agliana, Montale e Quarrata.","robots":{"index":"index","follow":"follow","max-snippet":"max-snippet:-1","max-image-preview":"max-image-preview:large","max-video-preview":"max-video-preview:-1"},"canonical":"https:\/\/www.noidiqua.it\/Montale\/vab-sezione-montale\/","og_locale":"it_IT","og_type":"article","og_title":"Vab sezione Montale - Noi di Qua Testata giornalistica e di attualit\u00e0 di Agliana, Montale e Quarrata.","og_description":"di Giacomo Bini dicembre 2022 I 41 volontari della Vab di Montale sono gli angeli custodi dei nostri boschi e svolgono un lavoro spesso oscuro ma prezioso per il mantenimento dell\u2019ambiente. L\u2019anno che sta per finire per la Vab montalese \u00e8 stato molto intenso, a causa di una stagione calda lunghissima e di un [&hellip;]","og_url":"https:\/\/www.noidiqua.it\/Montale\/vab-sezione-montale\/","og_site_name":"Noi di Qua Testata giornalistica e di attualit\u00e0 di Agliana, Montale e Quarrata.","article_publisher":"https:\/\/www.facebook.com\/noidiqua.trimestrale\/","article_published_time":"2022-12-06T11:39:22+00:00","article_modified_time":"2022-12-06T11:39:38+00:00","og_image":[{"url":"https:\/\/www.noidiqua.it\/Montale\/wp-content\/uploads\/2022\/12\/vab.png","type":"","width":"","height":""}],"author":"Giacomo Bini","twitter_misc":{"Scritto da":"Giacomo Bini","Tempo di lettura stimato":"3 minuti"},"schema":{"@context":"https:\/\/schema.org","@graph":[{"@type":"WebPage","@id":"https:\/\/www.noidiqua.it\/Montale\/vab-sezione-montale\/","url":"https:\/\/www.noidiqua.it\/Montale\/vab-sezione-montale\/","name":"Vab sezione Montale - Noi di Qua Testata giornalistica e di attualit\u00e0 di Agliana, Montale e Quarrata.","isPartOf":{"@id":"https:\/\/www.noidiqua.it\/Montale\/#website"},"primaryImageOfPage":{"@id":"https:\/\/www.noidiqua.it\/Montale\/vab-sezione-montale\/#primaryimage"},"image":{"@id":"https:\/\/www.noidiqua.it\/Montale\/vab-sezione-montale\/#primaryimage"},"thumbnailUrl":"https:\/\/www.noidiqua.it\/Montale\/wp-content\/uploads\/2022\/12\/vab.png","datePublished":"2022-12-06T11:39:22+00:00","dateModified":"2022-12-06T11:39:38+00:00","author":{"@id":"https:\/\/www.noidiqua.it\/Montale\/#\/schema\/person\/e2e6f44da50af0dae9c90ad168e471a4"},"breadcrumb":{"@id":"https:\/\/www.noidiqua.it\/Montale\/vab-sezione-montale\/#breadcrumb"},"inLanguage":"it-IT","potentialAction":[{"@type":"ReadAction","target":["https:\/\/www.noidiqua.it\/Montale\/vab-sezione-montale\/"]}]},{"@type":"ImageObject","inLanguage":"it-IT","@id":"https:\/\/www.noidiqua.it\/Montale\/vab-sezione-montale\/#primaryimage","url":"https:\/\/www.noidiqua.it\/Montale\/wp-content\/uploads\/2022\/12\/vab.png","contentUrl":"https:\/\/www.noidiqua.it\/Montale\/wp-content\/uploads\/2022\/12\/vab.png","width":494,"height":355},{"@type":"BreadcrumbList","@id":"https:\/\/www.noidiqua.it\/Montale\/vab-sezione-montale\/#breadcrumb","itemListElement":[{"@type":"ListItem","position":1,"name":"Home","item":"https:\/\/www.noidiqua.it\/Montale\/"},{"@type":"ListItem","position":2,"name":"Vab sezione Montale"}]},{"@type":"WebSite","@id":"https:\/\/www.noidiqua.it\/Montale\/#website","url":"https:\/\/www.noidiqua.it\/Montale\/","name":"Noi di Qua Testata giornalistica e di attualit\u00e0 di Agliana, Montale e Quarrata.","description":"Testata Giornalistica Quarrata Montale Agliana","potentialAction":[{"@type":"SearchAction","target":{"@type":"EntryPoint","urlTemplate":"https:\/\/www.noidiqua.it\/Montale\/?s={search_term_string}"},"query-input":{"@type":"PropertyValueSpecification","valueRequired":true,"valueName":"search_term_string"}}],"inLanguage":"it-IT"},{"@type":"Person","@id":"https:\/\/www.noidiqua.it\/Montale\/#\/schema\/person\/e2e6f44da50af0dae9c90ad168e471a4","name":"Giacomo Bini","image":{"@type":"ImageObject","inLanguage":"it-IT","@id":"https:\/\/www.noidiqua.it\/Montale\/#\/schema\/person\/image\/","url":"https:\/\/secure.gravatar.com\/avatar\/e5c18ae41df5ae37397358f2c6046696187d51a120c5d0b8f0c49f7b606f46f4?s=96&d=mm&r=g","contentUrl":"https:\/\/secure.gravatar.com\/avatar\/e5c18ae41df5ae37397358f2c6046696187d51a120c5d0b8f0c49f7b606f46f4?s=96&d=mm&r=g","caption":"Giacomo Bini"},"url":"https:\/\/www.noidiqua.it\/Montale\/author\/giacomo-bini\/"}]}},"_links":{"self":[{"href":"https:\/\/www.noidiqua.it\/Montale\/wp-json\/wp\/v2\/posts\/7288","targetHints":{"allow":["GET"]}}],"collection":[{"href":"https:\/\/www.noidiqua.it\/Montale\/wp-json\/wp\/v2\/posts"}],"about":[{"href":"https:\/\/www.noidiqua.it\/Montale\/wp-json\/wp\/v2\/types\/post"}],"author":[{"embeddable":true,"href":"https:\/\/www.noidiqua.it\/Montale\/wp-json\/wp\/v2\/users\/12"}],"replies":[{"embeddable":true,"href":"https:\/\/www.noidiqua.it\/Montale\/wp-json\/wp\/v2\/comments?post=7288"}],"version-history":[{"count":1,"href":"https:\/\/www.noidiqua.it\/Montale\/wp-json\/wp\/v2\/posts\/7288\/revisions"}],"predecessor-version":[{"id":7290,"href":"https:\/\/www.noidiqua.it\/Montale\/wp-json\/wp\/v2\/posts\/7288\/revisions\/7290"}],"wp:attachment":[{"href":"https:\/\/www.noidiqua.it\/Montale\/wp-json\/wp\/v2\/media?parent=7288"}],"wp:term":[{"taxonomy":"category","embeddable":true,"href":"https:\/\/www.noidiqua.it\/Montale\/wp-json\/wp\/v2\/categories?post=7288"},{"taxonomy":"post_tag","embeddable":true,"href":"https:\/\/www.noidiqua.it\/Montale\/wp-json\/wp\/v2\/tags?post=7288"}],"curies":[{"name":"wp","href":"https:\/\/api.w.org\/{rel}","templated":true}]}}