{"id":7299,"date":"2022-12-08T15:00:25","date_gmt":"2022-12-08T14:00:25","guid":{"rendered":"https:\/\/www.noidiqua.it\/Montale\/?p=7299"},"modified":"2023-04-26T16:00:52","modified_gmt":"2023-04-26T14:00:52","slug":"maria-grazia-e-federica-a-due-maestre-il-titolo-di-cavaliere","status":"publish","type":"post","link":"https:\/\/www.noidiqua.it\/Montale\/maria-grazia-e-federica-a-due-maestre-il-titolo-di-cavaliere\/","title":{"rendered":"Maria Grazia e Federica &#8211; a due maestre il titolo di Cavaliere"},"content":{"rendered":"<p><em>di Giacomo Bini. Foto: <a href=\"http:\/\/www.bellinigabriele.it\">Gabriele Bellini<\/a>.<\/em><\/p>\n<p><em>dicembre 2022<\/em><\/p>\n<p><a href=\"https:\/\/www.noidiqua.it\/Montale\/wp-content\/uploads\/2022\/12\/maestre-1.png\" rel=\"wp-prettyPhoto[7299]\"><img loading=\"lazy\" decoding=\"async\" class=\"aligncenter size-full wp-image-7300\" src=\"https:\/\/www.noidiqua.it\/Montale\/wp-content\/uploads\/2022\/12\/maestre-1.png\" alt=\"\" width=\"501\" height=\"360\" srcset=\"https:\/\/www.noidiqua.it\/Montale\/wp-content\/uploads\/2022\/12\/maestre-1.png 501w, https:\/\/www.noidiqua.it\/Montale\/wp-content\/uploads\/2022\/12\/maestre-1-300x216.png 300w\" sizes=\"auto, (max-width: 501px) 100vw, 501px\" \/><\/a><\/p>\n<p class=\"p1\">Nella parete della loro aula c\u2019\u00e8 il disegno di un grande cuore, che \u00e8 il simbolo del lavoro di queste insegnanti e del rapporto che hanno con i loro allievi e anche con i familiari.<\/p>\n<p class=\"p1\"><strong>Maria Grazia Bianco<\/strong> e<strong> Federica Ferraro<\/strong> sono due docenti della <strong>scuola dell\u2019infanzia<\/strong> dell\u2019Istituto Comprensivo di Montale, insignite dell\u2019onorificenza di Cavaliere dell\u2019Ordine al Merito della Repubblica. La motivazione \u00e8 il sostegno prestato ad un bambino loro alunno e alla sua famiglia nel periodo del Lockdown nel 2020 in piena pandemia (durante le vacanze pasquali), quando questo bimbo di 5 anni, perse il padre per una morte improvvisa. Le due <strong>maestre<\/strong>, malgrado fosse il periodo di maggiore diffusione del <strong>Covid<\/strong> e vigessero le rigide norme del distanziamento sociale, si sono recate a casa dell\u2019alunno, stando vicine alla giovane madre e assumendosi perfino l\u2019onere, visto che la mamma da sola non ci riusciva, di comunicare al bambino la morte del babbo. In seguito hanno continuato a sostenere la mamma, che si era trovata da sola, avendo i parenti in Albania, e privata improvvisamente dell\u2019unica fonte di reddito. Non solo: hanno anche curato i rapporti con i servizi sociali e si sono adoperate per gestire gli aiuti concreti e la solidariet\u00e0 venuta dai compagni di classe e da altri soggetti. <i>\u00abC\u2019era il <strong>lockdown<\/strong> ed era proibito spostarsi\u00bb<\/i> raccontano le maestre <i>\u00abma se ci avessero fermato avremmo detto la verit\u00e0 e credo che ci avrebbero compreso\u00bb<\/i>. Il dirigente scolastico dell\u2019Istituto Comprensivo di Montale, professor <strong>Mauro Guarducci<\/strong>, ha pensato giustamente di segnalare l\u2019operato delle due insegnanti alla Presidenza del Consiglio ed ha trovato nelle istituzioni la sensibilit\u00e0 per comprendere l\u2019importanza di quanto accaduto nella scuola di Montale. Non \u00e8 consueto che un insegnante riceva il titolo di Cavaliere e il riconoscimento alle due <strong>maestre montalesi<\/strong> serve anche a sottolineare l\u2019importanza della loro professione per il futuro stesso della nostra societ\u00e0.<\/p>\n<p><a href=\"https:\/\/www.noidiqua.it\/Montale\/wp-content\/uploads\/2022\/12\/maestre-2.png\" rel=\"wp-prettyPhoto[7299]\"><img loading=\"lazy\" decoding=\"async\" class=\"aligncenter size-full wp-image-7301\" src=\"https:\/\/www.noidiqua.it\/Montale\/wp-content\/uploads\/2022\/12\/maestre-2.png\" alt=\"\" width=\"489\" height=\"401\" srcset=\"https:\/\/www.noidiqua.it\/Montale\/wp-content\/uploads\/2022\/12\/maestre-2.png 489w, https:\/\/www.noidiqua.it\/Montale\/wp-content\/uploads\/2022\/12\/maestre-2-300x246.png 300w\" sizes=\"auto, (max-width: 489px) 100vw, 489px\" \/><\/a><\/p>\n<p class=\"p1\">La comunicazione dell\u2019<strong>onorificenza<\/strong> \u00e8 arrivata nel luglio scorso e il riconoscimento \u00e8 stata consegnato alle maestre dal prefetto di Pistoia, Donatella Messina, il 4 novembre in occasione della giornata dell\u2019Unit\u00e0 Nazionale e delle Forze Armate.<\/p>\n<p class=\"p1\"><i>\u00abSiamo state prese di sorpresa\u00bb<\/i> dicono Federica e Maria Grazia <i>\u00abquando il preside ce l\u2019ha comunicato ci \u00e8 sembrata una cosa troppo grossa per noi, perch\u00e9 non abbiamo fatto nulla di eccezionale, solo una cosa normale e naturale per come concepiamo il nostro lavoro\u00bb<\/i>. <b>E come lo concepite?<\/b> <i>\u00abLa maestra si fa con il cuore e con l\u2019anima\u00bb <\/i>dicono<i> \u00absiamo qui per essere di supporto ai bambini e alle loro famiglie. Se si \u00e8 maestre lo si \u00e8 a tutto tondo, ci\u00f2 che abbiamo fatto non ha nulla di extrascolastico, fa parte della scuola dell\u2019infanzia il fatto che i genitori e bambini possano contare sempre su di noi. Sapevamo della situazione difficile di quel bambino per le condizioni del babbo, che era una persona a cui eravamo affezionate. Quando \u00e8 capitata quella disgrazia \u00e8 stato naturale andare a trovare la mamma e il nostro alunno\u00bb<\/i>.<\/p>\n<p><a href=\"https:\/\/www.noidiqua.it\/Montale\/wp-content\/uploads\/2022\/12\/maestre-3.png\" rel=\"wp-prettyPhoto[7299]\"><img loading=\"lazy\" decoding=\"async\" class=\"aligncenter size-full wp-image-7302\" src=\"https:\/\/www.noidiqua.it\/Montale\/wp-content\/uploads\/2022\/12\/maestre-3.png\" alt=\"\" width=\"493\" height=\"397\" srcset=\"https:\/\/www.noidiqua.it\/Montale\/wp-content\/uploads\/2022\/12\/maestre-3.png 493w, https:\/\/www.noidiqua.it\/Montale\/wp-content\/uploads\/2022\/12\/maestre-3-300x242.png 300w\" sizes=\"auto, (max-width: 493px) 100vw, 493px\" \/><\/a><\/p>\n<p class=\"p1\">Le due maestre non nascondo un certo imbarazzo nel ricevere un titolo cos\u00ec solenne come quello di <strong>Cavaliere<\/strong>. <i>\u00abSe per\u00f2 questa onorificenza pu\u00f2 servire\u00bb<\/i> aggiungono <i>\u00aba richiamare il valore della professione dell\u2019insegnante e dell\u2019importanza della scuola siamo davvero soddisfatte di riceverla\u00bb<\/i>.<\/p>\n<p class=\"p1\">L\u2019alunno che \u00e8 stato aiutato dalle due maestre ora frequenta la scuola elementare. <i>\u00abMa appena pu\u00f2 ci viene a trovare\u00bb<\/i> dicono le insegnanti<i> \u00abinsieme alla sua mamma\u00bb<\/i>. L\u2019affetto tra una maestra e i suoi allievi resta sempre.<\/p>","protected":false},"excerpt":{"rendered":"<p>di Giacomo Bini. Foto: Gabriele Bellini. dicembre 2022 Nella parete della loro aula c\u2019\u00e8 il disegno di un grande cuore, che \u00e8 il simbolo del lavoro di queste insegnanti e del rapporto che hanno con i loro allievi e anche con i familiari. Maria Grazia Bianco e Federica Ferraro sono due docenti della scuola [&hellip;]<\/p>","protected":false},"author":12,"featured_media":0,"comment_status":"open","ping_status":"open","sticky":false,"template":"","format":"standard","meta":{"footnotes":""},"categories":[7,12],"tags":[844,2289,3275,2237,3276,3277,3274,1155,3278,1745],"class_list":["post-7299","post","type-post","status-publish","format-standard","hentry","category-mt","category-solidarieta-qt","tag-cavaliere","tag-covid","tag-federica-ferraro","tag-lockdown","tag-maestre","tag-maestre-montalesi","tag-maria-grazia-bianco","tag-mauro-guarducci","tag-onorificenza","tag-scuola-dellinfanzia"],"yoast_head":"<!-- This site is optimized with the Yoast SEO plugin v25.5 - https:\/\/yoast.com\/wordpress\/plugins\/seo\/ -->\n<title>Maria Grazia e Federica - a due maestre il titolo di Cavaliere - Noi di Qua Testata giornalistica e di attualit\u00e0 di Agliana, Montale e Quarrata.<\/title>\n<meta name=\"robots\" content=\"index, follow, max-snippet:-1, max-image-preview:large, max-video-preview:-1\" \/>\n<link rel=\"canonical\" href=\"https:\/\/www.noidiqua.it\/Montale\/maria-grazia-e-federica-a-due-maestre-il-titolo-di-cavaliere\/\" \/>\n<meta property=\"og:locale\" content=\"it_IT\" \/>\n<meta property=\"og:type\" content=\"article\" \/>\n<meta property=\"og:title\" content=\"Maria Grazia e Federica - a due maestre il titolo di Cavaliere - Noi di Qua Testata giornalistica e di attualit\u00e0 di Agliana, Montale e Quarrata.\" \/>\n<meta property=\"og:description\" content=\"di Giacomo Bini. Foto: Gabriele Bellini. dicembre 2022 Nella parete della loro aula c\u2019\u00e8 il disegno di un grande cuore, che \u00e8 il simbolo del lavoro di queste insegnanti e del rapporto che hanno con i loro allievi e anche con i familiari. Maria Grazia Bianco e Federica Ferraro sono due docenti della scuola [&hellip;]\" \/>\n<meta property=\"og:url\" content=\"https:\/\/www.noidiqua.it\/Montale\/maria-grazia-e-federica-a-due-maestre-il-titolo-di-cavaliere\/\" \/>\n<meta property=\"og:site_name\" content=\"Noi di Qua Testata giornalistica e di attualit\u00e0 di Agliana, Montale e Quarrata.\" \/>\n<meta property=\"article:publisher\" content=\"https:\/\/www.facebook.com\/noidiqua.trimestrale\/\" \/>\n<meta property=\"article:published_time\" content=\"2022-12-08T14:00:25+00:00\" \/>\n<meta property=\"article:modified_time\" content=\"2023-04-26T14:00:52+00:00\" \/>\n<meta property=\"og:image\" content=\"https:\/\/www.noidiqua.it\/Montale\/wp-content\/uploads\/2022\/12\/maestre-1.png\" \/>\n<meta name=\"author\" content=\"Giacomo Bini\" \/>\n<meta name=\"twitter:label1\" content=\"Scritto da\" \/>\n\t<meta name=\"twitter:data1\" content=\"Giacomo Bini\" \/>\n\t<meta name=\"twitter:label2\" content=\"Tempo di lettura stimato\" \/>\n\t<meta name=\"twitter:data2\" content=\"4 minuti\" \/>\n<script type=\"application\/ld+json\" class=\"yoast-schema-graph\">{\"@context\":\"https:\/\/schema.org\",\"@graph\":[{\"@type\":\"WebPage\",\"@id\":\"https:\/\/www.noidiqua.it\/Montale\/maria-grazia-e-federica-a-due-maestre-il-titolo-di-cavaliere\/\",\"url\":\"https:\/\/www.noidiqua.it\/Montale\/maria-grazia-e-federica-a-due-maestre-il-titolo-di-cavaliere\/\",\"name\":\"Maria Grazia e Federica - a due maestre il titolo di Cavaliere - Noi di Qua Testata giornalistica e di attualit\u00e0 di Agliana, Montale e Quarrata.\",\"isPartOf\":{\"@id\":\"https:\/\/www.noidiqua.it\/Montale\/#website\"},\"primaryImageOfPage\":{\"@id\":\"https:\/\/www.noidiqua.it\/Montale\/maria-grazia-e-federica-a-due-maestre-il-titolo-di-cavaliere\/#primaryimage\"},\"image\":{\"@id\":\"https:\/\/www.noidiqua.it\/Montale\/maria-grazia-e-federica-a-due-maestre-il-titolo-di-cavaliere\/#primaryimage\"},\"thumbnailUrl\":\"https:\/\/www.noidiqua.it\/Montale\/wp-content\/uploads\/2022\/12\/maestre-1.png\",\"datePublished\":\"2022-12-08T14:00:25+00:00\",\"dateModified\":\"2023-04-26T14:00:52+00:00\",\"author\":{\"@id\":\"https:\/\/www.noidiqua.it\/Montale\/#\/schema\/person\/e2e6f44da50af0dae9c90ad168e471a4\"},\"breadcrumb\":{\"@id\":\"https:\/\/www.noidiqua.it\/Montale\/maria-grazia-e-federica-a-due-maestre-il-titolo-di-cavaliere\/#breadcrumb\"},\"inLanguage\":\"it-IT\",\"potentialAction\":[{\"@type\":\"ReadAction\",\"target\":[\"https:\/\/www.noidiqua.it\/Montale\/maria-grazia-e-federica-a-due-maestre-il-titolo-di-cavaliere\/\"]}]},{\"@type\":\"ImageObject\",\"inLanguage\":\"it-IT\",\"@id\":\"https:\/\/www.noidiqua.it\/Montale\/maria-grazia-e-federica-a-due-maestre-il-titolo-di-cavaliere\/#primaryimage\",\"url\":\"https:\/\/www.noidiqua.it\/Montale\/wp-content\/uploads\/2022\/12\/maestre-1.png\",\"contentUrl\":\"https:\/\/www.noidiqua.it\/Montale\/wp-content\/uploads\/2022\/12\/maestre-1.png\",\"width\":501,\"height\":360},{\"@type\":\"BreadcrumbList\",\"@id\":\"https:\/\/www.noidiqua.it\/Montale\/maria-grazia-e-federica-a-due-maestre-il-titolo-di-cavaliere\/#breadcrumb\",\"itemListElement\":[{\"@type\":\"ListItem\",\"position\":1,\"name\":\"Home\",\"item\":\"https:\/\/www.noidiqua.it\/Montale\/\"},{\"@type\":\"ListItem\",\"position\":2,\"name\":\"Maria Grazia e Federica &#8211; a due maestre il titolo di Cavaliere\"}]},{\"@type\":\"WebSite\",\"@id\":\"https:\/\/www.noidiqua.it\/Montale\/#website\",\"url\":\"https:\/\/www.noidiqua.it\/Montale\/\",\"name\":\"Noi di Qua Testata giornalistica e di attualit\u00e0 di Agliana, Montale e Quarrata.\",\"description\":\"Testata Giornalistica Quarrata Montale Agliana\",\"potentialAction\":[{\"@type\":\"SearchAction\",\"target\":{\"@type\":\"EntryPoint\",\"urlTemplate\":\"https:\/\/www.noidiqua.it\/Montale\/?s={search_term_string}\"},\"query-input\":{\"@type\":\"PropertyValueSpecification\",\"valueRequired\":true,\"valueName\":\"search_term_string\"}}],\"inLanguage\":\"it-IT\"},{\"@type\":\"Person\",\"@id\":\"https:\/\/www.noidiqua.it\/Montale\/#\/schema\/person\/e2e6f44da50af0dae9c90ad168e471a4\",\"name\":\"Giacomo Bini\",\"image\":{\"@type\":\"ImageObject\",\"inLanguage\":\"it-IT\",\"@id\":\"https:\/\/www.noidiqua.it\/Montale\/#\/schema\/person\/image\/\",\"url\":\"https:\/\/secure.gravatar.com\/avatar\/e5c18ae41df5ae37397358f2c6046696187d51a120c5d0b8f0c49f7b606f46f4?s=96&d=mm&r=g\",\"contentUrl\":\"https:\/\/secure.gravatar.com\/avatar\/e5c18ae41df5ae37397358f2c6046696187d51a120c5d0b8f0c49f7b606f46f4?s=96&d=mm&r=g\",\"caption\":\"Giacomo Bini\"},\"url\":\"https:\/\/www.noidiqua.it\/Montale\/author\/giacomo-bini\/\"}]}<\/script>\n<!-- \/ Yoast SEO plugin. -->","yoast_head_json":{"title":"Maria Grazia e Federica - a due maestre il titolo di Cavaliere - Noi di Qua Testata giornalistica e di attualit\u00e0 di Agliana, Montale e Quarrata.","robots":{"index":"index","follow":"follow","max-snippet":"max-snippet:-1","max-image-preview":"max-image-preview:large","max-video-preview":"max-video-preview:-1"},"canonical":"https:\/\/www.noidiqua.it\/Montale\/maria-grazia-e-federica-a-due-maestre-il-titolo-di-cavaliere\/","og_locale":"it_IT","og_type":"article","og_title":"Maria Grazia e Federica - a due maestre il titolo di Cavaliere - Noi di Qua Testata giornalistica e di attualit\u00e0 di Agliana, Montale e Quarrata.","og_description":"di Giacomo Bini. Foto: Gabriele Bellini. dicembre 2022 Nella parete della loro aula c\u2019\u00e8 il disegno di un grande cuore, che \u00e8 il simbolo del lavoro di queste insegnanti e del rapporto che hanno con i loro allievi e anche con i familiari. Maria Grazia Bianco e Federica Ferraro sono due docenti della scuola [&hellip;]","og_url":"https:\/\/www.noidiqua.it\/Montale\/maria-grazia-e-federica-a-due-maestre-il-titolo-di-cavaliere\/","og_site_name":"Noi di Qua Testata giornalistica e di attualit\u00e0 di Agliana, Montale e Quarrata.","article_publisher":"https:\/\/www.facebook.com\/noidiqua.trimestrale\/","article_published_time":"2022-12-08T14:00:25+00:00","article_modified_time":"2023-04-26T14:00:52+00:00","og_image":[{"url":"https:\/\/www.noidiqua.it\/Montale\/wp-content\/uploads\/2022\/12\/maestre-1.png","type":"","width":"","height":""}],"author":"Giacomo Bini","twitter_misc":{"Scritto da":"Giacomo Bini","Tempo di lettura stimato":"4 minuti"},"schema":{"@context":"https:\/\/schema.org","@graph":[{"@type":"WebPage","@id":"https:\/\/www.noidiqua.it\/Montale\/maria-grazia-e-federica-a-due-maestre-il-titolo-di-cavaliere\/","url":"https:\/\/www.noidiqua.it\/Montale\/maria-grazia-e-federica-a-due-maestre-il-titolo-di-cavaliere\/","name":"Maria Grazia e Federica - a due maestre il titolo di Cavaliere - Noi di Qua Testata giornalistica e di attualit\u00e0 di Agliana, Montale e Quarrata.","isPartOf":{"@id":"https:\/\/www.noidiqua.it\/Montale\/#website"},"primaryImageOfPage":{"@id":"https:\/\/www.noidiqua.it\/Montale\/maria-grazia-e-federica-a-due-maestre-il-titolo-di-cavaliere\/#primaryimage"},"image":{"@id":"https:\/\/www.noidiqua.it\/Montale\/maria-grazia-e-federica-a-due-maestre-il-titolo-di-cavaliere\/#primaryimage"},"thumbnailUrl":"https:\/\/www.noidiqua.it\/Montale\/wp-content\/uploads\/2022\/12\/maestre-1.png","datePublished":"2022-12-08T14:00:25+00:00","dateModified":"2023-04-26T14:00:52+00:00","author":{"@id":"https:\/\/www.noidiqua.it\/Montale\/#\/schema\/person\/e2e6f44da50af0dae9c90ad168e471a4"},"breadcrumb":{"@id":"https:\/\/www.noidiqua.it\/Montale\/maria-grazia-e-federica-a-due-maestre-il-titolo-di-cavaliere\/#breadcrumb"},"inLanguage":"it-IT","potentialAction":[{"@type":"ReadAction","target":["https:\/\/www.noidiqua.it\/Montale\/maria-grazia-e-federica-a-due-maestre-il-titolo-di-cavaliere\/"]}]},{"@type":"ImageObject","inLanguage":"it-IT","@id":"https:\/\/www.noidiqua.it\/Montale\/maria-grazia-e-federica-a-due-maestre-il-titolo-di-cavaliere\/#primaryimage","url":"https:\/\/www.noidiqua.it\/Montale\/wp-content\/uploads\/2022\/12\/maestre-1.png","contentUrl":"https:\/\/www.noidiqua.it\/Montale\/wp-content\/uploads\/2022\/12\/maestre-1.png","width":501,"height":360},{"@type":"BreadcrumbList","@id":"https:\/\/www.noidiqua.it\/Montale\/maria-grazia-e-federica-a-due-maestre-il-titolo-di-cavaliere\/#breadcrumb","itemListElement":[{"@type":"ListItem","position":1,"name":"Home","item":"https:\/\/www.noidiqua.it\/Montale\/"},{"@type":"ListItem","position":2,"name":"Maria Grazia e Federica &#8211; a due maestre il titolo di Cavaliere"}]},{"@type":"WebSite","@id":"https:\/\/www.noidiqua.it\/Montale\/#website","url":"https:\/\/www.noidiqua.it\/Montale\/","name":"Noi di Qua Testata giornalistica e di attualit\u00e0 di Agliana, Montale e Quarrata.","description":"Testata Giornalistica Quarrata Montale Agliana","potentialAction":[{"@type":"SearchAction","target":{"@type":"EntryPoint","urlTemplate":"https:\/\/www.noidiqua.it\/Montale\/?s={search_term_string}"},"query-input":{"@type":"PropertyValueSpecification","valueRequired":true,"valueName":"search_term_string"}}],"inLanguage":"it-IT"},{"@type":"Person","@id":"https:\/\/www.noidiqua.it\/Montale\/#\/schema\/person\/e2e6f44da50af0dae9c90ad168e471a4","name":"Giacomo Bini","image":{"@type":"ImageObject","inLanguage":"it-IT","@id":"https:\/\/www.noidiqua.it\/Montale\/#\/schema\/person\/image\/","url":"https:\/\/secure.gravatar.com\/avatar\/e5c18ae41df5ae37397358f2c6046696187d51a120c5d0b8f0c49f7b606f46f4?s=96&d=mm&r=g","contentUrl":"https:\/\/secure.gravatar.com\/avatar\/e5c18ae41df5ae37397358f2c6046696187d51a120c5d0b8f0c49f7b606f46f4?s=96&d=mm&r=g","caption":"Giacomo Bini"},"url":"https:\/\/www.noidiqua.it\/Montale\/author\/giacomo-bini\/"}]}},"_links":{"self":[{"href":"https:\/\/www.noidiqua.it\/Montale\/wp-json\/wp\/v2\/posts\/7299","targetHints":{"allow":["GET"]}}],"collection":[{"href":"https:\/\/www.noidiqua.it\/Montale\/wp-json\/wp\/v2\/posts"}],"about":[{"href":"https:\/\/www.noidiqua.it\/Montale\/wp-json\/wp\/v2\/types\/post"}],"author":[{"embeddable":true,"href":"https:\/\/www.noidiqua.it\/Montale\/wp-json\/wp\/v2\/users\/12"}],"replies":[{"embeddable":true,"href":"https:\/\/www.noidiqua.it\/Montale\/wp-json\/wp\/v2\/comments?post=7299"}],"version-history":[{"count":3,"href":"https:\/\/www.noidiqua.it\/Montale\/wp-json\/wp\/v2\/posts\/7299\/revisions"}],"predecessor-version":[{"id":7353,"href":"https:\/\/www.noidiqua.it\/Montale\/wp-json\/wp\/v2\/posts\/7299\/revisions\/7353"}],"wp:attachment":[{"href":"https:\/\/www.noidiqua.it\/Montale\/wp-json\/wp\/v2\/media?parent=7299"}],"wp:term":[{"taxonomy":"category","embeddable":true,"href":"https:\/\/www.noidiqua.it\/Montale\/wp-json\/wp\/v2\/categories?post=7299"},{"taxonomy":"post_tag","embeddable":true,"href":"https:\/\/www.noidiqua.it\/Montale\/wp-json\/wp\/v2\/tags?post=7299"}],"curies":[{"name":"wp","href":"https:\/\/api.w.org\/{rel}","templated":true}]}}