{"id":7304,"date":"2022-12-08T15:07:08","date_gmt":"2022-12-08T14:07:08","guid":{"rendered":"https:\/\/www.noidiqua.it\/Montale\/?p=7304"},"modified":"2022-12-09T11:52:47","modified_gmt":"2022-12-09T10:52:47","slug":"infermiere-di-famiglia-e-comunita","status":"publish","type":"post","link":"https:\/\/www.noidiqua.it\/Montale\/infermiere-di-famiglia-e-comunita\/","title":{"rendered":"Infermiere di famiglia e comunit\u00e0"},"content":{"rendered":"<p><em>0808di Redazione<\/em><\/p>\n<p><em>dicembre 2022<\/em><\/p>\n<p><a href=\"https:\/\/www.noidiqua.it\/Montale\/wp-content\/uploads\/2022\/12\/infermiere.png\" rel=\"wp-prettyPhoto[7304]\"><img loading=\"lazy\" decoding=\"async\" class=\"aligncenter size-full wp-image-7305\" src=\"https:\/\/www.noidiqua.it\/Montale\/wp-content\/uploads\/2022\/12\/infermiere.png\" alt=\"\" width=\"501\" height=\"378\" srcset=\"https:\/\/www.noidiqua.it\/Montale\/wp-content\/uploads\/2022\/12\/infermiere.png 501w, https:\/\/www.noidiqua.it\/Montale\/wp-content\/uploads\/2022\/12\/infermiere-300x226.png 300w\" sizes=\"auto, (max-width: 501px) 100vw, 501px\" \/><\/a><\/p>\n<p>Alla fine del 2018 il Dipartimento Infermieristico ed Ostetrico della\u00a0<strong>Usl Toscana Centro<\/strong>\u00a0ha iniziato la sperimentazione del modello assistenziale \u201c<strong>Infermiere di famiglia e comunit\u00e0<\/strong>\u201d nei territori di Firenze, Empoli, Prato e Pistoia. A riguardo la regione Toscana \u00e8 stata la prima in Italia. Le parole Famiglia e Comunit\u00e0 caratterizzano la volont\u00e0 del professionista di portarsi ancora pi\u00f9 vicino ai bisogni di salute della popolazione di cui \u00e8 referente facilitando, quando necessario, anche l\u2019intervento degli altri professionisti (ad esempio\u00a0<strong>fisioterapisti<\/strong>, assistenti sociali).<\/p>\n<p>Cos\u00ec, in collaborazione con la<strong>\u00a0Societ\u00e0 della Salute\u00a0<\/strong>e la\u00a0<strong>Zona Distretto Pistoiese<\/strong>, \u00e8 partito il progetto pilota sul nostro territorio, coinvolgendo in un primo momento i comuni di Agliana e Montale e successivamente il comune di Pistoia e nell\u2019autunno dello scorso anno, i comuni di Quarrata e Serravalle. Attualmente gli infermieri di famiglia e comunit\u00e0 operano su tutto il territorio della provincia e a ciascuno \u00e8 assegnato una zona specifica a cui fanno riferimento, in base alle caratteristiche geografiche, dai 3500 ai 4000 cittadini. Questi operatori sanitari sono presenti presso le\u00a0<strong>Case della salute<\/strong>\/comunit\u00e0 e nei distretti socio sanitari del nostro territorio e sono contattabili telefonicamente tramite i recapiti delle strutture. Nello specifico, l\u2019\u201cInfermiere di famiglia e comunit\u00e0\u201d, quanto mai fondamentale durante la pandemia, \u00e8 responsabile del processo assistenziale che attraverso la collaborazione con il medico di famiglia, l\u2019assistente sociale, lo psicologo, il\u00a0<strong>medico\u00a0<\/strong>specialista e tutti gli altri professionisti della\u00a0<strong>salute<\/strong>, costruisce il progetto di cura personalizzato orientato ai bisogni della persona e della sua famiglia.<\/p>\n<p>Ed \u00e8 proprio per ringraziare tutti questi professionisti dell\u2019importante lavoro svolto, che dedicheremo loro un articolo dettagliato nel prossimo numero di marzo, anche per sottolineare il fatto che il loro operato ha un\u2019importante valenza\u00a0<strong>sanitaria\u00a0<\/strong>e sociale, soprattutto per la parte pi\u00f9\u00a0<strong>fragile<\/strong>\u00a0della popolazione.<\/p>","protected":false},"excerpt":{"rendered":"<p>0808di Redazione dicembre 2022 Alla fine del 2018 il Dipartimento Infermieristico ed Ostetrico della\u00a0Usl Toscana Centro\u00a0ha iniziato la sperimentazione del modello assistenziale \u201cInfermiere di famiglia e comunit\u00e0\u201d nei territori di Firenze, Empoli, Prato e Pistoia. A riguardo la regione Toscana \u00e8 stata la prima in Italia. Le parole Famiglia e Comunit\u00e0 caratterizzano la volont\u00e0 [&hellip;]<\/p>","protected":false},"author":11,"featured_media":0,"comment_status":"open","ping_status":"open","sticky":false,"template":"","format":"standard","meta":{"footnotes":""},"categories":[7,12],"tags":[3283,3281,3285,3280,2597,2445,3284,705,3279,3282],"class_list":["post-7304","post","type-post","status-publish","format-standard","hentry","category-mt","category-solidarieta-qt","tag-case-della-salute","tag-fisioterapisti","tag-fragile","tag-infermiere-di-famiglia-e-comunita","tag-medico","tag-salute","tag-sanitaria","tag-societa-della-salute","tag-usl-toscana-centro","tag-zona-distretto-pistoiese"],"yoast_head":"<!-- This site is optimized with the Yoast SEO plugin v25.5 - https:\/\/yoast.com\/wordpress\/plugins\/seo\/ -->\n<title>Infermiere di famiglia e comunit\u00e0 - Noi di Qua Testata giornalistica e di attualit\u00e0 di Agliana, Montale e Quarrata.<\/title>\n<meta name=\"robots\" content=\"index, follow, max-snippet:-1, max-image-preview:large, max-video-preview:-1\" \/>\n<link rel=\"canonical\" href=\"https:\/\/www.noidiqua.it\/Montale\/infermiere-di-famiglia-e-comunita\/\" \/>\n<meta property=\"og:locale\" content=\"it_IT\" \/>\n<meta property=\"og:type\" content=\"article\" \/>\n<meta property=\"og:title\" content=\"Infermiere di famiglia e comunit\u00e0 - Noi di Qua Testata giornalistica e di attualit\u00e0 di Agliana, Montale e Quarrata.\" \/>\n<meta property=\"og:description\" content=\"0808di Redazione dicembre 2022 Alla fine del 2018 il Dipartimento Infermieristico ed Ostetrico della\u00a0Usl Toscana Centro\u00a0ha iniziato la sperimentazione del modello assistenziale \u201cInfermiere di famiglia e comunit\u00e0\u201d nei territori di Firenze, Empoli, Prato e Pistoia. A riguardo la regione Toscana \u00e8 stata la prima in Italia. Le parole Famiglia e Comunit\u00e0 caratterizzano la volont\u00e0 [&hellip;]\" \/>\n<meta property=\"og:url\" content=\"https:\/\/www.noidiqua.it\/Montale\/infermiere-di-famiglia-e-comunita\/\" \/>\n<meta property=\"og:site_name\" content=\"Noi di Qua Testata giornalistica e di attualit\u00e0 di Agliana, Montale e Quarrata.\" \/>\n<meta property=\"article:publisher\" content=\"https:\/\/www.facebook.com\/noidiqua.trimestrale\/\" \/>\n<meta property=\"article:published_time\" content=\"2022-12-08T14:07:08+00:00\" \/>\n<meta property=\"article:modified_time\" content=\"2022-12-09T10:52:47+00:00\" \/>\n<meta property=\"og:image\" content=\"https:\/\/www.noidiqua.it\/Montale\/wp-content\/uploads\/2022\/12\/infermiere.png\" \/>\n<meta name=\"author\" content=\"Noidiqua\" \/>\n<meta name=\"twitter:label1\" content=\"Scritto da\" \/>\n\t<meta name=\"twitter:data1\" content=\"Noidiqua\" \/>\n\t<meta name=\"twitter:label2\" content=\"Tempo di lettura stimato\" \/>\n\t<meta name=\"twitter:data2\" content=\"2 minuti\" \/>\n<script type=\"application\/ld+json\" class=\"yoast-schema-graph\">{\"@context\":\"https:\/\/schema.org\",\"@graph\":[{\"@type\":\"WebPage\",\"@id\":\"https:\/\/www.noidiqua.it\/Montale\/infermiere-di-famiglia-e-comunita\/\",\"url\":\"https:\/\/www.noidiqua.it\/Montale\/infermiere-di-famiglia-e-comunita\/\",\"name\":\"Infermiere di famiglia e comunit\u00e0 - Noi di Qua Testata giornalistica e di attualit\u00e0 di Agliana, Montale e Quarrata.\",\"isPartOf\":{\"@id\":\"https:\/\/www.noidiqua.it\/Montale\/#website\"},\"primaryImageOfPage\":{\"@id\":\"https:\/\/www.noidiqua.it\/Montale\/infermiere-di-famiglia-e-comunita\/#primaryimage\"},\"image\":{\"@id\":\"https:\/\/www.noidiqua.it\/Montale\/infermiere-di-famiglia-e-comunita\/#primaryimage\"},\"thumbnailUrl\":\"https:\/\/www.noidiqua.it\/Montale\/wp-content\/uploads\/2022\/12\/infermiere.png\",\"datePublished\":\"2022-12-08T14:07:08+00:00\",\"dateModified\":\"2022-12-09T10:52:47+00:00\",\"author\":{\"@id\":\"https:\/\/www.noidiqua.it\/Montale\/#\/schema\/person\/88b6d1cc1a06a29f7f22d67a3772c713\"},\"breadcrumb\":{\"@id\":\"https:\/\/www.noidiqua.it\/Montale\/infermiere-di-famiglia-e-comunita\/#breadcrumb\"},\"inLanguage\":\"it-IT\",\"potentialAction\":[{\"@type\":\"ReadAction\",\"target\":[\"https:\/\/www.noidiqua.it\/Montale\/infermiere-di-famiglia-e-comunita\/\"]}]},{\"@type\":\"ImageObject\",\"inLanguage\":\"it-IT\",\"@id\":\"https:\/\/www.noidiqua.it\/Montale\/infermiere-di-famiglia-e-comunita\/#primaryimage\",\"url\":\"https:\/\/www.noidiqua.it\/Montale\/wp-content\/uploads\/2022\/12\/infermiere.png\",\"contentUrl\":\"https:\/\/www.noidiqua.it\/Montale\/wp-content\/uploads\/2022\/12\/infermiere.png\",\"width\":501,\"height\":378},{\"@type\":\"BreadcrumbList\",\"@id\":\"https:\/\/www.noidiqua.it\/Montale\/infermiere-di-famiglia-e-comunita\/#breadcrumb\",\"itemListElement\":[{\"@type\":\"ListItem\",\"position\":1,\"name\":\"Home\",\"item\":\"https:\/\/www.noidiqua.it\/Montale\/\"},{\"@type\":\"ListItem\",\"position\":2,\"name\":\"Infermiere di famiglia e comunit\u00e0\"}]},{\"@type\":\"WebSite\",\"@id\":\"https:\/\/www.noidiqua.it\/Montale\/#website\",\"url\":\"https:\/\/www.noidiqua.it\/Montale\/\",\"name\":\"Noi di Qua Testata giornalistica e di attualit\u00e0 di Agliana, Montale e Quarrata.\",\"description\":\"Testata Giornalistica Quarrata Montale Agliana\",\"potentialAction\":[{\"@type\":\"SearchAction\",\"target\":{\"@type\":\"EntryPoint\",\"urlTemplate\":\"https:\/\/www.noidiqua.it\/Montale\/?s={search_term_string}\"},\"query-input\":{\"@type\":\"PropertyValueSpecification\",\"valueRequired\":true,\"valueName\":\"search_term_string\"}}],\"inLanguage\":\"it-IT\"},{\"@type\":\"Person\",\"@id\":\"https:\/\/www.noidiqua.it\/Montale\/#\/schema\/person\/88b6d1cc1a06a29f7f22d67a3772c713\",\"name\":\"Noidiqua\",\"image\":{\"@type\":\"ImageObject\",\"inLanguage\":\"it-IT\",\"@id\":\"https:\/\/www.noidiqua.it\/Montale\/#\/schema\/person\/image\/\",\"url\":\"https:\/\/secure.gravatar.com\/avatar\/57c38c8013923f27f46e913d45f086e963a1448a954bfc93d80df0ae6017f8ba?s=96&d=mm&r=g\",\"contentUrl\":\"https:\/\/secure.gravatar.com\/avatar\/57c38c8013923f27f46e913d45f086e963a1448a954bfc93d80df0ae6017f8ba?s=96&d=mm&r=g\",\"caption\":\"Noidiqua\"},\"url\":\"https:\/\/www.noidiqua.it\/Montale\/author\/redazionemt\/\"}]}<\/script>\n<!-- \/ Yoast SEO plugin. -->","yoast_head_json":{"title":"Infermiere di famiglia e comunit\u00e0 - Noi di Qua Testata giornalistica e di attualit\u00e0 di Agliana, Montale e Quarrata.","robots":{"index":"index","follow":"follow","max-snippet":"max-snippet:-1","max-image-preview":"max-image-preview:large","max-video-preview":"max-video-preview:-1"},"canonical":"https:\/\/www.noidiqua.it\/Montale\/infermiere-di-famiglia-e-comunita\/","og_locale":"it_IT","og_type":"article","og_title":"Infermiere di famiglia e comunit\u00e0 - Noi di Qua Testata giornalistica e di attualit\u00e0 di Agliana, Montale e Quarrata.","og_description":"0808di Redazione dicembre 2022 Alla fine del 2018 il Dipartimento Infermieristico ed Ostetrico della\u00a0Usl Toscana Centro\u00a0ha iniziato la sperimentazione del modello assistenziale \u201cInfermiere di famiglia e comunit\u00e0\u201d nei territori di Firenze, Empoli, Prato e Pistoia. A riguardo la regione Toscana \u00e8 stata la prima in Italia. Le parole Famiglia e Comunit\u00e0 caratterizzano la volont\u00e0 [&hellip;]","og_url":"https:\/\/www.noidiqua.it\/Montale\/infermiere-di-famiglia-e-comunita\/","og_site_name":"Noi di Qua Testata giornalistica e di attualit\u00e0 di Agliana, Montale e Quarrata.","article_publisher":"https:\/\/www.facebook.com\/noidiqua.trimestrale\/","article_published_time":"2022-12-08T14:07:08+00:00","article_modified_time":"2022-12-09T10:52:47+00:00","og_image":[{"url":"https:\/\/www.noidiqua.it\/Montale\/wp-content\/uploads\/2022\/12\/infermiere.png","type":"","width":"","height":""}],"author":"Noidiqua","twitter_misc":{"Scritto da":"Noidiqua","Tempo di lettura stimato":"2 minuti"},"schema":{"@context":"https:\/\/schema.org","@graph":[{"@type":"WebPage","@id":"https:\/\/www.noidiqua.it\/Montale\/infermiere-di-famiglia-e-comunita\/","url":"https:\/\/www.noidiqua.it\/Montale\/infermiere-di-famiglia-e-comunita\/","name":"Infermiere di famiglia e comunit\u00e0 - Noi di Qua Testata giornalistica e di attualit\u00e0 di Agliana, Montale e Quarrata.","isPartOf":{"@id":"https:\/\/www.noidiqua.it\/Montale\/#website"},"primaryImageOfPage":{"@id":"https:\/\/www.noidiqua.it\/Montale\/infermiere-di-famiglia-e-comunita\/#primaryimage"},"image":{"@id":"https:\/\/www.noidiqua.it\/Montale\/infermiere-di-famiglia-e-comunita\/#primaryimage"},"thumbnailUrl":"https:\/\/www.noidiqua.it\/Montale\/wp-content\/uploads\/2022\/12\/infermiere.png","datePublished":"2022-12-08T14:07:08+00:00","dateModified":"2022-12-09T10:52:47+00:00","author":{"@id":"https:\/\/www.noidiqua.it\/Montale\/#\/schema\/person\/88b6d1cc1a06a29f7f22d67a3772c713"},"breadcrumb":{"@id":"https:\/\/www.noidiqua.it\/Montale\/infermiere-di-famiglia-e-comunita\/#breadcrumb"},"inLanguage":"it-IT","potentialAction":[{"@type":"ReadAction","target":["https:\/\/www.noidiqua.it\/Montale\/infermiere-di-famiglia-e-comunita\/"]}]},{"@type":"ImageObject","inLanguage":"it-IT","@id":"https:\/\/www.noidiqua.it\/Montale\/infermiere-di-famiglia-e-comunita\/#primaryimage","url":"https:\/\/www.noidiqua.it\/Montale\/wp-content\/uploads\/2022\/12\/infermiere.png","contentUrl":"https:\/\/www.noidiqua.it\/Montale\/wp-content\/uploads\/2022\/12\/infermiere.png","width":501,"height":378},{"@type":"BreadcrumbList","@id":"https:\/\/www.noidiqua.it\/Montale\/infermiere-di-famiglia-e-comunita\/#breadcrumb","itemListElement":[{"@type":"ListItem","position":1,"name":"Home","item":"https:\/\/www.noidiqua.it\/Montale\/"},{"@type":"ListItem","position":2,"name":"Infermiere di famiglia e comunit\u00e0"}]},{"@type":"WebSite","@id":"https:\/\/www.noidiqua.it\/Montale\/#website","url":"https:\/\/www.noidiqua.it\/Montale\/","name":"Noi di Qua Testata giornalistica e di attualit\u00e0 di Agliana, Montale e Quarrata.","description":"Testata Giornalistica Quarrata Montale Agliana","potentialAction":[{"@type":"SearchAction","target":{"@type":"EntryPoint","urlTemplate":"https:\/\/www.noidiqua.it\/Montale\/?s={search_term_string}"},"query-input":{"@type":"PropertyValueSpecification","valueRequired":true,"valueName":"search_term_string"}}],"inLanguage":"it-IT"},{"@type":"Person","@id":"https:\/\/www.noidiqua.it\/Montale\/#\/schema\/person\/88b6d1cc1a06a29f7f22d67a3772c713","name":"Noidiqua","image":{"@type":"ImageObject","inLanguage":"it-IT","@id":"https:\/\/www.noidiqua.it\/Montale\/#\/schema\/person\/image\/","url":"https:\/\/secure.gravatar.com\/avatar\/57c38c8013923f27f46e913d45f086e963a1448a954bfc93d80df0ae6017f8ba?s=96&d=mm&r=g","contentUrl":"https:\/\/secure.gravatar.com\/avatar\/57c38c8013923f27f46e913d45f086e963a1448a954bfc93d80df0ae6017f8ba?s=96&d=mm&r=g","caption":"Noidiqua"},"url":"https:\/\/www.noidiqua.it\/Montale\/author\/redazionemt\/"}]}},"_links":{"self":[{"href":"https:\/\/www.noidiqua.it\/Montale\/wp-json\/wp\/v2\/posts\/7304","targetHints":{"allow":["GET"]}}],"collection":[{"href":"https:\/\/www.noidiqua.it\/Montale\/wp-json\/wp\/v2\/posts"}],"about":[{"href":"https:\/\/www.noidiqua.it\/Montale\/wp-json\/wp\/v2\/types\/post"}],"author":[{"embeddable":true,"href":"https:\/\/www.noidiqua.it\/Montale\/wp-json\/wp\/v2\/users\/11"}],"replies":[{"embeddable":true,"href":"https:\/\/www.noidiqua.it\/Montale\/wp-json\/wp\/v2\/comments?post=7304"}],"version-history":[{"count":2,"href":"https:\/\/www.noidiqua.it\/Montale\/wp-json\/wp\/v2\/posts\/7304\/revisions"}],"predecessor-version":[{"id":7354,"href":"https:\/\/www.noidiqua.it\/Montale\/wp-json\/wp\/v2\/posts\/7304\/revisions\/7354"}],"wp:attachment":[{"href":"https:\/\/www.noidiqua.it\/Montale\/wp-json\/wp\/v2\/media?parent=7304"}],"wp:term":[{"taxonomy":"category","embeddable":true,"href":"https:\/\/www.noidiqua.it\/Montale\/wp-json\/wp\/v2\/categories?post=7304"},{"taxonomy":"post_tag","embeddable":true,"href":"https:\/\/www.noidiqua.it\/Montale\/wp-json\/wp\/v2\/tags?post=7304"}],"curies":[{"name":"wp","href":"https:\/\/api.w.org\/{rel}","templated":true}]}}