{"id":7958,"date":"2023-03-13T10:28:37","date_gmt":"2023-03-13T09:28:37","guid":{"rendered":"https:\/\/www.noidiqua.it\/Montale\/?p=7958"},"modified":"2023-07-17T16:40:37","modified_gmt":"2023-07-17T14:40:37","slug":"edilizia-scolastica-a-che-punto-siamo","status":"publish","type":"post","link":"https:\/\/www.noidiqua.it\/Montale\/edilizia-scolastica-a-che-punto-siamo\/","title":{"rendered":"Edilizia scolastica: a che punto siamo?"},"content":{"rendered":"<p><em>di Giacomo Bini<\/em><\/p>\n<p><em>marzo 2023<\/em><\/p>\n<p><a href=\"https:\/\/www.noidiqua.it\/Montale\/wp-content\/uploads\/2023\/04\/scuola-dellinfanzia-di-via-Rodari.png\" rel=\"wp-prettyPhoto[7958]\"><img loading=\"lazy\" decoding=\"async\" class=\"aligncenter size-full wp-image-7959\" src=\"https:\/\/www.noidiqua.it\/Montale\/wp-content\/uploads\/2023\/04\/scuola-dellinfanzia-di-via-Rodari.png\" alt=\"\" width=\"503\" height=\"335\" srcset=\"https:\/\/www.noidiqua.it\/Montale\/wp-content\/uploads\/2023\/04\/scuola-dellinfanzia-di-via-Rodari.png 503w, https:\/\/www.noidiqua.it\/Montale\/wp-content\/uploads\/2023\/04\/scuola-dellinfanzia-di-via-Rodari-300x200.png 300w\" sizes=\"auto, (max-width: 503px) 100vw, 503px\" \/><\/a><\/p>\n<p class=\"p1\">Facciamo il punto sulla situazione degli edifici scolastici del comune di Montale mettendo in evidenza le cose fatte e quelle da fare.<\/p>\n<p class=\"p1\"><b>Scuola Primaria Nerucci del capoluogo<\/b>: <span class=\"s1\">E&#8217;<\/span> stato eseguito un completo adeguamento sismico dell\u2019edificio (mancano solo le cosiddette \u201clinee vita\u201d, cio\u00e8 gli ancoraggi da predisporre sul tetto). L\u2019intervento ha riguardato l\u2019intera struttura: pareti esterne e interne e copertura. Il costo \u00e8 stato di 660mila euro: 400mila coperti con un finanziamento della Regione e 260mila con un contributo della Fondazione Cassa di Risparmio di Pistoia e Pescia. Non \u00e8 stata eseguita la copertura, prevista in progetto, della corte interna all\u2019edificio a causa dell\u2019aumento dei costi dei materiali. Il Comune ha ottenuto un finanziamento ulteriore per la sostituzione dell\u2019impianto di illuminazione all\u2019interno dell\u2019edificio scolastico.<\/p>\n<p class=\"p1\"><b>Scuola dell\u2019infanzia di via Rodari<\/b> (che ospita i bambini di Stazione): <span class=\"s1\">E&#8217;<\/span> in corso da alcuni anni un intervento di efficientamento energetico finanziato con fondi del ministero dell\u2019interno (90mila euro ogni anno per 5 anni). L\u2019intervento riguarda la sostituzione degli infissi (gi\u00e0 eseguita), il cappotto termico (l\u2019ultima fase sar\u00e0 messa a gara nel 2023) e la centrale termica (nel 2024). Non verr\u00e0 realizzato, sempre per la levitazione dei costi, l\u2019impianto fotovoltaico. Dal punto di vista sismico, data la particolare conformazione dell\u2019edificio, questa scuola non era indicata come prioritaria, rispetto ad altre del territorio, nella graduatoria delle necessit\u00e0 di interventi per migliorare la sicurezza sismica. <span class=\"s1\">E&#8217;<\/span> stata realizzata la recinzione dell\u2019area scolastica che comprende le due scuole (elementare e dell\u2019infanzia di via Rodari).<\/p>\n<p><a href=\"https:\/\/www.noidiqua.it\/Montale\/wp-content\/uploads\/2023\/04\/scuola-di-stazione.png\" rel=\"wp-prettyPhoto[7958]\"><img loading=\"lazy\" decoding=\"async\" class=\"aligncenter size-full wp-image-7960\" src=\"https:\/\/www.noidiqua.it\/Montale\/wp-content\/uploads\/2023\/04\/scuola-di-stazione.png\" alt=\"\" width=\"503\" height=\"335\" srcset=\"https:\/\/www.noidiqua.it\/Montale\/wp-content\/uploads\/2023\/04\/scuola-di-stazione.png 503w, https:\/\/www.noidiqua.it\/Montale\/wp-content\/uploads\/2023\/04\/scuola-di-stazione-300x200.png 300w\" sizes=\"auto, (max-width: 503px) 100vw, 503px\" \/><\/a><\/p>\n<p class=\"p1\"><b>Nuova Palestra scolastica<\/b>: Il Comune di Montale ha avuto un finanziamento di due milioni e 70mila euro nell\u2019ambito del PNRR per realizzare una nuova palestra tra la scuola Nerucci e la scuola dell\u2019infanzia di via Rodari che sar\u00e0 a servizio delle scuole e anche delle societ\u00e0 sportive esterne (sono previsti ingressi distinti). La palestra potr\u00e0 ospitare minibasket e volley. <span class=\"s1\">E&#8217;<\/span> in corso la progettazione esecutiva, la gara \u00e8 prevista intorno al mese di aprile e l\u2019inizio dei lavori in ottobre.<\/p>\n<p class=\"p1\"><b>Nuova scuola elementare di Stazione<\/b>: La costruzione della nuova scuola \u00e8 proceduta finora con molta lentezza e ritardo. I lavori sono iniziati nel 2019. Attualmente ne sono stati realizzati il 75%, mentre restano da fare il 25%. Ci sono state ripetute proroghe. <span class=\"s1\">E&#8217;<\/span> stato anche sostituito il direttore dei lavori. Tra le ragioni del ritardo anche la pandemia e la difficolt\u00e0 a reperire i materiali. Ora il completamento \u00e8 previsto per la fine dell\u2019estate. La frazione di Stazione non ha pi\u00f9 le sue scuole (d\u2019infanzia e elementari) dal 2015 quando una bufera di vento rese inagibili gli edifici scolastici esistenti. Allora il Comune decise di trasferire gli alunni della Stazione in edifici scolastici del capoluogo: quelli delle elementari nella scuola media Melani, quelli della materna nell\u2019ex asilo nido di via Rodari. Alla Stazione era prevista la costruzione di un nuovo polo scolastico comprendente asilo, materna ed elementare. Attualmente \u00e8 completato soltanto l\u2019asilo nido comunale, finito negli anni scorsi, e anche in questo caso con molti ritardi rispetto alle previsioni. Si attende che finalmente sia completata la scuola elementare, mentre per la scuola dell\u2019infanzia al momento non \u00e8 in vista una fase di progettazione.<\/p>\n<p class=\"p1\"><b>Scuole elementari di Tobbiana<\/b>: <span class=\"s1\">E&#8217;<\/span>\u00a0in programma un intervento di miglioramento sismico del costo di 417mila euro (330mila di un contributo regionale e 87mila di risorse proprie del Comune). <span class=\"s1\">\u00e8<\/span> stata fatta la progettazione esecutiva, l\u2019inizio dei lavori \u00e8 previsto nell\u2019estate di quest\u2019anno. Negli anni scorsi \u00e8 stato eseguito sull\u2019edificio l\u2019intervento di abbattimento delle barriere architettoniche.<\/p>\n<p><a href=\"https:\/\/www.noidiqua.it\/Montale\/wp-content\/uploads\/2023\/04\/scuola-primaria-Nerucci-.png\" rel=\"wp-prettyPhoto[7958]\"><img loading=\"lazy\" decoding=\"async\" class=\"aligncenter size-full wp-image-7961\" src=\"https:\/\/www.noidiqua.it\/Montale\/wp-content\/uploads\/2023\/04\/scuola-primaria-Nerucci-.png\" alt=\"\" width=\"503\" height=\"335\" srcset=\"https:\/\/www.noidiqua.it\/Montale\/wp-content\/uploads\/2023\/04\/scuola-primaria-Nerucci-.png 503w, https:\/\/www.noidiqua.it\/Montale\/wp-content\/uploads\/2023\/04\/scuola-primaria-Nerucci--300x200.png 300w\" sizes=\"auto, (max-width: 503px) 100vw, 503px\" \/><\/a><\/p>\n<p class=\"p1\"><b>Scuola secondaria di primo grado Giulio Cesare Melani<\/b>: Dopo una valutazione tecnica \u00e8 stato deciso che la cosa pi\u00f9 opportuna, anche dal punto di vista economico, era demolire e ricostruire da zero l\u2019edificio. Il costo previsto \u00e8 ingente: 2 milioni e 300mila. <span class=\"s1\">E&#8217;<\/span> in corso la progettazione esecutiva per la quale il Comune ha avuto un finanziamento dallo stato di 166mila euro. Una volta fatto il progetto esecutivo verr\u00e0 cercato un finanziamento per eseguire l\u2019opera. L\u2019intervento prevede due fasi: la demolizione e la ricostruzione di una parte e successivamente la demolizione e la ricostruzione di un\u2019altra parte. Negli anni scorsi \u00e8 stata realizzata la sostituzione degli infissi dell\u2019edificio e la realizzazione della recinzione.<\/p>\n<p class=\"p1\">Non sono previsti al momento interventi sull\u2019edificio scolastico di via Vignolini, che ospita la scuola dell\u2019infanzia del capoluogo e nell\u2019edificio scolastico di Fognano che ospita le prime due classi della scuola elementare Atto Vannucci (il triennio successivo \u00e8 ospitato nella scuola di Tobbiana). Gli interventi relativi al miglioramento sismico sulle scuole sono stati eseguiti seguendo una valutazione, compiuta negli anni scorsi, che indicava gli edifici che avevano maggiore necessit\u00e0 di intervento sotto questo profilo.<\/p>","protected":false},"excerpt":{"rendered":"<p>di Giacomo Bini marzo 2023 Facciamo il punto sulla situazione degli edifici scolastici del comune di Montale mettendo in evidenza le cose fatte e quelle da fare. Scuola Primaria Nerucci del capoluogo: E&#8217; stato eseguito un completo adeguamento sismico dell\u2019edificio (mancano solo le cosiddette \u201clinee vita\u201d, cio\u00e8 gli ancoraggi da predisporre sul tetto). L\u2019intervento [&hellip;]<\/p>","protected":false},"author":12,"featured_media":0,"comment_status":"open","ping_status":"open","sticky":false,"template":"","format":"standard","meta":{"footnotes":""},"categories":[31,7],"tags":[3426,2534,2688,3427,3421,3422,3425,3424,1745,3420,228,155,3423],"class_list":["post-7958","post","type-post","status-publish","format-standard","hentry","category-storia-qt","category-mt","tag-edilizia-scolastica","tag-efficientamento-energetico","tag-giulio-cesare-melani","tag-minibasket","tag-nuova-palestra-scolastica","tag-nuova-scuola-elementare","tag-omune-di-montale","tag-primo-grado","tag-scuola-dellinfanzia","tag-scuola-primaria-nerucci","tag-stazione","tag-tobbiana","tag-via-rodari"],"yoast_head":"<!-- This site is optimized with the Yoast SEO plugin v25.5 - https:\/\/yoast.com\/wordpress\/plugins\/seo\/ -->\n<title>Edilizia scolastica: a che punto siamo? - Noi di Qua Testata giornalistica e di attualit\u00e0 di Agliana, Montale e Quarrata.<\/title>\n<meta name=\"robots\" content=\"index, follow, max-snippet:-1, max-image-preview:large, max-video-preview:-1\" \/>\n<link rel=\"canonical\" href=\"https:\/\/www.noidiqua.it\/Montale\/edilizia-scolastica-a-che-punto-siamo\/\" \/>\n<meta property=\"og:locale\" content=\"it_IT\" \/>\n<meta property=\"og:type\" content=\"article\" \/>\n<meta property=\"og:title\" content=\"Edilizia scolastica: a che punto siamo? - Noi di Qua Testata giornalistica e di attualit\u00e0 di Agliana, Montale e Quarrata.\" \/>\n<meta property=\"og:description\" content=\"di Giacomo Bini marzo 2023 Facciamo il punto sulla situazione degli edifici scolastici del comune di Montale mettendo in evidenza le cose fatte e quelle da fare. Scuola Primaria Nerucci del capoluogo: E&#8217; stato eseguito un completo adeguamento sismico dell\u2019edificio (mancano solo le cosiddette \u201clinee vita\u201d, cio\u00e8 gli ancoraggi da predisporre sul tetto). L\u2019intervento [&hellip;]\" \/>\n<meta property=\"og:url\" content=\"https:\/\/www.noidiqua.it\/Montale\/edilizia-scolastica-a-che-punto-siamo\/\" \/>\n<meta property=\"og:site_name\" content=\"Noi di Qua Testata giornalistica e di attualit\u00e0 di Agliana, Montale e Quarrata.\" \/>\n<meta property=\"article:publisher\" content=\"https:\/\/www.facebook.com\/noidiqua.trimestrale\/\" \/>\n<meta property=\"article:published_time\" content=\"2023-03-13T09:28:37+00:00\" \/>\n<meta property=\"article:modified_time\" content=\"2023-07-17T14:40:37+00:00\" \/>\n<meta property=\"og:image\" content=\"https:\/\/www.noidiqua.it\/Montale\/wp-content\/uploads\/2023\/04\/scuola-dellinfanzia-di-via-Rodari.png\" \/>\n<meta name=\"author\" content=\"Giacomo Bini\" \/>\n<meta name=\"twitter:label1\" content=\"Scritto da\" \/>\n\t<meta name=\"twitter:data1\" content=\"Giacomo Bini\" \/>\n\t<meta name=\"twitter:label2\" content=\"Tempo di lettura stimato\" \/>\n\t<meta name=\"twitter:data2\" content=\"4 minuti\" \/>\n<script type=\"application\/ld+json\" class=\"yoast-schema-graph\">{\"@context\":\"https:\/\/schema.org\",\"@graph\":[{\"@type\":\"WebPage\",\"@id\":\"https:\/\/www.noidiqua.it\/Montale\/edilizia-scolastica-a-che-punto-siamo\/\",\"url\":\"https:\/\/www.noidiqua.it\/Montale\/edilizia-scolastica-a-che-punto-siamo\/\",\"name\":\"Edilizia scolastica: a che punto siamo? - Noi di Qua Testata giornalistica e di attualit\u00e0 di Agliana, Montale e Quarrata.\",\"isPartOf\":{\"@id\":\"https:\/\/www.noidiqua.it\/Montale\/#website\"},\"primaryImageOfPage\":{\"@id\":\"https:\/\/www.noidiqua.it\/Montale\/edilizia-scolastica-a-che-punto-siamo\/#primaryimage\"},\"image\":{\"@id\":\"https:\/\/www.noidiqua.it\/Montale\/edilizia-scolastica-a-che-punto-siamo\/#primaryimage\"},\"thumbnailUrl\":\"https:\/\/www.noidiqua.it\/Montale\/wp-content\/uploads\/2023\/04\/scuola-dellinfanzia-di-via-Rodari.png\",\"datePublished\":\"2023-03-13T09:28:37+00:00\",\"dateModified\":\"2023-07-17T14:40:37+00:00\",\"author\":{\"@id\":\"https:\/\/www.noidiqua.it\/Montale\/#\/schema\/person\/e2e6f44da50af0dae9c90ad168e471a4\"},\"breadcrumb\":{\"@id\":\"https:\/\/www.noidiqua.it\/Montale\/edilizia-scolastica-a-che-punto-siamo\/#breadcrumb\"},\"inLanguage\":\"it-IT\",\"potentialAction\":[{\"@type\":\"ReadAction\",\"target\":[\"https:\/\/www.noidiqua.it\/Montale\/edilizia-scolastica-a-che-punto-siamo\/\"]}]},{\"@type\":\"ImageObject\",\"inLanguage\":\"it-IT\",\"@id\":\"https:\/\/www.noidiqua.it\/Montale\/edilizia-scolastica-a-che-punto-siamo\/#primaryimage\",\"url\":\"https:\/\/www.noidiqua.it\/Montale\/wp-content\/uploads\/2023\/04\/scuola-dellinfanzia-di-via-Rodari.png\",\"contentUrl\":\"https:\/\/www.noidiqua.it\/Montale\/wp-content\/uploads\/2023\/04\/scuola-dellinfanzia-di-via-Rodari.png\",\"width\":503,\"height\":335},{\"@type\":\"BreadcrumbList\",\"@id\":\"https:\/\/www.noidiqua.it\/Montale\/edilizia-scolastica-a-che-punto-siamo\/#breadcrumb\",\"itemListElement\":[{\"@type\":\"ListItem\",\"position\":1,\"name\":\"Home\",\"item\":\"https:\/\/www.noidiqua.it\/Montale\/\"},{\"@type\":\"ListItem\",\"position\":2,\"name\":\"Edilizia scolastica: a che punto siamo?\"}]},{\"@type\":\"WebSite\",\"@id\":\"https:\/\/www.noidiqua.it\/Montale\/#website\",\"url\":\"https:\/\/www.noidiqua.it\/Montale\/\",\"name\":\"Noi di Qua Testata giornalistica e di attualit\u00e0 di Agliana, Montale e Quarrata.\",\"description\":\"Testata Giornalistica Quarrata Montale Agliana\",\"potentialAction\":[{\"@type\":\"SearchAction\",\"target\":{\"@type\":\"EntryPoint\",\"urlTemplate\":\"https:\/\/www.noidiqua.it\/Montale\/?s={search_term_string}\"},\"query-input\":{\"@type\":\"PropertyValueSpecification\",\"valueRequired\":true,\"valueName\":\"search_term_string\"}}],\"inLanguage\":\"it-IT\"},{\"@type\":\"Person\",\"@id\":\"https:\/\/www.noidiqua.it\/Montale\/#\/schema\/person\/e2e6f44da50af0dae9c90ad168e471a4\",\"name\":\"Giacomo Bini\",\"image\":{\"@type\":\"ImageObject\",\"inLanguage\":\"it-IT\",\"@id\":\"https:\/\/www.noidiqua.it\/Montale\/#\/schema\/person\/image\/\",\"url\":\"https:\/\/secure.gravatar.com\/avatar\/e5c18ae41df5ae37397358f2c6046696187d51a120c5d0b8f0c49f7b606f46f4?s=96&d=mm&r=g\",\"contentUrl\":\"https:\/\/secure.gravatar.com\/avatar\/e5c18ae41df5ae37397358f2c6046696187d51a120c5d0b8f0c49f7b606f46f4?s=96&d=mm&r=g\",\"caption\":\"Giacomo Bini\"},\"url\":\"https:\/\/www.noidiqua.it\/Montale\/author\/giacomo-bini\/\"}]}<\/script>\n<!-- \/ Yoast SEO plugin. -->","yoast_head_json":{"title":"Edilizia scolastica: a che punto siamo? - Noi di Qua Testata giornalistica e di attualit\u00e0 di Agliana, Montale e Quarrata.","robots":{"index":"index","follow":"follow","max-snippet":"max-snippet:-1","max-image-preview":"max-image-preview:large","max-video-preview":"max-video-preview:-1"},"canonical":"https:\/\/www.noidiqua.it\/Montale\/edilizia-scolastica-a-che-punto-siamo\/","og_locale":"it_IT","og_type":"article","og_title":"Edilizia scolastica: a che punto siamo? - Noi di Qua Testata giornalistica e di attualit\u00e0 di Agliana, Montale e Quarrata.","og_description":"di Giacomo Bini marzo 2023 Facciamo il punto sulla situazione degli edifici scolastici del comune di Montale mettendo in evidenza le cose fatte e quelle da fare. Scuola Primaria Nerucci del capoluogo: E&#8217; stato eseguito un completo adeguamento sismico dell\u2019edificio (mancano solo le cosiddette \u201clinee vita\u201d, cio\u00e8 gli ancoraggi da predisporre sul tetto). L\u2019intervento [&hellip;]","og_url":"https:\/\/www.noidiqua.it\/Montale\/edilizia-scolastica-a-che-punto-siamo\/","og_site_name":"Noi di Qua Testata giornalistica e di attualit\u00e0 di Agliana, Montale e Quarrata.","article_publisher":"https:\/\/www.facebook.com\/noidiqua.trimestrale\/","article_published_time":"2023-03-13T09:28:37+00:00","article_modified_time":"2023-07-17T14:40:37+00:00","og_image":[{"url":"https:\/\/www.noidiqua.it\/Montale\/wp-content\/uploads\/2023\/04\/scuola-dellinfanzia-di-via-Rodari.png","type":"","width":"","height":""}],"author":"Giacomo Bini","twitter_misc":{"Scritto da":"Giacomo Bini","Tempo di lettura stimato":"4 minuti"},"schema":{"@context":"https:\/\/schema.org","@graph":[{"@type":"WebPage","@id":"https:\/\/www.noidiqua.it\/Montale\/edilizia-scolastica-a-che-punto-siamo\/","url":"https:\/\/www.noidiqua.it\/Montale\/edilizia-scolastica-a-che-punto-siamo\/","name":"Edilizia scolastica: a che punto siamo? - Noi di Qua Testata giornalistica e di attualit\u00e0 di Agliana, Montale e Quarrata.","isPartOf":{"@id":"https:\/\/www.noidiqua.it\/Montale\/#website"},"primaryImageOfPage":{"@id":"https:\/\/www.noidiqua.it\/Montale\/edilizia-scolastica-a-che-punto-siamo\/#primaryimage"},"image":{"@id":"https:\/\/www.noidiqua.it\/Montale\/edilizia-scolastica-a-che-punto-siamo\/#primaryimage"},"thumbnailUrl":"https:\/\/www.noidiqua.it\/Montale\/wp-content\/uploads\/2023\/04\/scuola-dellinfanzia-di-via-Rodari.png","datePublished":"2023-03-13T09:28:37+00:00","dateModified":"2023-07-17T14:40:37+00:00","author":{"@id":"https:\/\/www.noidiqua.it\/Montale\/#\/schema\/person\/e2e6f44da50af0dae9c90ad168e471a4"},"breadcrumb":{"@id":"https:\/\/www.noidiqua.it\/Montale\/edilizia-scolastica-a-che-punto-siamo\/#breadcrumb"},"inLanguage":"it-IT","potentialAction":[{"@type":"ReadAction","target":["https:\/\/www.noidiqua.it\/Montale\/edilizia-scolastica-a-che-punto-siamo\/"]}]},{"@type":"ImageObject","inLanguage":"it-IT","@id":"https:\/\/www.noidiqua.it\/Montale\/edilizia-scolastica-a-che-punto-siamo\/#primaryimage","url":"https:\/\/www.noidiqua.it\/Montale\/wp-content\/uploads\/2023\/04\/scuola-dellinfanzia-di-via-Rodari.png","contentUrl":"https:\/\/www.noidiqua.it\/Montale\/wp-content\/uploads\/2023\/04\/scuola-dellinfanzia-di-via-Rodari.png","width":503,"height":335},{"@type":"BreadcrumbList","@id":"https:\/\/www.noidiqua.it\/Montale\/edilizia-scolastica-a-che-punto-siamo\/#breadcrumb","itemListElement":[{"@type":"ListItem","position":1,"name":"Home","item":"https:\/\/www.noidiqua.it\/Montale\/"},{"@type":"ListItem","position":2,"name":"Edilizia scolastica: a che punto siamo?"}]},{"@type":"WebSite","@id":"https:\/\/www.noidiqua.it\/Montale\/#website","url":"https:\/\/www.noidiqua.it\/Montale\/","name":"Noi di Qua Testata giornalistica e di attualit\u00e0 di Agliana, Montale e Quarrata.","description":"Testata Giornalistica Quarrata Montale Agliana","potentialAction":[{"@type":"SearchAction","target":{"@type":"EntryPoint","urlTemplate":"https:\/\/www.noidiqua.it\/Montale\/?s={search_term_string}"},"query-input":{"@type":"PropertyValueSpecification","valueRequired":true,"valueName":"search_term_string"}}],"inLanguage":"it-IT"},{"@type":"Person","@id":"https:\/\/www.noidiqua.it\/Montale\/#\/schema\/person\/e2e6f44da50af0dae9c90ad168e471a4","name":"Giacomo Bini","image":{"@type":"ImageObject","inLanguage":"it-IT","@id":"https:\/\/www.noidiqua.it\/Montale\/#\/schema\/person\/image\/","url":"https:\/\/secure.gravatar.com\/avatar\/e5c18ae41df5ae37397358f2c6046696187d51a120c5d0b8f0c49f7b606f46f4?s=96&d=mm&r=g","contentUrl":"https:\/\/secure.gravatar.com\/avatar\/e5c18ae41df5ae37397358f2c6046696187d51a120c5d0b8f0c49f7b606f46f4?s=96&d=mm&r=g","caption":"Giacomo Bini"},"url":"https:\/\/www.noidiqua.it\/Montale\/author\/giacomo-bini\/"}]}},"_links":{"self":[{"href":"https:\/\/www.noidiqua.it\/Montale\/wp-json\/wp\/v2\/posts\/7958","targetHints":{"allow":["GET"]}}],"collection":[{"href":"https:\/\/www.noidiqua.it\/Montale\/wp-json\/wp\/v2\/posts"}],"about":[{"href":"https:\/\/www.noidiqua.it\/Montale\/wp-json\/wp\/v2\/types\/post"}],"author":[{"embeddable":true,"href":"https:\/\/www.noidiqua.it\/Montale\/wp-json\/wp\/v2\/users\/12"}],"replies":[{"embeddable":true,"href":"https:\/\/www.noidiqua.it\/Montale\/wp-json\/wp\/v2\/comments?post=7958"}],"version-history":[{"count":2,"href":"https:\/\/www.noidiqua.it\/Montale\/wp-json\/wp\/v2\/posts\/7958\/revisions"}],"predecessor-version":[{"id":8008,"href":"https:\/\/www.noidiqua.it\/Montale\/wp-json\/wp\/v2\/posts\/7958\/revisions\/8008"}],"wp:attachment":[{"href":"https:\/\/www.noidiqua.it\/Montale\/wp-json\/wp\/v2\/media?parent=7958"}],"wp:term":[{"taxonomy":"category","embeddable":true,"href":"https:\/\/www.noidiqua.it\/Montale\/wp-json\/wp\/v2\/categories?post=7958"},{"taxonomy":"post_tag","embeddable":true,"href":"https:\/\/www.noidiqua.it\/Montale\/wp-json\/wp\/v2\/tags?post=7958"}],"curies":[{"name":"wp","href":"https:\/\/api.w.org\/{rel}","templated":true}]}}