{"id":8021,"date":"2023-06-12T10:20:14","date_gmt":"2023-06-12T08:20:14","guid":{"rendered":"https:\/\/www.noidiqua.it\/Montale\/?p=8021"},"modified":"2023-10-18T17:53:21","modified_gmt":"2023-10-18T15:53:21","slug":"guido-mitidieri-la-logica-del-rimedio","status":"publish","type":"post","link":"https:\/\/www.noidiqua.it\/Montale\/guido-mitidieri-la-logica-del-rimedio\/","title":{"rendered":"Guido Mitidieri &#8211; la logica del rimedio"},"content":{"rendered":"<p style=\"text-align: justify;\"><em>di Giacomo Bini<\/em><\/p>\n<p style=\"text-align: justify;\"><em>giugno 2023<\/em><\/p>\n<p style=\"text-align: justify;\"><a href=\"https:\/\/www.noidiqua.it\/Montale\/wp-content\/uploads\/2023\/07\/Mitidieri-2.png\" rel=\"wp-prettyPhoto[8021]\"><img loading=\"lazy\" decoding=\"async\" class=\"aligncenter size-full wp-image-8022\" src=\"https:\/\/www.noidiqua.it\/Montale\/wp-content\/uploads\/2023\/07\/Mitidieri-2.png\" alt=\"\" width=\"508\" height=\"412\" srcset=\"https:\/\/www.noidiqua.it\/Montale\/wp-content\/uploads\/2023\/07\/Mitidieri-2.png 508w, https:\/\/www.noidiqua.it\/Montale\/wp-content\/uploads\/2023\/07\/Mitidieri-2-300x243.png 300w\" sizes=\"auto, (max-width: 508px) 100vw, 508px\" \/><\/a><\/p>\n<p class=\"p1\" style=\"text-align: justify;\">\u201c<strong>Progetto Cometa per il Sociale<\/strong>\u201d, associazione di Promozione Sociale con sede a Montale \u2013 <strong><a href=\"https:\/\/www.noidiqua.it\/Montale\/progetto-cometa-per-il-sociale-incontro-con-egidio-mitidieri\/\">trattata nello scorso numero<\/a><\/strong> \u2013 tra i vari progetti messi in programma, ha visto da poco la conclusione de \u201c<strong>La logica del rimedio<\/strong>\u201d.<\/p>\n<p class=\"p1\" style=\"text-align: justify;\">Abbiamo incontrato l\u2019architetto<strong> Guido Mitidieri<\/strong> ideatore e accompagnatore del percorso svoltosi presso i locali del centro polivalente G. Nerucci di Montale. Il ciclo di incontri si \u00e8 svolto nel periodo tra Marzo e Maggio 2023 e ha inteso affacciarsi, ci racconta Mitidieri, verso il significato di fondo di quell\u2019atteggiamento originario dell\u2019uomo che \u00e8 la volont\u00e0 di salvezza dalla sofferenza e dal dolore, e del fondamento di quella logica-base che presiede allo sforzo di escogitare rimedi all\u2019evidenza del passare del tempo.<\/p>\n<p class=\"p1\" style=\"text-align: justify;\">Guido Mitidieri, dopo aver conseguito la laurea magistrale in architettura nel 2015 a Firenze, nel 2016 si trasferisce in Finlandia dove muove i primi passi come architetto libero professionista e <strong>artista concettuale<\/strong> indipendente, ricoprendo diversi ruoli in molte realt\u00e0 locali. A partire dal 2021 segue il Master in \u201cDeath Studies and the End of Life\u201d presso l\u2019Universit\u00e0 degli studi di Padova, dove consegue il titolo in <strong>tanatologia<\/strong> e comincia ad approfondire in maniera sistematica il significato della \u201cdomanda originaria\u201d: \u201c<strong>ti esti<\/strong>\u2013 che cosa \u00e8\u201d, e le sue implicazioni con il mondo pratico, cos\u00ec apparentemente lontano da questi concetti astratti. Questo primo ciclo si \u00e8 svolto in cinque appuntamenti: \u201cLa bellezza come Rimedio\u201d, \u201cL\u2019orizzonte e il significato\u201d, \u201cTrasformazione e divenire\u201d, \u201cMemoria, morte e identit\u00e0\u201d e infine una presentazione di interviste \u201cDignity Therapy\u201d.<\/p>\n<p class=\"p1\" style=\"text-align: justify;\">Quando domandiamo cosa pensa di aver ottenuto con questi incontri Mitidieri risponde che proprio in uno degli incontri si \u00e8 soffermato sul verbo \u201carrivare\u201d. Durante l\u2019intervista riporta un esempio a lui caro fatto proprio in uno dei pomeriggi: <i>\u00abHo disegnato un sentiero che portava alla porta di una casa e ho posto questa domanda: se la Verit\u00e0 abita nella casa, il sentiero \u00e8 dentro o fuori dalla Verit\u00e0?. La risposta \u00e8 che il sentiero \u00e8 evidentemente fuori dalla casa della Verit\u00e0. Il concetto \u00e8 che alla Verit\u00e0 non ci si arriva con cammini e pratiche di vario tipo, ma \u00e8 ci\u00f2 in cui originariamente siamo\u00bb<\/i>. Durante gli incontri il nostro tanatologo ci dice di aver essere ricorso a vari espedienti per facilitare la comprensione ad un pubblico di non addetti ai lavori, aiutandosi di volta in volta con oggetti e grafiche originali; come nel quarto incontro, quello a suo dire pi\u00f9 gradito e interessante dove ha portato nella sala convegni del <strong>Centro Nerucci<\/strong> una piccola colonna greca e una pila di vasi da giardinaggio. Con questi due oggetti ha voluto cercare di far comprendere il grande sogno della filosofia tradizionale e il suo inevitabile tramonto. La colonna come mezzo di salvezza dal pericolo su cui si sale sopra, portandosi su un piano pi\u00f9 alto rispetto all\u2019instabilit\u00e0 e precariet\u00e0 del vivere e in questo modo rimanendo<strong> in-columi<\/strong>. La forma e la figura della colonna proporzionata, realizzata secondo misura, esprime la condizione per cui l\u2019uomo si salva dalla sofferenza e dal dolore contemplando l\u2019armonia divina del tutto. Dall\u2019altra parte la pila di vasi di plastica ad indicare la contemporaneit\u00e0, dove, tramontati gli immutabili, a salvare \u00e8 la capacit\u00e0 dell\u2019uomo di cantare l\u2019impotenza di qualsiasi tentativo da lui intrapreso di salvarsi dalla morte. Gli incontri si sono conclusi con la prospettiva inaudita, che \u00e8 destino dell\u2019uomo quello di mettere in discussione la sua fede fondamentale, ovvero quella di essere un mortale, facendo riferimento agli scritti del compianto filosofo bresciano <strong>Emanuele Severino<\/strong>.<\/p>","protected":false},"excerpt":{"rendered":"<p>di Giacomo Bini giugno 2023 \u201cProgetto Cometa per il Sociale\u201d, associazione di Promozione Sociale con sede a Montale \u2013 trattata nello scorso numero \u2013 tra i vari progetti messi in programma, ha visto da poco la conclusione de \u201cLa logica del rimedio\u201d. Abbiamo incontrato l\u2019architetto Guido Mitidieri ideatore e accompagnatore del percorso svoltosi presso [&hellip;]<\/p>","protected":false},"author":101011,"featured_media":0,"comment_status":"open","ping_status":"open","sticky":false,"template":"","format":"standard","meta":{"footnotes":""},"categories":[25,7],"tags":[3507,3510,3512,3457,3511,3506,3449,3508,3509],"class_list":["post-8021","post","type-post","status-publish","format-standard","hentry","category-curiosita-qt","category-mt","tag-artista-concettuale","tag-centro-nerucci","tag-emanuele-severino","tag-guido-mitidieri","tag-in-columi","tag-la-logica-del-rimedio","tag-progetto-cometa-per-il-sociale","tag-tanatologia","tag-ti-esti"],"yoast_head":"<!-- This site is optimized with the Yoast SEO plugin v25.5 - https:\/\/yoast.com\/wordpress\/plugins\/seo\/ -->\n<title>Guido Mitidieri - la logica del rimedio - Noi di Qua Testata giornalistica e di attualit\u00e0 di Agliana, Montale e Quarrata.<\/title>\n<meta name=\"robots\" content=\"index, follow, max-snippet:-1, max-image-preview:large, max-video-preview:-1\" \/>\n<link rel=\"canonical\" href=\"https:\/\/www.noidiqua.it\/Montale\/guido-mitidieri-la-logica-del-rimedio\/\" \/>\n<meta property=\"og:locale\" content=\"it_IT\" \/>\n<meta property=\"og:type\" content=\"article\" \/>\n<meta property=\"og:title\" content=\"Guido Mitidieri - la logica del rimedio - Noi di Qua Testata giornalistica e di attualit\u00e0 di Agliana, Montale e Quarrata.\" \/>\n<meta property=\"og:description\" content=\"di Giacomo Bini giugno 2023 \u201cProgetto Cometa per il Sociale\u201d, associazione di Promozione Sociale con sede a Montale \u2013 trattata nello scorso numero \u2013 tra i vari progetti messi in programma, ha visto da poco la conclusione de \u201cLa logica del rimedio\u201d. Abbiamo incontrato l\u2019architetto Guido Mitidieri ideatore e accompagnatore del percorso svoltosi presso [&hellip;]\" \/>\n<meta property=\"og:url\" content=\"https:\/\/www.noidiqua.it\/Montale\/guido-mitidieri-la-logica-del-rimedio\/\" \/>\n<meta property=\"og:site_name\" content=\"Noi di Qua Testata giornalistica e di attualit\u00e0 di Agliana, Montale e Quarrata.\" \/>\n<meta property=\"article:publisher\" content=\"https:\/\/www.facebook.com\/noidiqua.trimestrale\/\" \/>\n<meta property=\"article:published_time\" content=\"2023-06-12T08:20:14+00:00\" \/>\n<meta property=\"article:modified_time\" content=\"2023-10-18T15:53:21+00:00\" \/>\n<meta property=\"og:image\" content=\"https:\/\/www.noidiqua.it\/Montale\/wp-content\/uploads\/2023\/07\/Mitidieri-2.png\" \/>\n<meta name=\"author\" content=\"Serena Michelozzi\" \/>\n<meta name=\"twitter:label1\" content=\"Scritto da\" \/>\n\t<meta name=\"twitter:data1\" content=\"Serena Michelozzi\" \/>\n\t<meta name=\"twitter:label2\" content=\"Tempo di lettura stimato\" \/>\n\t<meta name=\"twitter:data2\" content=\"3 minuti\" \/>\n<script type=\"application\/ld+json\" class=\"yoast-schema-graph\">{\"@context\":\"https:\/\/schema.org\",\"@graph\":[{\"@type\":\"WebPage\",\"@id\":\"https:\/\/www.noidiqua.it\/Montale\/guido-mitidieri-la-logica-del-rimedio\/\",\"url\":\"https:\/\/www.noidiqua.it\/Montale\/guido-mitidieri-la-logica-del-rimedio\/\",\"name\":\"Guido Mitidieri - la logica del rimedio - Noi di Qua Testata giornalistica e di attualit\u00e0 di Agliana, Montale e Quarrata.\",\"isPartOf\":{\"@id\":\"https:\/\/www.noidiqua.it\/Montale\/#website\"},\"primaryImageOfPage\":{\"@id\":\"https:\/\/www.noidiqua.it\/Montale\/guido-mitidieri-la-logica-del-rimedio\/#primaryimage\"},\"image\":{\"@id\":\"https:\/\/www.noidiqua.it\/Montale\/guido-mitidieri-la-logica-del-rimedio\/#primaryimage\"},\"thumbnailUrl\":\"https:\/\/www.noidiqua.it\/Montale\/wp-content\/uploads\/2023\/07\/Mitidieri-2.png\",\"datePublished\":\"2023-06-12T08:20:14+00:00\",\"dateModified\":\"2023-10-18T15:53:21+00:00\",\"author\":{\"@id\":\"https:\/\/www.noidiqua.it\/Montale\/#\/schema\/person\/4763a96f0bdf332cc8a55478dbeba163\"},\"breadcrumb\":{\"@id\":\"https:\/\/www.noidiqua.it\/Montale\/guido-mitidieri-la-logica-del-rimedio\/#breadcrumb\"},\"inLanguage\":\"it-IT\",\"potentialAction\":[{\"@type\":\"ReadAction\",\"target\":[\"https:\/\/www.noidiqua.it\/Montale\/guido-mitidieri-la-logica-del-rimedio\/\"]}]},{\"@type\":\"ImageObject\",\"inLanguage\":\"it-IT\",\"@id\":\"https:\/\/www.noidiqua.it\/Montale\/guido-mitidieri-la-logica-del-rimedio\/#primaryimage\",\"url\":\"https:\/\/www.noidiqua.it\/Montale\/wp-content\/uploads\/2023\/07\/Mitidieri-2.png\",\"contentUrl\":\"https:\/\/www.noidiqua.it\/Montale\/wp-content\/uploads\/2023\/07\/Mitidieri-2.png\",\"width\":508,\"height\":412},{\"@type\":\"BreadcrumbList\",\"@id\":\"https:\/\/www.noidiqua.it\/Montale\/guido-mitidieri-la-logica-del-rimedio\/#breadcrumb\",\"itemListElement\":[{\"@type\":\"ListItem\",\"position\":1,\"name\":\"Home\",\"item\":\"https:\/\/www.noidiqua.it\/Montale\/\"},{\"@type\":\"ListItem\",\"position\":2,\"name\":\"Guido Mitidieri &#8211; la logica del rimedio\"}]},{\"@type\":\"WebSite\",\"@id\":\"https:\/\/www.noidiqua.it\/Montale\/#website\",\"url\":\"https:\/\/www.noidiqua.it\/Montale\/\",\"name\":\"Noi di Qua Testata giornalistica e di attualit\u00e0 di Agliana, Montale e Quarrata.\",\"description\":\"Testata Giornalistica Quarrata Montale Agliana\",\"potentialAction\":[{\"@type\":\"SearchAction\",\"target\":{\"@type\":\"EntryPoint\",\"urlTemplate\":\"https:\/\/www.noidiqua.it\/Montale\/?s={search_term_string}\"},\"query-input\":{\"@type\":\"PropertyValueSpecification\",\"valueRequired\":true,\"valueName\":\"search_term_string\"}}],\"inLanguage\":\"it-IT\"},{\"@type\":\"Person\",\"@id\":\"https:\/\/www.noidiqua.it\/Montale\/#\/schema\/person\/4763a96f0bdf332cc8a55478dbeba163\",\"name\":\"Serena Michelozzi\",\"image\":{\"@type\":\"ImageObject\",\"inLanguage\":\"it-IT\",\"@id\":\"https:\/\/www.noidiqua.it\/Montale\/#\/schema\/person\/image\/\",\"url\":\"https:\/\/secure.gravatar.com\/avatar\/a8efaab8953a1edb4943a89dbca993e803bf8bcf5221a8ff937a96a5b9914aab?s=96&d=mm&r=g\",\"contentUrl\":\"https:\/\/secure.gravatar.com\/avatar\/a8efaab8953a1edb4943a89dbca993e803bf8bcf5221a8ff937a96a5b9914aab?s=96&d=mm&r=g\",\"caption\":\"Serena Michelozzi\"},\"url\":\"https:\/\/www.noidiqua.it\/Montale\/author\/serena-michelozzi\/\"}]}<\/script>\n<!-- \/ Yoast SEO plugin. -->","yoast_head_json":{"title":"Guido Mitidieri - la logica del rimedio - Noi di Qua Testata giornalistica e di attualit\u00e0 di Agliana, Montale e Quarrata.","robots":{"index":"index","follow":"follow","max-snippet":"max-snippet:-1","max-image-preview":"max-image-preview:large","max-video-preview":"max-video-preview:-1"},"canonical":"https:\/\/www.noidiqua.it\/Montale\/guido-mitidieri-la-logica-del-rimedio\/","og_locale":"it_IT","og_type":"article","og_title":"Guido Mitidieri - la logica del rimedio - Noi di Qua Testata giornalistica e di attualit\u00e0 di Agliana, Montale e Quarrata.","og_description":"di Giacomo Bini giugno 2023 \u201cProgetto Cometa per il Sociale\u201d, associazione di Promozione Sociale con sede a Montale \u2013 trattata nello scorso numero \u2013 tra i vari progetti messi in programma, ha visto da poco la conclusione de \u201cLa logica del rimedio\u201d. Abbiamo incontrato l\u2019architetto Guido Mitidieri ideatore e accompagnatore del percorso svoltosi presso [&hellip;]","og_url":"https:\/\/www.noidiqua.it\/Montale\/guido-mitidieri-la-logica-del-rimedio\/","og_site_name":"Noi di Qua Testata giornalistica e di attualit\u00e0 di Agliana, Montale e Quarrata.","article_publisher":"https:\/\/www.facebook.com\/noidiqua.trimestrale\/","article_published_time":"2023-06-12T08:20:14+00:00","article_modified_time":"2023-10-18T15:53:21+00:00","og_image":[{"url":"https:\/\/www.noidiqua.it\/Montale\/wp-content\/uploads\/2023\/07\/Mitidieri-2.png","type":"","width":"","height":""}],"author":"Serena Michelozzi","twitter_misc":{"Scritto da":"Serena Michelozzi","Tempo di lettura stimato":"3 minuti"},"schema":{"@context":"https:\/\/schema.org","@graph":[{"@type":"WebPage","@id":"https:\/\/www.noidiqua.it\/Montale\/guido-mitidieri-la-logica-del-rimedio\/","url":"https:\/\/www.noidiqua.it\/Montale\/guido-mitidieri-la-logica-del-rimedio\/","name":"Guido Mitidieri - la logica del rimedio - Noi di Qua Testata giornalistica e di attualit\u00e0 di Agliana, Montale e Quarrata.","isPartOf":{"@id":"https:\/\/www.noidiqua.it\/Montale\/#website"},"primaryImageOfPage":{"@id":"https:\/\/www.noidiqua.it\/Montale\/guido-mitidieri-la-logica-del-rimedio\/#primaryimage"},"image":{"@id":"https:\/\/www.noidiqua.it\/Montale\/guido-mitidieri-la-logica-del-rimedio\/#primaryimage"},"thumbnailUrl":"https:\/\/www.noidiqua.it\/Montale\/wp-content\/uploads\/2023\/07\/Mitidieri-2.png","datePublished":"2023-06-12T08:20:14+00:00","dateModified":"2023-10-18T15:53:21+00:00","author":{"@id":"https:\/\/www.noidiqua.it\/Montale\/#\/schema\/person\/4763a96f0bdf332cc8a55478dbeba163"},"breadcrumb":{"@id":"https:\/\/www.noidiqua.it\/Montale\/guido-mitidieri-la-logica-del-rimedio\/#breadcrumb"},"inLanguage":"it-IT","potentialAction":[{"@type":"ReadAction","target":["https:\/\/www.noidiqua.it\/Montale\/guido-mitidieri-la-logica-del-rimedio\/"]}]},{"@type":"ImageObject","inLanguage":"it-IT","@id":"https:\/\/www.noidiqua.it\/Montale\/guido-mitidieri-la-logica-del-rimedio\/#primaryimage","url":"https:\/\/www.noidiqua.it\/Montale\/wp-content\/uploads\/2023\/07\/Mitidieri-2.png","contentUrl":"https:\/\/www.noidiqua.it\/Montale\/wp-content\/uploads\/2023\/07\/Mitidieri-2.png","width":508,"height":412},{"@type":"BreadcrumbList","@id":"https:\/\/www.noidiqua.it\/Montale\/guido-mitidieri-la-logica-del-rimedio\/#breadcrumb","itemListElement":[{"@type":"ListItem","position":1,"name":"Home","item":"https:\/\/www.noidiqua.it\/Montale\/"},{"@type":"ListItem","position":2,"name":"Guido Mitidieri &#8211; la logica del rimedio"}]},{"@type":"WebSite","@id":"https:\/\/www.noidiqua.it\/Montale\/#website","url":"https:\/\/www.noidiqua.it\/Montale\/","name":"Noi di Qua Testata giornalistica e di attualit\u00e0 di Agliana, Montale e Quarrata.","description":"Testata Giornalistica Quarrata Montale Agliana","potentialAction":[{"@type":"SearchAction","target":{"@type":"EntryPoint","urlTemplate":"https:\/\/www.noidiqua.it\/Montale\/?s={search_term_string}"},"query-input":{"@type":"PropertyValueSpecification","valueRequired":true,"valueName":"search_term_string"}}],"inLanguage":"it-IT"},{"@type":"Person","@id":"https:\/\/www.noidiqua.it\/Montale\/#\/schema\/person\/4763a96f0bdf332cc8a55478dbeba163","name":"Serena Michelozzi","image":{"@type":"ImageObject","inLanguage":"it-IT","@id":"https:\/\/www.noidiqua.it\/Montale\/#\/schema\/person\/image\/","url":"https:\/\/secure.gravatar.com\/avatar\/a8efaab8953a1edb4943a89dbca993e803bf8bcf5221a8ff937a96a5b9914aab?s=96&d=mm&r=g","contentUrl":"https:\/\/secure.gravatar.com\/avatar\/a8efaab8953a1edb4943a89dbca993e803bf8bcf5221a8ff937a96a5b9914aab?s=96&d=mm&r=g","caption":"Serena Michelozzi"},"url":"https:\/\/www.noidiqua.it\/Montale\/author\/serena-michelozzi\/"}]}},"_links":{"self":[{"href":"https:\/\/www.noidiqua.it\/Montale\/wp-json\/wp\/v2\/posts\/8021","targetHints":{"allow":["GET"]}}],"collection":[{"href":"https:\/\/www.noidiqua.it\/Montale\/wp-json\/wp\/v2\/posts"}],"about":[{"href":"https:\/\/www.noidiqua.it\/Montale\/wp-json\/wp\/v2\/types\/post"}],"author":[{"embeddable":true,"href":"https:\/\/www.noidiqua.it\/Montale\/wp-json\/wp\/v2\/users\/101011"}],"replies":[{"embeddable":true,"href":"https:\/\/www.noidiqua.it\/Montale\/wp-json\/wp\/v2\/comments?post=8021"}],"version-history":[{"count":2,"href":"https:\/\/www.noidiqua.it\/Montale\/wp-json\/wp\/v2\/posts\/8021\/revisions"}],"predecessor-version":[{"id":8396,"href":"https:\/\/www.noidiqua.it\/Montale\/wp-json\/wp\/v2\/posts\/8021\/revisions\/8396"}],"wp:attachment":[{"href":"https:\/\/www.noidiqua.it\/Montale\/wp-json\/wp\/v2\/media?parent=8021"}],"wp:term":[{"taxonomy":"category","embeddable":true,"href":"https:\/\/www.noidiqua.it\/Montale\/wp-json\/wp\/v2\/categories?post=8021"},{"taxonomy":"post_tag","embeddable":true,"href":"https:\/\/www.noidiqua.it\/Montale\/wp-json\/wp\/v2\/tags?post=8021"}],"curies":[{"name":"wp","href":"https:\/\/api.w.org\/{rel}","templated":true}]}}