{"id":8024,"date":"2023-06-12T10:28:43","date_gmt":"2023-06-12T08:28:43","guid":{"rendered":"https:\/\/www.noidiqua.it\/Montale\/?p=8024"},"modified":"2023-10-18T17:51:19","modified_gmt":"2023-10-18T15:51:19","slug":"centro-giovani-di-montale","status":"publish","type":"post","link":"https:\/\/www.noidiqua.it\/Montale\/centro-giovani-di-montale\/","title":{"rendered":"Centro Giovani di Montale"},"content":{"rendered":"<p style=\"text-align: justify;\"><em>di Giacomo Bini<\/em><\/p>\n<p style=\"text-align: justify;\"><em>giugno 2023<\/em><\/p>\n<p style=\"text-align: justify;\"><a href=\"https:\/\/www.noidiqua.it\/Montale\/wp-content\/uploads\/2023\/07\/centro-giovani.png\" rel=\"wp-prettyPhoto[8024]\"><img loading=\"lazy\" decoding=\"async\" class=\"aligncenter size-full wp-image-8025\" src=\"https:\/\/www.noidiqua.it\/Montale\/wp-content\/uploads\/2023\/07\/centro-giovani.png\" alt=\"\" width=\"501\" height=\"346\" srcset=\"https:\/\/www.noidiqua.it\/Montale\/wp-content\/uploads\/2023\/07\/centro-giovani.png 501w, https:\/\/www.noidiqua.it\/Montale\/wp-content\/uploads\/2023\/07\/centro-giovani-300x207.png 300w\" sizes=\"auto, (max-width: 501px) 100vw, 501px\" \/><\/a><\/p>\n<p class=\"p1\" style=\"text-align: justify;\">Dallo scorso aprile esiste a <strong>Montale<\/strong>, per la prima volta, una struttura totalmente dedicata ai giovani dai 14 ai 20 anni, una fascia di et\u00e0 spesso dimenticata dai servizi di carattere sociale e culturale. Per riempire questa lacuna l\u2019Amministrazione Comunale ha inaugurato il nuovo <strong>Centro Giovani di Montale<\/strong> nei locali della ex sala consiliare della Badia in via Boccaccio.<\/p>\n<p class=\"p1\" style=\"text-align: justify;\">L\u2019iniziativa \u00e8 stata promossa e seguita soprattutto dall\u2019assessore al sociale <strong>Sandra Neri<\/strong> e il Comune si \u00e8 avvalso di un contributo della Regione Toscana sulla base della legge regionale per le iniziative culturali e di aggregazione rivolte alle nuove generazioni. L\u2019obiettivo \u00e8 fornire ai<strong> ragazzi<\/strong> di Montale uno spazio non solo per l\u2019aggregazione e la socializzazione ma anche per fare esperienze di attivit\u00e0 nuove seguendo i propri interessi e la propria <strong>creativit\u00e0<\/strong>. La gestione del Centro Giovani sar\u00e0 curata dalla Cooperativa Intrecci di Pistoia. <i>\u00abNoi siamo qui innanzitutto per ascoltare i giovani\u00bb<\/i> dice Alessandro Soldi della Cooperativa Intrecci <i>\u00abe cercare di trasformare in realt\u00e0 i loro bisogni\u00bb<\/i>. Il Centro ha iniziato con tre laboratori: un <strong>laboratorio radiofonico<\/strong> (tutti i luned\u00ec dalle 21 alle 23) a cura di Fango Radio e i laboratori condotti da due performer, una di <strong>danza<\/strong> e canto e un\u2019altra di Hip-Hop. Il centro \u00e8 aperto per tre pomeriggi e per due serate alla settimana: il luned\u00ec dalle 15,30 alle 18,30 e dalle 21 alle 23, il mercoled\u00ec dalle 16,30 alle 18,30, il gioved\u00ec dalle 21 alle 23 e il venerd\u00ec dalle 15,30 alle 18,30. Anche gli orari, cos\u00ec come le attivit\u00e0, potranno cambiare in base alle esigenze dei giovani che frequenteranno il nuovo spazio. Per partecipare ai laboratori e alle varie attivit\u00e0 sar\u00e0 necessario effettuare una prenotazione scrivendo all\u2019indirizzo mail progettogiovani@comune.montale.pt.it.<\/p>\n<p class=\"p1\" style=\"text-align: justify;\">Nel centro si possono ritirare, durante gli orari di apertura, anche le mazze e le palline per giocare nel vicino campo da <strong>minigolf<\/strong> nello spazio verde della Badia. Il Centro \u00e8 dotato di una pagina Istagram per dare informazioni e per mostrare le attivit\u00e0 svolte e le opportunit\u00e0 offerte dal nuovo Centro. L\u2019intenzione del Comune e anche della <strong>Cooperativa Intrecci<\/strong> \u00e8 di coinvolgere gradualmente nelle attivit\u00e0 anche le associazioni del paese e le scuole.<\/p>\n<p class=\"p1\" style=\"text-align: justify;\">L\u2019inaugurazione del Centro Giovani ha visto una notevole partecipazione di pubblico e di rappresentanti di diverse associazioni del territorio. Dopo il saluto del sindaco <strong>Ferdinando Betti<\/strong>, che ha sottolineato l\u2019importanza per Montale della nuova struttura, \u00e8 intervenuta l\u2019assessora alle politiche sociali Sandra Neri che ha spiegato le motivazioni dell\u2019Amministrazione Comunale. <i>\u00abE&#8217; dallo scorso mandato amministrativo\u00bb<\/i> ha detto <i>\u00abche volevamo creare uno spazio per i giovani, l\u2019opportunit\u00e0 si \u00e8 creata dopo il trasferimento della sala consiliare alla villa Smilea che ha liberato i locali della Badia. Siamo quindi molto soddisfatti di poter offrire ai giovani, anche grazie al contributo della Regione Toscana, questa Centro a loro dedicato, che per Montale \u00e8 una iniziativa del tutto nuova\u00bb<\/i>. E&#8217; stata l\u2019assessora Neri a scoprire la targa del Centro Giovani posta accanto alla porta d\u2019ingresso della ex sala consiliare della Badia. Nel corso dell\u2019inaugurazione del Centro Giovani di Montale si \u00e8 tenuta un\u2019esibizione delle ragazze e dei ragazzi della<strong> Officina delle Opportunit\u00e0<\/strong> e degli esperti che animeranno i primi laboratori: Giulia Mosca, insegnante di canto e Emanuele Iervolino, insegnante di Hip Hop e di Street Dance. Il breve spettacolo, di canto, danza e recitazione, messo in scena nella sala della Badia \u00e8 stato incentrato sul tema dell\u2019esigenza per i giovani di sognare e di non aver paura a inseguire i propri sogni. E&#8217; stato un augurio e una iniezione di <strong>fiducia<\/strong> a cui da ora in poi \u00e8 affidata la vita del nuovo Centro di via Boccaccio.<\/p>","protected":false},"excerpt":{"rendered":"<p>di Giacomo Bini giugno 2023 Dallo scorso aprile esiste a Montale, per la prima volta, una struttura totalmente dedicata ai giovani dai 14 ai 20 anni, una fascia di et\u00e0 spesso dimenticata dai servizi di carattere sociale e culturale. Per riempire questa lacuna l\u2019Amministrazione Comunale ha inaugurato il nuovo Centro Giovani di Montale nei [&hellip;]<\/p>","protected":false},"author":12,"featured_media":0,"comment_status":"open","ping_status":"open","sticky":false,"template":"","format":"standard","meta":{"footnotes":""},"categories":[7,12],"tags":[3513,3517,2856,1540,437,3519,3515,3516,995,3518,3081,3514],"class_list":["post-8024","post","type-post","status-publish","format-standard","hentry","category-mt","category-solidarieta-qt","tag-centro-giovani-di-montale","tag-cooperativa-intrecci","tag-creativita","tag-danza","tag-ferdinando-betti","tag-fiducia","tag-laboratorio-radiofonico","tag-minigolf","tag-mt","tag-officina-delle-opportunita","tag-ragazzi","tag-sandra-neri"],"yoast_head":"<!-- This site is optimized with the Yoast SEO plugin v25.5 - https:\/\/yoast.com\/wordpress\/plugins\/seo\/ -->\n<title>Centro Giovani di Montale - Noi di Qua Testata giornalistica e di attualit\u00e0 di Agliana, Montale e Quarrata.<\/title>\n<meta name=\"robots\" content=\"index, follow, max-snippet:-1, max-image-preview:large, max-video-preview:-1\" \/>\n<link rel=\"canonical\" href=\"https:\/\/www.noidiqua.it\/Montale\/centro-giovani-di-montale\/\" \/>\n<meta property=\"og:locale\" content=\"it_IT\" \/>\n<meta property=\"og:type\" content=\"article\" \/>\n<meta property=\"og:title\" content=\"Centro Giovani di Montale - Noi di Qua Testata giornalistica e di attualit\u00e0 di Agliana, Montale e Quarrata.\" \/>\n<meta property=\"og:description\" content=\"di Giacomo Bini giugno 2023 Dallo scorso aprile esiste a Montale, per la prima volta, una struttura totalmente dedicata ai giovani dai 14 ai 20 anni, una fascia di et\u00e0 spesso dimenticata dai servizi di carattere sociale e culturale. Per riempire questa lacuna l\u2019Amministrazione Comunale ha inaugurato il nuovo Centro Giovani di Montale nei [&hellip;]\" \/>\n<meta property=\"og:url\" content=\"https:\/\/www.noidiqua.it\/Montale\/centro-giovani-di-montale\/\" \/>\n<meta property=\"og:site_name\" content=\"Noi di Qua Testata giornalistica e di attualit\u00e0 di Agliana, Montale e Quarrata.\" \/>\n<meta property=\"article:publisher\" content=\"https:\/\/www.facebook.com\/noidiqua.trimestrale\/\" \/>\n<meta property=\"article:published_time\" content=\"2023-06-12T08:28:43+00:00\" \/>\n<meta property=\"article:modified_time\" content=\"2023-10-18T15:51:19+00:00\" \/>\n<meta property=\"og:image\" content=\"https:\/\/www.noidiqua.it\/Montale\/wp-content\/uploads\/2023\/07\/centro-giovani.png\" \/>\n<meta name=\"author\" content=\"Giacomo Bini\" \/>\n<meta name=\"twitter:label1\" content=\"Scritto da\" \/>\n\t<meta name=\"twitter:data1\" content=\"Giacomo Bini\" \/>\n\t<meta name=\"twitter:label2\" content=\"Tempo di lettura stimato\" \/>\n\t<meta name=\"twitter:data2\" content=\"3 minuti\" \/>\n<script type=\"application\/ld+json\" class=\"yoast-schema-graph\">{\"@context\":\"https:\/\/schema.org\",\"@graph\":[{\"@type\":\"WebPage\",\"@id\":\"https:\/\/www.noidiqua.it\/Montale\/centro-giovani-di-montale\/\",\"url\":\"https:\/\/www.noidiqua.it\/Montale\/centro-giovani-di-montale\/\",\"name\":\"Centro Giovani di Montale - Noi di Qua Testata giornalistica e di attualit\u00e0 di Agliana, Montale e Quarrata.\",\"isPartOf\":{\"@id\":\"https:\/\/www.noidiqua.it\/Montale\/#website\"},\"primaryImageOfPage\":{\"@id\":\"https:\/\/www.noidiqua.it\/Montale\/centro-giovani-di-montale\/#primaryimage\"},\"image\":{\"@id\":\"https:\/\/www.noidiqua.it\/Montale\/centro-giovani-di-montale\/#primaryimage\"},\"thumbnailUrl\":\"https:\/\/www.noidiqua.it\/Montale\/wp-content\/uploads\/2023\/07\/centro-giovani.png\",\"datePublished\":\"2023-06-12T08:28:43+00:00\",\"dateModified\":\"2023-10-18T15:51:19+00:00\",\"author\":{\"@id\":\"https:\/\/www.noidiqua.it\/Montale\/#\/schema\/person\/e2e6f44da50af0dae9c90ad168e471a4\"},\"breadcrumb\":{\"@id\":\"https:\/\/www.noidiqua.it\/Montale\/centro-giovani-di-montale\/#breadcrumb\"},\"inLanguage\":\"it-IT\",\"potentialAction\":[{\"@type\":\"ReadAction\",\"target\":[\"https:\/\/www.noidiqua.it\/Montale\/centro-giovani-di-montale\/\"]}]},{\"@type\":\"ImageObject\",\"inLanguage\":\"it-IT\",\"@id\":\"https:\/\/www.noidiqua.it\/Montale\/centro-giovani-di-montale\/#primaryimage\",\"url\":\"https:\/\/www.noidiqua.it\/Montale\/wp-content\/uploads\/2023\/07\/centro-giovani.png\",\"contentUrl\":\"https:\/\/www.noidiqua.it\/Montale\/wp-content\/uploads\/2023\/07\/centro-giovani.png\",\"width\":501,\"height\":346},{\"@type\":\"BreadcrumbList\",\"@id\":\"https:\/\/www.noidiqua.it\/Montale\/centro-giovani-di-montale\/#breadcrumb\",\"itemListElement\":[{\"@type\":\"ListItem\",\"position\":1,\"name\":\"Home\",\"item\":\"https:\/\/www.noidiqua.it\/Montale\/\"},{\"@type\":\"ListItem\",\"position\":2,\"name\":\"Centro Giovani di Montale\"}]},{\"@type\":\"WebSite\",\"@id\":\"https:\/\/www.noidiqua.it\/Montale\/#website\",\"url\":\"https:\/\/www.noidiqua.it\/Montale\/\",\"name\":\"Noi di Qua Testata giornalistica e di attualit\u00e0 di Agliana, Montale e Quarrata.\",\"description\":\"Testata Giornalistica Quarrata Montale Agliana\",\"potentialAction\":[{\"@type\":\"SearchAction\",\"target\":{\"@type\":\"EntryPoint\",\"urlTemplate\":\"https:\/\/www.noidiqua.it\/Montale\/?s={search_term_string}\"},\"query-input\":{\"@type\":\"PropertyValueSpecification\",\"valueRequired\":true,\"valueName\":\"search_term_string\"}}],\"inLanguage\":\"it-IT\"},{\"@type\":\"Person\",\"@id\":\"https:\/\/www.noidiqua.it\/Montale\/#\/schema\/person\/e2e6f44da50af0dae9c90ad168e471a4\",\"name\":\"Giacomo Bini\",\"image\":{\"@type\":\"ImageObject\",\"inLanguage\":\"it-IT\",\"@id\":\"https:\/\/www.noidiqua.it\/Montale\/#\/schema\/person\/image\/\",\"url\":\"https:\/\/secure.gravatar.com\/avatar\/e5c18ae41df5ae37397358f2c6046696187d51a120c5d0b8f0c49f7b606f46f4?s=96&d=mm&r=g\",\"contentUrl\":\"https:\/\/secure.gravatar.com\/avatar\/e5c18ae41df5ae37397358f2c6046696187d51a120c5d0b8f0c49f7b606f46f4?s=96&d=mm&r=g\",\"caption\":\"Giacomo Bini\"},\"url\":\"https:\/\/www.noidiqua.it\/Montale\/author\/giacomo-bini\/\"}]}<\/script>\n<!-- \/ Yoast SEO plugin. -->","yoast_head_json":{"title":"Centro Giovani di Montale - Noi di Qua Testata giornalistica e di attualit\u00e0 di Agliana, Montale e Quarrata.","robots":{"index":"index","follow":"follow","max-snippet":"max-snippet:-1","max-image-preview":"max-image-preview:large","max-video-preview":"max-video-preview:-1"},"canonical":"https:\/\/www.noidiqua.it\/Montale\/centro-giovani-di-montale\/","og_locale":"it_IT","og_type":"article","og_title":"Centro Giovani di Montale - Noi di Qua Testata giornalistica e di attualit\u00e0 di Agliana, Montale e Quarrata.","og_description":"di Giacomo Bini giugno 2023 Dallo scorso aprile esiste a Montale, per la prima volta, una struttura totalmente dedicata ai giovani dai 14 ai 20 anni, una fascia di et\u00e0 spesso dimenticata dai servizi di carattere sociale e culturale. Per riempire questa lacuna l\u2019Amministrazione Comunale ha inaugurato il nuovo Centro Giovani di Montale nei [&hellip;]","og_url":"https:\/\/www.noidiqua.it\/Montale\/centro-giovani-di-montale\/","og_site_name":"Noi di Qua Testata giornalistica e di attualit\u00e0 di Agliana, Montale e Quarrata.","article_publisher":"https:\/\/www.facebook.com\/noidiqua.trimestrale\/","article_published_time":"2023-06-12T08:28:43+00:00","article_modified_time":"2023-10-18T15:51:19+00:00","og_image":[{"url":"https:\/\/www.noidiqua.it\/Montale\/wp-content\/uploads\/2023\/07\/centro-giovani.png","type":"","width":"","height":""}],"author":"Giacomo Bini","twitter_misc":{"Scritto da":"Giacomo Bini","Tempo di lettura stimato":"3 minuti"},"schema":{"@context":"https:\/\/schema.org","@graph":[{"@type":"WebPage","@id":"https:\/\/www.noidiqua.it\/Montale\/centro-giovani-di-montale\/","url":"https:\/\/www.noidiqua.it\/Montale\/centro-giovani-di-montale\/","name":"Centro Giovani di Montale - Noi di Qua Testata giornalistica e di attualit\u00e0 di Agliana, Montale e Quarrata.","isPartOf":{"@id":"https:\/\/www.noidiqua.it\/Montale\/#website"},"primaryImageOfPage":{"@id":"https:\/\/www.noidiqua.it\/Montale\/centro-giovani-di-montale\/#primaryimage"},"image":{"@id":"https:\/\/www.noidiqua.it\/Montale\/centro-giovani-di-montale\/#primaryimage"},"thumbnailUrl":"https:\/\/www.noidiqua.it\/Montale\/wp-content\/uploads\/2023\/07\/centro-giovani.png","datePublished":"2023-06-12T08:28:43+00:00","dateModified":"2023-10-18T15:51:19+00:00","author":{"@id":"https:\/\/www.noidiqua.it\/Montale\/#\/schema\/person\/e2e6f44da50af0dae9c90ad168e471a4"},"breadcrumb":{"@id":"https:\/\/www.noidiqua.it\/Montale\/centro-giovani-di-montale\/#breadcrumb"},"inLanguage":"it-IT","potentialAction":[{"@type":"ReadAction","target":["https:\/\/www.noidiqua.it\/Montale\/centro-giovani-di-montale\/"]}]},{"@type":"ImageObject","inLanguage":"it-IT","@id":"https:\/\/www.noidiqua.it\/Montale\/centro-giovani-di-montale\/#primaryimage","url":"https:\/\/www.noidiqua.it\/Montale\/wp-content\/uploads\/2023\/07\/centro-giovani.png","contentUrl":"https:\/\/www.noidiqua.it\/Montale\/wp-content\/uploads\/2023\/07\/centro-giovani.png","width":501,"height":346},{"@type":"BreadcrumbList","@id":"https:\/\/www.noidiqua.it\/Montale\/centro-giovani-di-montale\/#breadcrumb","itemListElement":[{"@type":"ListItem","position":1,"name":"Home","item":"https:\/\/www.noidiqua.it\/Montale\/"},{"@type":"ListItem","position":2,"name":"Centro Giovani di Montale"}]},{"@type":"WebSite","@id":"https:\/\/www.noidiqua.it\/Montale\/#website","url":"https:\/\/www.noidiqua.it\/Montale\/","name":"Noi di Qua Testata giornalistica e di attualit\u00e0 di Agliana, Montale e Quarrata.","description":"Testata Giornalistica Quarrata Montale Agliana","potentialAction":[{"@type":"SearchAction","target":{"@type":"EntryPoint","urlTemplate":"https:\/\/www.noidiqua.it\/Montale\/?s={search_term_string}"},"query-input":{"@type":"PropertyValueSpecification","valueRequired":true,"valueName":"search_term_string"}}],"inLanguage":"it-IT"},{"@type":"Person","@id":"https:\/\/www.noidiqua.it\/Montale\/#\/schema\/person\/e2e6f44da50af0dae9c90ad168e471a4","name":"Giacomo Bini","image":{"@type":"ImageObject","inLanguage":"it-IT","@id":"https:\/\/www.noidiqua.it\/Montale\/#\/schema\/person\/image\/","url":"https:\/\/secure.gravatar.com\/avatar\/e5c18ae41df5ae37397358f2c6046696187d51a120c5d0b8f0c49f7b606f46f4?s=96&d=mm&r=g","contentUrl":"https:\/\/secure.gravatar.com\/avatar\/e5c18ae41df5ae37397358f2c6046696187d51a120c5d0b8f0c49f7b606f46f4?s=96&d=mm&r=g","caption":"Giacomo Bini"},"url":"https:\/\/www.noidiqua.it\/Montale\/author\/giacomo-bini\/"}]}},"_links":{"self":[{"href":"https:\/\/www.noidiqua.it\/Montale\/wp-json\/wp\/v2\/posts\/8024","targetHints":{"allow":["GET"]}}],"collection":[{"href":"https:\/\/www.noidiqua.it\/Montale\/wp-json\/wp\/v2\/posts"}],"about":[{"href":"https:\/\/www.noidiqua.it\/Montale\/wp-json\/wp\/v2\/types\/post"}],"author":[{"embeddable":true,"href":"https:\/\/www.noidiqua.it\/Montale\/wp-json\/wp\/v2\/users\/12"}],"replies":[{"embeddable":true,"href":"https:\/\/www.noidiqua.it\/Montale\/wp-json\/wp\/v2\/comments?post=8024"}],"version-history":[{"count":2,"href":"https:\/\/www.noidiqua.it\/Montale\/wp-json\/wp\/v2\/posts\/8024\/revisions"}],"predecessor-version":[{"id":8392,"href":"https:\/\/www.noidiqua.it\/Montale\/wp-json\/wp\/v2\/posts\/8024\/revisions\/8392"}],"wp:attachment":[{"href":"https:\/\/www.noidiqua.it\/Montale\/wp-json\/wp\/v2\/media?parent=8024"}],"wp:term":[{"taxonomy":"category","embeddable":true,"href":"https:\/\/www.noidiqua.it\/Montale\/wp-json\/wp\/v2\/categories?post=8024"},{"taxonomy":"post_tag","embeddable":true,"href":"https:\/\/www.noidiqua.it\/Montale\/wp-json\/wp\/v2\/tags?post=8024"}],"curies":[{"name":"wp","href":"https:\/\/api.w.org\/{rel}","templated":true}]}}