{"id":8047,"date":"2023-06-12T11:25:29","date_gmt":"2023-06-12T09:25:29","guid":{"rendered":"https:\/\/www.noidiqua.it\/Montale\/?p=8047"},"modified":"2023-10-18T17:50:14","modified_gmt":"2023-10-18T15:50:14","slug":"inceneritore-di-montale-quale-futuro","status":"publish","type":"post","link":"https:\/\/www.noidiqua.it\/Montale\/inceneritore-di-montale-quale-futuro\/","title":{"rendered":"Inceneritore di Montale: quale futuro?"},"content":{"rendered":"<p style=\"text-align: justify;\"><em>di Giacomo Bini<\/em>. Foto:\u00a0<a href=\"http:\/\/www.bellinigabriele.it\/\">Gabriele Bellini<\/a><\/p>\n<p style=\"text-align: justify;\"><em>giugno 2023<\/em><\/p>\n<p style=\"text-align: justify;\"><a href=\"https:\/\/www.noidiqua.it\/Montale\/wp-content\/uploads\/2021\/04\/inceneritore-1.png\" rel=\"wp-prettyPhoto[8047]\"><img loading=\"lazy\" decoding=\"async\" class=\"aligncenter size-full wp-image-5594\" src=\"https:\/\/www.noidiqua.it\/Montale\/wp-content\/uploads\/2021\/04\/inceneritore-1.png\" alt=\"\" width=\"474\" height=\"284\" srcset=\"https:\/\/www.noidiqua.it\/Montale\/wp-content\/uploads\/2021\/04\/inceneritore-1.png 474w, https:\/\/www.noidiqua.it\/Montale\/wp-content\/uploads\/2021\/04\/inceneritore-1-300x180.png 300w\" sizes=\"auto, (max-width: 474px) 100vw, 474px\" \/><\/a><\/p>\n<p style=\"text-align: justify;\">Si apre un periodo decisivo per il futuro dell\u2019inceneritore di Montale perch\u00e9 sono da poco scaduti i termini dell\u2019avviso pubblicato dal<strong>\u00a0Cis spa<\/strong>\u00a0per la presentazione di proposte\u00a0<em>\u201cper la riconversione e\/o ammodernamento e successiva gestione dell\u2019impianto di\u00a0<strong>termovalorizzazione<\/strong>\u00a0di Montale\u201d<\/em>.<\/p>\n<p style=\"text-align: justify;\">Nel momento in cui andiamo in stampa non sono state ancora rese pubbliche le proposte presentate, ma di sicuro, qualunque esse siano, saranno oggetto di una vasta discussione sia negli\u00a0<strong>organismi istituzionali<\/strong>\u00a0(commissioni consiliari e assemblee municipali) sia sugli organi di stampa, tra le forze politiche e nell\u2019opinione pubblica. I sindaci ed in particolare il sindaco di Montale hanno sempre assicurato che si sarebbe aperto un processo partecipato sulle proposte relative al futuro dell\u2019impianto di via Tobagi. L\u2019attesa \u00e8 molto viva perch\u00e9 \u00e8 da molto tempo che si parla di una<strong>\u00a0riconversione\u00a0<\/strong>dell\u2019inceneritore ma ancora il Cis e i tre Comuni della piana non hanno individuato progetti definiti su cui aprire una discussione.<\/p>\n<p style=\"text-align: justify;\">Quello che si sa per certo sono i criteri e le condizioni dettate dai tre comuni ed esplicitate nell\u2019avviso pubblico. In sostanza si tratta della\u00a0<strong>sostenibilit\u00e0 ambientale<\/strong>, del mantenimento dei posti di lavoro esistenti e della sostenibilit\u00e0 dal punto di vista economico-finanziario. Sui posti di lavoro l\u2019avviso impone la cosiddetta\u00a0<em>\u201c<strong>clausola sociale<\/strong>\u201d<\/em>\u00a0per realizzare la stabilit\u00e0 occupazionale. Dal punto di vista ambientale viene imposta una condizione relativa al quantitativo di rifiuti da trattare\u00a0<em>\u201cche non dovr\u00e0 discostarsi sensibilmente da quella attuale di 52mila tonnellate all\u2019anno\u201d<\/em>. L\u2019avviso richiede agli operatori proponenti il possesso di requisiti di carattere economico-finanziario, tra i quali aver svolto servizi affini a quello proposto di valore non inferiore al 50% dell\u2019investimento previsto sull\u2019impianto di Montale, e anche requisiti di carattere tecnico-organizzativo, in particolare\u00a0<em>\u201cl\u2019esperienza nella gestione di trattamento di rifiuti di potenzialit\u00e0 almeno pari\u201d<\/em>\u00a0a quella del termovalorizzatore esistente. La formula giuridico-economica scelta dal Cis per l\u2019intervento sull\u2019impianto \u00e8 quella del\u00a0<strong>project financing<\/strong>. In sostanza il Cis, nel caso ritenga idonea una proposta e proceda con la successiva gara, affider\u00e0 ad un operatore l\u2019area e l\u2019impianto attuali in cambio di un canone annuo. L\u2019operatore incaricato effettuer\u00e0 l\u2019investimento e dunque l\u2019intervento sull\u2019impianto e ne assumer\u00e0 la gestione. Nella proposta presentata l\u2019operatore doveva indicare anche la durata della concessione e l\u2019entit\u00e0 del\u00a0<strong>canone annuo<\/strong>.<\/p>\n<p style=\"text-align: justify;\"><a href=\"https:\/\/www.noidiqua.it\/Montale\/wp-content\/uploads\/2021\/04\/inceneritore-2.png\" rel=\"wp-prettyPhoto[8047]\"><img loading=\"lazy\" decoding=\"async\" class=\"aligncenter size-full wp-image-5595\" src=\"https:\/\/www.noidiqua.it\/Montale\/wp-content\/uploads\/2021\/04\/inceneritore-2.png\" alt=\"\" width=\"490\" height=\"299\" srcset=\"https:\/\/www.noidiqua.it\/Montale\/wp-content\/uploads\/2021\/04\/inceneritore-2.png 490w, https:\/\/www.noidiqua.it\/Montale\/wp-content\/uploads\/2021\/04\/inceneritore-2-300x183.png 300w\" sizes=\"auto, (max-width: 490px) 100vw, 490px\" \/><\/a><\/p>\n<p style=\"text-align: justify;\">Non appena \u00e8 stato pubblicato l\u2019avviso sono subito sorte delle polemiche perch\u00e9 il titolo dell\u2019avviso parla di\u00a0<em>\u201criconversione e\/o ammodernamento\u201d<\/em>\u00a0dell\u2019impianto. Che la riconversione, dunque la sostituzione dell\u2019impianto attuale con un impianto del tutto nuovo, non sia stata presentata come l\u2019unica strada da percorrere ma che nel titolo sia stata indicata anche la possibilit\u00e0 di un\u00a0<em>\u201c<strong>ammodernamento<\/strong>\u201d<\/em>\u00a0che fa pensare ad un mantenimento di un impianto basato sulla termovalorizzazione, ha suscitato subito qualche critica, per esempio dal Partito Democratico di Agliana. Nel consiglio comunale di Montale si \u00e8 sviluppata una discussione su questo punto al margine del dibattito sull\u2019aumento della Tari, che, come tutti sanno, \u00e8 dovuto anche alla carenza di impianti nella regione Toscana e alla necessit\u00e0 quindi di inviare parte dei rifiuti indifferenziati in altre regioni. Il capogruppo del centrodestra di Montale, Lorenzo Bandinelli, ha interpretato la presenza della parola\u00a0<em>\u201cammodernamento\u201d<\/em>\u00a0come\u00a0<em>\u201cuna marcia indietro\u201d<\/em>\u00a0rispetto alla decisione di procedere alla riconversione.<em>\u00a0\u00abSi va verso una soluzione di mantenimento dell\u2019impianto in altra forma\u00bb<\/em>\u00a0ha sostenuto Bandinelli\u00a0<em>\u00abQuesto \u00e8 un cambiamento di direzione rispetto alla prospettiva della chiusura\u00bb<\/em>. Il sindaco di Montale Ferdinando Betti ha ribadito, come altre volte, che sul tema degli impianti gli amministratori devono agire con senso di responsabilit\u00e0.\u00a0<em>\u00abTutti gli amministratori dicono che servono gli impianti\u00bb<\/em>\u00a0ha affermato Betti<em>\u00a0\u00abma poi non li vogliono nel loro territorio\u00bb<\/em>.<\/p>\n<p style=\"text-align: justify;\">La situazione degli impianti nella\u00a0<strong>regione Toscana\u00a0<\/strong>\u00e8 molto grave. Ogni anno ci sono 400mila tonnellate di rifiuto indifferenziato che in qualche modo vanno smaltite. Per anni la chiusura dell\u2019inceneritore di Montale \u00e8 apparsa condizionata dalla realizzazione dell\u2019inceneritore di Sesto Fiorentino che non \u00e8 mai stato fatto. Nel piano regionale dei rifiuti in fase di approvazione ci sono solo due righe sull\u2019inceneritore di Montale, nelle quali si afferma che<em>\u00a0\u201cil contratto di servizio per la gestione dell\u2019impianto scadr\u00e0 nel dicembre 2024\u201d<\/em>.<\/p>\n<p style=\"text-align: justify;\">Significa che nel 2024 l\u2019impianto chiuder\u00e0 e se ne avvier\u00e0 la riconversione? Chi vivr\u00e0 vedr\u00e0. Intanto andranno prese in esame e discusse le proposte presentate in risposta all\u2019avviso del Cis.<\/p>","protected":false},"excerpt":{"rendered":"<p>di Giacomo Bini. Foto:\u00a0Gabriele Bellini giugno 2023 Si apre un periodo decisivo per il futuro dell\u2019inceneritore di Montale perch\u00e9 sono da poco scaduti i termini dell\u2019avviso pubblicato dal\u00a0Cis spa\u00a0per la presentazione di proposte\u00a0\u201cper la riconversione e\/o ammodernamento e successiva gestione dell\u2019impianto di\u00a0termovalorizzazione\u00a0di Montale\u201d. Nel momento in cui andiamo in stampa non sono state ancora [&hellip;]<\/p>","protected":false},"author":12,"featured_media":0,"comment_status":"open","ping_status":"open","sticky":false,"template":"","format":"standard","meta":{"footnotes":""},"categories":[31,7],"tags":[3564,3563,3557,3561,3559,3562,485,1896,3560,3558],"class_list":["post-8047","post","type-post","status-publish","format-standard","hentry","category-storia-qt","category-mt","tag-ammodernamento","tag-canone-annuo","tag-cis-spa","tag-clausola-sociale","tag-organismi-istituzionali","tag-project-financing","tag-regione-toscana","tag-riconversione","tag-sostenibilita-ambientale","tag-termovalorizzazione"],"yoast_head":"<!-- This site is optimized with the Yoast SEO plugin v25.5 - https:\/\/yoast.com\/wordpress\/plugins\/seo\/ -->\n<title>Inceneritore di Montale: quale futuro? - Noi di Qua Testata giornalistica e di attualit\u00e0 di Agliana, Montale e Quarrata.<\/title>\n<meta name=\"robots\" content=\"index, follow, max-snippet:-1, max-image-preview:large, max-video-preview:-1\" \/>\n<link rel=\"canonical\" href=\"https:\/\/www.noidiqua.it\/Montale\/inceneritore-di-montale-quale-futuro\/\" \/>\n<meta property=\"og:locale\" content=\"it_IT\" \/>\n<meta property=\"og:type\" content=\"article\" \/>\n<meta property=\"og:title\" content=\"Inceneritore di Montale: quale futuro? - Noi di Qua Testata giornalistica e di attualit\u00e0 di Agliana, Montale e Quarrata.\" \/>\n<meta property=\"og:description\" content=\"di Giacomo Bini. Foto:\u00a0Gabriele Bellini giugno 2023 Si apre un periodo decisivo per il futuro dell\u2019inceneritore di Montale perch\u00e9 sono da poco scaduti i termini dell\u2019avviso pubblicato dal\u00a0Cis spa\u00a0per la presentazione di proposte\u00a0\u201cper la riconversione e\/o ammodernamento e successiva gestione dell\u2019impianto di\u00a0termovalorizzazione\u00a0di Montale\u201d. Nel momento in cui andiamo in stampa non sono state ancora [&hellip;]\" \/>\n<meta property=\"og:url\" content=\"https:\/\/www.noidiqua.it\/Montale\/inceneritore-di-montale-quale-futuro\/\" \/>\n<meta property=\"og:site_name\" content=\"Noi di Qua Testata giornalistica e di attualit\u00e0 di Agliana, Montale e Quarrata.\" \/>\n<meta property=\"article:publisher\" content=\"https:\/\/www.facebook.com\/noidiqua.trimestrale\/\" \/>\n<meta property=\"article:published_time\" content=\"2023-06-12T09:25:29+00:00\" \/>\n<meta property=\"article:modified_time\" content=\"2023-10-18T15:50:14+00:00\" \/>\n<meta property=\"og:image\" content=\"https:\/\/www.noidiqua.it\/Montale\/wp-content\/uploads\/2021\/04\/inceneritore-1.png\" \/>\n<meta name=\"author\" content=\"Giacomo Bini\" \/>\n<meta name=\"twitter:label1\" content=\"Scritto da\" \/>\n\t<meta name=\"twitter:data1\" content=\"Giacomo Bini\" \/>\n\t<meta name=\"twitter:label2\" content=\"Tempo di lettura stimato\" \/>\n\t<meta name=\"twitter:data2\" content=\"4 minuti\" \/>\n<script type=\"application\/ld+json\" class=\"yoast-schema-graph\">{\"@context\":\"https:\/\/schema.org\",\"@graph\":[{\"@type\":\"WebPage\",\"@id\":\"https:\/\/www.noidiqua.it\/Montale\/inceneritore-di-montale-quale-futuro\/\",\"url\":\"https:\/\/www.noidiqua.it\/Montale\/inceneritore-di-montale-quale-futuro\/\",\"name\":\"Inceneritore di Montale: quale futuro? - Noi di Qua Testata giornalistica e di attualit\u00e0 di Agliana, Montale e Quarrata.\",\"isPartOf\":{\"@id\":\"https:\/\/www.noidiqua.it\/Montale\/#website\"},\"primaryImageOfPage\":{\"@id\":\"https:\/\/www.noidiqua.it\/Montale\/inceneritore-di-montale-quale-futuro\/#primaryimage\"},\"image\":{\"@id\":\"https:\/\/www.noidiqua.it\/Montale\/inceneritore-di-montale-quale-futuro\/#primaryimage\"},\"thumbnailUrl\":\"https:\/\/www.noidiqua.it\/Montale\/wp-content\/uploads\/2021\/04\/inceneritore-1.png\",\"datePublished\":\"2023-06-12T09:25:29+00:00\",\"dateModified\":\"2023-10-18T15:50:14+00:00\",\"author\":{\"@id\":\"https:\/\/www.noidiqua.it\/Montale\/#\/schema\/person\/e2e6f44da50af0dae9c90ad168e471a4\"},\"breadcrumb\":{\"@id\":\"https:\/\/www.noidiqua.it\/Montale\/inceneritore-di-montale-quale-futuro\/#breadcrumb\"},\"inLanguage\":\"it-IT\",\"potentialAction\":[{\"@type\":\"ReadAction\",\"target\":[\"https:\/\/www.noidiqua.it\/Montale\/inceneritore-di-montale-quale-futuro\/\"]}]},{\"@type\":\"ImageObject\",\"inLanguage\":\"it-IT\",\"@id\":\"https:\/\/www.noidiqua.it\/Montale\/inceneritore-di-montale-quale-futuro\/#primaryimage\",\"url\":\"https:\/\/www.noidiqua.it\/Montale\/wp-content\/uploads\/2021\/04\/inceneritore-1.png\",\"contentUrl\":\"https:\/\/www.noidiqua.it\/Montale\/wp-content\/uploads\/2021\/04\/inceneritore-1.png\",\"width\":474,\"height\":284},{\"@type\":\"BreadcrumbList\",\"@id\":\"https:\/\/www.noidiqua.it\/Montale\/inceneritore-di-montale-quale-futuro\/#breadcrumb\",\"itemListElement\":[{\"@type\":\"ListItem\",\"position\":1,\"name\":\"Home\",\"item\":\"https:\/\/www.noidiqua.it\/Montale\/\"},{\"@type\":\"ListItem\",\"position\":2,\"name\":\"Inceneritore di Montale: quale futuro?\"}]},{\"@type\":\"WebSite\",\"@id\":\"https:\/\/www.noidiqua.it\/Montale\/#website\",\"url\":\"https:\/\/www.noidiqua.it\/Montale\/\",\"name\":\"Noi di Qua Testata giornalistica e di attualit\u00e0 di Agliana, Montale e Quarrata.\",\"description\":\"Testata Giornalistica Quarrata Montale Agliana\",\"potentialAction\":[{\"@type\":\"SearchAction\",\"target\":{\"@type\":\"EntryPoint\",\"urlTemplate\":\"https:\/\/www.noidiqua.it\/Montale\/?s={search_term_string}\"},\"query-input\":{\"@type\":\"PropertyValueSpecification\",\"valueRequired\":true,\"valueName\":\"search_term_string\"}}],\"inLanguage\":\"it-IT\"},{\"@type\":\"Person\",\"@id\":\"https:\/\/www.noidiqua.it\/Montale\/#\/schema\/person\/e2e6f44da50af0dae9c90ad168e471a4\",\"name\":\"Giacomo Bini\",\"image\":{\"@type\":\"ImageObject\",\"inLanguage\":\"it-IT\",\"@id\":\"https:\/\/www.noidiqua.it\/Montale\/#\/schema\/person\/image\/\",\"url\":\"https:\/\/secure.gravatar.com\/avatar\/e5c18ae41df5ae37397358f2c6046696187d51a120c5d0b8f0c49f7b606f46f4?s=96&d=mm&r=g\",\"contentUrl\":\"https:\/\/secure.gravatar.com\/avatar\/e5c18ae41df5ae37397358f2c6046696187d51a120c5d0b8f0c49f7b606f46f4?s=96&d=mm&r=g\",\"caption\":\"Giacomo Bini\"},\"url\":\"https:\/\/www.noidiqua.it\/Montale\/author\/giacomo-bini\/\"}]}<\/script>\n<!-- \/ Yoast SEO plugin. -->","yoast_head_json":{"title":"Inceneritore di Montale: quale futuro? - Noi di Qua Testata giornalistica e di attualit\u00e0 di Agliana, Montale e Quarrata.","robots":{"index":"index","follow":"follow","max-snippet":"max-snippet:-1","max-image-preview":"max-image-preview:large","max-video-preview":"max-video-preview:-1"},"canonical":"https:\/\/www.noidiqua.it\/Montale\/inceneritore-di-montale-quale-futuro\/","og_locale":"it_IT","og_type":"article","og_title":"Inceneritore di Montale: quale futuro? - Noi di Qua Testata giornalistica e di attualit\u00e0 di Agliana, Montale e Quarrata.","og_description":"di Giacomo Bini. Foto:\u00a0Gabriele Bellini giugno 2023 Si apre un periodo decisivo per il futuro dell\u2019inceneritore di Montale perch\u00e9 sono da poco scaduti i termini dell\u2019avviso pubblicato dal\u00a0Cis spa\u00a0per la presentazione di proposte\u00a0\u201cper la riconversione e\/o ammodernamento e successiva gestione dell\u2019impianto di\u00a0termovalorizzazione\u00a0di Montale\u201d. Nel momento in cui andiamo in stampa non sono state ancora [&hellip;]","og_url":"https:\/\/www.noidiqua.it\/Montale\/inceneritore-di-montale-quale-futuro\/","og_site_name":"Noi di Qua Testata giornalistica e di attualit\u00e0 di Agliana, Montale e Quarrata.","article_publisher":"https:\/\/www.facebook.com\/noidiqua.trimestrale\/","article_published_time":"2023-06-12T09:25:29+00:00","article_modified_time":"2023-10-18T15:50:14+00:00","og_image":[{"url":"https:\/\/www.noidiqua.it\/Montale\/wp-content\/uploads\/2021\/04\/inceneritore-1.png","type":"","width":"","height":""}],"author":"Giacomo Bini","twitter_misc":{"Scritto da":"Giacomo Bini","Tempo di lettura stimato":"4 minuti"},"schema":{"@context":"https:\/\/schema.org","@graph":[{"@type":"WebPage","@id":"https:\/\/www.noidiqua.it\/Montale\/inceneritore-di-montale-quale-futuro\/","url":"https:\/\/www.noidiqua.it\/Montale\/inceneritore-di-montale-quale-futuro\/","name":"Inceneritore di Montale: quale futuro? - Noi di Qua Testata giornalistica e di attualit\u00e0 di Agliana, Montale e Quarrata.","isPartOf":{"@id":"https:\/\/www.noidiqua.it\/Montale\/#website"},"primaryImageOfPage":{"@id":"https:\/\/www.noidiqua.it\/Montale\/inceneritore-di-montale-quale-futuro\/#primaryimage"},"image":{"@id":"https:\/\/www.noidiqua.it\/Montale\/inceneritore-di-montale-quale-futuro\/#primaryimage"},"thumbnailUrl":"https:\/\/www.noidiqua.it\/Montale\/wp-content\/uploads\/2021\/04\/inceneritore-1.png","datePublished":"2023-06-12T09:25:29+00:00","dateModified":"2023-10-18T15:50:14+00:00","author":{"@id":"https:\/\/www.noidiqua.it\/Montale\/#\/schema\/person\/e2e6f44da50af0dae9c90ad168e471a4"},"breadcrumb":{"@id":"https:\/\/www.noidiqua.it\/Montale\/inceneritore-di-montale-quale-futuro\/#breadcrumb"},"inLanguage":"it-IT","potentialAction":[{"@type":"ReadAction","target":["https:\/\/www.noidiqua.it\/Montale\/inceneritore-di-montale-quale-futuro\/"]}]},{"@type":"ImageObject","inLanguage":"it-IT","@id":"https:\/\/www.noidiqua.it\/Montale\/inceneritore-di-montale-quale-futuro\/#primaryimage","url":"https:\/\/www.noidiqua.it\/Montale\/wp-content\/uploads\/2021\/04\/inceneritore-1.png","contentUrl":"https:\/\/www.noidiqua.it\/Montale\/wp-content\/uploads\/2021\/04\/inceneritore-1.png","width":474,"height":284},{"@type":"BreadcrumbList","@id":"https:\/\/www.noidiqua.it\/Montale\/inceneritore-di-montale-quale-futuro\/#breadcrumb","itemListElement":[{"@type":"ListItem","position":1,"name":"Home","item":"https:\/\/www.noidiqua.it\/Montale\/"},{"@type":"ListItem","position":2,"name":"Inceneritore di Montale: quale futuro?"}]},{"@type":"WebSite","@id":"https:\/\/www.noidiqua.it\/Montale\/#website","url":"https:\/\/www.noidiqua.it\/Montale\/","name":"Noi di Qua Testata giornalistica e di attualit\u00e0 di Agliana, Montale e Quarrata.","description":"Testata Giornalistica Quarrata Montale Agliana","potentialAction":[{"@type":"SearchAction","target":{"@type":"EntryPoint","urlTemplate":"https:\/\/www.noidiqua.it\/Montale\/?s={search_term_string}"},"query-input":{"@type":"PropertyValueSpecification","valueRequired":true,"valueName":"search_term_string"}}],"inLanguage":"it-IT"},{"@type":"Person","@id":"https:\/\/www.noidiqua.it\/Montale\/#\/schema\/person\/e2e6f44da50af0dae9c90ad168e471a4","name":"Giacomo Bini","image":{"@type":"ImageObject","inLanguage":"it-IT","@id":"https:\/\/www.noidiqua.it\/Montale\/#\/schema\/person\/image\/","url":"https:\/\/secure.gravatar.com\/avatar\/e5c18ae41df5ae37397358f2c6046696187d51a120c5d0b8f0c49f7b606f46f4?s=96&d=mm&r=g","contentUrl":"https:\/\/secure.gravatar.com\/avatar\/e5c18ae41df5ae37397358f2c6046696187d51a120c5d0b8f0c49f7b606f46f4?s=96&d=mm&r=g","caption":"Giacomo Bini"},"url":"https:\/\/www.noidiqua.it\/Montale\/author\/giacomo-bini\/"}]}},"_links":{"self":[{"href":"https:\/\/www.noidiqua.it\/Montale\/wp-json\/wp\/v2\/posts\/8047","targetHints":{"allow":["GET"]}}],"collection":[{"href":"https:\/\/www.noidiqua.it\/Montale\/wp-json\/wp\/v2\/posts"}],"about":[{"href":"https:\/\/www.noidiqua.it\/Montale\/wp-json\/wp\/v2\/types\/post"}],"author":[{"embeddable":true,"href":"https:\/\/www.noidiqua.it\/Montale\/wp-json\/wp\/v2\/users\/12"}],"replies":[{"embeddable":true,"href":"https:\/\/www.noidiqua.it\/Montale\/wp-json\/wp\/v2\/comments?post=8047"}],"version-history":[{"count":2,"href":"https:\/\/www.noidiqua.it\/Montale\/wp-json\/wp\/v2\/posts\/8047\/revisions"}],"predecessor-version":[{"id":8390,"href":"https:\/\/www.noidiqua.it\/Montale\/wp-json\/wp\/v2\/posts\/8047\/revisions\/8390"}],"wp:attachment":[{"href":"https:\/\/www.noidiqua.it\/Montale\/wp-json\/wp\/v2\/media?parent=8047"}],"wp:term":[{"taxonomy":"category","embeddable":true,"href":"https:\/\/www.noidiqua.it\/Montale\/wp-json\/wp\/v2\/categories?post=8047"},{"taxonomy":"post_tag","embeddable":true,"href":"https:\/\/www.noidiqua.it\/Montale\/wp-json\/wp\/v2\/tags?post=8047"}],"curies":[{"name":"wp","href":"https:\/\/api.w.org\/{rel}","templated":true}]}}