{"id":8292,"date":"2023-09-05T09:27:57","date_gmt":"2023-09-05T07:27:57","guid":{"rendered":"https:\/\/www.noidiqua.it\/Montale\/?p=8292"},"modified":"2023-12-21T10:00:30","modified_gmt":"2023-12-21T09:00:30","slug":"veronica-marini-la-gioia-infinita-della-pittura","status":"publish","type":"post","link":"https:\/\/www.noidiqua.it\/Montale\/veronica-marini-la-gioia-infinita-della-pittura\/","title":{"rendered":"Veronica Marini &#8211; la gioia infinita della pittura"},"content":{"rendered":"<p style=\"text-align: justify;\"><em>di Serena Michelozzi<\/em><\/p>\n<p style=\"text-align: justify;\"><em>settembre 2023<\/em><\/p>\n<p style=\"text-align: justify;\"><a href=\"https:\/\/www.noidiqua.it\/Montale\/wp-content\/uploads\/2023\/10\/Marini-2.png\" rel=\"wp-prettyPhoto[8292]\"><img loading=\"lazy\" decoding=\"async\" class=\"aligncenter size-full wp-image-8293\" src=\"https:\/\/www.noidiqua.it\/Montale\/wp-content\/uploads\/2023\/10\/Marini-2.png\" alt=\"\" width=\"502\" height=\"368\" srcset=\"https:\/\/www.noidiqua.it\/Montale\/wp-content\/uploads\/2023\/10\/Marini-2.png 502w, https:\/\/www.noidiqua.it\/Montale\/wp-content\/uploads\/2023\/10\/Marini-2-300x220.png 300w\" sizes=\"auto, (max-width: 502px) 100vw, 502px\" \/><\/a><\/p>\n<p class=\"p1\" style=\"text-align: justify;\"><i>\u201cLa pittura di <strong>Veronica Marini<\/strong> \u00e8 ricca di suggestioni operate con parametri espressivi del tutto personali. Nei soggetti \u00e8 da rilevare il costante equilibrio delle forme collocate in una loro calibrata spazialit\u00e0. La sua tecnica del <strong>colore<\/strong> \u00e8 costituita da una tavolozza di intensa <strong>luminosit\u00e0<\/strong>\u2026\u201d<\/i> questa l\u2019appropriata descrizione da parte dell\u2019artista<a href=\"https:\/\/www.noidiqua.it\/Montale\/marcello-meucci-pittore-oltre-il-visibile\/\"><strong> Marcello Meucci<\/strong><\/a> delle opere della nostra pittrice montalese, Veronica Marini.<\/p>\n<p class=\"p1\" style=\"text-align: justify;\">Veronica ha conseguito il diploma di <strong>Maestra d\u2019Arte<\/strong> nel 1992 presso l\u2019Istituto Statale d\u2019Arte Bartolomeo Petrocchi di Pistoia. La sua formazione artistica si \u00e8 evoluta nel tempo da autodidatta. Due sue opere rappresentanti la sesta e la settima stagione della Via Crucis si trovano inserite nella collettiva permanente, allestita all\u2019interno della Chiesa di San Giovanni Evangelista a Montale. Le sue opere vengono commissionate variando da murales con studio precedente sul luogo a dipinti ad olio su tela, a <strong>decori<\/strong> per <strong>esterno<\/strong> sino a rimessa in pristino di affreschi.<\/p>\n<p style=\"text-align: justify;\"><a href=\"https:\/\/www.noidiqua.it\/Montale\/wp-content\/uploads\/2023\/10\/Marini-3.png\" rel=\"wp-prettyPhoto[8292]\"><img loading=\"lazy\" decoding=\"async\" class=\"aligncenter size-full wp-image-8294\" src=\"https:\/\/www.noidiqua.it\/Montale\/wp-content\/uploads\/2023\/10\/Marini-3.png\" alt=\"\" width=\"390\" height=\"389\" srcset=\"https:\/\/www.noidiqua.it\/Montale\/wp-content\/uploads\/2023\/10\/Marini-3.png 390w, https:\/\/www.noidiqua.it\/Montale\/wp-content\/uploads\/2023\/10\/Marini-3-300x300.png 300w, https:\/\/www.noidiqua.it\/Montale\/wp-content\/uploads\/2023\/10\/Marini-3-150x150.png 150w\" sizes=\"auto, (max-width: 390px) 100vw, 390px\" \/><\/a><\/p>\n<p class=\"p1\" style=\"text-align: justify;\"><i>\u00abDipingere mi d\u00e0 tranquillit\u00e0 e davanti alla tela trovo il modo di svagarmi, di estraniarmi dal mondo circostante, ritrovando la me bambina. E&#8217; per questo che nelle mie creazioni mi rifaccio molto all\u2019aspetto dell\u2019infanzia, ai miei legami familiari e alla fede. Il quadro deve esprimere quella che sono e lasciare un\u2019impronta di me. Apprezzo l\u2019arte astratta ma non \u00e8 nelle mie corde, in quanto i miei disegni sono prettamente figurativi. Adoro il colore e dare tanto movimento, utilizzando tele di 1x1m, cos\u00ec da avere la possibilit\u00e0 di spaziare\u00bb <\/i>ci racconta Veronica Marini, che, grazie all\u2019artista Meucci, entra a far parte dell\u2019<a href=\"https:\/\/www.noidiqua.it\/Montale\/gruppo-artistico-estrarte-incontro-con-marcello-meucci\/\"><strong>Associazione Estrarte di Montale<\/strong><\/a>, iniziando a esibire le proprie creazioni anche in varie mostre.<\/p>\n<p style=\"text-align: justify;\"><a href=\"https:\/\/www.noidiqua.it\/Montale\/wp-content\/uploads\/2023\/10\/Marini-1.png\" rel=\"wp-prettyPhoto[8292]\"><img loading=\"lazy\" decoding=\"async\" class=\"aligncenter size-full wp-image-8295\" src=\"https:\/\/www.noidiqua.it\/Montale\/wp-content\/uploads\/2023\/10\/Marini-1.png\" alt=\"\" width=\"506\" height=\"444\" srcset=\"https:\/\/www.noidiqua.it\/Montale\/wp-content\/uploads\/2023\/10\/Marini-1.png 506w, https:\/\/www.noidiqua.it\/Montale\/wp-content\/uploads\/2023\/10\/Marini-1-300x263.png 300w\" sizes=\"auto, (max-width: 506px) 100vw, 506px\" \/><\/a><\/p>\n<p class=\"p1\" style=\"text-align: justify;\">La prima mostra di Veronica \u00e8 stata, nel 1996, una collettiva presso la galleria del mezzanino di Pistoia, sino a quelle tenutesi presso le suore Mantellate di Treppio e dall\u2019associazione culturale Estrarte nel 2011 nel Comune di Agliana. A Settembre ha partecipato a Quarrata ad un <strong>vernissage<\/strong> di pittura e scultura di artisti della piana pistoiese, dove ha esposto tre di dieci sue ultime opere, legate tutte da un filo conduttore consistente nel concetto di dualismo e di significati contrapposti: ricchezza e povert\u00e0 che richiama l\u2019insegnamento di San Francesco, genitori e figli ed il giorno e la notte, il primo come se fosse un giullare, le cui burle e pensieri vengono risolti e accolti dalla notte.<\/p>\n<p style=\"text-align: justify;\"><a href=\"https:\/\/www.noidiqua.it\/Montale\/wp-content\/uploads\/2023\/10\/Marini-4.png\" rel=\"wp-prettyPhoto[8292]\"><img loading=\"lazy\" decoding=\"async\" class=\"aligncenter size-full wp-image-8296\" src=\"https:\/\/www.noidiqua.it\/Montale\/wp-content\/uploads\/2023\/10\/Marini-4.png\" alt=\"\" width=\"506\" height=\"378\" srcset=\"https:\/\/www.noidiqua.it\/Montale\/wp-content\/uploads\/2023\/10\/Marini-4.png 506w, https:\/\/www.noidiqua.it\/Montale\/wp-content\/uploads\/2023\/10\/Marini-4-300x224.png 300w\" sizes=\"auto, (max-width: 506px) 100vw, 506px\" \/><\/a><\/p>\n<p class=\"p1\" style=\"text-align: justify;\">Il sogno di Veronica sarebbe poi quello di organizzare una mostra personale a Villa Smilea di Montale, dove presentare tutte le sue ultime dieci opere sovra richiamate, che ad oggi sono quasi ultimate. Per chiunque fosse incuriosito dalla pittura della nostra <strong>artista montalese<\/strong>, la si pu\u00f2 trovare su Facebook come \u201c<strong>Verolandia<\/strong>\u201d.<\/p>","protected":false},"excerpt":{"rendered":"<p>di Serena Michelozzi settembre 2023 \u201cLa pittura di Veronica Marini \u00e8 ricca di suggestioni operate con parametri espressivi del tutto personali. Nei soggetti \u00e8 da rilevare il costante equilibrio delle forme collocate in una loro calibrata spazialit\u00e0. La sua tecnica del colore \u00e8 costituita da una tavolozza di intensa luminosit\u00e0\u2026\u201d questa l\u2019appropriata descrizione da [&hellip;]<\/p>","protected":false},"author":101011,"featured_media":0,"comment_status":"open","ping_status":"open","sticky":false,"template":"","format":"standard","meta":{"footnotes":""},"categories":[23,7],"tags":[1252,3622,3617,3620,3621,3618,3619,549,3623,3624,3616],"class_list":["post-8292","post","type-post","status-publish","format-standard","hentry","category-arte-artigianato-qt","category-mt","tag-artista-montalese","tag-associazione-estrarte-di-montale","tag-colore","tag-decori","tag-esterno","tag-luminosita","tag-maestra-darte","tag-marcello-meucci","tag-vernissage","tag-verolandia","tag-veronica-marini"],"yoast_head":"<!-- This site is optimized with the Yoast SEO plugin v25.5 - https:\/\/yoast.com\/wordpress\/plugins\/seo\/ -->\n<title>Veronica Marini - la gioia infinita della pittura - Noi di Qua Testata giornalistica e di attualit\u00e0 di Agliana, Montale e Quarrata.<\/title>\n<meta name=\"robots\" content=\"index, follow, max-snippet:-1, max-image-preview:large, max-video-preview:-1\" \/>\n<link rel=\"canonical\" href=\"https:\/\/www.noidiqua.it\/Montale\/veronica-marini-la-gioia-infinita-della-pittura\/\" \/>\n<meta property=\"og:locale\" content=\"it_IT\" \/>\n<meta property=\"og:type\" content=\"article\" \/>\n<meta property=\"og:title\" content=\"Veronica Marini - la gioia infinita della pittura - Noi di Qua Testata giornalistica e di attualit\u00e0 di Agliana, Montale e Quarrata.\" \/>\n<meta property=\"og:description\" content=\"di Serena Michelozzi settembre 2023 \u201cLa pittura di Veronica Marini \u00e8 ricca di suggestioni operate con parametri espressivi del tutto personali. Nei soggetti \u00e8 da rilevare il costante equilibrio delle forme collocate in una loro calibrata spazialit\u00e0. La sua tecnica del colore \u00e8 costituita da una tavolozza di intensa luminosit\u00e0\u2026\u201d questa l\u2019appropriata descrizione da [&hellip;]\" \/>\n<meta property=\"og:url\" content=\"https:\/\/www.noidiqua.it\/Montale\/veronica-marini-la-gioia-infinita-della-pittura\/\" \/>\n<meta property=\"og:site_name\" content=\"Noi di Qua Testata giornalistica e di attualit\u00e0 di Agliana, Montale e Quarrata.\" \/>\n<meta property=\"article:publisher\" content=\"https:\/\/www.facebook.com\/noidiqua.trimestrale\/\" \/>\n<meta property=\"article:published_time\" content=\"2023-09-05T07:27:57+00:00\" \/>\n<meta property=\"article:modified_time\" content=\"2023-12-21T09:00:30+00:00\" \/>\n<meta property=\"og:image\" content=\"https:\/\/www.noidiqua.it\/Montale\/wp-content\/uploads\/2023\/10\/Marini-2.png\" \/>\n<meta name=\"author\" content=\"Serena Michelozzi\" \/>\n<meta name=\"twitter:label1\" content=\"Scritto da\" \/>\n\t<meta name=\"twitter:data1\" content=\"Serena Michelozzi\" \/>\n\t<meta name=\"twitter:label2\" content=\"Tempo di lettura stimato\" \/>\n\t<meta name=\"twitter:data2\" content=\"3 minuti\" \/>\n<script type=\"application\/ld+json\" class=\"yoast-schema-graph\">{\"@context\":\"https:\/\/schema.org\",\"@graph\":[{\"@type\":\"WebPage\",\"@id\":\"https:\/\/www.noidiqua.it\/Montale\/veronica-marini-la-gioia-infinita-della-pittura\/\",\"url\":\"https:\/\/www.noidiqua.it\/Montale\/veronica-marini-la-gioia-infinita-della-pittura\/\",\"name\":\"Veronica Marini - la gioia infinita della pittura - Noi di Qua Testata giornalistica e di attualit\u00e0 di Agliana, Montale e Quarrata.\",\"isPartOf\":{\"@id\":\"https:\/\/www.noidiqua.it\/Montale\/#website\"},\"primaryImageOfPage\":{\"@id\":\"https:\/\/www.noidiqua.it\/Montale\/veronica-marini-la-gioia-infinita-della-pittura\/#primaryimage\"},\"image\":{\"@id\":\"https:\/\/www.noidiqua.it\/Montale\/veronica-marini-la-gioia-infinita-della-pittura\/#primaryimage\"},\"thumbnailUrl\":\"https:\/\/www.noidiqua.it\/Montale\/wp-content\/uploads\/2023\/10\/Marini-2.png\",\"datePublished\":\"2023-09-05T07:27:57+00:00\",\"dateModified\":\"2023-12-21T09:00:30+00:00\",\"author\":{\"@id\":\"https:\/\/www.noidiqua.it\/Montale\/#\/schema\/person\/4763a96f0bdf332cc8a55478dbeba163\"},\"breadcrumb\":{\"@id\":\"https:\/\/www.noidiqua.it\/Montale\/veronica-marini-la-gioia-infinita-della-pittura\/#breadcrumb\"},\"inLanguage\":\"it-IT\",\"potentialAction\":[{\"@type\":\"ReadAction\",\"target\":[\"https:\/\/www.noidiqua.it\/Montale\/veronica-marini-la-gioia-infinita-della-pittura\/\"]}]},{\"@type\":\"ImageObject\",\"inLanguage\":\"it-IT\",\"@id\":\"https:\/\/www.noidiqua.it\/Montale\/veronica-marini-la-gioia-infinita-della-pittura\/#primaryimage\",\"url\":\"https:\/\/www.noidiqua.it\/Montale\/wp-content\/uploads\/2023\/10\/Marini-2.png\",\"contentUrl\":\"https:\/\/www.noidiqua.it\/Montale\/wp-content\/uploads\/2023\/10\/Marini-2.png\",\"width\":502,\"height\":368},{\"@type\":\"BreadcrumbList\",\"@id\":\"https:\/\/www.noidiqua.it\/Montale\/veronica-marini-la-gioia-infinita-della-pittura\/#breadcrumb\",\"itemListElement\":[{\"@type\":\"ListItem\",\"position\":1,\"name\":\"Home\",\"item\":\"https:\/\/www.noidiqua.it\/Montale\/\"},{\"@type\":\"ListItem\",\"position\":2,\"name\":\"Veronica Marini &#8211; la gioia infinita della pittura\"}]},{\"@type\":\"WebSite\",\"@id\":\"https:\/\/www.noidiqua.it\/Montale\/#website\",\"url\":\"https:\/\/www.noidiqua.it\/Montale\/\",\"name\":\"Noi di Qua Testata giornalistica e di attualit\u00e0 di Agliana, Montale e Quarrata.\",\"description\":\"Testata Giornalistica Quarrata Montale Agliana\",\"potentialAction\":[{\"@type\":\"SearchAction\",\"target\":{\"@type\":\"EntryPoint\",\"urlTemplate\":\"https:\/\/www.noidiqua.it\/Montale\/?s={search_term_string}\"},\"query-input\":{\"@type\":\"PropertyValueSpecification\",\"valueRequired\":true,\"valueName\":\"search_term_string\"}}],\"inLanguage\":\"it-IT\"},{\"@type\":\"Person\",\"@id\":\"https:\/\/www.noidiqua.it\/Montale\/#\/schema\/person\/4763a96f0bdf332cc8a55478dbeba163\",\"name\":\"Serena Michelozzi\",\"image\":{\"@type\":\"ImageObject\",\"inLanguage\":\"it-IT\",\"@id\":\"https:\/\/www.noidiqua.it\/Montale\/#\/schema\/person\/image\/\",\"url\":\"https:\/\/secure.gravatar.com\/avatar\/a8efaab8953a1edb4943a89dbca993e803bf8bcf5221a8ff937a96a5b9914aab?s=96&d=mm&r=g\",\"contentUrl\":\"https:\/\/secure.gravatar.com\/avatar\/a8efaab8953a1edb4943a89dbca993e803bf8bcf5221a8ff937a96a5b9914aab?s=96&d=mm&r=g\",\"caption\":\"Serena Michelozzi\"},\"url\":\"https:\/\/www.noidiqua.it\/Montale\/author\/serena-michelozzi\/\"}]}<\/script>\n<!-- \/ Yoast SEO plugin. -->","yoast_head_json":{"title":"Veronica Marini - la gioia infinita della pittura - Noi di Qua Testata giornalistica e di attualit\u00e0 di Agliana, Montale e Quarrata.","robots":{"index":"index","follow":"follow","max-snippet":"max-snippet:-1","max-image-preview":"max-image-preview:large","max-video-preview":"max-video-preview:-1"},"canonical":"https:\/\/www.noidiqua.it\/Montale\/veronica-marini-la-gioia-infinita-della-pittura\/","og_locale":"it_IT","og_type":"article","og_title":"Veronica Marini - la gioia infinita della pittura - Noi di Qua Testata giornalistica e di attualit\u00e0 di Agliana, Montale e Quarrata.","og_description":"di Serena Michelozzi settembre 2023 \u201cLa pittura di Veronica Marini \u00e8 ricca di suggestioni operate con parametri espressivi del tutto personali. Nei soggetti \u00e8 da rilevare il costante equilibrio delle forme collocate in una loro calibrata spazialit\u00e0. La sua tecnica del colore \u00e8 costituita da una tavolozza di intensa luminosit\u00e0\u2026\u201d questa l\u2019appropriata descrizione da [&hellip;]","og_url":"https:\/\/www.noidiqua.it\/Montale\/veronica-marini-la-gioia-infinita-della-pittura\/","og_site_name":"Noi di Qua Testata giornalistica e di attualit\u00e0 di Agliana, Montale e Quarrata.","article_publisher":"https:\/\/www.facebook.com\/noidiqua.trimestrale\/","article_published_time":"2023-09-05T07:27:57+00:00","article_modified_time":"2023-12-21T09:00:30+00:00","og_image":[{"url":"https:\/\/www.noidiqua.it\/Montale\/wp-content\/uploads\/2023\/10\/Marini-2.png","type":"","width":"","height":""}],"author":"Serena Michelozzi","twitter_misc":{"Scritto da":"Serena Michelozzi","Tempo di lettura stimato":"3 minuti"},"schema":{"@context":"https:\/\/schema.org","@graph":[{"@type":"WebPage","@id":"https:\/\/www.noidiqua.it\/Montale\/veronica-marini-la-gioia-infinita-della-pittura\/","url":"https:\/\/www.noidiqua.it\/Montale\/veronica-marini-la-gioia-infinita-della-pittura\/","name":"Veronica Marini - la gioia infinita della pittura - Noi di Qua Testata giornalistica e di attualit\u00e0 di Agliana, Montale e Quarrata.","isPartOf":{"@id":"https:\/\/www.noidiqua.it\/Montale\/#website"},"primaryImageOfPage":{"@id":"https:\/\/www.noidiqua.it\/Montale\/veronica-marini-la-gioia-infinita-della-pittura\/#primaryimage"},"image":{"@id":"https:\/\/www.noidiqua.it\/Montale\/veronica-marini-la-gioia-infinita-della-pittura\/#primaryimage"},"thumbnailUrl":"https:\/\/www.noidiqua.it\/Montale\/wp-content\/uploads\/2023\/10\/Marini-2.png","datePublished":"2023-09-05T07:27:57+00:00","dateModified":"2023-12-21T09:00:30+00:00","author":{"@id":"https:\/\/www.noidiqua.it\/Montale\/#\/schema\/person\/4763a96f0bdf332cc8a55478dbeba163"},"breadcrumb":{"@id":"https:\/\/www.noidiqua.it\/Montale\/veronica-marini-la-gioia-infinita-della-pittura\/#breadcrumb"},"inLanguage":"it-IT","potentialAction":[{"@type":"ReadAction","target":["https:\/\/www.noidiqua.it\/Montale\/veronica-marini-la-gioia-infinita-della-pittura\/"]}]},{"@type":"ImageObject","inLanguage":"it-IT","@id":"https:\/\/www.noidiqua.it\/Montale\/veronica-marini-la-gioia-infinita-della-pittura\/#primaryimage","url":"https:\/\/www.noidiqua.it\/Montale\/wp-content\/uploads\/2023\/10\/Marini-2.png","contentUrl":"https:\/\/www.noidiqua.it\/Montale\/wp-content\/uploads\/2023\/10\/Marini-2.png","width":502,"height":368},{"@type":"BreadcrumbList","@id":"https:\/\/www.noidiqua.it\/Montale\/veronica-marini-la-gioia-infinita-della-pittura\/#breadcrumb","itemListElement":[{"@type":"ListItem","position":1,"name":"Home","item":"https:\/\/www.noidiqua.it\/Montale\/"},{"@type":"ListItem","position":2,"name":"Veronica Marini &#8211; la gioia infinita della pittura"}]},{"@type":"WebSite","@id":"https:\/\/www.noidiqua.it\/Montale\/#website","url":"https:\/\/www.noidiqua.it\/Montale\/","name":"Noi di Qua Testata giornalistica e di attualit\u00e0 di Agliana, Montale e Quarrata.","description":"Testata Giornalistica Quarrata Montale Agliana","potentialAction":[{"@type":"SearchAction","target":{"@type":"EntryPoint","urlTemplate":"https:\/\/www.noidiqua.it\/Montale\/?s={search_term_string}"},"query-input":{"@type":"PropertyValueSpecification","valueRequired":true,"valueName":"search_term_string"}}],"inLanguage":"it-IT"},{"@type":"Person","@id":"https:\/\/www.noidiqua.it\/Montale\/#\/schema\/person\/4763a96f0bdf332cc8a55478dbeba163","name":"Serena Michelozzi","image":{"@type":"ImageObject","inLanguage":"it-IT","@id":"https:\/\/www.noidiqua.it\/Montale\/#\/schema\/person\/image\/","url":"https:\/\/secure.gravatar.com\/avatar\/a8efaab8953a1edb4943a89dbca993e803bf8bcf5221a8ff937a96a5b9914aab?s=96&d=mm&r=g","contentUrl":"https:\/\/secure.gravatar.com\/avatar\/a8efaab8953a1edb4943a89dbca993e803bf8bcf5221a8ff937a96a5b9914aab?s=96&d=mm&r=g","caption":"Serena Michelozzi"},"url":"https:\/\/www.noidiqua.it\/Montale\/author\/serena-michelozzi\/"}]}},"_links":{"self":[{"href":"https:\/\/www.noidiqua.it\/Montale\/wp-json\/wp\/v2\/posts\/8292","targetHints":{"allow":["GET"]}}],"collection":[{"href":"https:\/\/www.noidiqua.it\/Montale\/wp-json\/wp\/v2\/posts"}],"about":[{"href":"https:\/\/www.noidiqua.it\/Montale\/wp-json\/wp\/v2\/types\/post"}],"author":[{"embeddable":true,"href":"https:\/\/www.noidiqua.it\/Montale\/wp-json\/wp\/v2\/users\/101011"}],"replies":[{"embeddable":true,"href":"https:\/\/www.noidiqua.it\/Montale\/wp-json\/wp\/v2\/comments?post=8292"}],"version-history":[{"count":3,"href":"https:\/\/www.noidiqua.it\/Montale\/wp-json\/wp\/v2\/posts\/8292\/revisions"}],"predecessor-version":[{"id":8386,"href":"https:\/\/www.noidiqua.it\/Montale\/wp-json\/wp\/v2\/posts\/8292\/revisions\/8386"}],"wp:attachment":[{"href":"https:\/\/www.noidiqua.it\/Montale\/wp-json\/wp\/v2\/media?parent=8292"}],"wp:term":[{"taxonomy":"category","embeddable":true,"href":"https:\/\/www.noidiqua.it\/Montale\/wp-json\/wp\/v2\/categories?post=8292"},{"taxonomy":"post_tag","embeddable":true,"href":"https:\/\/www.noidiqua.it\/Montale\/wp-json\/wp\/v2\/tags?post=8292"}],"curies":[{"name":"wp","href":"https:\/\/api.w.org\/{rel}","templated":true}]}}