{"id":8298,"date":"2023-09-05T09:42:09","date_gmt":"2023-09-05T07:42:09","guid":{"rendered":"https:\/\/www.noidiqua.it\/Montale\/?p=8298"},"modified":"2023-12-21T10:01:11","modified_gmt":"2023-12-21T09:01:11","slug":"restaurata-la-chiesa-di-san-martino","status":"publish","type":"post","link":"https:\/\/www.noidiqua.it\/Montale\/restaurata-la-chiesa-di-san-martino\/","title":{"rendered":"Restaurata la chiesa di San Martino"},"content":{"rendered":"<div id=\"sidebar\" class=\"grid_4 sidebarsx\">\n<div id=\"sidebarSubnav\"><\/div>\n<\/div>\n<p><em>di Giacomo Bini<\/em><\/p>\n<p><em>settembre 2023<\/em><\/p>\n<p><a href=\"https:\/\/www.noidiqua.it\/Montale\/wp-content\/uploads\/2023\/10\/chiesa-fognano-restauro-1-1.png\" rel=\"wp-prettyPhoto[8298]\"><img loading=\"lazy\" decoding=\"async\" class=\"aligncenter size-full wp-image-8306\" src=\"https:\/\/www.noidiqua.it\/Montale\/wp-content\/uploads\/2023\/10\/chiesa-fognano-restauro-1-1.png\" alt=\"\" width=\"503\" height=\"384\" srcset=\"https:\/\/www.noidiqua.it\/Montale\/wp-content\/uploads\/2023\/10\/chiesa-fognano-restauro-1-1.png 503w, https:\/\/www.noidiqua.it\/Montale\/wp-content\/uploads\/2023\/10\/chiesa-fognano-restauro-1-1-300x229.png 300w\" sizes=\"auto, (max-width: 503px) 100vw, 503px\" \/><\/a><\/p>\n<p class=\"p1\">La Chiesa di <strong>San Martino<\/strong> di Fognano ha ritrovato i suoi magnifici affreschi settecenteschi grazie ad un accurato restauro promosso dal parroco <strong>don Cristoforo Dabrowski<\/strong> e attuato dal restauratore Simone Vettori della ditta fiorentina <strong>Iconos Restauri<\/strong> su progetto dell\u2019architetto Claudio Innocenti di Montale. La Chiesa restaurata \u00e8 uno splendore, un motivo di orgoglio per la comunit\u00e0 di Fognano e per tutto il paese di Montale, ma ci\u00f2 che rende ancora pi\u00f9 straordinaria questa operazione di recupero cultuale \u00e8 il fatto che sia stato finanziato grazie alla contributo di un imprenditore nativo del paese e legato alla sua terra, l\u2019imprenditore <strong>Giovanni Torracchi<\/strong> e dalla ditta <a href=\"https:\/\/www.noidiqua.it\/Montale\/giovanni-torracchi-titolare-della-magigas\/\"><strong>Magigas<\/strong> <\/a>di cui \u00e8 titolare. Un atto concreto di amore per la propria comunit\u00e0 che merita la riconoscenza di tutti perch\u00e9 \u00e8 cosa rara e preziosa al pari dei decori della chiesa.<\/p>\n<p><a href=\"https:\/\/www.noidiqua.it\/Montale\/wp-content\/uploads\/2023\/10\/chiesa-fognano-restauro-2.png\" rel=\"wp-prettyPhoto[8298]\"><img loading=\"lazy\" decoding=\"async\" class=\"aligncenter size-full wp-image-8299\" src=\"https:\/\/www.noidiqua.it\/Montale\/wp-content\/uploads\/2023\/10\/chiesa-fognano-restauro-2.png\" alt=\"\" width=\"506\" height=\"337\" srcset=\"https:\/\/www.noidiqua.it\/Montale\/wp-content\/uploads\/2023\/10\/chiesa-fognano-restauro-2.png 506w, https:\/\/www.noidiqua.it\/Montale\/wp-content\/uploads\/2023\/10\/chiesa-fognano-restauro-2-300x200.png 300w\" sizes=\"auto, (max-width: 506px) 100vw, 506px\" \/><\/a><\/p>\n<p>Il <strong>restauro<\/strong>, durato tre anni e iniziato con una lunga fase di saggi, \u00e8 stato un lavoro complesso che ha comportato spesso valutazioni e scelte su cosa togliere e cosa lasciare in un sottile equilibrio tra l\u2019esigenza di scoprire e valorizzare gli affreschi settecenteschi e quella di conservare anche<span class=\"Apple-converted-space\">\u00a0 <\/span>i <strong>decori ottecenteschi<\/strong>.<span class=\"Apple-converted-space\">\u00a0 <\/span>Le linee guida dell\u2019intervento,<span class=\"Apple-converted-space\">\u00a0 <\/span>definite con l\u2019accordo della <strong>Soprintendenza<\/strong>,<span class=\"Apple-converted-space\">\u00a0 <\/span>producono alla fine<span class=\"Apple-converted-space\">\u00a0 <\/span>un insieme armonico e ben riconoscibile tutte i momenti della storia decorativa e architettonica della chiesa. Certamente ci\u00f2 che colpisce di pi\u00f9 \u00e8 il ritrovamento e la rivelazione degli affreschi del settecento, che prima dell\u2019intervento erano coperti dagli strati di epoche successive. Tali affreschi consistono in un grande drappeggio di un color ocra che si estendeva a coprire l\u2019intera navata, come se si trattasse di un tendaggio prezioso.<span class=\"Apple-converted-space\">\u00a0 <\/span>Ma anche i decori ottocenteschi sono stati ripuliti e riportati al loro aspetto originario anche nelle bellissime parti figurative. Si \u00e8 fatto in modo che in certi punti fosse visibile anche l\u2019antico intonaco del XV secolo la cui presenza fa intuire le dimensioni e la forma della chiesa nelle sue origini.<span class=\"Apple-converted-space\">\u00a0 <\/span>Bella e funzionale anche l\u2019illuminazione che permette di apprezzare tutto l\u2019insieme dei decori. Il lavoro per\u00f2 non ha riguardato solo la <strong>parte artistica<\/strong> ma \u00e8 consistito anche nella eliminazione di alcune infiltrazioni e, cosa importantissima, nel rifacimento degli impianti elettrico e termico che ora sono del tutto a norma.<\/p>\n<p>&nbsp;<\/p>\n<p><a href=\"https:\/\/www.noidiqua.it\/Montale\/wp-content\/uploads\/2013\/02\/magigas-1.png\" rel=\"wp-prettyPhoto[8298]\"><img loading=\"lazy\" decoding=\"async\" class=\"aligncenter wp-image-7795\" src=\"https:\/\/www.noidiqua.it\/Montale\/wp-content\/uploads\/2013\/02\/magigas-1.png\" alt=\"\" width=\"393\" height=\"362\" srcset=\"https:\/\/www.noidiqua.it\/Montale\/wp-content\/uploads\/2013\/02\/magigas-1.png 500w, https:\/\/www.noidiqua.it\/Montale\/wp-content\/uploads\/2013\/02\/magigas-1-300x277.png 300w\" sizes=\"auto, (max-width: 393px) 100vw, 393px\" \/><\/a><\/p>\n<p class=\"p1\">L\u2019inaugurazione si \u00e8 svolta il 30 settembre scorso con una grandissima partecipazione di pubblico. Hanno preso la parola il parroco don Cristoforo Dabrowski, che ha sottolineato il valore della bellezza come ispirazione spirituale, l\u2019architetto Claudio Innocenti, che ha ricostruito la storia della chiesa e ha avanzato un\u2019ipotesi di attribuzione dei decori settecenteschi a Vincenzo Meucci e<span class=\"Apple-converted-space\">\u00a0 <\/span>Lorenzo e Giuseppe Del Moro, il l restauratore Simone Vettori, che ha illustrato le fasi dell\u2019intervento e il sindaco di Montale <strong>Ferdinando Betti<\/strong> che ha ringraziato tutti coloro che hanno contribuito a restituire alla comunit\u00e0 questo gioiello. L\u2019intervento pi\u00f9 toccante \u00e8 stato di Giovanni Torracchi della Magigas: <i>\u00abSono nato a Fognano, mi \u00e8 sembrato naturale avere un pensiero per la comunit\u00e0 e per la memoria dei miei familiari\u00bb<\/i>. Don Cristoforo ha donato a Giovanni Torracchi un quadro realizzato con l\u2019arte antica della miniatura contenente la preghiera del <strong>Pater Noster<\/strong>. La cerimonia si \u00e8 conclusa con un concerto della Banda G. Verdi di Fognano e un rinfresco offerto a tutta la comunit\u00e0.<\/p>","protected":false},"excerpt":{"rendered":"<p>di Giacomo Bini settembre 2023 La Chiesa di San Martino di Fognano ha ritrovato i suoi magnifici affreschi settecenteschi grazie ad un accurato restauro promosso dal parroco don Cristoforo Dabrowski e attuato dal restauratore Simone Vettori della ditta fiorentina Iconos Restauri su progetto dell\u2019architetto Claudio Innocenti di Montale. La Chiesa restaurata \u00e8 uno splendore, [&hellip;]<\/p>","protected":false},"author":12,"featured_media":0,"comment_status":"open","ping_status":"open","sticky":false,"template":"","format":"standard","meta":{"footnotes":""},"categories":[2621,7],"tags":[3628,1333,437,3627,3626,3630,3631,130,3625,3629],"class_list":["post-8298","post","type-post","status-publish","format-standard","hentry","category-da-sottolineare","category-mt","tag-decori-ottecenteschi","tag-don-cristoforo-dabrowski","tag-ferdinando-betti","tag-giovanni-torracchi","tag-iconos-restauri","tag-parte-artistica","tag-pater-noster","tag-restauro","tag-san-martino","tag-soprintendenza"],"yoast_head":"<!-- This site is optimized with the Yoast SEO plugin v25.5 - https:\/\/yoast.com\/wordpress\/plugins\/seo\/ -->\n<title>Restaurata la chiesa di San Martino - Noi di Qua Testata giornalistica e di attualit\u00e0 di Agliana, Montale e Quarrata.<\/title>\n<meta name=\"robots\" content=\"index, follow, max-snippet:-1, max-image-preview:large, max-video-preview:-1\" \/>\n<link rel=\"canonical\" href=\"https:\/\/www.noidiqua.it\/Montale\/restaurata-la-chiesa-di-san-martino\/\" \/>\n<meta property=\"og:locale\" content=\"it_IT\" \/>\n<meta property=\"og:type\" content=\"article\" \/>\n<meta property=\"og:title\" content=\"Restaurata la chiesa di San Martino - Noi di Qua Testata giornalistica e di attualit\u00e0 di Agliana, Montale e Quarrata.\" \/>\n<meta property=\"og:description\" content=\"di Giacomo Bini settembre 2023 La Chiesa di San Martino di Fognano ha ritrovato i suoi magnifici affreschi settecenteschi grazie ad un accurato restauro promosso dal parroco don Cristoforo Dabrowski e attuato dal restauratore Simone Vettori della ditta fiorentina Iconos Restauri su progetto dell\u2019architetto Claudio Innocenti di Montale. La Chiesa restaurata \u00e8 uno splendore, [&hellip;]\" \/>\n<meta property=\"og:url\" content=\"https:\/\/www.noidiqua.it\/Montale\/restaurata-la-chiesa-di-san-martino\/\" \/>\n<meta property=\"og:site_name\" content=\"Noi di Qua Testata giornalistica e di attualit\u00e0 di Agliana, Montale e Quarrata.\" \/>\n<meta property=\"article:publisher\" content=\"https:\/\/www.facebook.com\/noidiqua.trimestrale\/\" \/>\n<meta property=\"article:published_time\" content=\"2023-09-05T07:42:09+00:00\" \/>\n<meta property=\"article:modified_time\" content=\"2023-12-21T09:01:11+00:00\" \/>\n<meta property=\"og:image\" content=\"https:\/\/www.noidiqua.it\/Montale\/wp-content\/uploads\/2023\/10\/chiesa-fognano-restauro-1-1.png\" \/>\n<meta name=\"author\" content=\"Giacomo Bini\" \/>\n<meta name=\"twitter:label1\" content=\"Scritto da\" \/>\n\t<meta name=\"twitter:data1\" content=\"Giacomo Bini\" \/>\n\t<meta name=\"twitter:label2\" content=\"Tempo di lettura stimato\" \/>\n\t<meta name=\"twitter:data2\" content=\"3 minuti\" \/>\n<script type=\"application\/ld+json\" class=\"yoast-schema-graph\">{\"@context\":\"https:\/\/schema.org\",\"@graph\":[{\"@type\":\"WebPage\",\"@id\":\"https:\/\/www.noidiqua.it\/Montale\/restaurata-la-chiesa-di-san-martino\/\",\"url\":\"https:\/\/www.noidiqua.it\/Montale\/restaurata-la-chiesa-di-san-martino\/\",\"name\":\"Restaurata la chiesa di San Martino - Noi di Qua Testata giornalistica e di attualit\u00e0 di Agliana, Montale e Quarrata.\",\"isPartOf\":{\"@id\":\"https:\/\/www.noidiqua.it\/Montale\/#website\"},\"primaryImageOfPage\":{\"@id\":\"https:\/\/www.noidiqua.it\/Montale\/restaurata-la-chiesa-di-san-martino\/#primaryimage\"},\"image\":{\"@id\":\"https:\/\/www.noidiqua.it\/Montale\/restaurata-la-chiesa-di-san-martino\/#primaryimage\"},\"thumbnailUrl\":\"https:\/\/www.noidiqua.it\/Montale\/wp-content\/uploads\/2023\/10\/chiesa-fognano-restauro-1-1.png\",\"datePublished\":\"2023-09-05T07:42:09+00:00\",\"dateModified\":\"2023-12-21T09:01:11+00:00\",\"author\":{\"@id\":\"https:\/\/www.noidiqua.it\/Montale\/#\/schema\/person\/e2e6f44da50af0dae9c90ad168e471a4\"},\"breadcrumb\":{\"@id\":\"https:\/\/www.noidiqua.it\/Montale\/restaurata-la-chiesa-di-san-martino\/#breadcrumb\"},\"inLanguage\":\"it-IT\",\"potentialAction\":[{\"@type\":\"ReadAction\",\"target\":[\"https:\/\/www.noidiqua.it\/Montale\/restaurata-la-chiesa-di-san-martino\/\"]}]},{\"@type\":\"ImageObject\",\"inLanguage\":\"it-IT\",\"@id\":\"https:\/\/www.noidiqua.it\/Montale\/restaurata-la-chiesa-di-san-martino\/#primaryimage\",\"url\":\"https:\/\/www.noidiqua.it\/Montale\/wp-content\/uploads\/2023\/10\/chiesa-fognano-restauro-1-1.png\",\"contentUrl\":\"https:\/\/www.noidiqua.it\/Montale\/wp-content\/uploads\/2023\/10\/chiesa-fognano-restauro-1-1.png\",\"width\":503,\"height\":384},{\"@type\":\"BreadcrumbList\",\"@id\":\"https:\/\/www.noidiqua.it\/Montale\/restaurata-la-chiesa-di-san-martino\/#breadcrumb\",\"itemListElement\":[{\"@type\":\"ListItem\",\"position\":1,\"name\":\"Home\",\"item\":\"https:\/\/www.noidiqua.it\/Montale\/\"},{\"@type\":\"ListItem\",\"position\":2,\"name\":\"Restaurata la chiesa di San Martino\"}]},{\"@type\":\"WebSite\",\"@id\":\"https:\/\/www.noidiqua.it\/Montale\/#website\",\"url\":\"https:\/\/www.noidiqua.it\/Montale\/\",\"name\":\"Noi di Qua Testata giornalistica e di attualit\u00e0 di Agliana, Montale e Quarrata.\",\"description\":\"Testata Giornalistica Quarrata Montale Agliana\",\"potentialAction\":[{\"@type\":\"SearchAction\",\"target\":{\"@type\":\"EntryPoint\",\"urlTemplate\":\"https:\/\/www.noidiqua.it\/Montale\/?s={search_term_string}\"},\"query-input\":{\"@type\":\"PropertyValueSpecification\",\"valueRequired\":true,\"valueName\":\"search_term_string\"}}],\"inLanguage\":\"it-IT\"},{\"@type\":\"Person\",\"@id\":\"https:\/\/www.noidiqua.it\/Montale\/#\/schema\/person\/e2e6f44da50af0dae9c90ad168e471a4\",\"name\":\"Giacomo Bini\",\"image\":{\"@type\":\"ImageObject\",\"inLanguage\":\"it-IT\",\"@id\":\"https:\/\/www.noidiqua.it\/Montale\/#\/schema\/person\/image\/\",\"url\":\"https:\/\/secure.gravatar.com\/avatar\/e5c18ae41df5ae37397358f2c6046696187d51a120c5d0b8f0c49f7b606f46f4?s=96&d=mm&r=g\",\"contentUrl\":\"https:\/\/secure.gravatar.com\/avatar\/e5c18ae41df5ae37397358f2c6046696187d51a120c5d0b8f0c49f7b606f46f4?s=96&d=mm&r=g\",\"caption\":\"Giacomo Bini\"},\"url\":\"https:\/\/www.noidiqua.it\/Montale\/author\/giacomo-bini\/\"}]}<\/script>\n<!-- \/ Yoast SEO plugin. -->","yoast_head_json":{"title":"Restaurata la chiesa di San Martino - Noi di Qua Testata giornalistica e di attualit\u00e0 di Agliana, Montale e Quarrata.","robots":{"index":"index","follow":"follow","max-snippet":"max-snippet:-1","max-image-preview":"max-image-preview:large","max-video-preview":"max-video-preview:-1"},"canonical":"https:\/\/www.noidiqua.it\/Montale\/restaurata-la-chiesa-di-san-martino\/","og_locale":"it_IT","og_type":"article","og_title":"Restaurata la chiesa di San Martino - Noi di Qua Testata giornalistica e di attualit\u00e0 di Agliana, Montale e Quarrata.","og_description":"di Giacomo Bini settembre 2023 La Chiesa di San Martino di Fognano ha ritrovato i suoi magnifici affreschi settecenteschi grazie ad un accurato restauro promosso dal parroco don Cristoforo Dabrowski e attuato dal restauratore Simone Vettori della ditta fiorentina Iconos Restauri su progetto dell\u2019architetto Claudio Innocenti di Montale. La Chiesa restaurata \u00e8 uno splendore, [&hellip;]","og_url":"https:\/\/www.noidiqua.it\/Montale\/restaurata-la-chiesa-di-san-martino\/","og_site_name":"Noi di Qua Testata giornalistica e di attualit\u00e0 di Agliana, Montale e Quarrata.","article_publisher":"https:\/\/www.facebook.com\/noidiqua.trimestrale\/","article_published_time":"2023-09-05T07:42:09+00:00","article_modified_time":"2023-12-21T09:01:11+00:00","og_image":[{"url":"https:\/\/www.noidiqua.it\/Montale\/wp-content\/uploads\/2023\/10\/chiesa-fognano-restauro-1-1.png","type":"","width":"","height":""}],"author":"Giacomo Bini","twitter_misc":{"Scritto da":"Giacomo Bini","Tempo di lettura stimato":"3 minuti"},"schema":{"@context":"https:\/\/schema.org","@graph":[{"@type":"WebPage","@id":"https:\/\/www.noidiqua.it\/Montale\/restaurata-la-chiesa-di-san-martino\/","url":"https:\/\/www.noidiqua.it\/Montale\/restaurata-la-chiesa-di-san-martino\/","name":"Restaurata la chiesa di San Martino - Noi di Qua Testata giornalistica e di attualit\u00e0 di Agliana, Montale e Quarrata.","isPartOf":{"@id":"https:\/\/www.noidiqua.it\/Montale\/#website"},"primaryImageOfPage":{"@id":"https:\/\/www.noidiqua.it\/Montale\/restaurata-la-chiesa-di-san-martino\/#primaryimage"},"image":{"@id":"https:\/\/www.noidiqua.it\/Montale\/restaurata-la-chiesa-di-san-martino\/#primaryimage"},"thumbnailUrl":"https:\/\/www.noidiqua.it\/Montale\/wp-content\/uploads\/2023\/10\/chiesa-fognano-restauro-1-1.png","datePublished":"2023-09-05T07:42:09+00:00","dateModified":"2023-12-21T09:01:11+00:00","author":{"@id":"https:\/\/www.noidiqua.it\/Montale\/#\/schema\/person\/e2e6f44da50af0dae9c90ad168e471a4"},"breadcrumb":{"@id":"https:\/\/www.noidiqua.it\/Montale\/restaurata-la-chiesa-di-san-martino\/#breadcrumb"},"inLanguage":"it-IT","potentialAction":[{"@type":"ReadAction","target":["https:\/\/www.noidiqua.it\/Montale\/restaurata-la-chiesa-di-san-martino\/"]}]},{"@type":"ImageObject","inLanguage":"it-IT","@id":"https:\/\/www.noidiqua.it\/Montale\/restaurata-la-chiesa-di-san-martino\/#primaryimage","url":"https:\/\/www.noidiqua.it\/Montale\/wp-content\/uploads\/2023\/10\/chiesa-fognano-restauro-1-1.png","contentUrl":"https:\/\/www.noidiqua.it\/Montale\/wp-content\/uploads\/2023\/10\/chiesa-fognano-restauro-1-1.png","width":503,"height":384},{"@type":"BreadcrumbList","@id":"https:\/\/www.noidiqua.it\/Montale\/restaurata-la-chiesa-di-san-martino\/#breadcrumb","itemListElement":[{"@type":"ListItem","position":1,"name":"Home","item":"https:\/\/www.noidiqua.it\/Montale\/"},{"@type":"ListItem","position":2,"name":"Restaurata la chiesa di San Martino"}]},{"@type":"WebSite","@id":"https:\/\/www.noidiqua.it\/Montale\/#website","url":"https:\/\/www.noidiqua.it\/Montale\/","name":"Noi di Qua Testata giornalistica e di attualit\u00e0 di Agliana, Montale e Quarrata.","description":"Testata Giornalistica Quarrata Montale Agliana","potentialAction":[{"@type":"SearchAction","target":{"@type":"EntryPoint","urlTemplate":"https:\/\/www.noidiqua.it\/Montale\/?s={search_term_string}"},"query-input":{"@type":"PropertyValueSpecification","valueRequired":true,"valueName":"search_term_string"}}],"inLanguage":"it-IT"},{"@type":"Person","@id":"https:\/\/www.noidiqua.it\/Montale\/#\/schema\/person\/e2e6f44da50af0dae9c90ad168e471a4","name":"Giacomo Bini","image":{"@type":"ImageObject","inLanguage":"it-IT","@id":"https:\/\/www.noidiqua.it\/Montale\/#\/schema\/person\/image\/","url":"https:\/\/secure.gravatar.com\/avatar\/e5c18ae41df5ae37397358f2c6046696187d51a120c5d0b8f0c49f7b606f46f4?s=96&d=mm&r=g","contentUrl":"https:\/\/secure.gravatar.com\/avatar\/e5c18ae41df5ae37397358f2c6046696187d51a120c5d0b8f0c49f7b606f46f4?s=96&d=mm&r=g","caption":"Giacomo Bini"},"url":"https:\/\/www.noidiqua.it\/Montale\/author\/giacomo-bini\/"}]}},"_links":{"self":[{"href":"https:\/\/www.noidiqua.it\/Montale\/wp-json\/wp\/v2\/posts\/8298","targetHints":{"allow":["GET"]}}],"collection":[{"href":"https:\/\/www.noidiqua.it\/Montale\/wp-json\/wp\/v2\/posts"}],"about":[{"href":"https:\/\/www.noidiqua.it\/Montale\/wp-json\/wp\/v2\/types\/post"}],"author":[{"embeddable":true,"href":"https:\/\/www.noidiqua.it\/Montale\/wp-json\/wp\/v2\/users\/12"}],"replies":[{"embeddable":true,"href":"https:\/\/www.noidiqua.it\/Montale\/wp-json\/wp\/v2\/comments?post=8298"}],"version-history":[{"count":8,"href":"https:\/\/www.noidiqua.it\/Montale\/wp-json\/wp\/v2\/posts\/8298\/revisions"}],"predecessor-version":[{"id":8309,"href":"https:\/\/www.noidiqua.it\/Montale\/wp-json\/wp\/v2\/posts\/8298\/revisions\/8309"}],"wp:attachment":[{"href":"https:\/\/www.noidiqua.it\/Montale\/wp-json\/wp\/v2\/media?parent=8298"}],"wp:term":[{"taxonomy":"category","embeddable":true,"href":"https:\/\/www.noidiqua.it\/Montale\/wp-json\/wp\/v2\/categories?post=8298"},{"taxonomy":"post_tag","embeddable":true,"href":"https:\/\/www.noidiqua.it\/Montale\/wp-json\/wp\/v2\/tags?post=8298"}],"curies":[{"name":"wp","href":"https:\/\/api.w.org\/{rel}","templated":true}]}}