{"id":8444,"date":"2023-12-12T10:43:35","date_gmt":"2023-12-12T09:43:35","guid":{"rendered":"https:\/\/www.noidiqua.it\/Montale\/?p=8444"},"modified":"2024-04-22T16:44:33","modified_gmt":"2024-04-22T14:44:33","slug":"il-corso-dellagna-nella-storia","status":"publish","type":"post","link":"https:\/\/www.noidiqua.it\/Montale\/il-corso-dellagna-nella-storia\/","title":{"rendered":"il corso dell&#8217;Agna nella storia"},"content":{"rendered":"<p><em>di Giacomo Bini<\/em><\/p>\n<p><em>settembre 2023<\/em><\/p>\n<p><a href=\"https:\/\/www.noidiqua.it\/Montale\/wp-content\/uploads\/2021\/12\/serre-2.png\" rel=\"wp-prettyPhoto[8444]\"><img loading=\"lazy\" decoding=\"async\" class=\"aligncenter size-full wp-image-6096\" src=\"https:\/\/www.noidiqua.it\/Montale\/wp-content\/uploads\/2021\/12\/serre-2.png\" alt=\"\" width=\"480\" height=\"360\" srcset=\"https:\/\/www.noidiqua.it\/Montale\/wp-content\/uploads\/2021\/12\/serre-2.png 480w, https:\/\/www.noidiqua.it\/Montale\/wp-content\/uploads\/2021\/12\/serre-2-300x225.png 300w\" sizes=\"auto, (max-width: 480px) 100vw, 480px\" \/><\/a><\/p>\n<p class=\"p1\">Il <strong>corso<\/strong> dell\u2019<strong>Agna<\/strong> non \u00e8 sempre stato quello attuale, anzi ha subito una profonda modificazione nel medioevo contemporaneamente alla gigantesca alterazione del corso dei fiumi attuata intorno a Pistoia tra i secoli XII e XIII, cio\u00e8 otto secoli fa. Il cambiamento riguard\u00f2 la formazione di quella curva, all\u2019altezza circa dell\u2019inceneritore, che porta l\u2019Agna a immettersi nella <strong>Bure<\/strong> nella zona del <strong>Calice<\/strong>. A quell\u2019epoca risalgono anche le imponenti opere murarie che costituiscono anche oggi gli argini del fiume in tutto il suo corso.<\/p>\n<p class=\"p1\">A proposito della modificazione del corso riportiamo un testo di <strong>Andrea Bolognesi<\/strong> nel libro \u201cLa valle dell\u2019Agna. Storia, tradizione, ricchezza di un territorio\u201d. L\u2019Agna <i>\u201cattraversava con un percorso quasi rettilineo il territorio di Agliana e confluiva nell\u2019Ombrone all\u2019altezza della Ferruccia, la variazione avvenne sicuramente prima del XIII secolo in quanto gi\u00e0 nel 1201 tra le chiese di San Piero e San Niccol\u00f2 \u00e8 attestato il toponimo Agnale Vecchio a testimoniare l\u2019antico percorso<\/i>\u201d. La curva nel corso del fiume fu realizzata nel contesto di un <strong>ciclopico intervento<\/strong> sui principali corsi d\u2019acqua del pistoiese: Bure, Brana e Stella. Originariamente Bure e Brana scendevano dall\u2019Appennino verticalmente andando a immettersi nell\u2019Ombrone tra il Ponte alla Pergola e Pacciana determinando allagamenti della pianura pistoiese che rendevano impossibili le attivit\u00e0 economiche. In sostanza con un\u2019opera di regimazione idraulica imponente il corso della Bure e della Brana furono orientati in senso orizzontale, cio\u00e8 verso sud-est.<\/p>\n<p class=\"p1\">Lo storico <strong>Natale Rauty<\/strong>, nel suo fondamentale volume \u201cPistoia, citt\u00e0 e territorio nel medioevo\u201d afferma, nel capitolo sui fiumi, che i tre affluenti dell\u2019Ombrone, <i>\u201cla Bure, la Brana e la Stella presentano oggi un andamento abbastanza singolare, mantenendosi pressoch\u00e9 paralleli all\u2019Ombrone per una decina di chilometri con direzione sud-est. [\u2026] Tutti gli affluenti di sinistra si riuniscono in un unico collettore (Calice) e la confluenza sia del Calice, sia della Stella con l\u2019Ombrone si verifica proprio in corrispondenza del confine tra gli antichi territori comunali di Pistoia e di Prato\u201d.<\/i> I nuovi corsi dei fiumi sono quindi conseguenza anche della situazione politico-amministrativa di allora, quando l\u2019Agna segnava il confine tra due realt\u00e0 politiche diverse, cio\u00e8 i comuni di Pistoia e di Prato. La modifica del corso dei fiumi consent\u00ec a Pistoia di liberare molte aree coltivabili in un periodo di <strong>crescita demografica<\/strong> in cui in tutta Europa le popolazioni si sforzarono di allargare i terreni sottoponibili a coltivazione. Questa scelta di Pistoia per\u00f2 scaric\u00f2 i <strong>problemi idrogeologici<\/strong> sul territorio del comune vicino cio\u00e8 del pratese e determin\u00f2 una fragilit\u00e0 del <strong>reticolo<\/strong> degli affluenti dell\u2019Ombrone che si registra anche oggi.<\/p>\n<p><a href=\"https:\/\/www.noidiqua.it\/Montale\/wp-content\/uploads\/2023\/12\/agna-pianta-storica.png\" rel=\"wp-prettyPhoto[8444]\"><img loading=\"lazy\" decoding=\"async\" class=\"aligncenter size-full wp-image-8445\" src=\"https:\/\/www.noidiqua.it\/Montale\/wp-content\/uploads\/2023\/12\/agna-pianta-storica.png\" alt=\"\" width=\"378\" height=\"408\" srcset=\"https:\/\/www.noidiqua.it\/Montale\/wp-content\/uploads\/2023\/12\/agna-pianta-storica.png 378w, https:\/\/www.noidiqua.it\/Montale\/wp-content\/uploads\/2023\/12\/agna-pianta-storica-278x300.png 278w\" sizes=\"auto, (max-width: 378px) 100vw, 378px\" \/><\/a><\/p>\n<p class=\"p1\">Tornando all\u2019Agna proponiamo ai lettori una interessante pianta datata fine seicento inizio settecento si formula l\u2019ipotesi progettuale di cambiare il corso proprio nel punto della curva e di addirizzarlo andando a creare la confluenza con la Bure all\u2019altezza della Catena. L\u2019interesse di questa ipotesi che non fu mai attuata \u00e8 che quel corso dell\u2019Agna progettato corrisponde a quello che purtroppo il torrente ha preso da solo dopo la rottura dell\u2019argine del 2 novembre scorso. Dalle note della pianta si evincono altre due notizie: che un tratto del corso era caratterizzato da un letto del fiume pi\u00f9 alto del livello della <strong>campagna<\/strong> e che si erano verificate anche allora delle rotture dell\u2019argine vicine a quella della recente alluvione.<\/p>","protected":false},"excerpt":{"rendered":"<p>di Giacomo Bini settembre 2023 Il corso dell\u2019Agna non \u00e8 sempre stato quello attuale, anzi ha subito una profonda modificazione nel medioevo contemporaneamente alla gigantesca alterazione del corso dei fiumi attuata intorno a Pistoia tra i secoli XII e XIII, cio\u00e8 otto secoli fa. Il cambiamento riguard\u00f2 la formazione di quella curva, all\u2019altezza circa [&hellip;]<\/p>","protected":false},"author":12,"featured_media":0,"comment_status":"open","ping_status":"open","sticky":false,"template":"","format":"standard","meta":{"footnotes":""},"categories":[7,26],"tags":[218,294,1476,3765,2551,3766,3764,3767,2257,3769,3768],"class_list":["post-8444","post","type-post","status-publish","format-standard","hentry","category-mt","category-notizie-dal-passato","tag-agna","tag-andrea-bolognesi","tag-bure","tag-calice","tag-campagna","tag-ciclopico-intervento","tag-corso","tag-crescita-demografica","tag-natale-rauty","tag-problemi-idrogeologici","tag-reticolo"],"yoast_head":"<!-- This site is optimized with the Yoast SEO plugin v25.5 - https:\/\/yoast.com\/wordpress\/plugins\/seo\/ -->\n<title>il corso dell&#039;Agna nella storia - Noi di Qua Testata giornalistica e di attualit\u00e0 di Agliana, Montale e Quarrata.<\/title>\n<meta name=\"robots\" content=\"index, follow, max-snippet:-1, max-image-preview:large, max-video-preview:-1\" \/>\n<link rel=\"canonical\" href=\"https:\/\/www.noidiqua.it\/Montale\/il-corso-dellagna-nella-storia\/\" \/>\n<meta property=\"og:locale\" content=\"it_IT\" \/>\n<meta property=\"og:type\" content=\"article\" \/>\n<meta property=\"og:title\" content=\"il corso dell&#039;Agna nella storia - Noi di Qua Testata giornalistica e di attualit\u00e0 di Agliana, Montale e Quarrata.\" \/>\n<meta property=\"og:description\" content=\"di Giacomo Bini settembre 2023 Il corso dell\u2019Agna non \u00e8 sempre stato quello attuale, anzi ha subito una profonda modificazione nel medioevo contemporaneamente alla gigantesca alterazione del corso dei fiumi attuata intorno a Pistoia tra i secoli XII e XIII, cio\u00e8 otto secoli fa. Il cambiamento riguard\u00f2 la formazione di quella curva, all\u2019altezza circa [&hellip;]\" \/>\n<meta property=\"og:url\" content=\"https:\/\/www.noidiqua.it\/Montale\/il-corso-dellagna-nella-storia\/\" \/>\n<meta property=\"og:site_name\" content=\"Noi di Qua Testata giornalistica e di attualit\u00e0 di Agliana, Montale e Quarrata.\" \/>\n<meta property=\"article:publisher\" content=\"https:\/\/www.facebook.com\/noidiqua.trimestrale\/\" \/>\n<meta property=\"article:published_time\" content=\"2023-12-12T09:43:35+00:00\" \/>\n<meta property=\"article:modified_time\" content=\"2024-04-22T14:44:33+00:00\" \/>\n<meta property=\"og:image\" content=\"https:\/\/www.noidiqua.it\/Montale\/wp-content\/uploads\/2021\/12\/serre-2.png\" \/>\n<meta name=\"author\" content=\"Giacomo Bini\" \/>\n<meta name=\"twitter:label1\" content=\"Scritto da\" \/>\n\t<meta name=\"twitter:data1\" content=\"Giacomo Bini\" \/>\n\t<meta name=\"twitter:label2\" content=\"Tempo di lettura stimato\" \/>\n\t<meta name=\"twitter:data2\" content=\"3 minuti\" \/>\n<script type=\"application\/ld+json\" class=\"yoast-schema-graph\">{\"@context\":\"https:\/\/schema.org\",\"@graph\":[{\"@type\":\"WebPage\",\"@id\":\"https:\/\/www.noidiqua.it\/Montale\/il-corso-dellagna-nella-storia\/\",\"url\":\"https:\/\/www.noidiqua.it\/Montale\/il-corso-dellagna-nella-storia\/\",\"name\":\"il corso dell'Agna nella storia - Noi di Qua Testata giornalistica e di attualit\u00e0 di Agliana, Montale e Quarrata.\",\"isPartOf\":{\"@id\":\"https:\/\/www.noidiqua.it\/Montale\/#website\"},\"primaryImageOfPage\":{\"@id\":\"https:\/\/www.noidiqua.it\/Montale\/il-corso-dellagna-nella-storia\/#primaryimage\"},\"image\":{\"@id\":\"https:\/\/www.noidiqua.it\/Montale\/il-corso-dellagna-nella-storia\/#primaryimage\"},\"thumbnailUrl\":\"https:\/\/www.noidiqua.it\/Montale\/wp-content\/uploads\/2021\/12\/serre-2.png\",\"datePublished\":\"2023-12-12T09:43:35+00:00\",\"dateModified\":\"2024-04-22T14:44:33+00:00\",\"author\":{\"@id\":\"https:\/\/www.noidiqua.it\/Montale\/#\/schema\/person\/e2e6f44da50af0dae9c90ad168e471a4\"},\"breadcrumb\":{\"@id\":\"https:\/\/www.noidiqua.it\/Montale\/il-corso-dellagna-nella-storia\/#breadcrumb\"},\"inLanguage\":\"it-IT\",\"potentialAction\":[{\"@type\":\"ReadAction\",\"target\":[\"https:\/\/www.noidiqua.it\/Montale\/il-corso-dellagna-nella-storia\/\"]}]},{\"@type\":\"ImageObject\",\"inLanguage\":\"it-IT\",\"@id\":\"https:\/\/www.noidiqua.it\/Montale\/il-corso-dellagna-nella-storia\/#primaryimage\",\"url\":\"https:\/\/www.noidiqua.it\/Montale\/wp-content\/uploads\/2021\/12\/serre-2.png\",\"contentUrl\":\"https:\/\/www.noidiqua.it\/Montale\/wp-content\/uploads\/2021\/12\/serre-2.png\",\"width\":480,\"height\":360},{\"@type\":\"BreadcrumbList\",\"@id\":\"https:\/\/www.noidiqua.it\/Montale\/il-corso-dellagna-nella-storia\/#breadcrumb\",\"itemListElement\":[{\"@type\":\"ListItem\",\"position\":1,\"name\":\"Home\",\"item\":\"https:\/\/www.noidiqua.it\/Montale\/\"},{\"@type\":\"ListItem\",\"position\":2,\"name\":\"il corso dell&#8217;Agna nella storia\"}]},{\"@type\":\"WebSite\",\"@id\":\"https:\/\/www.noidiqua.it\/Montale\/#website\",\"url\":\"https:\/\/www.noidiqua.it\/Montale\/\",\"name\":\"Noi di Qua Testata giornalistica e di attualit\u00e0 di Agliana, Montale e Quarrata.\",\"description\":\"Testata Giornalistica Quarrata Montale Agliana\",\"potentialAction\":[{\"@type\":\"SearchAction\",\"target\":{\"@type\":\"EntryPoint\",\"urlTemplate\":\"https:\/\/www.noidiqua.it\/Montale\/?s={search_term_string}\"},\"query-input\":{\"@type\":\"PropertyValueSpecification\",\"valueRequired\":true,\"valueName\":\"search_term_string\"}}],\"inLanguage\":\"it-IT\"},{\"@type\":\"Person\",\"@id\":\"https:\/\/www.noidiqua.it\/Montale\/#\/schema\/person\/e2e6f44da50af0dae9c90ad168e471a4\",\"name\":\"Giacomo Bini\",\"image\":{\"@type\":\"ImageObject\",\"inLanguage\":\"it-IT\",\"@id\":\"https:\/\/www.noidiqua.it\/Montale\/#\/schema\/person\/image\/\",\"url\":\"https:\/\/secure.gravatar.com\/avatar\/e5c18ae41df5ae37397358f2c6046696187d51a120c5d0b8f0c49f7b606f46f4?s=96&d=mm&r=g\",\"contentUrl\":\"https:\/\/secure.gravatar.com\/avatar\/e5c18ae41df5ae37397358f2c6046696187d51a120c5d0b8f0c49f7b606f46f4?s=96&d=mm&r=g\",\"caption\":\"Giacomo Bini\"},\"url\":\"https:\/\/www.noidiqua.it\/Montale\/author\/giacomo-bini\/\"}]}<\/script>\n<!-- \/ Yoast SEO plugin. -->","yoast_head_json":{"title":"il corso dell'Agna nella storia - Noi di Qua Testata giornalistica e di attualit\u00e0 di Agliana, Montale e Quarrata.","robots":{"index":"index","follow":"follow","max-snippet":"max-snippet:-1","max-image-preview":"max-image-preview:large","max-video-preview":"max-video-preview:-1"},"canonical":"https:\/\/www.noidiqua.it\/Montale\/il-corso-dellagna-nella-storia\/","og_locale":"it_IT","og_type":"article","og_title":"il corso dell'Agna nella storia - Noi di Qua Testata giornalistica e di attualit\u00e0 di Agliana, Montale e Quarrata.","og_description":"di Giacomo Bini settembre 2023 Il corso dell\u2019Agna non \u00e8 sempre stato quello attuale, anzi ha subito una profonda modificazione nel medioevo contemporaneamente alla gigantesca alterazione del corso dei fiumi attuata intorno a Pistoia tra i secoli XII e XIII, cio\u00e8 otto secoli fa. Il cambiamento riguard\u00f2 la formazione di quella curva, all\u2019altezza circa [&hellip;]","og_url":"https:\/\/www.noidiqua.it\/Montale\/il-corso-dellagna-nella-storia\/","og_site_name":"Noi di Qua Testata giornalistica e di attualit\u00e0 di Agliana, Montale e Quarrata.","article_publisher":"https:\/\/www.facebook.com\/noidiqua.trimestrale\/","article_published_time":"2023-12-12T09:43:35+00:00","article_modified_time":"2024-04-22T14:44:33+00:00","og_image":[{"url":"https:\/\/www.noidiqua.it\/Montale\/wp-content\/uploads\/2021\/12\/serre-2.png","type":"","width":"","height":""}],"author":"Giacomo Bini","twitter_misc":{"Scritto da":"Giacomo Bini","Tempo di lettura stimato":"3 minuti"},"schema":{"@context":"https:\/\/schema.org","@graph":[{"@type":"WebPage","@id":"https:\/\/www.noidiqua.it\/Montale\/il-corso-dellagna-nella-storia\/","url":"https:\/\/www.noidiqua.it\/Montale\/il-corso-dellagna-nella-storia\/","name":"il corso dell'Agna nella storia - Noi di Qua Testata giornalistica e di attualit\u00e0 di Agliana, Montale e Quarrata.","isPartOf":{"@id":"https:\/\/www.noidiqua.it\/Montale\/#website"},"primaryImageOfPage":{"@id":"https:\/\/www.noidiqua.it\/Montale\/il-corso-dellagna-nella-storia\/#primaryimage"},"image":{"@id":"https:\/\/www.noidiqua.it\/Montale\/il-corso-dellagna-nella-storia\/#primaryimage"},"thumbnailUrl":"https:\/\/www.noidiqua.it\/Montale\/wp-content\/uploads\/2021\/12\/serre-2.png","datePublished":"2023-12-12T09:43:35+00:00","dateModified":"2024-04-22T14:44:33+00:00","author":{"@id":"https:\/\/www.noidiqua.it\/Montale\/#\/schema\/person\/e2e6f44da50af0dae9c90ad168e471a4"},"breadcrumb":{"@id":"https:\/\/www.noidiqua.it\/Montale\/il-corso-dellagna-nella-storia\/#breadcrumb"},"inLanguage":"it-IT","potentialAction":[{"@type":"ReadAction","target":["https:\/\/www.noidiqua.it\/Montale\/il-corso-dellagna-nella-storia\/"]}]},{"@type":"ImageObject","inLanguage":"it-IT","@id":"https:\/\/www.noidiqua.it\/Montale\/il-corso-dellagna-nella-storia\/#primaryimage","url":"https:\/\/www.noidiqua.it\/Montale\/wp-content\/uploads\/2021\/12\/serre-2.png","contentUrl":"https:\/\/www.noidiqua.it\/Montale\/wp-content\/uploads\/2021\/12\/serre-2.png","width":480,"height":360},{"@type":"BreadcrumbList","@id":"https:\/\/www.noidiqua.it\/Montale\/il-corso-dellagna-nella-storia\/#breadcrumb","itemListElement":[{"@type":"ListItem","position":1,"name":"Home","item":"https:\/\/www.noidiqua.it\/Montale\/"},{"@type":"ListItem","position":2,"name":"il corso dell&#8217;Agna nella storia"}]},{"@type":"WebSite","@id":"https:\/\/www.noidiqua.it\/Montale\/#website","url":"https:\/\/www.noidiqua.it\/Montale\/","name":"Noi di Qua Testata giornalistica e di attualit\u00e0 di Agliana, Montale e Quarrata.","description":"Testata Giornalistica Quarrata Montale Agliana","potentialAction":[{"@type":"SearchAction","target":{"@type":"EntryPoint","urlTemplate":"https:\/\/www.noidiqua.it\/Montale\/?s={search_term_string}"},"query-input":{"@type":"PropertyValueSpecification","valueRequired":true,"valueName":"search_term_string"}}],"inLanguage":"it-IT"},{"@type":"Person","@id":"https:\/\/www.noidiqua.it\/Montale\/#\/schema\/person\/e2e6f44da50af0dae9c90ad168e471a4","name":"Giacomo Bini","image":{"@type":"ImageObject","inLanguage":"it-IT","@id":"https:\/\/www.noidiqua.it\/Montale\/#\/schema\/person\/image\/","url":"https:\/\/secure.gravatar.com\/avatar\/e5c18ae41df5ae37397358f2c6046696187d51a120c5d0b8f0c49f7b606f46f4?s=96&d=mm&r=g","contentUrl":"https:\/\/secure.gravatar.com\/avatar\/e5c18ae41df5ae37397358f2c6046696187d51a120c5d0b8f0c49f7b606f46f4?s=96&d=mm&r=g","caption":"Giacomo Bini"},"url":"https:\/\/www.noidiqua.it\/Montale\/author\/giacomo-bini\/"}]}},"_links":{"self":[{"href":"https:\/\/www.noidiqua.it\/Montale\/wp-json\/wp\/v2\/posts\/8444","targetHints":{"allow":["GET"]}}],"collection":[{"href":"https:\/\/www.noidiqua.it\/Montale\/wp-json\/wp\/v2\/posts"}],"about":[{"href":"https:\/\/www.noidiqua.it\/Montale\/wp-json\/wp\/v2\/types\/post"}],"author":[{"embeddable":true,"href":"https:\/\/www.noidiqua.it\/Montale\/wp-json\/wp\/v2\/users\/12"}],"replies":[{"embeddable":true,"href":"https:\/\/www.noidiqua.it\/Montale\/wp-json\/wp\/v2\/comments?post=8444"}],"version-history":[{"count":2,"href":"https:\/\/www.noidiqua.it\/Montale\/wp-json\/wp\/v2\/posts\/8444\/revisions"}],"predecessor-version":[{"id":8474,"href":"https:\/\/www.noidiqua.it\/Montale\/wp-json\/wp\/v2\/posts\/8444\/revisions\/8474"}],"wp:attachment":[{"href":"https:\/\/www.noidiqua.it\/Montale\/wp-json\/wp\/v2\/media?parent=8444"}],"wp:term":[{"taxonomy":"category","embeddable":true,"href":"https:\/\/www.noidiqua.it\/Montale\/wp-json\/wp\/v2\/categories?post=8444"},{"taxonomy":"post_tag","embeddable":true,"href":"https:\/\/www.noidiqua.it\/Montale\/wp-json\/wp\/v2\/tags?post=8444"}],"curies":[{"name":"wp","href":"https:\/\/api.w.org\/{rel}","templated":true}]}}