{"id":8600,"date":"2024-03-13T11:01:27","date_gmt":"2024-03-13T10:01:27","guid":{"rendered":"https:\/\/www.noidiqua.it\/Montale\/?p=8600"},"modified":"2024-07-17T16:55:14","modified_gmt":"2024-07-17T14:55:14","slug":"fernando-campigli-musicista-e-scrittore","status":"publish","type":"post","link":"https:\/\/www.noidiqua.it\/Montale\/fernando-campigli-musicista-e-scrittore\/","title":{"rendered":"Fernando Campigli &#8211; musicista e scrittore"},"content":{"rendered":"<p><em>di Giacomo Bini<\/em><\/p>\n<p><em>marzo 2024<\/em><\/p>\n<p><a href=\"https:\/\/www.noidiqua.it\/Montale\/wp-content\/uploads\/2024\/04\/Campigli-3.png\" rel=\"wp-prettyPhoto[8600]\"><img loading=\"lazy\" decoding=\"async\" class=\"aligncenter size-full wp-image-8602\" src=\"https:\/\/www.noidiqua.it\/Montale\/wp-content\/uploads\/2024\/04\/Campigli-3.png\" alt=\"\" width=\"500\" height=\"413\" srcset=\"https:\/\/www.noidiqua.it\/Montale\/wp-content\/uploads\/2024\/04\/Campigli-3.png 500w, https:\/\/www.noidiqua.it\/Montale\/wp-content\/uploads\/2024\/04\/Campigli-3-300x248.png 300w\" sizes=\"auto, (max-width: 500px) 100vw, 500px\" \/><\/a><\/p>\n<p><strong>Musica<\/strong> e <strong>letteratura<\/strong> sono i due mondi di <strong>Fernando Campigli<\/strong>, che dopo una vita dedicata alla musica ha pubblicato da poco un bel libro \u201c<strong>Il tronco di ferro<\/strong>\u201d edito da Porto Seguro, che rivela una autentica passione per la scrittura. <i>\u00abSi pu\u00f2 scrivere in note o scrivere in parole\u00bb<\/i> dice Campigli <i>\u00abnel dare la struttura al mio libro ho seguito i principi della composizione musicale\u00bb<\/i>.<\/p>\n<p>Cinquantotto anni, nato a San Miniato ma montalese dal 2008, Fernando Campigli ha seguito la sua vocazione per la musica fin da bambino, quando \u00e8 entrato nella banda della sua citt\u00e0 natale. Da quell\u2019esordio nell\u2019universo delle note sono seguiti gli studi al <strong>Conservatorio Cherubini di Firenze<\/strong> dove si \u00e8 diplomato in<strong> clarinetto<\/strong>, lo strumento prediletto che da allora lo ha sempre accompagnato fino ad oggi. Dopo aver intrapreso per alcuni anni gli studi di composizione, ha conosciuto una fortunata stagione da concertista in Italia e in diversi paesi europei: Ungheria, pi\u00f9 di una volta, Francia, Norvegia, Polonia, Cekia e Slovacchia. Da sempre attratto dalla musica del Novecento storico, Fernando nutre una particolare ammirazione per l\u2019opera di <strong>Bela Bartok<\/strong>, che \u00e8 sempre stata una sua fonte di ispirazione. Da diversi anni si \u00e8 dedicato all\u2019insegnamento della musica in scuole della nostra zona. Da sempre innamorato anche della letteratura, \u00e8 stato particolarmente colpito dalla lettura di <strong>Garcia Marquez<\/strong> e in particolare di \u201cCent\u2019anni di solitudine\u201d, il libro pi\u00f9 famoso dello scrittore sudamericano. Il rapporto complesso tra realt\u00e0, sogno e immaginazione presente nelle opere di Garcia Marquez ha affascinato Fernando Campigli che ha sempre pi\u00f9 rafforzato la sua motivazione per la scrittura. Ha anche coltivato la scrittura di <strong>poesie<\/strong> e scritto saggi, articoli e recensioni in <strong>riviste musicali<\/strong>.<\/p>\n<p><a href=\"https:\/\/www.noidiqua.it\/Montale\/wp-content\/uploads\/2024\/04\/Campigli-2.png\" rel=\"wp-prettyPhoto[8600]\"><img loading=\"lazy\" decoding=\"async\" class=\"aligncenter size-full wp-image-8603\" src=\"https:\/\/www.noidiqua.it\/Montale\/wp-content\/uploads\/2024\/04\/Campigli-2.png\" alt=\"\" width=\"512\" height=\"504\" srcset=\"https:\/\/www.noidiqua.it\/Montale\/wp-content\/uploads\/2024\/04\/Campigli-2.png 512w, https:\/\/www.noidiqua.it\/Montale\/wp-content\/uploads\/2024\/04\/Campigli-2-300x295.png 300w\" sizes=\"auto, (max-width: 512px) 100vw, 512px\" \/><\/a><\/p>\n<p>La sua prima opera letterario di ampio respiro \u00e8 \u201cIl tronco di ferro\u201d, che racconta la storia di una giovane donna tra Pistoia e l\u2019Ungheria, sua terra di origine. In Italia per coltivare la sua passione per l\u2019arte, <strong>Judith<\/strong> deve tornare in Ungheria per assistere la madre morente. Nella storia di Judith si intrecciano tanti temi, quello psicologico delle vertigini, cio\u00e8 dello smarrimento e della fatica di ritrovare se stessi, quello del sogno e dell\u2019arte a partire dal magnifico fregio robbiano dell\u2019ospedale del Ceppo, quello etico-religioso delle opere di misericordia calate con grande difficolt\u00e0 nel mondo attuale e infine quello storico e sociale con la trasformazione dell\u2019Ungheria da paese che accoglie a paese che respinge. Campigli conosce molto bene l\u2019<strong>Ungheria<\/strong>, dove ha avuto occasione di recarsi sia per ragioni professionali, in alcuni dei suoi concerti, sia per ragioni familiari, cio\u00e8 per l\u2019adozione dei suoi due figli. <i>\u00abNella scrittura del mio libro\u00bb<\/i> dice l&#8217;autore <i>\u00abmi sono attenuto ad alcune regole preliminari, tra le quali evitare di parlare esplicitamente di musica ed evitare l\u2019autobiografia\u00bb.<\/i> Della musica per\u00f2 c\u2019\u00e8 la struttura della narrazione e dell\u2019autore, pur non essendoci alcun elemento autobiografico, sono presenti molti aspetti dall\u2019amore per l\u2019Ungheria, alla conoscenza dei luoghi e delle persone oltre a una passione sconfinata per l\u2019<strong>arte<\/strong> e per la sua capacit\u00e0 di aiutare nei momenti in cui sembra di perdere l\u2019orientamento.<\/p>\n<p><a href=\"https:\/\/www.noidiqua.it\/Montale\/wp-content\/uploads\/2024\/04\/Campigli-1.png\" rel=\"wp-prettyPhoto[8600]\"><img loading=\"lazy\" decoding=\"async\" class=\"aligncenter size-full wp-image-8604\" src=\"https:\/\/www.noidiqua.it\/Montale\/wp-content\/uploads\/2024\/04\/Campigli-1.png\" alt=\"\" width=\"502\" height=\"353\" srcset=\"https:\/\/www.noidiqua.it\/Montale\/wp-content\/uploads\/2024\/04\/Campigli-1.png 502w, https:\/\/www.noidiqua.it\/Montale\/wp-content\/uploads\/2024\/04\/Campigli-1-300x211.png 300w\" sizes=\"auto, (max-width: 502px) 100vw, 502px\" \/><\/a><\/p>\n<p>&nbsp;<\/p>\n<p class=\"p1\">Del libro c\u2019\u00e8 stata una presentazione alla villa Smilea alla presenza dell\u2019assessore alla cultura<strong> Tiziano Pierucci<\/strong>.<\/p>","protected":false},"excerpt":{"rendered":"<p>di Giacomo Bini marzo 2024 Musica e letteratura sono i due mondi di Fernando Campigli, che dopo una vita dedicata alla musica ha pubblicato da poco un bel libro \u201cIl tronco di ferro\u201d edito da Porto Seguro, che rivela una autentica passione per la scrittura. \u00abSi pu\u00f2 scrivere in note o scrivere in parole\u00bb [&hellip;]<\/p>","protected":false},"author":12,"featured_media":8602,"comment_status":"open","ping_status":"open","sticky":false,"template":"","format":"standard","meta":{"footnotes":""},"categories":[23,7],"tags":[846,3835,3834,877,3832,3836,3833,3838,3831,111,1579,3837,3159,3839],"class_list":["post-8600","post","type-post","status-publish","format-standard","has-post-thumbnail","hentry","category-arte-artigianato-qt","category-mt","tag-arte","tag-bela-bartok","tag-clarinetto","tag-conservatorio-cherubini-di-firenze","tag-fernando-campigli","tag-garcia-marquez","tag-il-tronco-di-ferro","tag-judith","tag-letteratura","tag-musica","tag-poesie","tag-riviste-musicali","tag-tiziano-pierucci","tag-ungheria"],"yoast_head":"<!-- This site is optimized with the Yoast SEO plugin v25.5 - https:\/\/yoast.com\/wordpress\/plugins\/seo\/ -->\n<title>Fernando Campigli - musicista e scrittore - Noi di Qua Testata giornalistica e di attualit\u00e0 di Agliana, Montale e Quarrata.<\/title>\n<meta name=\"robots\" content=\"index, follow, max-snippet:-1, max-image-preview:large, max-video-preview:-1\" \/>\n<link rel=\"canonical\" href=\"https:\/\/www.noidiqua.it\/Montale\/fernando-campigli-musicista-e-scrittore\/\" \/>\n<meta property=\"og:locale\" content=\"it_IT\" \/>\n<meta property=\"og:type\" content=\"article\" \/>\n<meta property=\"og:title\" content=\"Fernando Campigli - musicista e scrittore - Noi di Qua Testata giornalistica e di attualit\u00e0 di Agliana, Montale e Quarrata.\" \/>\n<meta property=\"og:description\" content=\"di Giacomo Bini marzo 2024 Musica e letteratura sono i due mondi di Fernando Campigli, che dopo una vita dedicata alla musica ha pubblicato da poco un bel libro \u201cIl tronco di ferro\u201d edito da Porto Seguro, che rivela una autentica passione per la scrittura. \u00abSi pu\u00f2 scrivere in note o scrivere in parole\u00bb [&hellip;]\" \/>\n<meta property=\"og:url\" content=\"https:\/\/www.noidiqua.it\/Montale\/fernando-campigli-musicista-e-scrittore\/\" \/>\n<meta property=\"og:site_name\" content=\"Noi di Qua Testata giornalistica e di attualit\u00e0 di Agliana, Montale e Quarrata.\" \/>\n<meta property=\"article:publisher\" content=\"https:\/\/www.facebook.com\/noidiqua.trimestrale\/\" \/>\n<meta property=\"article:published_time\" content=\"2024-03-13T10:01:27+00:00\" \/>\n<meta property=\"article:modified_time\" content=\"2024-07-17T14:55:14+00:00\" \/>\n<meta property=\"og:image\" content=\"https:\/\/www.noidiqua.it\/Montale\/wp-content\/uploads\/2024\/04\/Campigli-3.png\" \/>\n\t<meta property=\"og:image:width\" content=\"500\" \/>\n\t<meta property=\"og:image:height\" content=\"413\" \/>\n\t<meta property=\"og:image:type\" content=\"image\/png\" \/>\n<meta name=\"author\" content=\"Giacomo Bini\" \/>\n<meta name=\"twitter:label1\" content=\"Scritto da\" \/>\n\t<meta name=\"twitter:data1\" content=\"Giacomo Bini\" \/>\n\t<meta name=\"twitter:label2\" content=\"Tempo di lettura stimato\" \/>\n\t<meta name=\"twitter:data2\" content=\"3 minuti\" \/>\n<script type=\"application\/ld+json\" class=\"yoast-schema-graph\">{\"@context\":\"https:\/\/schema.org\",\"@graph\":[{\"@type\":\"WebPage\",\"@id\":\"https:\/\/www.noidiqua.it\/Montale\/fernando-campigli-musicista-e-scrittore\/\",\"url\":\"https:\/\/www.noidiqua.it\/Montale\/fernando-campigli-musicista-e-scrittore\/\",\"name\":\"Fernando Campigli - musicista e scrittore - Noi di Qua Testata giornalistica e di attualit\u00e0 di Agliana, Montale e Quarrata.\",\"isPartOf\":{\"@id\":\"https:\/\/www.noidiqua.it\/Montale\/#website\"},\"primaryImageOfPage\":{\"@id\":\"https:\/\/www.noidiqua.it\/Montale\/fernando-campigli-musicista-e-scrittore\/#primaryimage\"},\"image\":{\"@id\":\"https:\/\/www.noidiqua.it\/Montale\/fernando-campigli-musicista-e-scrittore\/#primaryimage\"},\"thumbnailUrl\":\"https:\/\/www.noidiqua.it\/Montale\/wp-content\/uploads\/2024\/04\/Campigli-3.png\",\"datePublished\":\"2024-03-13T10:01:27+00:00\",\"dateModified\":\"2024-07-17T14:55:14+00:00\",\"author\":{\"@id\":\"https:\/\/www.noidiqua.it\/Montale\/#\/schema\/person\/e2e6f44da50af0dae9c90ad168e471a4\"},\"breadcrumb\":{\"@id\":\"https:\/\/www.noidiqua.it\/Montale\/fernando-campigli-musicista-e-scrittore\/#breadcrumb\"},\"inLanguage\":\"it-IT\",\"potentialAction\":[{\"@type\":\"ReadAction\",\"target\":[\"https:\/\/www.noidiqua.it\/Montale\/fernando-campigli-musicista-e-scrittore\/\"]}]},{\"@type\":\"ImageObject\",\"inLanguage\":\"it-IT\",\"@id\":\"https:\/\/www.noidiqua.it\/Montale\/fernando-campigli-musicista-e-scrittore\/#primaryimage\",\"url\":\"https:\/\/www.noidiqua.it\/Montale\/wp-content\/uploads\/2024\/04\/Campigli-3.png\",\"contentUrl\":\"https:\/\/www.noidiqua.it\/Montale\/wp-content\/uploads\/2024\/04\/Campigli-3.png\",\"width\":500,\"height\":413},{\"@type\":\"BreadcrumbList\",\"@id\":\"https:\/\/www.noidiqua.it\/Montale\/fernando-campigli-musicista-e-scrittore\/#breadcrumb\",\"itemListElement\":[{\"@type\":\"ListItem\",\"position\":1,\"name\":\"Home\",\"item\":\"https:\/\/www.noidiqua.it\/Montale\/\"},{\"@type\":\"ListItem\",\"position\":2,\"name\":\"Fernando Campigli &#8211; musicista e scrittore\"}]},{\"@type\":\"WebSite\",\"@id\":\"https:\/\/www.noidiqua.it\/Montale\/#website\",\"url\":\"https:\/\/www.noidiqua.it\/Montale\/\",\"name\":\"Noi di Qua Testata giornalistica e di attualit\u00e0 di Agliana, Montale e Quarrata.\",\"description\":\"Testata Giornalistica Quarrata Montale Agliana\",\"potentialAction\":[{\"@type\":\"SearchAction\",\"target\":{\"@type\":\"EntryPoint\",\"urlTemplate\":\"https:\/\/www.noidiqua.it\/Montale\/?s={search_term_string}\"},\"query-input\":{\"@type\":\"PropertyValueSpecification\",\"valueRequired\":true,\"valueName\":\"search_term_string\"}}],\"inLanguage\":\"it-IT\"},{\"@type\":\"Person\",\"@id\":\"https:\/\/www.noidiqua.it\/Montale\/#\/schema\/person\/e2e6f44da50af0dae9c90ad168e471a4\",\"name\":\"Giacomo Bini\",\"image\":{\"@type\":\"ImageObject\",\"inLanguage\":\"it-IT\",\"@id\":\"https:\/\/www.noidiqua.it\/Montale\/#\/schema\/person\/image\/\",\"url\":\"https:\/\/secure.gravatar.com\/avatar\/e5c18ae41df5ae37397358f2c6046696187d51a120c5d0b8f0c49f7b606f46f4?s=96&d=mm&r=g\",\"contentUrl\":\"https:\/\/secure.gravatar.com\/avatar\/e5c18ae41df5ae37397358f2c6046696187d51a120c5d0b8f0c49f7b606f46f4?s=96&d=mm&r=g\",\"caption\":\"Giacomo Bini\"},\"url\":\"https:\/\/www.noidiqua.it\/Montale\/author\/giacomo-bini\/\"}]}<\/script>\n<!-- \/ Yoast SEO plugin. -->","yoast_head_json":{"title":"Fernando Campigli - musicista e scrittore - Noi di Qua Testata giornalistica e di attualit\u00e0 di Agliana, Montale e Quarrata.","robots":{"index":"index","follow":"follow","max-snippet":"max-snippet:-1","max-image-preview":"max-image-preview:large","max-video-preview":"max-video-preview:-1"},"canonical":"https:\/\/www.noidiqua.it\/Montale\/fernando-campigli-musicista-e-scrittore\/","og_locale":"it_IT","og_type":"article","og_title":"Fernando Campigli - musicista e scrittore - Noi di Qua Testata giornalistica e di attualit\u00e0 di Agliana, Montale e Quarrata.","og_description":"di Giacomo Bini marzo 2024 Musica e letteratura sono i due mondi di Fernando Campigli, che dopo una vita dedicata alla musica ha pubblicato da poco un bel libro \u201cIl tronco di ferro\u201d edito da Porto Seguro, che rivela una autentica passione per la scrittura. \u00abSi pu\u00f2 scrivere in note o scrivere in parole\u00bb [&hellip;]","og_url":"https:\/\/www.noidiqua.it\/Montale\/fernando-campigli-musicista-e-scrittore\/","og_site_name":"Noi di Qua Testata giornalistica e di attualit\u00e0 di Agliana, Montale e Quarrata.","article_publisher":"https:\/\/www.facebook.com\/noidiqua.trimestrale\/","article_published_time":"2024-03-13T10:01:27+00:00","article_modified_time":"2024-07-17T14:55:14+00:00","og_image":[{"width":500,"height":413,"url":"https:\/\/www.noidiqua.it\/Montale\/wp-content\/uploads\/2024\/04\/Campigli-3.png","type":"image\/png"}],"author":"Giacomo Bini","twitter_misc":{"Scritto da":"Giacomo Bini","Tempo di lettura stimato":"3 minuti"},"schema":{"@context":"https:\/\/schema.org","@graph":[{"@type":"WebPage","@id":"https:\/\/www.noidiqua.it\/Montale\/fernando-campigli-musicista-e-scrittore\/","url":"https:\/\/www.noidiqua.it\/Montale\/fernando-campigli-musicista-e-scrittore\/","name":"Fernando Campigli - musicista e scrittore - Noi di Qua Testata giornalistica e di attualit\u00e0 di Agliana, Montale e Quarrata.","isPartOf":{"@id":"https:\/\/www.noidiqua.it\/Montale\/#website"},"primaryImageOfPage":{"@id":"https:\/\/www.noidiqua.it\/Montale\/fernando-campigli-musicista-e-scrittore\/#primaryimage"},"image":{"@id":"https:\/\/www.noidiqua.it\/Montale\/fernando-campigli-musicista-e-scrittore\/#primaryimage"},"thumbnailUrl":"https:\/\/www.noidiqua.it\/Montale\/wp-content\/uploads\/2024\/04\/Campigli-3.png","datePublished":"2024-03-13T10:01:27+00:00","dateModified":"2024-07-17T14:55:14+00:00","author":{"@id":"https:\/\/www.noidiqua.it\/Montale\/#\/schema\/person\/e2e6f44da50af0dae9c90ad168e471a4"},"breadcrumb":{"@id":"https:\/\/www.noidiqua.it\/Montale\/fernando-campigli-musicista-e-scrittore\/#breadcrumb"},"inLanguage":"it-IT","potentialAction":[{"@type":"ReadAction","target":["https:\/\/www.noidiqua.it\/Montale\/fernando-campigli-musicista-e-scrittore\/"]}]},{"@type":"ImageObject","inLanguage":"it-IT","@id":"https:\/\/www.noidiqua.it\/Montale\/fernando-campigli-musicista-e-scrittore\/#primaryimage","url":"https:\/\/www.noidiqua.it\/Montale\/wp-content\/uploads\/2024\/04\/Campigli-3.png","contentUrl":"https:\/\/www.noidiqua.it\/Montale\/wp-content\/uploads\/2024\/04\/Campigli-3.png","width":500,"height":413},{"@type":"BreadcrumbList","@id":"https:\/\/www.noidiqua.it\/Montale\/fernando-campigli-musicista-e-scrittore\/#breadcrumb","itemListElement":[{"@type":"ListItem","position":1,"name":"Home","item":"https:\/\/www.noidiqua.it\/Montale\/"},{"@type":"ListItem","position":2,"name":"Fernando Campigli &#8211; musicista e scrittore"}]},{"@type":"WebSite","@id":"https:\/\/www.noidiqua.it\/Montale\/#website","url":"https:\/\/www.noidiqua.it\/Montale\/","name":"Noi di Qua Testata giornalistica e di attualit\u00e0 di Agliana, Montale e Quarrata.","description":"Testata Giornalistica Quarrata Montale Agliana","potentialAction":[{"@type":"SearchAction","target":{"@type":"EntryPoint","urlTemplate":"https:\/\/www.noidiqua.it\/Montale\/?s={search_term_string}"},"query-input":{"@type":"PropertyValueSpecification","valueRequired":true,"valueName":"search_term_string"}}],"inLanguage":"it-IT"},{"@type":"Person","@id":"https:\/\/www.noidiqua.it\/Montale\/#\/schema\/person\/e2e6f44da50af0dae9c90ad168e471a4","name":"Giacomo Bini","image":{"@type":"ImageObject","inLanguage":"it-IT","@id":"https:\/\/www.noidiqua.it\/Montale\/#\/schema\/person\/image\/","url":"https:\/\/secure.gravatar.com\/avatar\/e5c18ae41df5ae37397358f2c6046696187d51a120c5d0b8f0c49f7b606f46f4?s=96&d=mm&r=g","contentUrl":"https:\/\/secure.gravatar.com\/avatar\/e5c18ae41df5ae37397358f2c6046696187d51a120c5d0b8f0c49f7b606f46f4?s=96&d=mm&r=g","caption":"Giacomo Bini"},"url":"https:\/\/www.noidiqua.it\/Montale\/author\/giacomo-bini\/"}]}},"_links":{"self":[{"href":"https:\/\/www.noidiqua.it\/Montale\/wp-json\/wp\/v2\/posts\/8600","targetHints":{"allow":["GET"]}}],"collection":[{"href":"https:\/\/www.noidiqua.it\/Montale\/wp-json\/wp\/v2\/posts"}],"about":[{"href":"https:\/\/www.noidiqua.it\/Montale\/wp-json\/wp\/v2\/types\/post"}],"author":[{"embeddable":true,"href":"https:\/\/www.noidiqua.it\/Montale\/wp-json\/wp\/v2\/users\/12"}],"replies":[{"embeddable":true,"href":"https:\/\/www.noidiqua.it\/Montale\/wp-json\/wp\/v2\/comments?post=8600"}],"version-history":[{"count":3,"href":"https:\/\/www.noidiqua.it\/Montale\/wp-json\/wp\/v2\/posts\/8600\/revisions"}],"predecessor-version":[{"id":8607,"href":"https:\/\/www.noidiqua.it\/Montale\/wp-json\/wp\/v2\/posts\/8600\/revisions\/8607"}],"wp:featuredmedia":[{"embeddable":true,"href":"https:\/\/www.noidiqua.it\/Montale\/wp-json\/wp\/v2\/media\/8602"}],"wp:attachment":[{"href":"https:\/\/www.noidiqua.it\/Montale\/wp-json\/wp\/v2\/media?parent=8600"}],"wp:term":[{"taxonomy":"category","embeddable":true,"href":"https:\/\/www.noidiqua.it\/Montale\/wp-json\/wp\/v2\/categories?post=8600"},{"taxonomy":"post_tag","embeddable":true,"href":"https:\/\/www.noidiqua.it\/Montale\/wp-json\/wp\/v2\/tags?post=8600"}],"curies":[{"name":"wp","href":"https:\/\/api.w.org\/{rel}","templated":true}]}}