{"id":8615,"date":"2024-03-13T11:18:14","date_gmt":"2024-03-13T10:18:14","guid":{"rendered":"https:\/\/www.noidiqua.it\/Montale\/?p=8615"},"modified":"2024-07-17T16:55:35","modified_gmt":"2024-07-17T14:55:35","slug":"valerio-vignolini-il-viaggio-come-filosofia-di-vita","status":"publish","type":"post","link":"https:\/\/www.noidiqua.it\/Montale\/valerio-vignolini-il-viaggio-come-filosofia-di-vita\/","title":{"rendered":"Valerio Vignolini &#8211; il viaggio come filosofia di vita"},"content":{"rendered":"<p><em>di Giacomo Bini<\/em><\/p>\n<p><em>marzo 2024<\/em><\/p>\n<p><a href=\"https:\/\/www.noidiqua.it\/Montale\/wp-content\/uploads\/2024\/04\/vignolini-valerio-1-1.png\" rel=\"wp-prettyPhoto[8615]\"><img loading=\"lazy\" decoding=\"async\" class=\"aligncenter size-full wp-image-8616\" src=\"https:\/\/www.noidiqua.it\/Montale\/wp-content\/uploads\/2024\/04\/vignolini-valerio-1-1.png\" alt=\"\" width=\"500\" height=\"336\" srcset=\"https:\/\/www.noidiqua.it\/Montale\/wp-content\/uploads\/2024\/04\/vignolini-valerio-1-1.png 500w, https:\/\/www.noidiqua.it\/Montale\/wp-content\/uploads\/2024\/04\/vignolini-valerio-1-1-300x202.png 300w\" sizes=\"auto, (max-width: 500px) 100vw, 500px\" \/><\/a><\/p>\n<p class=\"p1\" style=\"text-align: justify;\">Per capire la differenza tra un vero viaggiatore e un semplice turista basta conoscere <strong>Valerio Vignolini<\/strong>, montalese di 83 anni che ha dedicato trent\u2019anni a viaggi compiuti fuori da tutte le rotte turistiche.<\/p>\n<p class=\"p1\" style=\"text-align: justify;\">Sull\u2019ultimo viaggio, compiuto nel 2013 sulle tracce dell\u2019antica <strong>via della Seta<\/strong>, \u00e8 stato tratto un film-documentario che \u00e8 stato presentato in un affollatissima sala del Centro Nerucci di Montale in occasione di un incontro pubblico promosso dal gruppo <strong>Obiettivi Montalesi<\/strong> dell\u2019Auser. La documentazione fotografica e filmata inserita nel documentario \u00e8 stata assemblata e montata dal documentarista <a href=\"https:\/\/www.noidiqua.it\/Montale\/giordano-tognarelli-documentarista\/\"><strong>Giordano Tognarelli<\/strong><\/a>. Il viaggio, compiuto da Vignolini con altri cinque compagni di avventura, ha comportato l\u2019attraversamento di nove stati per 16.400 chilometri percorsi tutti alla guida di un fuori-strada.<\/p>\n<p class=\"p1\" style=\"text-align: justify;\">In precedenza Valerio ha viaggiato in America del nord, Brasile, Messico, Yemen del nord <i>\u00abquando non ci andava proprio nessuno\u00bb<\/i>, quattro volte in India, poi nell\u2019amata Libia e nell\u2019Africa pi\u00f9 profonda, nel Mali <i>\u00aba portare pannelli fotovoltaici per delle scuole e motori per estrarre l\u2019acqua dai pozzi\u00bb<\/i> e in Madagascar. Di ciascuno di questi <strong>viaggi<\/strong> Valerio ha conservato qualche oggetto che ora conserva gelosamente nella sua casa nel centro di Montale: piccole pietre, conchiglie, nidi di uccello, variopinti prodotti di artigianato. Ogni oggetto richiama l\u2019esperienza di una avventura indimenticabile.<\/p>\n<p><a href=\"https:\/\/www.noidiqua.it\/Montale\/wp-content\/uploads\/2024\/04\/vignolini-valerio-3.png\" rel=\"wp-prettyPhoto[8615]\"><img loading=\"lazy\" decoding=\"async\" class=\"aligncenter size-full wp-image-8617\" src=\"https:\/\/www.noidiqua.it\/Montale\/wp-content\/uploads\/2024\/04\/vignolini-valerio-3.png\" alt=\"\" width=\"489\" height=\"367\" srcset=\"https:\/\/www.noidiqua.it\/Montale\/wp-content\/uploads\/2024\/04\/vignolini-valerio-3.png 489w, https:\/\/www.noidiqua.it\/Montale\/wp-content\/uploads\/2024\/04\/vignolini-valerio-3-300x225.png 300w\" sizes=\"auto, (max-width: 489px) 100vw, 489px\" \/><\/a><\/p>\n<p class=\"p1\" style=\"text-align: justify;\">Ci\u00f2 che ha spinto Valerio nei suoi trent\u2019anni di viaggi \u00e8 la curiosit\u00e0 per i modi di vivere diversi dal nostro, dall\u2019alimentazione all\u2019abbigliamento, ma anche il desiderio di conoscere le tracce e le testimonianze del passato. I viaggi di Valerio non sono solo nello spazio ma anche nel tempo, perch\u00e9 in ogni paese visitato \u00e8 stato sempre attratto dalle testimonianze del <strong>passato storico<\/strong> e soprattutto di quello pi\u00f9 remoto, alle origini della vicenda umana. <i>\u00abL\u2019emozione pi\u00f9 grande\u00bb<\/i> racconta infatti Valerio <i>\u00ab\u00e8 stato entrare nelle caverne dell\u2019Acacus nel deserto libico e trovarsi di fronte alle impressionanti pitture rupestri che vi sono conservate e che risalgono a dodicimila anni prima di Cristo\u00bb<\/i>. I siti archeologici pi\u00f9 appartati, i resti delle citt\u00e0 scomparse, spesso in luoghi raggiungibili solo col fuoristrada sono le mete che pi\u00f9 lo entusiasmano.<\/p>\n<p class=\"p1\" style=\"text-align: justify;\">L\u2019unico suo rammarico \u00e8 la limitata conoscenza delle <strong>lingue straniere<\/strong> ma questo problema non lo ha mai davvero ostacolato vista la sua grande capacit\u00e0 di entrare in sintonia anche con gli sconosciuti. Il bisogno insopprimibile di <strong>partire<\/strong>, una o due volte l\u2019anno, per tre o quattro settimane e settemila chilometri di media, nasce <i>\u00abdal desiderio di conoscere la natura e le persone\u00bb<\/i>. <i>\u00abTutto \u00e8 iniziato nel 1988\u00bb<\/i><span class=\"Apple-converted-space\">\u00a0 <\/span>racconta il viaggiatore montalese <i>\u00abquando affittai un camper e con tutta la famiglia, mia moglie e tre figli insieme ad un\u2019altra famiglia di amici girammo tutti gli Stati Uniti, poi, dal 1989 iniziai a partecipare a viaggi con la Panda 4&#215;4 tra India, Brasile, Messico e Yemen e non mi sono pi\u00f9 fermato. Devo ringraziare anche mia moglie Gloria, che all\u2019inizio mi ha seguito per assecondare la mia passione, ma ben presto si \u00e8 appassionata anche lei\u00bb<\/i>.<\/p>\n<p><a href=\"https:\/\/www.noidiqua.it\/Montale\/wp-content\/uploads\/2024\/04\/valerio-vignolini-2.png\" rel=\"wp-prettyPhoto[8615]\"><img loading=\"lazy\" decoding=\"async\" class=\"aligncenter size-full wp-image-8618\" src=\"https:\/\/www.noidiqua.it\/Montale\/wp-content\/uploads\/2024\/04\/valerio-vignolini-2.png\" alt=\"\" width=\"440\" height=\"333\" srcset=\"https:\/\/www.noidiqua.it\/Montale\/wp-content\/uploads\/2024\/04\/valerio-vignolini-2.png 440w, https:\/\/www.noidiqua.it\/Montale\/wp-content\/uploads\/2024\/04\/valerio-vignolini-2-300x227.png 300w\" sizes=\"auto, (max-width: 440px) 100vw, 440px\" \/><\/a><\/p>\n<p class=\"p1\" style=\"text-align: justify;\">Se gli si chiede qual \u00e8 il posto che pi\u00f9 lo ha colpito Valerio non ha dubbi: <i>\u00abIl posto che amo di pi\u00f9 e in cui ho provato le sensazioni pi\u00f9 forti \u00e8 il deserto, dove intendo tornare. In particolare amo la <strong>Libia<\/strong>, un Paese che mi ha affascinato fin dalla prima volta che l\u2019ho visitata\u00bb<\/i>.<\/p>","protected":false},"excerpt":{"rendered":"<p>di Giacomo Bini marzo 2024 Per capire la differenza tra un vero viaggiatore e un semplice turista basta conoscere Valerio Vignolini, montalese di 83 anni che ha dedicato trent\u2019anni a viaggi compiuti fuori da tutte le rotte turistiche. Sull\u2019ultimo viaggio, compiuto nel 2013 sulle tracce dell\u2019antica via della Seta, \u00e8 stato tratto un film-documentario [&hellip;]<\/p>","protected":false},"author":12,"featured_media":0,"comment_status":"open","ping_status":"open","sticky":false,"template":"","format":"standard","meta":{"footnotes":""},"categories":[7,13,170],"tags":[1742,3858,3856,3853,3857,3855,3852,3854],"class_list":["post-8615","post","type-post","status-publish","format-standard","hentry","category-mt","category-personaggi-qt","category-persone-e-personaggi","tag-giordano-tognarelli","tag-libia","tag-lingue-straniere","tag-obiettivi-montalesi","tag-partire","tag-passato-storico","tag-via-della-seta","tag-viaggi"],"yoast_head":"<!-- This site is optimized with the Yoast SEO plugin v25.5 - https:\/\/yoast.com\/wordpress\/plugins\/seo\/ -->\n<title>Valerio Vignolini - il viaggio come filosofia di vita - Noi di Qua Testata giornalistica e di attualit\u00e0 di Agliana, Montale e Quarrata.<\/title>\n<meta name=\"robots\" content=\"index, follow, max-snippet:-1, max-image-preview:large, max-video-preview:-1\" \/>\n<link rel=\"canonical\" href=\"https:\/\/www.noidiqua.it\/Montale\/valerio-vignolini-il-viaggio-come-filosofia-di-vita\/\" \/>\n<meta property=\"og:locale\" content=\"it_IT\" \/>\n<meta property=\"og:type\" content=\"article\" \/>\n<meta property=\"og:title\" content=\"Valerio Vignolini - il viaggio come filosofia di vita - Noi di Qua Testata giornalistica e di attualit\u00e0 di Agliana, Montale e Quarrata.\" \/>\n<meta property=\"og:description\" content=\"di Giacomo Bini marzo 2024 Per capire la differenza tra un vero viaggiatore e un semplice turista basta conoscere Valerio Vignolini, montalese di 83 anni che ha dedicato trent\u2019anni a viaggi compiuti fuori da tutte le rotte turistiche. Sull\u2019ultimo viaggio, compiuto nel 2013 sulle tracce dell\u2019antica via della Seta, \u00e8 stato tratto un film-documentario [&hellip;]\" \/>\n<meta property=\"og:url\" content=\"https:\/\/www.noidiqua.it\/Montale\/valerio-vignolini-il-viaggio-come-filosofia-di-vita\/\" \/>\n<meta property=\"og:site_name\" content=\"Noi di Qua Testata giornalistica e di attualit\u00e0 di Agliana, Montale e Quarrata.\" \/>\n<meta property=\"article:publisher\" content=\"https:\/\/www.facebook.com\/noidiqua.trimestrale\/\" \/>\n<meta property=\"article:published_time\" content=\"2024-03-13T10:18:14+00:00\" \/>\n<meta property=\"article:modified_time\" content=\"2024-07-17T14:55:35+00:00\" \/>\n<meta property=\"og:image\" content=\"https:\/\/www.noidiqua.it\/Montale\/wp-content\/uploads\/2024\/04\/vignolini-valerio-1-1.png\" \/>\n<meta name=\"author\" content=\"Giacomo Bini\" \/>\n<meta name=\"twitter:label1\" content=\"Scritto da\" \/>\n\t<meta name=\"twitter:data1\" content=\"Giacomo Bini\" \/>\n\t<meta name=\"twitter:label2\" content=\"Tempo di lettura stimato\" \/>\n\t<meta name=\"twitter:data2\" content=\"3 minuti\" \/>\n<script type=\"application\/ld+json\" class=\"yoast-schema-graph\">{\"@context\":\"https:\/\/schema.org\",\"@graph\":[{\"@type\":\"WebPage\",\"@id\":\"https:\/\/www.noidiqua.it\/Montale\/valerio-vignolini-il-viaggio-come-filosofia-di-vita\/\",\"url\":\"https:\/\/www.noidiqua.it\/Montale\/valerio-vignolini-il-viaggio-come-filosofia-di-vita\/\",\"name\":\"Valerio Vignolini - il viaggio come filosofia di vita - Noi di Qua Testata giornalistica e di attualit\u00e0 di Agliana, Montale e Quarrata.\",\"isPartOf\":{\"@id\":\"https:\/\/www.noidiqua.it\/Montale\/#website\"},\"primaryImageOfPage\":{\"@id\":\"https:\/\/www.noidiqua.it\/Montale\/valerio-vignolini-il-viaggio-come-filosofia-di-vita\/#primaryimage\"},\"image\":{\"@id\":\"https:\/\/www.noidiqua.it\/Montale\/valerio-vignolini-il-viaggio-come-filosofia-di-vita\/#primaryimage\"},\"thumbnailUrl\":\"https:\/\/www.noidiqua.it\/Montale\/wp-content\/uploads\/2024\/04\/vignolini-valerio-1-1.png\",\"datePublished\":\"2024-03-13T10:18:14+00:00\",\"dateModified\":\"2024-07-17T14:55:35+00:00\",\"author\":{\"@id\":\"https:\/\/www.noidiqua.it\/Montale\/#\/schema\/person\/e2e6f44da50af0dae9c90ad168e471a4\"},\"breadcrumb\":{\"@id\":\"https:\/\/www.noidiqua.it\/Montale\/valerio-vignolini-il-viaggio-come-filosofia-di-vita\/#breadcrumb\"},\"inLanguage\":\"it-IT\",\"potentialAction\":[{\"@type\":\"ReadAction\",\"target\":[\"https:\/\/www.noidiqua.it\/Montale\/valerio-vignolini-il-viaggio-come-filosofia-di-vita\/\"]}]},{\"@type\":\"ImageObject\",\"inLanguage\":\"it-IT\",\"@id\":\"https:\/\/www.noidiqua.it\/Montale\/valerio-vignolini-il-viaggio-come-filosofia-di-vita\/#primaryimage\",\"url\":\"https:\/\/www.noidiqua.it\/Montale\/wp-content\/uploads\/2024\/04\/vignolini-valerio-1-1.png\",\"contentUrl\":\"https:\/\/www.noidiqua.it\/Montale\/wp-content\/uploads\/2024\/04\/vignolini-valerio-1-1.png\",\"width\":500,\"height\":336},{\"@type\":\"BreadcrumbList\",\"@id\":\"https:\/\/www.noidiqua.it\/Montale\/valerio-vignolini-il-viaggio-come-filosofia-di-vita\/#breadcrumb\",\"itemListElement\":[{\"@type\":\"ListItem\",\"position\":1,\"name\":\"Home\",\"item\":\"https:\/\/www.noidiqua.it\/Montale\/\"},{\"@type\":\"ListItem\",\"position\":2,\"name\":\"Valerio Vignolini &#8211; il viaggio come filosofia di vita\"}]},{\"@type\":\"WebSite\",\"@id\":\"https:\/\/www.noidiqua.it\/Montale\/#website\",\"url\":\"https:\/\/www.noidiqua.it\/Montale\/\",\"name\":\"Noi di Qua Testata giornalistica e di attualit\u00e0 di Agliana, Montale e Quarrata.\",\"description\":\"Testata Giornalistica Quarrata Montale Agliana\",\"potentialAction\":[{\"@type\":\"SearchAction\",\"target\":{\"@type\":\"EntryPoint\",\"urlTemplate\":\"https:\/\/www.noidiqua.it\/Montale\/?s={search_term_string}\"},\"query-input\":{\"@type\":\"PropertyValueSpecification\",\"valueRequired\":true,\"valueName\":\"search_term_string\"}}],\"inLanguage\":\"it-IT\"},{\"@type\":\"Person\",\"@id\":\"https:\/\/www.noidiqua.it\/Montale\/#\/schema\/person\/e2e6f44da50af0dae9c90ad168e471a4\",\"name\":\"Giacomo Bini\",\"image\":{\"@type\":\"ImageObject\",\"inLanguage\":\"it-IT\",\"@id\":\"https:\/\/www.noidiqua.it\/Montale\/#\/schema\/person\/image\/\",\"url\":\"https:\/\/secure.gravatar.com\/avatar\/e5c18ae41df5ae37397358f2c6046696187d51a120c5d0b8f0c49f7b606f46f4?s=96&d=mm&r=g\",\"contentUrl\":\"https:\/\/secure.gravatar.com\/avatar\/e5c18ae41df5ae37397358f2c6046696187d51a120c5d0b8f0c49f7b606f46f4?s=96&d=mm&r=g\",\"caption\":\"Giacomo Bini\"},\"url\":\"https:\/\/www.noidiqua.it\/Montale\/author\/giacomo-bini\/\"}]}<\/script>\n<!-- \/ Yoast SEO plugin. -->","yoast_head_json":{"title":"Valerio Vignolini - il viaggio come filosofia di vita - Noi di Qua Testata giornalistica e di attualit\u00e0 di Agliana, Montale e Quarrata.","robots":{"index":"index","follow":"follow","max-snippet":"max-snippet:-1","max-image-preview":"max-image-preview:large","max-video-preview":"max-video-preview:-1"},"canonical":"https:\/\/www.noidiqua.it\/Montale\/valerio-vignolini-il-viaggio-come-filosofia-di-vita\/","og_locale":"it_IT","og_type":"article","og_title":"Valerio Vignolini - il viaggio come filosofia di vita - Noi di Qua Testata giornalistica e di attualit\u00e0 di Agliana, Montale e Quarrata.","og_description":"di Giacomo Bini marzo 2024 Per capire la differenza tra un vero viaggiatore e un semplice turista basta conoscere Valerio Vignolini, montalese di 83 anni che ha dedicato trent\u2019anni a viaggi compiuti fuori da tutte le rotte turistiche. Sull\u2019ultimo viaggio, compiuto nel 2013 sulle tracce dell\u2019antica via della Seta, \u00e8 stato tratto un film-documentario [&hellip;]","og_url":"https:\/\/www.noidiqua.it\/Montale\/valerio-vignolini-il-viaggio-come-filosofia-di-vita\/","og_site_name":"Noi di Qua Testata giornalistica e di attualit\u00e0 di Agliana, Montale e Quarrata.","article_publisher":"https:\/\/www.facebook.com\/noidiqua.trimestrale\/","article_published_time":"2024-03-13T10:18:14+00:00","article_modified_time":"2024-07-17T14:55:35+00:00","og_image":[{"url":"https:\/\/www.noidiqua.it\/Montale\/wp-content\/uploads\/2024\/04\/vignolini-valerio-1-1.png","type":"","width":"","height":""}],"author":"Giacomo Bini","twitter_misc":{"Scritto da":"Giacomo Bini","Tempo di lettura stimato":"3 minuti"},"schema":{"@context":"https:\/\/schema.org","@graph":[{"@type":"WebPage","@id":"https:\/\/www.noidiqua.it\/Montale\/valerio-vignolini-il-viaggio-come-filosofia-di-vita\/","url":"https:\/\/www.noidiqua.it\/Montale\/valerio-vignolini-il-viaggio-come-filosofia-di-vita\/","name":"Valerio Vignolini - il viaggio come filosofia di vita - Noi di Qua Testata giornalistica e di attualit\u00e0 di Agliana, Montale e Quarrata.","isPartOf":{"@id":"https:\/\/www.noidiqua.it\/Montale\/#website"},"primaryImageOfPage":{"@id":"https:\/\/www.noidiqua.it\/Montale\/valerio-vignolini-il-viaggio-come-filosofia-di-vita\/#primaryimage"},"image":{"@id":"https:\/\/www.noidiqua.it\/Montale\/valerio-vignolini-il-viaggio-come-filosofia-di-vita\/#primaryimage"},"thumbnailUrl":"https:\/\/www.noidiqua.it\/Montale\/wp-content\/uploads\/2024\/04\/vignolini-valerio-1-1.png","datePublished":"2024-03-13T10:18:14+00:00","dateModified":"2024-07-17T14:55:35+00:00","author":{"@id":"https:\/\/www.noidiqua.it\/Montale\/#\/schema\/person\/e2e6f44da50af0dae9c90ad168e471a4"},"breadcrumb":{"@id":"https:\/\/www.noidiqua.it\/Montale\/valerio-vignolini-il-viaggio-come-filosofia-di-vita\/#breadcrumb"},"inLanguage":"it-IT","potentialAction":[{"@type":"ReadAction","target":["https:\/\/www.noidiqua.it\/Montale\/valerio-vignolini-il-viaggio-come-filosofia-di-vita\/"]}]},{"@type":"ImageObject","inLanguage":"it-IT","@id":"https:\/\/www.noidiqua.it\/Montale\/valerio-vignolini-il-viaggio-come-filosofia-di-vita\/#primaryimage","url":"https:\/\/www.noidiqua.it\/Montale\/wp-content\/uploads\/2024\/04\/vignolini-valerio-1-1.png","contentUrl":"https:\/\/www.noidiqua.it\/Montale\/wp-content\/uploads\/2024\/04\/vignolini-valerio-1-1.png","width":500,"height":336},{"@type":"BreadcrumbList","@id":"https:\/\/www.noidiqua.it\/Montale\/valerio-vignolini-il-viaggio-come-filosofia-di-vita\/#breadcrumb","itemListElement":[{"@type":"ListItem","position":1,"name":"Home","item":"https:\/\/www.noidiqua.it\/Montale\/"},{"@type":"ListItem","position":2,"name":"Valerio Vignolini &#8211; il viaggio come filosofia di vita"}]},{"@type":"WebSite","@id":"https:\/\/www.noidiqua.it\/Montale\/#website","url":"https:\/\/www.noidiqua.it\/Montale\/","name":"Noi di Qua Testata giornalistica e di attualit\u00e0 di Agliana, Montale e Quarrata.","description":"Testata Giornalistica Quarrata Montale Agliana","potentialAction":[{"@type":"SearchAction","target":{"@type":"EntryPoint","urlTemplate":"https:\/\/www.noidiqua.it\/Montale\/?s={search_term_string}"},"query-input":{"@type":"PropertyValueSpecification","valueRequired":true,"valueName":"search_term_string"}}],"inLanguage":"it-IT"},{"@type":"Person","@id":"https:\/\/www.noidiqua.it\/Montale\/#\/schema\/person\/e2e6f44da50af0dae9c90ad168e471a4","name":"Giacomo Bini","image":{"@type":"ImageObject","inLanguage":"it-IT","@id":"https:\/\/www.noidiqua.it\/Montale\/#\/schema\/person\/image\/","url":"https:\/\/secure.gravatar.com\/avatar\/e5c18ae41df5ae37397358f2c6046696187d51a120c5d0b8f0c49f7b606f46f4?s=96&d=mm&r=g","contentUrl":"https:\/\/secure.gravatar.com\/avatar\/e5c18ae41df5ae37397358f2c6046696187d51a120c5d0b8f0c49f7b606f46f4?s=96&d=mm&r=g","caption":"Giacomo Bini"},"url":"https:\/\/www.noidiqua.it\/Montale\/author\/giacomo-bini\/"}]}},"_links":{"self":[{"href":"https:\/\/www.noidiqua.it\/Montale\/wp-json\/wp\/v2\/posts\/8615","targetHints":{"allow":["GET"]}}],"collection":[{"href":"https:\/\/www.noidiqua.it\/Montale\/wp-json\/wp\/v2\/posts"}],"about":[{"href":"https:\/\/www.noidiqua.it\/Montale\/wp-json\/wp\/v2\/types\/post"}],"author":[{"embeddable":true,"href":"https:\/\/www.noidiqua.it\/Montale\/wp-json\/wp\/v2\/users\/12"}],"replies":[{"embeddable":true,"href":"https:\/\/www.noidiqua.it\/Montale\/wp-json\/wp\/v2\/comments?post=8615"}],"version-history":[{"count":1,"href":"https:\/\/www.noidiqua.it\/Montale\/wp-json\/wp\/v2\/posts\/8615\/revisions"}],"predecessor-version":[{"id":8619,"href":"https:\/\/www.noidiqua.it\/Montale\/wp-json\/wp\/v2\/posts\/8615\/revisions\/8619"}],"wp:attachment":[{"href":"https:\/\/www.noidiqua.it\/Montale\/wp-json\/wp\/v2\/media?parent=8615"}],"wp:term":[{"taxonomy":"category","embeddable":true,"href":"https:\/\/www.noidiqua.it\/Montale\/wp-json\/wp\/v2\/categories?post=8615"},{"taxonomy":"post_tag","embeddable":true,"href":"https:\/\/www.noidiqua.it\/Montale\/wp-json\/wp\/v2\/tags?post=8615"}],"curies":[{"name":"wp","href":"https:\/\/api.w.org\/{rel}","templated":true}]}}