{"id":8652,"date":"2024-03-13T12:39:46","date_gmt":"2024-03-13T11:39:46","guid":{"rendered":"https:\/\/www.noidiqua.it\/Montale\/?p=8652"},"modified":"2024-04-22T12:40:02","modified_gmt":"2024-04-22T10:40:02","slug":"prurito-come-alleviarlo","status":"publish","type":"post","link":"https:\/\/www.noidiqua.it\/Montale\/prurito-come-alleviarlo\/","title":{"rendered":"Prurito: come alleviarlo?"},"content":{"rendered":"<p><em>di Paola Maria Mandelli<\/em><\/p>\n<p><em>marzo 2024<\/em><\/p>\n<p><a href=\"https:\/\/www.noidiqua.it\/Montale\/wp-content\/uploads\/2024\/04\/una-mela-prurito.png\" rel=\"wp-prettyPhoto[8652]\"><img loading=\"lazy\" decoding=\"async\" class=\"aligncenter size-full wp-image-8653\" src=\"https:\/\/www.noidiqua.it\/Montale\/wp-content\/uploads\/2024\/04\/una-mela-prurito.png\" alt=\"\" width=\"503\" height=\"370\" srcset=\"https:\/\/www.noidiqua.it\/Montale\/wp-content\/uploads\/2024\/04\/una-mela-prurito.png 503w, https:\/\/www.noidiqua.it\/Montale\/wp-content\/uploads\/2024\/04\/una-mela-prurito-300x221.png 300w\" sizes=\"auto, (max-width: 503px) 100vw, 503px\" \/><\/a><\/p>\n<p class=\"p1\" style=\"text-align: justify;\">Il prurito \u00e8 una manifestazione presente in molte malattie dermatologiche, per esempio la dermatite atopica, l\u2019orticaria, le infezioni fungine o la pelle secca. Tuttavia, il prurito pu\u00f2 anche essere un sintomo di reazione allergica ad alimenti, farmaci, morsi e punture di insetto o di disordini interni a carico dei reni, del fegato e della bile o, ancora, di neoplasie maligne.<\/p>\n<p class=\"p1\" style=\"text-align: justify;\"><b>Un sintomo, molteplici cause<\/b><\/p>\n<p class=\"p1\" style=\"text-align: justify;\">In molte situazioni \u00e8 opportuno intervenire con una terapia, perch\u00e9 il vigoroso grattamento pu\u00f2 causare problemi come infiammazione e infezioni della pelle.\u00a0<span class=\"s1\"><b>Esistendo vari tipi di prurito, causato da varie cause, \u00e8 bene evitare iniziative \u201cfai-da-te\u201d per cercare di lenirne il fastidio<\/b><\/span>. Tentare di alleviare il disturbo senza una corretta diagnosi pu\u00f2 peggiorare la situazione. \u00c8 buona norma, invece, consultare il proprio medico per individuare la causa del prurito e ricevere il trattamento pi\u00f9 adatto al caso specifico.<\/p>\n<p class=\"p1\" style=\"text-align: justify;\"><b>Per ciascuno il suo trattamento<\/b><\/p>\n<p class=\"p1\" style=\"text-align: justify;\">Se si sospetta che il prurito sia il sintomo di una patologia sottostante,<span class=\"s1\"><b>\u00a0l\u2019intervento farmacologico consiste nel trattare ila malattia che l\u2019ha scatenato\u00a0<\/b><\/span>e, insieme a questo, utilizzare opportuni trattamenti di sostegno.<\/p>\n<p class=\"p1\" style=\"text-align: justify;\">In caso sia dovuto a infiammazione o altre malattie cutanee, trae giovamento dall\u2019applicazione topica di agenti cosiddetti \u201ccontroirritanti\u201d come il mentolo, la canfora, la capsaicina. Inoltre, possono essere utili steroidi per uso topico grazie alle loro propriet\u00e0 antinfiammatorie oppure gli antistaminici in formulazioni per applicazioni locali.<\/p>\n<p class=\"p1\" style=\"text-align: justify;\"><span class=\"s1\"><b>Molti agenti che causano prurito provocano il rilascio di istamina che, a sua volta, stimola i recettori del prurito<\/b><\/span>. In caso di prurito generalizzato o prurito locale resistente ai trattamenti topici, possono giovare gli antistaminici per via orale, specialmente usati per il prurito notturno. Alcuni antistaminici possiedono anche effetto sedativo e devono, pertanto, essere usati con cautela nei pazienti anziani perch\u00e9 aumentano il rischio di cadute. \u00c8 comunque possibile ricorrere agli antistaminici pi\u00f9 recenti, come loratadina, fexofenadina e cetirizina che non sono sedativi.<\/p>\n<p class=\"p1\" style=\"text-align: justify;\"><b>Prurito neuropatico e psicogeno<\/b><\/p>\n<p class=\"p1\" style=\"text-align: justify;\">Il prurito neuropatico \u00e8 un tipo di prurito che origina da problemi a carico del sistema nervoso centrale o periferico come, ad esempio, la sclerosi multipla o l\u2019infezione da Herpes Zoster (il cosiddetto fuoco di Sant\u2019Antonio). In questi casi possono essere utili farmaci che bloccano la trasmissione nervosa come carbamazepina, gabapentin, pregabalin o anestetici locali per uso topico.\u00a0<span class=\"s1\"><b>L\u2019uso di questi ultimi non deve essere abusato perch\u00e9 potrebbe sensibilizzare la cute<\/b><\/span>, cos\u00ec come avviene con uso prolungato di preparazioni topiche dei gi\u00e0 citati difenidramina e steroidi.<\/p>\n<p class=\"p1\" style=\"text-align: justify;\">Il prurito psicogeno \u00e8 un disturbo il cui meccanismo \u00e8 connesso a patologie psichiatriche.\u00a0<span class=\"s1\"><b>Se il malanno compare in concomitanza di situazioni di forte stress, allora i farmaci ansiolitici come le benzodiazepine possono arrecare sollievo<\/b><\/span>. Se il prurito \u00e8 legato a comportamenti impulsivi possono essere utilizzati farmaci antipsicotici, sempre su indicazione dello specialista.<\/p>","protected":false},"excerpt":{"rendered":"<p>di Paola Maria Mandelli marzo 2024 Il prurito \u00e8 una manifestazione presente in molte malattie dermatologiche, per esempio la dermatite atopica, l\u2019orticaria, le infezioni fungine o la pelle secca. Tuttavia, il prurito pu\u00f2 anche essere un sintomo di reazione allergica ad alimenti, farmaci, morsi e punture di insetto o di disordini interni a carico [&hellip;]<\/p>","protected":false},"author":101014,"featured_media":0,"comment_status":"open","ping_status":"open","sticky":false,"template":"","format":"standard","meta":{"footnotes":""},"categories":[7,20],"tags":[3393,3917,3914,2764,3912,3915,3916,3913,3918,3687],"class_list":["post-8652","post","type-post","status-publish","format-standard","hentry","category-mt","category-una-mela-al-giorno-qt","tag-cause","tag-cute","tag-intervento-farmacologico","tag-paola-maria-mandelli","tag-prurito","tag-prurito-neuropatico","tag-psicogeno","tag-sintomo","tag-stress","tag-trattamento"],"yoast_head":"<!-- This site is optimized with the Yoast SEO plugin v25.5 - https:\/\/yoast.com\/wordpress\/plugins\/seo\/ -->\n<title>Prurito: come alleviarlo? - Noi di Qua Testata giornalistica e di attualit\u00e0 di Agliana, Montale e Quarrata.<\/title>\n<meta name=\"robots\" content=\"index, follow, max-snippet:-1, max-image-preview:large, max-video-preview:-1\" \/>\n<link rel=\"canonical\" href=\"https:\/\/www.noidiqua.it\/Montale\/prurito-come-alleviarlo\/\" \/>\n<meta property=\"og:locale\" content=\"it_IT\" \/>\n<meta property=\"og:type\" content=\"article\" \/>\n<meta property=\"og:title\" content=\"Prurito: come alleviarlo? - Noi di Qua Testata giornalistica e di attualit\u00e0 di Agliana, Montale e Quarrata.\" \/>\n<meta property=\"og:description\" content=\"di Paola Maria Mandelli marzo 2024 Il prurito \u00e8 una manifestazione presente in molte malattie dermatologiche, per esempio la dermatite atopica, l\u2019orticaria, le infezioni fungine o la pelle secca. Tuttavia, il prurito pu\u00f2 anche essere un sintomo di reazione allergica ad alimenti, farmaci, morsi e punture di insetto o di disordini interni a carico [&hellip;]\" \/>\n<meta property=\"og:url\" content=\"https:\/\/www.noidiqua.it\/Montale\/prurito-come-alleviarlo\/\" \/>\n<meta property=\"og:site_name\" content=\"Noi di Qua Testata giornalistica e di attualit\u00e0 di Agliana, Montale e Quarrata.\" \/>\n<meta property=\"article:publisher\" content=\"https:\/\/www.facebook.com\/noidiqua.trimestrale\/\" \/>\n<meta property=\"article:published_time\" content=\"2024-03-13T11:39:46+00:00\" \/>\n<meta property=\"article:modified_time\" content=\"2024-04-22T10:40:02+00:00\" \/>\n<meta property=\"og:image\" content=\"https:\/\/www.noidiqua.it\/Montale\/wp-content\/uploads\/2024\/04\/una-mela-prurito.png\" \/>\n<meta name=\"author\" content=\"Paola Maria Mandelli\" \/>\n<meta name=\"twitter:label1\" content=\"Scritto da\" \/>\n\t<meta name=\"twitter:data1\" content=\"Paola Maria Mandelli\" \/>\n\t<meta name=\"twitter:label2\" content=\"Tempo di lettura stimato\" \/>\n\t<meta name=\"twitter:data2\" content=\"3 minuti\" \/>\n<script type=\"application\/ld+json\" class=\"yoast-schema-graph\">{\"@context\":\"https:\/\/schema.org\",\"@graph\":[{\"@type\":\"WebPage\",\"@id\":\"https:\/\/www.noidiqua.it\/Montale\/prurito-come-alleviarlo\/\",\"url\":\"https:\/\/www.noidiqua.it\/Montale\/prurito-come-alleviarlo\/\",\"name\":\"Prurito: come alleviarlo? - Noi di Qua Testata giornalistica e di attualit\u00e0 di Agliana, Montale e Quarrata.\",\"isPartOf\":{\"@id\":\"https:\/\/www.noidiqua.it\/Montale\/#website\"},\"primaryImageOfPage\":{\"@id\":\"https:\/\/www.noidiqua.it\/Montale\/prurito-come-alleviarlo\/#primaryimage\"},\"image\":{\"@id\":\"https:\/\/www.noidiqua.it\/Montale\/prurito-come-alleviarlo\/#primaryimage\"},\"thumbnailUrl\":\"https:\/\/www.noidiqua.it\/Montale\/wp-content\/uploads\/2024\/04\/una-mela-prurito.png\",\"datePublished\":\"2024-03-13T11:39:46+00:00\",\"dateModified\":\"2024-04-22T10:40:02+00:00\",\"author\":{\"@id\":\"https:\/\/www.noidiqua.it\/Montale\/#\/schema\/person\/648f75ce7c013c638265e4752ded135c\"},\"breadcrumb\":{\"@id\":\"https:\/\/www.noidiqua.it\/Montale\/prurito-come-alleviarlo\/#breadcrumb\"},\"inLanguage\":\"it-IT\",\"potentialAction\":[{\"@type\":\"ReadAction\",\"target\":[\"https:\/\/www.noidiqua.it\/Montale\/prurito-come-alleviarlo\/\"]}]},{\"@type\":\"ImageObject\",\"inLanguage\":\"it-IT\",\"@id\":\"https:\/\/www.noidiqua.it\/Montale\/prurito-come-alleviarlo\/#primaryimage\",\"url\":\"https:\/\/www.noidiqua.it\/Montale\/wp-content\/uploads\/2024\/04\/una-mela-prurito.png\",\"contentUrl\":\"https:\/\/www.noidiqua.it\/Montale\/wp-content\/uploads\/2024\/04\/una-mela-prurito.png\",\"width\":503,\"height\":370},{\"@type\":\"BreadcrumbList\",\"@id\":\"https:\/\/www.noidiqua.it\/Montale\/prurito-come-alleviarlo\/#breadcrumb\",\"itemListElement\":[{\"@type\":\"ListItem\",\"position\":1,\"name\":\"Home\",\"item\":\"https:\/\/www.noidiqua.it\/Montale\/\"},{\"@type\":\"ListItem\",\"position\":2,\"name\":\"Prurito: come alleviarlo?\"}]},{\"@type\":\"WebSite\",\"@id\":\"https:\/\/www.noidiqua.it\/Montale\/#website\",\"url\":\"https:\/\/www.noidiqua.it\/Montale\/\",\"name\":\"Noi di Qua Testata giornalistica e di attualit\u00e0 di Agliana, Montale e Quarrata.\",\"description\":\"Testata Giornalistica Quarrata Montale Agliana\",\"potentialAction\":[{\"@type\":\"SearchAction\",\"target\":{\"@type\":\"EntryPoint\",\"urlTemplate\":\"https:\/\/www.noidiqua.it\/Montale\/?s={search_term_string}\"},\"query-input\":{\"@type\":\"PropertyValueSpecification\",\"valueRequired\":true,\"valueName\":\"search_term_string\"}}],\"inLanguage\":\"it-IT\"},{\"@type\":\"Person\",\"@id\":\"https:\/\/www.noidiqua.it\/Montale\/#\/schema\/person\/648f75ce7c013c638265e4752ded135c\",\"name\":\"Paola Maria Mandelli\",\"image\":{\"@type\":\"ImageObject\",\"inLanguage\":\"it-IT\",\"@id\":\"https:\/\/www.noidiqua.it\/Montale\/#\/schema\/person\/image\/\",\"url\":\"https:\/\/secure.gravatar.com\/avatar\/36a1604078ac68a02457b1c1830174c74a01009237fc4b38945230bcad46ebfa?s=96&d=mm&r=g\",\"contentUrl\":\"https:\/\/secure.gravatar.com\/avatar\/36a1604078ac68a02457b1c1830174c74a01009237fc4b38945230bcad46ebfa?s=96&d=mm&r=g\",\"caption\":\"Paola Maria Mandelli\"},\"url\":\"https:\/\/www.noidiqua.it\/Montale\/author\/paola-maria-mandelli\/\"}]}<\/script>\n<!-- \/ Yoast SEO plugin. -->","yoast_head_json":{"title":"Prurito: come alleviarlo? - Noi di Qua Testata giornalistica e di attualit\u00e0 di Agliana, Montale e Quarrata.","robots":{"index":"index","follow":"follow","max-snippet":"max-snippet:-1","max-image-preview":"max-image-preview:large","max-video-preview":"max-video-preview:-1"},"canonical":"https:\/\/www.noidiqua.it\/Montale\/prurito-come-alleviarlo\/","og_locale":"it_IT","og_type":"article","og_title":"Prurito: come alleviarlo? - Noi di Qua Testata giornalistica e di attualit\u00e0 di Agliana, Montale e Quarrata.","og_description":"di Paola Maria Mandelli marzo 2024 Il prurito \u00e8 una manifestazione presente in molte malattie dermatologiche, per esempio la dermatite atopica, l\u2019orticaria, le infezioni fungine o la pelle secca. Tuttavia, il prurito pu\u00f2 anche essere un sintomo di reazione allergica ad alimenti, farmaci, morsi e punture di insetto o di disordini interni a carico [&hellip;]","og_url":"https:\/\/www.noidiqua.it\/Montale\/prurito-come-alleviarlo\/","og_site_name":"Noi di Qua Testata giornalistica e di attualit\u00e0 di Agliana, Montale e Quarrata.","article_publisher":"https:\/\/www.facebook.com\/noidiqua.trimestrale\/","article_published_time":"2024-03-13T11:39:46+00:00","article_modified_time":"2024-04-22T10:40:02+00:00","og_image":[{"url":"https:\/\/www.noidiqua.it\/Montale\/wp-content\/uploads\/2024\/04\/una-mela-prurito.png","type":"","width":"","height":""}],"author":"Paola Maria Mandelli","twitter_misc":{"Scritto da":"Paola Maria Mandelli","Tempo di lettura stimato":"3 minuti"},"schema":{"@context":"https:\/\/schema.org","@graph":[{"@type":"WebPage","@id":"https:\/\/www.noidiqua.it\/Montale\/prurito-come-alleviarlo\/","url":"https:\/\/www.noidiqua.it\/Montale\/prurito-come-alleviarlo\/","name":"Prurito: come alleviarlo? - Noi di Qua Testata giornalistica e di attualit\u00e0 di Agliana, Montale e Quarrata.","isPartOf":{"@id":"https:\/\/www.noidiqua.it\/Montale\/#website"},"primaryImageOfPage":{"@id":"https:\/\/www.noidiqua.it\/Montale\/prurito-come-alleviarlo\/#primaryimage"},"image":{"@id":"https:\/\/www.noidiqua.it\/Montale\/prurito-come-alleviarlo\/#primaryimage"},"thumbnailUrl":"https:\/\/www.noidiqua.it\/Montale\/wp-content\/uploads\/2024\/04\/una-mela-prurito.png","datePublished":"2024-03-13T11:39:46+00:00","dateModified":"2024-04-22T10:40:02+00:00","author":{"@id":"https:\/\/www.noidiqua.it\/Montale\/#\/schema\/person\/648f75ce7c013c638265e4752ded135c"},"breadcrumb":{"@id":"https:\/\/www.noidiqua.it\/Montale\/prurito-come-alleviarlo\/#breadcrumb"},"inLanguage":"it-IT","potentialAction":[{"@type":"ReadAction","target":["https:\/\/www.noidiqua.it\/Montale\/prurito-come-alleviarlo\/"]}]},{"@type":"ImageObject","inLanguage":"it-IT","@id":"https:\/\/www.noidiqua.it\/Montale\/prurito-come-alleviarlo\/#primaryimage","url":"https:\/\/www.noidiqua.it\/Montale\/wp-content\/uploads\/2024\/04\/una-mela-prurito.png","contentUrl":"https:\/\/www.noidiqua.it\/Montale\/wp-content\/uploads\/2024\/04\/una-mela-prurito.png","width":503,"height":370},{"@type":"BreadcrumbList","@id":"https:\/\/www.noidiqua.it\/Montale\/prurito-come-alleviarlo\/#breadcrumb","itemListElement":[{"@type":"ListItem","position":1,"name":"Home","item":"https:\/\/www.noidiqua.it\/Montale\/"},{"@type":"ListItem","position":2,"name":"Prurito: come alleviarlo?"}]},{"@type":"WebSite","@id":"https:\/\/www.noidiqua.it\/Montale\/#website","url":"https:\/\/www.noidiqua.it\/Montale\/","name":"Noi di Qua Testata giornalistica e di attualit\u00e0 di Agliana, Montale e Quarrata.","description":"Testata Giornalistica Quarrata Montale Agliana","potentialAction":[{"@type":"SearchAction","target":{"@type":"EntryPoint","urlTemplate":"https:\/\/www.noidiqua.it\/Montale\/?s={search_term_string}"},"query-input":{"@type":"PropertyValueSpecification","valueRequired":true,"valueName":"search_term_string"}}],"inLanguage":"it-IT"},{"@type":"Person","@id":"https:\/\/www.noidiqua.it\/Montale\/#\/schema\/person\/648f75ce7c013c638265e4752ded135c","name":"Paola Maria Mandelli","image":{"@type":"ImageObject","inLanguage":"it-IT","@id":"https:\/\/www.noidiqua.it\/Montale\/#\/schema\/person\/image\/","url":"https:\/\/secure.gravatar.com\/avatar\/36a1604078ac68a02457b1c1830174c74a01009237fc4b38945230bcad46ebfa?s=96&d=mm&r=g","contentUrl":"https:\/\/secure.gravatar.com\/avatar\/36a1604078ac68a02457b1c1830174c74a01009237fc4b38945230bcad46ebfa?s=96&d=mm&r=g","caption":"Paola Maria Mandelli"},"url":"https:\/\/www.noidiqua.it\/Montale\/author\/paola-maria-mandelli\/"}]}},"_links":{"self":[{"href":"https:\/\/www.noidiqua.it\/Montale\/wp-json\/wp\/v2\/posts\/8652","targetHints":{"allow":["GET"]}}],"collection":[{"href":"https:\/\/www.noidiqua.it\/Montale\/wp-json\/wp\/v2\/posts"}],"about":[{"href":"https:\/\/www.noidiqua.it\/Montale\/wp-json\/wp\/v2\/types\/post"}],"author":[{"embeddable":true,"href":"https:\/\/www.noidiqua.it\/Montale\/wp-json\/wp\/v2\/users\/101014"}],"replies":[{"embeddable":true,"href":"https:\/\/www.noidiqua.it\/Montale\/wp-json\/wp\/v2\/comments?post=8652"}],"version-history":[{"count":1,"href":"https:\/\/www.noidiqua.it\/Montale\/wp-json\/wp\/v2\/posts\/8652\/revisions"}],"predecessor-version":[{"id":8654,"href":"https:\/\/www.noidiqua.it\/Montale\/wp-json\/wp\/v2\/posts\/8652\/revisions\/8654"}],"wp:attachment":[{"href":"https:\/\/www.noidiqua.it\/Montale\/wp-json\/wp\/v2\/media?parent=8652"}],"wp:term":[{"taxonomy":"category","embeddable":true,"href":"https:\/\/www.noidiqua.it\/Montale\/wp-json\/wp\/v2\/categories?post=8652"},{"taxonomy":"post_tag","embeddable":true,"href":"https:\/\/www.noidiqua.it\/Montale\/wp-json\/wp\/v2\/tags?post=8652"}],"curies":[{"name":"wp","href":"https:\/\/api.w.org\/{rel}","templated":true}]}}