{"id":8707,"date":"2024-06-06T15:22:30","date_gmt":"2024-06-06T13:22:30","guid":{"rendered":"https:\/\/www.noidiqua.it\/Montale\/?p=8707"},"modified":"2024-10-23T15:51:57","modified_gmt":"2024-10-23T13:51:57","slug":"tre-questioni-aperte-per-la-nuova-giunta-betti","status":"publish","type":"post","link":"https:\/\/www.noidiqua.it\/Montale\/tre-questioni-aperte-per-la-nuova-giunta-betti\/","title":{"rendered":"Tre questioni aperte per la nuova giunta Betti"},"content":{"rendered":"<p><em>di Giacomo Bini. Foto: <a href=\"http:\/\/www.bellinigabriele.it\">Gabriele Bellini<\/a><\/em><\/p>\n<p><em>giugno 2024<\/em><\/p>\n<p><a href=\"https:\/\/www.noidiqua.it\/Montale\/wp-content\/uploads\/2023\/12\/alluvione-2.png\" rel=\"wp-prettyPhoto[8707]\"><img loading=\"lazy\" decoding=\"async\" class=\"aligncenter size-full wp-image-8434\" src=\"https:\/\/www.noidiqua.it\/Montale\/wp-content\/uploads\/2023\/12\/alluvione-2.png\" alt=\"\" width=\"496\" height=\"330\" srcset=\"https:\/\/www.noidiqua.it\/Montale\/wp-content\/uploads\/2023\/12\/alluvione-2.png 496w, https:\/\/www.noidiqua.it\/Montale\/wp-content\/uploads\/2023\/12\/alluvione-2-300x200.png 300w\" sizes=\"auto, (max-width: 496px) 100vw, 496px\" \/><\/a><\/p>\n<p class=\"p1\"><span class=\"s1\">Le <strong>elezioni comunali<\/strong> dell\u20198 e 9 giugno scorso hanno decretato la vittoria di <strong>Ferdinando Betti<\/strong>, che diventa sindaco per il suo terzo mandato alla testa di una lista di centrosinistra denominata \u201c<strong>Montale concreta<\/strong>\u201d e appoggiata<span class=\"Apple-converted-space\">\u00a0 <\/span>da Partito Democratico, Partito Socialista, Italia Viva e la lista civica \u201cVivere Montale\u201d. Betti ha ottenuto 2.141 voti pari al 39,01 superando i due candidati concorrenti <strong>Lorenzo Bandinelli<\/strong>, alla guida di una lista civica di centrodestra,<span class=\"Apple-converted-space\">\u00a0 <\/span>che ha avuto 1.785 voti pari al 32,52 per cento e <strong>Sandro Nincheri<\/strong>, candidato della lista civica Montale Rinasce, che ha avuto 1.563 voti pari al 28,47 per cento. Il centrosinistra ha la maggioranza in <strong>consiglio comunale<\/strong> con dodici consiglieri, il centrodestra ha tre consiglieri e la lista civica due consiglieri. Ormai la competizione elettorale \u00e8 alle nostre spalle e tutti gli eletti, il sindaco e la maggioranza che lo sostiene, ma anche, per la sua parte, la minoranza dovranno ora impegnarsi per il bene della comunit\u00e0. In questo breve spazio ci permettiamo di indicare tre <strong>temi amministrativi<\/strong> che dovranno, a nostro parere, essere affrontati fin dai primi giorni della legislatura per dare risposte alla comunit\u00e0. Naturalmente quelli da noi individuati sono solo alcuni dei tantissimi problemi che l\u2019amministrazione deve affrontare. E ci scuseranno anche i nostri lettori se ci siamo soffermati solo su questi tre argomenti. Ma da qualche parte bisogna cominciare.\u00a0<\/span><\/p>\n<p class=\"p1\"><span class=\"s1\"><b>Le conseguenze dell\u2019alluvione e la sicurezza idrogeologica<\/b><\/span><\/p>\n<p class=\"p3\"><span class=\"s2\">Ci sono ancora effetti delle alluvioni del 2 e 4 novembre 2023 come i rifiuti nei terreni delle zone colpite della Stazione e i danni gravissimi subiti dalle aziende della zona industriale. Alcune famiglie non sono ancora potute tornare nelle loro case e i residenti delle strade investite dall\u2019alluvione devono ancora affrontare molte spese per i lavori da fare in casa. I risarcimenti completi dei danni sulla base delle richieste presentate non si sono ancora visti. I contributi della regione alle famiglie, che dovevano essere solo un primo acconto fino a 3mila euro, sono stati erogati con estrema lentezza. Le aziende hanno speso moltissimo per riprendere l\u2019attivit\u00e0. Una delle cose che potrebbe fare l\u2019Amministrazione Comunale sarebbe verificare la possibilit\u00e0 di far diventare comunali le strade della zona industriale che ora sono di propriet\u00e0 condominiale del gruppo di aziende del comparto. Facendole diventare comunali potrebbe essere l\u2019amministrazione ad accollarsi le spese per la sistemazione e la manutenzione di quelle strade, le traverse di via Guido Rossa, che per la verit\u00e0 sono ormai di fatto da tempo percorse dalla viabilit\u00e0 generale senza che nessuno si sia mai reso conto che fossero invece di propriet\u00e0 privata. C\u2019\u00e8 poi da affrontare il tema della messa in sicurezza dell\u2019argine dell\u2019Agna, la cui rottura ha provocato i drammatici allagamenti del 2 e del 4 novembre. E&#8217; un\u2019opera di grande rilevanza che certamente non spetta al Comune ma al Genio Civile della Regione. Il Comune pu\u00f2 e deve fare pressione sul governo regionale affinch\u00e9 questo intervento sia messo, come aveva assicurato il presidente della regione Eugenio Giani, tra le priorit\u00e0 tra tutte le opere da compiere nella fase della ricostruzione post-alluvione. Dalla sicurezza dell\u2019argine dipende la capacit\u00e0 di investire delle imprese e la serenit\u00e0 delle famiglie delle zone colpite che ancora vivono nella paura non appena si verifica una precipitazione piovosa pi\u00f9 intensa. L\u2019istanza di tutti, imprese e residenti, \u00e8 fare in modo che non ricapiti quello che \u00e8 avvenuto nel novembre scorso.<\/span><\/p>\n<p><a href=\"https:\/\/www.noidiqua.it\/Montale\/wp-content\/uploads\/2021\/04\/inceneritore-1.png\" rel=\"wp-prettyPhoto[8707]\"><img loading=\"lazy\" decoding=\"async\" class=\"aligncenter size-full wp-image-5594\" src=\"https:\/\/www.noidiqua.it\/Montale\/wp-content\/uploads\/2021\/04\/inceneritore-1.png\" alt=\"\" width=\"474\" height=\"284\" srcset=\"https:\/\/www.noidiqua.it\/Montale\/wp-content\/uploads\/2021\/04\/inceneritore-1.png 474w, https:\/\/www.noidiqua.it\/Montale\/wp-content\/uploads\/2021\/04\/inceneritore-1-300x180.png 300w\" sizes=\"auto, (max-width: 474px) 100vw, 474px\" \/><\/a><\/p>\n<p class=\"p1\"><span class=\"s1\"><b>L\u2019inceneritore<\/b><\/span><\/p>\n<p class=\"p3\"><span class=\"s2\">Il sindaco Betti, che ha vinto le elezioni, ha deciso, insieme ai sindaci di Quarrata e di Agliana, la proroga della vita dell\u2019impianto per altri tre anni estendibile a quattro. Tale decisione \u00e8 stata contestuale alla riapertura della manifestazione di interesse per nuove proposte di riconversione dell\u2019impianto (le tre precedenti proposte erano tutte basate sulla combustione dei rifiuti) e all\u2019avvio di un processo partecipativo. Il tema dell\u2019inceneritore ha infiammato la campagna elettorale. Le altre due liste concorrenti, Montale Rinasce e Noi per Montale di Nincheri e Bandinelli si sono espresse entrambe per la chiusura dell\u2019impianto e non \u00e8 trascurabile il fatto che insieme abbiano preso oltre il 60 per cento dei voti. La maggioranza di centrosinistra dovr\u00e0 tener conto di questo dato e anche della posizione del Pd di Agliana e di quello di Montemurlo, entrambi favorevoli alla chiusura. Il sindaco Betti ha annunciato che incontrer\u00e0 il direttore del Centro di Ricerca Rifiuti Zero per ascoltare le sue proposte. Certamente nel corso di questa legislatura, anzi fin dai primi passi di questo lustro elettorale, dovr\u00e0 essere presa una strada precisa, con chiarezza e con un confronto con la cittadinanza. E anche la Regione dovr\u00e0 pronunciarsi sull\u2019impianto di Montale assumendosi le proprie responsabilit\u00e0.<\/span><\/p>\n<p><a href=\"https:\/\/www.noidiqua.it\/Montale\/wp-content\/uploads\/2012\/08\/montale-alto.png\" rel=\"wp-prettyPhoto[8707]\"><img loading=\"lazy\" decoding=\"async\" class=\"aligncenter size-full wp-image-7916\" src=\"https:\/\/www.noidiqua.it\/Montale\/wp-content\/uploads\/2012\/08\/montale-alto.png\" alt=\"\" width=\"502\" height=\"335\" srcset=\"https:\/\/www.noidiqua.it\/Montale\/wp-content\/uploads\/2012\/08\/montale-alto.png 502w, https:\/\/www.noidiqua.it\/Montale\/wp-content\/uploads\/2012\/08\/montale-alto-300x200.png 300w\" sizes=\"auto, (max-width: 502px) 100vw, 502px\" \/><\/a><\/p>\n<p class=\"p1\"><span class=\"s1\"><b>Un parco nel centro del paese<\/b><\/span><\/p>\n<p class=\"p3\"><span class=\"s2\">E&#8217; un\u2019esigenza che anche la nostra rivista da tempo ha sempre presentato come essenziale per la comunit\u00e0 montalese. L\u2019area \u00e8 quella tra la sede della Misericordia e il campo parrocchiale. Gli strumenti urbanistici finora utilizzati non hanno portato al risultato sperato. Ora \u00e8 il momento di individuare la strada giusta per raggiungere uno scopo che aumenterebbe la qualit\u00e0 della vita nel paese. Ultimamente in molti montalesi si avverte una non troppo malcelata invidia per il parco-piazza che \u00e8 stato realizzato nel centro di Montemurlo. Si sente persino dire che gruppi di ragazzi e di giovani da Montale se ne vanno a Montemurlo a trascorrere qualche ora di svago. Anche Montale ha la necessit\u00e0 del suo parco nel centro del paese.<\/span><\/p>","protected":false},"excerpt":{"rendered":"<p>di Giacomo Bini. Foto: Gabriele Bellini giugno 2024 Le elezioni comunali dell\u20198 e 9 giugno scorso hanno decretato la vittoria di Ferdinando Betti, che diventa sindaco per il suo terzo mandato alla testa di una lista di centrosinistra denominata \u201cMontale concreta\u201d e appoggiata\u00a0 da Partito Democratico, Partito Socialista, Italia Viva e la lista civica [&hellip;]<\/p>","protected":false},"author":12,"featured_media":0,"comment_status":"open","ping_status":"open","sticky":false,"template":"","format":"standard","meta":{"footnotes":""},"categories":[31,7],"tags":[2418,4002,437,93,3120,3999,120,4001,3188,4003,4000],"class_list":["post-8707","post","type-post","status-publish","format-standard","hentry","category-storia-qt","category-mt","tag-consiglio-comunale","tag-elezioni-comunali","tag-ferdinando-betti","tag-inceneritore","tag-lorenzo-bandinelli","tag-montale-concreta","tag-parco","tag-questioni-aperte","tag-sandro-nincheri","tag-sicurezza-idrogeologica","tag-temi-amministrativi"],"yoast_head":"<!-- This site is optimized with the Yoast SEO plugin v25.5 - https:\/\/yoast.com\/wordpress\/plugins\/seo\/ -->\n<title>Tre questioni aperte per la nuova giunta Betti - Noi di Qua Testata giornalistica e di attualit\u00e0 di Agliana, Montale e Quarrata.<\/title>\n<meta name=\"robots\" content=\"index, follow, max-snippet:-1, max-image-preview:large, max-video-preview:-1\" \/>\n<link rel=\"canonical\" href=\"https:\/\/www.noidiqua.it\/Montale\/tre-questioni-aperte-per-la-nuova-giunta-betti\/\" \/>\n<meta property=\"og:locale\" content=\"it_IT\" \/>\n<meta property=\"og:type\" content=\"article\" \/>\n<meta property=\"og:title\" content=\"Tre questioni aperte per la nuova giunta Betti - Noi di Qua Testata giornalistica e di attualit\u00e0 di Agliana, Montale e Quarrata.\" \/>\n<meta property=\"og:description\" content=\"di Giacomo Bini. Foto: Gabriele Bellini giugno 2024 Le elezioni comunali dell\u20198 e 9 giugno scorso hanno decretato la vittoria di Ferdinando Betti, che diventa sindaco per il suo terzo mandato alla testa di una lista di centrosinistra denominata \u201cMontale concreta\u201d e appoggiata\u00a0 da Partito Democratico, Partito Socialista, Italia Viva e la lista civica [&hellip;]\" \/>\n<meta property=\"og:url\" content=\"https:\/\/www.noidiqua.it\/Montale\/tre-questioni-aperte-per-la-nuova-giunta-betti\/\" \/>\n<meta property=\"og:site_name\" content=\"Noi di Qua Testata giornalistica e di attualit\u00e0 di Agliana, Montale e Quarrata.\" \/>\n<meta property=\"article:publisher\" content=\"https:\/\/www.facebook.com\/noidiqua.trimestrale\/\" \/>\n<meta property=\"article:published_time\" content=\"2024-06-06T13:22:30+00:00\" \/>\n<meta property=\"article:modified_time\" content=\"2024-10-23T13:51:57+00:00\" \/>\n<meta property=\"og:image\" content=\"https:\/\/www.noidiqua.it\/Montale\/wp-content\/uploads\/2023\/12\/alluvione-2.png\" \/>\n<meta name=\"author\" content=\"Giacomo Bini\" \/>\n<meta name=\"twitter:label1\" content=\"Scritto da\" \/>\n\t<meta name=\"twitter:data1\" content=\"Giacomo Bini\" \/>\n\t<meta name=\"twitter:label2\" content=\"Tempo di lettura stimato\" \/>\n\t<meta name=\"twitter:data2\" content=\"5 minuti\" \/>\n<script type=\"application\/ld+json\" class=\"yoast-schema-graph\">{\"@context\":\"https:\/\/schema.org\",\"@graph\":[{\"@type\":\"WebPage\",\"@id\":\"https:\/\/www.noidiqua.it\/Montale\/tre-questioni-aperte-per-la-nuova-giunta-betti\/\",\"url\":\"https:\/\/www.noidiqua.it\/Montale\/tre-questioni-aperte-per-la-nuova-giunta-betti\/\",\"name\":\"Tre questioni aperte per la nuova giunta Betti - Noi di Qua Testata giornalistica e di attualit\u00e0 di Agliana, Montale e Quarrata.\",\"isPartOf\":{\"@id\":\"https:\/\/www.noidiqua.it\/Montale\/#website\"},\"primaryImageOfPage\":{\"@id\":\"https:\/\/www.noidiqua.it\/Montale\/tre-questioni-aperte-per-la-nuova-giunta-betti\/#primaryimage\"},\"image\":{\"@id\":\"https:\/\/www.noidiqua.it\/Montale\/tre-questioni-aperte-per-la-nuova-giunta-betti\/#primaryimage\"},\"thumbnailUrl\":\"https:\/\/www.noidiqua.it\/Montale\/wp-content\/uploads\/2023\/12\/alluvione-2.png\",\"datePublished\":\"2024-06-06T13:22:30+00:00\",\"dateModified\":\"2024-10-23T13:51:57+00:00\",\"author\":{\"@id\":\"https:\/\/www.noidiqua.it\/Montale\/#\/schema\/person\/e2e6f44da50af0dae9c90ad168e471a4\"},\"breadcrumb\":{\"@id\":\"https:\/\/www.noidiqua.it\/Montale\/tre-questioni-aperte-per-la-nuova-giunta-betti\/#breadcrumb\"},\"inLanguage\":\"it-IT\",\"potentialAction\":[{\"@type\":\"ReadAction\",\"target\":[\"https:\/\/www.noidiqua.it\/Montale\/tre-questioni-aperte-per-la-nuova-giunta-betti\/\"]}]},{\"@type\":\"ImageObject\",\"inLanguage\":\"it-IT\",\"@id\":\"https:\/\/www.noidiqua.it\/Montale\/tre-questioni-aperte-per-la-nuova-giunta-betti\/#primaryimage\",\"url\":\"https:\/\/www.noidiqua.it\/Montale\/wp-content\/uploads\/2023\/12\/alluvione-2.png\",\"contentUrl\":\"https:\/\/www.noidiqua.it\/Montale\/wp-content\/uploads\/2023\/12\/alluvione-2.png\",\"width\":496,\"height\":330},{\"@type\":\"BreadcrumbList\",\"@id\":\"https:\/\/www.noidiqua.it\/Montale\/tre-questioni-aperte-per-la-nuova-giunta-betti\/#breadcrumb\",\"itemListElement\":[{\"@type\":\"ListItem\",\"position\":1,\"name\":\"Home\",\"item\":\"https:\/\/www.noidiqua.it\/Montale\/\"},{\"@type\":\"ListItem\",\"position\":2,\"name\":\"Tre questioni aperte per la nuova giunta Betti\"}]},{\"@type\":\"WebSite\",\"@id\":\"https:\/\/www.noidiqua.it\/Montale\/#website\",\"url\":\"https:\/\/www.noidiqua.it\/Montale\/\",\"name\":\"Noi di Qua Testata giornalistica e di attualit\u00e0 di Agliana, Montale e Quarrata.\",\"description\":\"Testata Giornalistica Quarrata Montale Agliana\",\"potentialAction\":[{\"@type\":\"SearchAction\",\"target\":{\"@type\":\"EntryPoint\",\"urlTemplate\":\"https:\/\/www.noidiqua.it\/Montale\/?s={search_term_string}\"},\"query-input\":{\"@type\":\"PropertyValueSpecification\",\"valueRequired\":true,\"valueName\":\"search_term_string\"}}],\"inLanguage\":\"it-IT\"},{\"@type\":\"Person\",\"@id\":\"https:\/\/www.noidiqua.it\/Montale\/#\/schema\/person\/e2e6f44da50af0dae9c90ad168e471a4\",\"name\":\"Giacomo Bini\",\"image\":{\"@type\":\"ImageObject\",\"inLanguage\":\"it-IT\",\"@id\":\"https:\/\/www.noidiqua.it\/Montale\/#\/schema\/person\/image\/\",\"url\":\"https:\/\/secure.gravatar.com\/avatar\/e5c18ae41df5ae37397358f2c6046696187d51a120c5d0b8f0c49f7b606f46f4?s=96&d=mm&r=g\",\"contentUrl\":\"https:\/\/secure.gravatar.com\/avatar\/e5c18ae41df5ae37397358f2c6046696187d51a120c5d0b8f0c49f7b606f46f4?s=96&d=mm&r=g\",\"caption\":\"Giacomo Bini\"},\"url\":\"https:\/\/www.noidiqua.it\/Montale\/author\/giacomo-bini\/\"}]}<\/script>\n<!-- \/ Yoast SEO plugin. -->","yoast_head_json":{"title":"Tre questioni aperte per la nuova giunta Betti - Noi di Qua Testata giornalistica e di attualit\u00e0 di Agliana, Montale e Quarrata.","robots":{"index":"index","follow":"follow","max-snippet":"max-snippet:-1","max-image-preview":"max-image-preview:large","max-video-preview":"max-video-preview:-1"},"canonical":"https:\/\/www.noidiqua.it\/Montale\/tre-questioni-aperte-per-la-nuova-giunta-betti\/","og_locale":"it_IT","og_type":"article","og_title":"Tre questioni aperte per la nuova giunta Betti - Noi di Qua Testata giornalistica e di attualit\u00e0 di Agliana, Montale e Quarrata.","og_description":"di Giacomo Bini. Foto: Gabriele Bellini giugno 2024 Le elezioni comunali dell\u20198 e 9 giugno scorso hanno decretato la vittoria di Ferdinando Betti, che diventa sindaco per il suo terzo mandato alla testa di una lista di centrosinistra denominata \u201cMontale concreta\u201d e appoggiata\u00a0 da Partito Democratico, Partito Socialista, Italia Viva e la lista civica [&hellip;]","og_url":"https:\/\/www.noidiqua.it\/Montale\/tre-questioni-aperte-per-la-nuova-giunta-betti\/","og_site_name":"Noi di Qua Testata giornalistica e di attualit\u00e0 di Agliana, Montale e Quarrata.","article_publisher":"https:\/\/www.facebook.com\/noidiqua.trimestrale\/","article_published_time":"2024-06-06T13:22:30+00:00","article_modified_time":"2024-10-23T13:51:57+00:00","og_image":[{"url":"https:\/\/www.noidiqua.it\/Montale\/wp-content\/uploads\/2023\/12\/alluvione-2.png","type":"","width":"","height":""}],"author":"Giacomo Bini","twitter_misc":{"Scritto da":"Giacomo Bini","Tempo di lettura stimato":"5 minuti"},"schema":{"@context":"https:\/\/schema.org","@graph":[{"@type":"WebPage","@id":"https:\/\/www.noidiqua.it\/Montale\/tre-questioni-aperte-per-la-nuova-giunta-betti\/","url":"https:\/\/www.noidiqua.it\/Montale\/tre-questioni-aperte-per-la-nuova-giunta-betti\/","name":"Tre questioni aperte per la nuova giunta Betti - Noi di Qua Testata giornalistica e di attualit\u00e0 di Agliana, Montale e Quarrata.","isPartOf":{"@id":"https:\/\/www.noidiqua.it\/Montale\/#website"},"primaryImageOfPage":{"@id":"https:\/\/www.noidiqua.it\/Montale\/tre-questioni-aperte-per-la-nuova-giunta-betti\/#primaryimage"},"image":{"@id":"https:\/\/www.noidiqua.it\/Montale\/tre-questioni-aperte-per-la-nuova-giunta-betti\/#primaryimage"},"thumbnailUrl":"https:\/\/www.noidiqua.it\/Montale\/wp-content\/uploads\/2023\/12\/alluvione-2.png","datePublished":"2024-06-06T13:22:30+00:00","dateModified":"2024-10-23T13:51:57+00:00","author":{"@id":"https:\/\/www.noidiqua.it\/Montale\/#\/schema\/person\/e2e6f44da50af0dae9c90ad168e471a4"},"breadcrumb":{"@id":"https:\/\/www.noidiqua.it\/Montale\/tre-questioni-aperte-per-la-nuova-giunta-betti\/#breadcrumb"},"inLanguage":"it-IT","potentialAction":[{"@type":"ReadAction","target":["https:\/\/www.noidiqua.it\/Montale\/tre-questioni-aperte-per-la-nuova-giunta-betti\/"]}]},{"@type":"ImageObject","inLanguage":"it-IT","@id":"https:\/\/www.noidiqua.it\/Montale\/tre-questioni-aperte-per-la-nuova-giunta-betti\/#primaryimage","url":"https:\/\/www.noidiqua.it\/Montale\/wp-content\/uploads\/2023\/12\/alluvione-2.png","contentUrl":"https:\/\/www.noidiqua.it\/Montale\/wp-content\/uploads\/2023\/12\/alluvione-2.png","width":496,"height":330},{"@type":"BreadcrumbList","@id":"https:\/\/www.noidiqua.it\/Montale\/tre-questioni-aperte-per-la-nuova-giunta-betti\/#breadcrumb","itemListElement":[{"@type":"ListItem","position":1,"name":"Home","item":"https:\/\/www.noidiqua.it\/Montale\/"},{"@type":"ListItem","position":2,"name":"Tre questioni aperte per la nuova giunta Betti"}]},{"@type":"WebSite","@id":"https:\/\/www.noidiqua.it\/Montale\/#website","url":"https:\/\/www.noidiqua.it\/Montale\/","name":"Noi di Qua Testata giornalistica e di attualit\u00e0 di Agliana, Montale e Quarrata.","description":"Testata Giornalistica Quarrata Montale Agliana","potentialAction":[{"@type":"SearchAction","target":{"@type":"EntryPoint","urlTemplate":"https:\/\/www.noidiqua.it\/Montale\/?s={search_term_string}"},"query-input":{"@type":"PropertyValueSpecification","valueRequired":true,"valueName":"search_term_string"}}],"inLanguage":"it-IT"},{"@type":"Person","@id":"https:\/\/www.noidiqua.it\/Montale\/#\/schema\/person\/e2e6f44da50af0dae9c90ad168e471a4","name":"Giacomo Bini","image":{"@type":"ImageObject","inLanguage":"it-IT","@id":"https:\/\/www.noidiqua.it\/Montale\/#\/schema\/person\/image\/","url":"https:\/\/secure.gravatar.com\/avatar\/e5c18ae41df5ae37397358f2c6046696187d51a120c5d0b8f0c49f7b606f46f4?s=96&d=mm&r=g","contentUrl":"https:\/\/secure.gravatar.com\/avatar\/e5c18ae41df5ae37397358f2c6046696187d51a120c5d0b8f0c49f7b606f46f4?s=96&d=mm&r=g","caption":"Giacomo Bini"},"url":"https:\/\/www.noidiqua.it\/Montale\/author\/giacomo-bini\/"}]}},"_links":{"self":[{"href":"https:\/\/www.noidiqua.it\/Montale\/wp-json\/wp\/v2\/posts\/8707","targetHints":{"allow":["GET"]}}],"collection":[{"href":"https:\/\/www.noidiqua.it\/Montale\/wp-json\/wp\/v2\/posts"}],"about":[{"href":"https:\/\/www.noidiqua.it\/Montale\/wp-json\/wp\/v2\/types\/post"}],"author":[{"embeddable":true,"href":"https:\/\/www.noidiqua.it\/Montale\/wp-json\/wp\/v2\/users\/12"}],"replies":[{"embeddable":true,"href":"https:\/\/www.noidiqua.it\/Montale\/wp-json\/wp\/v2\/comments?post=8707"}],"version-history":[{"count":1,"href":"https:\/\/www.noidiqua.it\/Montale\/wp-json\/wp\/v2\/posts\/8707\/revisions"}],"predecessor-version":[{"id":8708,"href":"https:\/\/www.noidiqua.it\/Montale\/wp-json\/wp\/v2\/posts\/8707\/revisions\/8708"}],"wp:attachment":[{"href":"https:\/\/www.noidiqua.it\/Montale\/wp-json\/wp\/v2\/media?parent=8707"}],"wp:term":[{"taxonomy":"category","embeddable":true,"href":"https:\/\/www.noidiqua.it\/Montale\/wp-json\/wp\/v2\/categories?post=8707"},{"taxonomy":"post_tag","embeddable":true,"href":"https:\/\/www.noidiqua.it\/Montale\/wp-json\/wp\/v2\/tags?post=8707"}],"curies":[{"name":"wp","href":"https:\/\/api.w.org\/{rel}","templated":true}]}}