{"id":8714,"date":"2024-06-06T17:05:25","date_gmt":"2024-06-06T15:05:25","guid":{"rendered":"https:\/\/www.noidiqua.it\/Montale\/?p=8714"},"modified":"2024-07-17T16:07:09","modified_gmt":"2024-07-17T14:07:09","slug":"croce-doro-di-montale-tutte-le-novita","status":"publish","type":"post","link":"https:\/\/www.noidiqua.it\/Montale\/croce-doro-di-montale-tutte-le-novita\/","title":{"rendered":"Croce d&#8217;Oro di Montale &#8211; tutte le novit\u00e0"},"content":{"rendered":"<p><em>di Giacomo Bini<\/em><\/p>\n<p><em>giugno 2024<\/em><\/p>\n<p><a href=\"https:\/\/www.noidiqua.it\/Montale\/wp-content\/uploads\/2024\/07\/Santini_Claudio.png\" rel=\"wp-prettyPhoto[8714]\"><img loading=\"lazy\" decoding=\"async\" class=\"aligncenter  wp-image-8715\" src=\"https:\/\/www.noidiqua.it\/Montale\/wp-content\/uploads\/2024\/07\/Santini_Claudio.png\" alt=\"\" width=\"451\" height=\"310\" srcset=\"https:\/\/www.noidiqua.it\/Montale\/wp-content\/uploads\/2024\/07\/Santini_Claudio.png 509w, https:\/\/www.noidiqua.it\/Montale\/wp-content\/uploads\/2024\/07\/Santini_Claudio-300x206.png 300w\" sizes=\"auto, (max-width: 451px) 100vw, 451px\" \/><\/a><\/p>\n<p class=\"p1\"><span class=\"s1\">Importanti <strong>novit\u00e0<\/strong> nei servizi e nelle attrezzature della <strong>Croce d\u2019Oro<\/strong> di Montale. <\/span><\/p>\n<p class=\"p1\"><span class=\"s1\">E&#8217; gi\u00e0 attivo dal 27 aprile scorso un <strong>ambulatorio infermieristico pediatrico<\/strong> aperto tutti i sabati dalle ore 10 alle ore 16. E&#8217; un presidio che non ha uguali nella zona e offre, grazie alla presenza di infermieri specializzati per l\u2019et\u00e0 pediatrica, prestazioni e anche consigli professionali di grande utilit\u00e0 per le famiglie,<span class=\"Apple-converted-space\">\u00a0 <\/span>che spesso si trovano a vivere con ansia i problemi anche pi\u00f9 lievi che interessano i bambini. All\u2019ambulatorio pediatrico della Croce d\u2019Oro si possono effettuare <strong>medicazioni<\/strong>, iniezioni,<span class=\"Apple-converted-space\">\u00a0 <\/span>prelievi ematici, possono essere gestite le<span class=\"Apple-converted-space\">\u00a0 <\/span>piccole ferite o si possono affrontare e valutare situazioni di febbre<span class=\"Apple-converted-space\">\u00a0 <\/span>o di gastroenterite. Possono essere effettuati anche tamponi rapidi per lo <strong>streptococco A<\/strong>. <\/span><\/p>\n<p class=\"p1\"><span class=\"s1\">L\u2019altra novit\u00e0 \u00e8 l\u2019acquisizione in comodato d\u2019uso di una <strong>cucina da campo<\/strong> mobile per il servizio di Protezione Civile. Si tratta di una cucina da campo concessa da Anpas che, con qualche intervento di manutenzione, potr\u00e0 essere usata per i casi di emergenza propri della <strong>Protezione Civile<\/strong>. Si tratta di una cucina da campo che \u00e8 gi\u00e0 stata utilizzata da <strong>Anpas<\/strong> in occasione di diverse calamit\u00e0 naturali avvenute a livello nazionale come quella del crollo del Ponte Morandi a Genova o nei terremoti che hanno colpito la penisola negli ultimi anni. La Croce d\u2019Oro di Montale amplia cos\u00ec la sua dotazione di mezzi anche in vista del suo ruolo nel sistema di Protezione Civile del Comune di Montale insieme alla Vab e alla Misericordia. <\/span><\/p>\n<p class=\"p1\"><span class=\"s1\">Una ulteriore novit\u00e0 prevista nei prossimi mesi \u00e8 l\u2019inaugurazione di un <strong>pulmino<\/strong> per il<strong> trasporto dei disabili<\/strong> che \u00e8 stato acquistato grazie al contributo determinante della Fondazione Cassa di Risparmio di Pistoia e Pescia. Il pulmino, che attualmente \u00e8 in fase di allestimento, sar\u00e0 attrezzato in modo da essere utilizzato, oltre che per l\u2019ordinario trasporto dei disabili, anche per la protezione civile in virt\u00f9 della possibilit\u00e0 di applicare al mezzo una copertura esterna che lo renda utilizzabile come<strong> postazione fissa<\/strong>. <\/span><\/p>\n<p class=\"p1\"><span class=\"s1\">Come ultima novit\u00e0 va indicata la collaborazione che la Croce d\u2019Oro sta per instaurare con un nuovo <strong>centro ambulatoriale privato<\/strong> che verr\u00e0 aperto nelle vicinanze della sede dell\u2019associazione, proprio dalla parte opposta di via IV Novembre, nei locali che in passato erano occupati da una filiale della Banca Toscana. Va ricordato che nell\u2019edificio dove ha sede la Croce d\u2019Oro in via Enzo Nesti<span class=\"Apple-converted-space\">\u00a0 <\/span>si trova, al piano terra, anche un <strong>centro di riabilitazione<\/strong> della Fondazione Crida. <\/span><\/p>\n<p class=\"p1\"><span class=\"s1\">Intanto, dal 12 al 30 giugno, la Croce d\u2019Oro di Montale ha organizzato la <strong>Festa del Volontariato<\/strong> che ha compiuto il suo ventesimo compleanno in via Vittime delle Foibe. Per i volontari dell\u2019<strong>associazione montalese<\/strong> la Festa \u00e8 un fiore all\u2019occhiello e il traguardo dei 20 anni merita i complimenti di tutta la comunit\u00e0. <\/span><\/p>","protected":false},"excerpt":{"rendered":"<p>di Giacomo Bini giugno 2024 Importanti novit\u00e0 nei servizi e nelle attrezzature della Croce d\u2019Oro di Montale. E&#8217; gi\u00e0 attivo dal 27 aprile scorso un ambulatorio infermieristico pediatrico aperto tutti i sabati dalle ore 10 alle ore 16. E&#8217; un presidio che non ha uguali nella zona e offre, grazie alla presenza di infermieri [&hellip;]<\/p>","protected":false},"author":12,"featured_media":0,"comment_status":"open","ping_status":"open","sticky":false,"template":"","format":"standard","meta":{"footnotes":""},"categories":[7,12],"tags":[4009,4013,4018,4016,4017,2241,4012,591,4010,4008,4015,800,2500,4011,4014],"class_list":["post-8714","post","type-post","status-publish","format-standard","hentry","category-mt","category-solidarieta-qt","tag-ambulatorio-infermieristico-pediatrico","tag-anpas","tag-associazione-montalese","tag-centro-ambulatoriale-privato","tag-centro-di-riabilitazione","tag-croce-doro-2","tag-cucina-da-campo","tag-festa-del-volontariato","tag-medicazioni","tag-novita","tag-postazione-fissa","tag-protezione-civile","tag-pulmino","tag-streptococco-a","tag-trasporto-dei-disabili"],"yoast_head":"<!-- This site is optimized with the Yoast SEO plugin v25.5 - https:\/\/yoast.com\/wordpress\/plugins\/seo\/ -->\n<title>Croce d&#039;Oro di Montale - tutte le novit\u00e0 - Noi di Qua Testata giornalistica e di attualit\u00e0 di Agliana, Montale e Quarrata.<\/title>\n<meta name=\"robots\" content=\"index, follow, max-snippet:-1, max-image-preview:large, max-video-preview:-1\" \/>\n<link rel=\"canonical\" href=\"https:\/\/www.noidiqua.it\/Montale\/croce-doro-di-montale-tutte-le-novita\/\" \/>\n<meta property=\"og:locale\" content=\"it_IT\" \/>\n<meta property=\"og:type\" content=\"article\" \/>\n<meta property=\"og:title\" content=\"Croce d&#039;Oro di Montale - tutte le novit\u00e0 - Noi di Qua Testata giornalistica e di attualit\u00e0 di Agliana, Montale e Quarrata.\" \/>\n<meta property=\"og:description\" content=\"di Giacomo Bini giugno 2024 Importanti novit\u00e0 nei servizi e nelle attrezzature della Croce d\u2019Oro di Montale. E&#8217; gi\u00e0 attivo dal 27 aprile scorso un ambulatorio infermieristico pediatrico aperto tutti i sabati dalle ore 10 alle ore 16. E&#8217; un presidio che non ha uguali nella zona e offre, grazie alla presenza di infermieri [&hellip;]\" \/>\n<meta property=\"og:url\" content=\"https:\/\/www.noidiqua.it\/Montale\/croce-doro-di-montale-tutte-le-novita\/\" \/>\n<meta property=\"og:site_name\" content=\"Noi di Qua Testata giornalistica e di attualit\u00e0 di Agliana, Montale e Quarrata.\" \/>\n<meta property=\"article:publisher\" content=\"https:\/\/www.facebook.com\/noidiqua.trimestrale\/\" \/>\n<meta property=\"article:published_time\" content=\"2024-06-06T15:05:25+00:00\" \/>\n<meta property=\"article:modified_time\" content=\"2024-07-17T14:07:09+00:00\" \/>\n<meta property=\"og:image\" content=\"https:\/\/www.noidiqua.it\/Montale\/wp-content\/uploads\/2024\/07\/Santini_Claudio.png\" \/>\n<meta name=\"author\" content=\"Giacomo Bini\" \/>\n<meta name=\"twitter:label1\" content=\"Scritto da\" \/>\n\t<meta name=\"twitter:data1\" content=\"Giacomo Bini\" \/>\n\t<meta name=\"twitter:label2\" content=\"Tempo di lettura stimato\" \/>\n\t<meta name=\"twitter:data2\" content=\"3 minuti\" \/>\n<script type=\"application\/ld+json\" class=\"yoast-schema-graph\">{\"@context\":\"https:\/\/schema.org\",\"@graph\":[{\"@type\":\"WebPage\",\"@id\":\"https:\/\/www.noidiqua.it\/Montale\/croce-doro-di-montale-tutte-le-novita\/\",\"url\":\"https:\/\/www.noidiqua.it\/Montale\/croce-doro-di-montale-tutte-le-novita\/\",\"name\":\"Croce d'Oro di Montale - tutte le novit\u00e0 - Noi di Qua Testata giornalistica e di attualit\u00e0 di Agliana, Montale e Quarrata.\",\"isPartOf\":{\"@id\":\"https:\/\/www.noidiqua.it\/Montale\/#website\"},\"primaryImageOfPage\":{\"@id\":\"https:\/\/www.noidiqua.it\/Montale\/croce-doro-di-montale-tutte-le-novita\/#primaryimage\"},\"image\":{\"@id\":\"https:\/\/www.noidiqua.it\/Montale\/croce-doro-di-montale-tutte-le-novita\/#primaryimage\"},\"thumbnailUrl\":\"https:\/\/www.noidiqua.it\/Montale\/wp-content\/uploads\/2024\/07\/Santini_Claudio.png\",\"datePublished\":\"2024-06-06T15:05:25+00:00\",\"dateModified\":\"2024-07-17T14:07:09+00:00\",\"author\":{\"@id\":\"https:\/\/www.noidiqua.it\/Montale\/#\/schema\/person\/e2e6f44da50af0dae9c90ad168e471a4\"},\"breadcrumb\":{\"@id\":\"https:\/\/www.noidiqua.it\/Montale\/croce-doro-di-montale-tutte-le-novita\/#breadcrumb\"},\"inLanguage\":\"it-IT\",\"potentialAction\":[{\"@type\":\"ReadAction\",\"target\":[\"https:\/\/www.noidiqua.it\/Montale\/croce-doro-di-montale-tutte-le-novita\/\"]}]},{\"@type\":\"ImageObject\",\"inLanguage\":\"it-IT\",\"@id\":\"https:\/\/www.noidiqua.it\/Montale\/croce-doro-di-montale-tutte-le-novita\/#primaryimage\",\"url\":\"https:\/\/www.noidiqua.it\/Montale\/wp-content\/uploads\/2024\/07\/Santini_Claudio.png\",\"contentUrl\":\"https:\/\/www.noidiqua.it\/Montale\/wp-content\/uploads\/2024\/07\/Santini_Claudio.png\",\"width\":509,\"height\":350},{\"@type\":\"BreadcrumbList\",\"@id\":\"https:\/\/www.noidiqua.it\/Montale\/croce-doro-di-montale-tutte-le-novita\/#breadcrumb\",\"itemListElement\":[{\"@type\":\"ListItem\",\"position\":1,\"name\":\"Home\",\"item\":\"https:\/\/www.noidiqua.it\/Montale\/\"},{\"@type\":\"ListItem\",\"position\":2,\"name\":\"Croce d&#8217;Oro di Montale &#8211; tutte le novit\u00e0\"}]},{\"@type\":\"WebSite\",\"@id\":\"https:\/\/www.noidiqua.it\/Montale\/#website\",\"url\":\"https:\/\/www.noidiqua.it\/Montale\/\",\"name\":\"Noi di Qua Testata giornalistica e di attualit\u00e0 di Agliana, Montale e Quarrata.\",\"description\":\"Testata Giornalistica Quarrata Montale Agliana\",\"potentialAction\":[{\"@type\":\"SearchAction\",\"target\":{\"@type\":\"EntryPoint\",\"urlTemplate\":\"https:\/\/www.noidiqua.it\/Montale\/?s={search_term_string}\"},\"query-input\":{\"@type\":\"PropertyValueSpecification\",\"valueRequired\":true,\"valueName\":\"search_term_string\"}}],\"inLanguage\":\"it-IT\"},{\"@type\":\"Person\",\"@id\":\"https:\/\/www.noidiqua.it\/Montale\/#\/schema\/person\/e2e6f44da50af0dae9c90ad168e471a4\",\"name\":\"Giacomo Bini\",\"image\":{\"@type\":\"ImageObject\",\"inLanguage\":\"it-IT\",\"@id\":\"https:\/\/www.noidiqua.it\/Montale\/#\/schema\/person\/image\/\",\"url\":\"https:\/\/secure.gravatar.com\/avatar\/e5c18ae41df5ae37397358f2c6046696187d51a120c5d0b8f0c49f7b606f46f4?s=96&d=mm&r=g\",\"contentUrl\":\"https:\/\/secure.gravatar.com\/avatar\/e5c18ae41df5ae37397358f2c6046696187d51a120c5d0b8f0c49f7b606f46f4?s=96&d=mm&r=g\",\"caption\":\"Giacomo Bini\"},\"url\":\"https:\/\/www.noidiqua.it\/Montale\/author\/giacomo-bini\/\"}]}<\/script>\n<!-- \/ Yoast SEO plugin. -->","yoast_head_json":{"title":"Croce d'Oro di Montale - tutte le novit\u00e0 - Noi di Qua Testata giornalistica e di attualit\u00e0 di Agliana, Montale e Quarrata.","robots":{"index":"index","follow":"follow","max-snippet":"max-snippet:-1","max-image-preview":"max-image-preview:large","max-video-preview":"max-video-preview:-1"},"canonical":"https:\/\/www.noidiqua.it\/Montale\/croce-doro-di-montale-tutte-le-novita\/","og_locale":"it_IT","og_type":"article","og_title":"Croce d'Oro di Montale - tutte le novit\u00e0 - Noi di Qua Testata giornalistica e di attualit\u00e0 di Agliana, Montale e Quarrata.","og_description":"di Giacomo Bini giugno 2024 Importanti novit\u00e0 nei servizi e nelle attrezzature della Croce d\u2019Oro di Montale. E&#8217; gi\u00e0 attivo dal 27 aprile scorso un ambulatorio infermieristico pediatrico aperto tutti i sabati dalle ore 10 alle ore 16. E&#8217; un presidio che non ha uguali nella zona e offre, grazie alla presenza di infermieri [&hellip;]","og_url":"https:\/\/www.noidiqua.it\/Montale\/croce-doro-di-montale-tutte-le-novita\/","og_site_name":"Noi di Qua Testata giornalistica e di attualit\u00e0 di Agliana, Montale e Quarrata.","article_publisher":"https:\/\/www.facebook.com\/noidiqua.trimestrale\/","article_published_time":"2024-06-06T15:05:25+00:00","article_modified_time":"2024-07-17T14:07:09+00:00","og_image":[{"url":"https:\/\/www.noidiqua.it\/Montale\/wp-content\/uploads\/2024\/07\/Santini_Claudio.png","type":"","width":"","height":""}],"author":"Giacomo Bini","twitter_misc":{"Scritto da":"Giacomo Bini","Tempo di lettura stimato":"3 minuti"},"schema":{"@context":"https:\/\/schema.org","@graph":[{"@type":"WebPage","@id":"https:\/\/www.noidiqua.it\/Montale\/croce-doro-di-montale-tutte-le-novita\/","url":"https:\/\/www.noidiqua.it\/Montale\/croce-doro-di-montale-tutte-le-novita\/","name":"Croce d'Oro di Montale - tutte le novit\u00e0 - Noi di Qua Testata giornalistica e di attualit\u00e0 di Agliana, Montale e Quarrata.","isPartOf":{"@id":"https:\/\/www.noidiqua.it\/Montale\/#website"},"primaryImageOfPage":{"@id":"https:\/\/www.noidiqua.it\/Montale\/croce-doro-di-montale-tutte-le-novita\/#primaryimage"},"image":{"@id":"https:\/\/www.noidiqua.it\/Montale\/croce-doro-di-montale-tutte-le-novita\/#primaryimage"},"thumbnailUrl":"https:\/\/www.noidiqua.it\/Montale\/wp-content\/uploads\/2024\/07\/Santini_Claudio.png","datePublished":"2024-06-06T15:05:25+00:00","dateModified":"2024-07-17T14:07:09+00:00","author":{"@id":"https:\/\/www.noidiqua.it\/Montale\/#\/schema\/person\/e2e6f44da50af0dae9c90ad168e471a4"},"breadcrumb":{"@id":"https:\/\/www.noidiqua.it\/Montale\/croce-doro-di-montale-tutte-le-novita\/#breadcrumb"},"inLanguage":"it-IT","potentialAction":[{"@type":"ReadAction","target":["https:\/\/www.noidiqua.it\/Montale\/croce-doro-di-montale-tutte-le-novita\/"]}]},{"@type":"ImageObject","inLanguage":"it-IT","@id":"https:\/\/www.noidiqua.it\/Montale\/croce-doro-di-montale-tutte-le-novita\/#primaryimage","url":"https:\/\/www.noidiqua.it\/Montale\/wp-content\/uploads\/2024\/07\/Santini_Claudio.png","contentUrl":"https:\/\/www.noidiqua.it\/Montale\/wp-content\/uploads\/2024\/07\/Santini_Claudio.png","width":509,"height":350},{"@type":"BreadcrumbList","@id":"https:\/\/www.noidiqua.it\/Montale\/croce-doro-di-montale-tutte-le-novita\/#breadcrumb","itemListElement":[{"@type":"ListItem","position":1,"name":"Home","item":"https:\/\/www.noidiqua.it\/Montale\/"},{"@type":"ListItem","position":2,"name":"Croce d&#8217;Oro di Montale &#8211; tutte le novit\u00e0"}]},{"@type":"WebSite","@id":"https:\/\/www.noidiqua.it\/Montale\/#website","url":"https:\/\/www.noidiqua.it\/Montale\/","name":"Noi di Qua Testata giornalistica e di attualit\u00e0 di Agliana, Montale e Quarrata.","description":"Testata Giornalistica Quarrata Montale Agliana","potentialAction":[{"@type":"SearchAction","target":{"@type":"EntryPoint","urlTemplate":"https:\/\/www.noidiqua.it\/Montale\/?s={search_term_string}"},"query-input":{"@type":"PropertyValueSpecification","valueRequired":true,"valueName":"search_term_string"}}],"inLanguage":"it-IT"},{"@type":"Person","@id":"https:\/\/www.noidiqua.it\/Montale\/#\/schema\/person\/e2e6f44da50af0dae9c90ad168e471a4","name":"Giacomo Bini","image":{"@type":"ImageObject","inLanguage":"it-IT","@id":"https:\/\/www.noidiqua.it\/Montale\/#\/schema\/person\/image\/","url":"https:\/\/secure.gravatar.com\/avatar\/e5c18ae41df5ae37397358f2c6046696187d51a120c5d0b8f0c49f7b606f46f4?s=96&d=mm&r=g","contentUrl":"https:\/\/secure.gravatar.com\/avatar\/e5c18ae41df5ae37397358f2c6046696187d51a120c5d0b8f0c49f7b606f46f4?s=96&d=mm&r=g","caption":"Giacomo Bini"},"url":"https:\/\/www.noidiqua.it\/Montale\/author\/giacomo-bini\/"}]}},"_links":{"self":[{"href":"https:\/\/www.noidiqua.it\/Montale\/wp-json\/wp\/v2\/posts\/8714","targetHints":{"allow":["GET"]}}],"collection":[{"href":"https:\/\/www.noidiqua.it\/Montale\/wp-json\/wp\/v2\/posts"}],"about":[{"href":"https:\/\/www.noidiqua.it\/Montale\/wp-json\/wp\/v2\/types\/post"}],"author":[{"embeddable":true,"href":"https:\/\/www.noidiqua.it\/Montale\/wp-json\/wp\/v2\/users\/12"}],"replies":[{"embeddable":true,"href":"https:\/\/www.noidiqua.it\/Montale\/wp-json\/wp\/v2\/comments?post=8714"}],"version-history":[{"count":1,"href":"https:\/\/www.noidiqua.it\/Montale\/wp-json\/wp\/v2\/posts\/8714\/revisions"}],"predecessor-version":[{"id":8716,"href":"https:\/\/www.noidiqua.it\/Montale\/wp-json\/wp\/v2\/posts\/8714\/revisions\/8716"}],"wp:attachment":[{"href":"https:\/\/www.noidiqua.it\/Montale\/wp-json\/wp\/v2\/media?parent=8714"}],"wp:term":[{"taxonomy":"category","embeddable":true,"href":"https:\/\/www.noidiqua.it\/Montale\/wp-json\/wp\/v2\/categories?post=8714"},{"taxonomy":"post_tag","embeddable":true,"href":"https:\/\/www.noidiqua.it\/Montale\/wp-json\/wp\/v2\/tags?post=8714"}],"curies":[{"name":"wp","href":"https:\/\/api.w.org\/{rel}","templated":true}]}}