{"id":8968,"date":"2025-03-13T16:55:28","date_gmt":"2025-03-13T15:55:28","guid":{"rendered":"https:\/\/www.noidiqua.it\/Montale\/?p=8968"},"modified":"2025-07-18T11:45:18","modified_gmt":"2025-07-18T09:45:18","slug":"marcello-meucci-il-ricordo-di-un-artista-figlio-del-suo-tempo","status":"publish","type":"post","link":"https:\/\/www.noidiqua.it\/Montale\/marcello-meucci-il-ricordo-di-un-artista-figlio-del-suo-tempo\/","title":{"rendered":"Marcello Meucci &#8211; il ricordo di un artista figlio del suo tempo"},"content":{"rendered":"<p style=\"text-align: justify;\"><em>di Giacomo Bini<\/em><\/p>\n<p style=\"text-align: justify;\"><em>marzo 2025<\/em><\/p>\n<p style=\"text-align: justify;\"><a href=\"https:\/\/www.noidiqua.it\/Montale\/wp-content\/uploads\/2025\/04\/meucci-marcello1.png\" rel=\"wp-prettyPhoto[8968]\"><img loading=\"lazy\" decoding=\"async\" class=\"aligncenter size-full wp-image-8969\" src=\"https:\/\/www.noidiqua.it\/Montale\/wp-content\/uploads\/2025\/04\/meucci-marcello1.png\" alt=\"\" width=\"499\" height=\"362\" srcset=\"https:\/\/www.noidiqua.it\/Montale\/wp-content\/uploads\/2025\/04\/meucci-marcello1.png 499w, https:\/\/www.noidiqua.it\/Montale\/wp-content\/uploads\/2025\/04\/meucci-marcello1-300x218.png 300w\" sizes=\"auto, (max-width: 499px) 100vw, 499px\" \/><\/a><\/p>\n<p class=\"p1\" style=\"text-align: justify;\">Una recente mostra a <strong>Villa Smilea<\/strong> ha permesso a molti visitatori e in particolare ai montalesi di ricordare un artista e un uomo, <strong>Marcello Meucci<\/strong> che molto ha dato alla nostra comunit\u00e0. Alla sua morte, nel 2021 a 78 anni, ha lasciato un&#8217;eredit\u00e0 non solo <strong>artistica<\/strong> ma anche valoriale e civile. Ha saputo interpretare esperienze individuali e collettive proprie del nostro tempo, ma soprattutto caratteristiche in generale della vicenda umana in questo mondo.<\/p>\n<p class=\"p1\" style=\"text-align: justify;\">Basti pensare al ciclo di dipinti dell\u2019<strong>Inquisizione<\/strong> dove Meucci ritorna sulla sua personale e drammatica esperienza all\u2019istituto pratese dei Celestini. Quei dipinti non sono solo l\u2019espressione artistica di un momento della vita dell\u2019autore ma una denuncia di ogni forma di umiliazione dei pi\u00f9 deboli. Ci\u00f2 che meraviglia ancora di quelle opere \u00e8 il fatto che la <strong>violenza<\/strong> pi\u00f9 cruda non \u00e8 mostrata come una mostruosit\u00e0 eccezionale ma come una routine quotidiana e istituzionale, che osa proporsi come rappresentativa dell\u2019ordine, mentre \u00e8 il sovvertimento di ogni logica umana e civile. L\u2019immagine del bambino che viene costretto per punizione a leccare il pavimento, \u00e8 la pi\u00f9 cruda espressione del <strong>caos morale<\/strong> che pu\u00f2 insinuarsi perfino in una sedicente prassi educativa.<\/p>\n<p style=\"text-align: justify;\"><a href=\"https:\/\/www.noidiqua.it\/Montale\/wp-content\/uploads\/2012\/11\/Meucci-lautoaccusa.png\" rel=\"wp-prettyPhoto[8968]\"><img loading=\"lazy\" decoding=\"async\" class=\"aligncenter size-full wp-image-7841\" src=\"https:\/\/www.noidiqua.it\/Montale\/wp-content\/uploads\/2012\/11\/Meucci-lautoaccusa.png\" alt=\"\" width=\"286\" height=\"398\" srcset=\"https:\/\/www.noidiqua.it\/Montale\/wp-content\/uploads\/2012\/11\/Meucci-lautoaccusa.png 286w, https:\/\/www.noidiqua.it\/Montale\/wp-content\/uploads\/2012\/11\/Meucci-lautoaccusa-216x300.png 216w\" sizes=\"auto, (max-width: 286px) 100vw, 286px\" \/><\/a><\/p>\n<p class=\"p1\" style=\"text-align: justify;\">Dopo quella fase della sua produzione Meucci ha sempre mantenuto una particolare sensibilit\u00e0 nel cogliere i segnali dell\u2019indebolimento dei valori della civilt\u00e0 e del rispetto verso l\u2019<strong>umanit\u00e0<\/strong>. In una delle ultime fasi della sua opera \u00e8 dedicata al tema della fissione, con allusione alla potenza devastatrice delle bombe atomiche e dell\u2019uso distruttivo della tecnologia. Quando l\u2019artista montalese proponeva queste sue opere la <strong>minaccia nucleare<\/strong> nel mondo sembrava poco presente, in virt\u00f9 degli accordi sul controllo e la riduzione degli arsenali atomici ma l\u2019arte a volte ha la capacit\u00e0 di cogliere ci\u00f2 che sfugge alla sensibilit\u00e0 comune. Oggi che il tab\u00f9 delle bombe atomiche sembra essere dimenticato e che l\u2019argomento \u00e8 tornato al centro della discussione politica internazionale, quelle intuizioni di Meucci si rivelano come manifestazioni di una <strong>acuta sensibilit\u00e0<\/strong>, della capacit\u00e0 di provare le paure vere, quelle esistenziali andando oltre i problemi pi\u00f9 banali che spesso offuscano la nostra visione della vita. In particolare il tema che ha tratta in queste sue opere \u00e8 quello attualissimo della frammentazione, il senso di mancanza di organicit\u00e0, di unione non solo tra gli uomini ma anche all\u2019interno di noi stessi. Un mondo disgregato e smarrito, faceva paura all\u2019artista come quel mondo dominato da un ordine monolitico che aveva sofferto ai <strong>Celestini<\/strong>.<\/p>\n<p style=\"text-align: justify;\"><a href=\"https:\/\/www.noidiqua.it\/Montale\/wp-content\/uploads\/2012\/11\/Meucci-2.png\" rel=\"wp-prettyPhoto[8968]\"><img loading=\"lazy\" decoding=\"async\" class=\"aligncenter size-full wp-image-7840\" src=\"https:\/\/www.noidiqua.it\/Montale\/wp-content\/uploads\/2012\/11\/Meucci-2.png\" alt=\"\" width=\"498\" height=\"393\" srcset=\"https:\/\/www.noidiqua.it\/Montale\/wp-content\/uploads\/2012\/11\/Meucci-2.png 498w, https:\/\/www.noidiqua.it\/Montale\/wp-content\/uploads\/2012\/11\/Meucci-2-300x237.png 300w\" sizes=\"auto, (max-width: 498px) 100vw, 498px\" \/><\/a><\/p>\n<p class=\"p1\" style=\"text-align: justify;\">I pericoli del principio di autorit\u00e0 che dimentica l\u2019uomo e i pericoli di un disordine <strong>nichilista<\/strong> senza pi\u00f9 punti di riferimento. Meucci aveva avvertito entrambi con grande acutezza e riusciva tuttavia a indicare una via di riscatto se non di rifugio nella natura delle sue colline, quelle di Tobbiana, negli equilibri mutevoli eppure affascinanti dell\u2019ambiente, nella capacit\u00e0 di analizzare ogni dettaglio del mondo che ci \u00e8 stato donato e che dobbiamo mantenere per le generazioni future. La motivazione umana e civile dell\u2019arte di Marcello Meucci \u00e8 quella che ce la rende vicina e che ci fa essere orgogliosi di questo nostro <strong>concittadino<\/strong>.<\/p>","protected":false},"excerpt":{"rendered":"<p>di Giacomo Bini marzo 2025 Una recente mostra a Villa Smilea ha permesso a molti visitatori e in particolare ai montalesi di ricordare un artista e un uomo, Marcello Meucci che molto ha dato alla nostra comunit\u00e0. Alla sua morte, nel 2021 a 78 anni, ha lasciato un&#8217;eredit\u00e0 non solo artistica ma anche valoriale [&hellip;]<\/p>","protected":false},"author":12,"featured_media":0,"comment_status":"open","ping_status":"open","sticky":false,"template":"","format":"standard","meta":{"footnotes":""},"categories":[23,7],"tags":[4431,4425,4428,4432,4434,4426,549,4430,4433,4429,362,4427],"class_list":["post-8968","post","type-post","status-publish","format-standard","hentry","category-arte-artigianato-qt","category-mt","tag-acuta-sensibilita","tag-artistica","tag-caos-morale","tag-celestini","tag-concittadino","tag-inquisizione","tag-marcello-meucci","tag-minaccia-nucleare","tag-nichilista","tag-umanita","tag-villa-smilea","tag-violenza"],"yoast_head":"<!-- This site is optimized with the Yoast SEO plugin v25.5 - https:\/\/yoast.com\/wordpress\/plugins\/seo\/ -->\n<title>Marcello Meucci - il ricordo di un artista figlio del suo tempo - Noi di Qua Testata giornalistica e di attualit\u00e0 di Agliana, Montale e Quarrata.<\/title>\n<meta name=\"robots\" content=\"index, follow, max-snippet:-1, max-image-preview:large, max-video-preview:-1\" \/>\n<link rel=\"canonical\" href=\"https:\/\/www.noidiqua.it\/Montale\/marcello-meucci-il-ricordo-di-un-artista-figlio-del-suo-tempo\/\" \/>\n<meta property=\"og:locale\" content=\"it_IT\" \/>\n<meta property=\"og:type\" content=\"article\" \/>\n<meta property=\"og:title\" content=\"Marcello Meucci - il ricordo di un artista figlio del suo tempo - Noi di Qua Testata giornalistica e di attualit\u00e0 di Agliana, Montale e Quarrata.\" \/>\n<meta property=\"og:description\" content=\"di Giacomo Bini marzo 2025 Una recente mostra a Villa Smilea ha permesso a molti visitatori e in particolare ai montalesi di ricordare un artista e un uomo, Marcello Meucci che molto ha dato alla nostra comunit\u00e0. Alla sua morte, nel 2021 a 78 anni, ha lasciato un&#8217;eredit\u00e0 non solo artistica ma anche valoriale [&hellip;]\" \/>\n<meta property=\"og:url\" content=\"https:\/\/www.noidiqua.it\/Montale\/marcello-meucci-il-ricordo-di-un-artista-figlio-del-suo-tempo\/\" \/>\n<meta property=\"og:site_name\" content=\"Noi di Qua Testata giornalistica e di attualit\u00e0 di Agliana, Montale e Quarrata.\" \/>\n<meta property=\"article:publisher\" content=\"https:\/\/www.facebook.com\/noidiqua.trimestrale\/\" \/>\n<meta property=\"article:published_time\" content=\"2025-03-13T15:55:28+00:00\" \/>\n<meta property=\"article:modified_time\" content=\"2025-07-18T09:45:18+00:00\" \/>\n<meta property=\"og:image\" content=\"https:\/\/www.noidiqua.it\/Montale\/wp-content\/uploads\/2025\/04\/meucci-marcello1.png\" \/>\n\t<meta property=\"og:image:width\" content=\"499\" \/>\n\t<meta property=\"og:image:height\" content=\"362\" \/>\n\t<meta property=\"og:image:type\" content=\"image\/png\" \/>\n<meta name=\"author\" content=\"Giacomo Bini\" \/>\n<meta name=\"twitter:label1\" content=\"Scritto da\" \/>\n\t<meta name=\"twitter:data1\" content=\"Giacomo Bini\" \/>\n\t<meta name=\"twitter:label2\" content=\"Tempo di lettura stimato\" \/>\n\t<meta name=\"twitter:data2\" content=\"3 minuti\" \/>\n<script type=\"application\/ld+json\" class=\"yoast-schema-graph\">{\"@context\":\"https:\/\/schema.org\",\"@graph\":[{\"@type\":\"WebPage\",\"@id\":\"https:\/\/www.noidiqua.it\/Montale\/marcello-meucci-il-ricordo-di-un-artista-figlio-del-suo-tempo\/\",\"url\":\"https:\/\/www.noidiqua.it\/Montale\/marcello-meucci-il-ricordo-di-un-artista-figlio-del-suo-tempo\/\",\"name\":\"Marcello Meucci - il ricordo di un artista figlio del suo tempo - Noi di Qua Testata giornalistica e di attualit\u00e0 di Agliana, Montale e Quarrata.\",\"isPartOf\":{\"@id\":\"https:\/\/www.noidiqua.it\/Montale\/#website\"},\"primaryImageOfPage\":{\"@id\":\"https:\/\/www.noidiqua.it\/Montale\/marcello-meucci-il-ricordo-di-un-artista-figlio-del-suo-tempo\/#primaryimage\"},\"image\":{\"@id\":\"https:\/\/www.noidiqua.it\/Montale\/marcello-meucci-il-ricordo-di-un-artista-figlio-del-suo-tempo\/#primaryimage\"},\"thumbnailUrl\":\"https:\/\/www.noidiqua.it\/Montale\/wp-content\/uploads\/2025\/04\/meucci-marcello1.png\",\"datePublished\":\"2025-03-13T15:55:28+00:00\",\"dateModified\":\"2025-07-18T09:45:18+00:00\",\"author\":{\"@id\":\"https:\/\/www.noidiqua.it\/Montale\/#\/schema\/person\/e2e6f44da50af0dae9c90ad168e471a4\"},\"breadcrumb\":{\"@id\":\"https:\/\/www.noidiqua.it\/Montale\/marcello-meucci-il-ricordo-di-un-artista-figlio-del-suo-tempo\/#breadcrumb\"},\"inLanguage\":\"it-IT\",\"potentialAction\":[{\"@type\":\"ReadAction\",\"target\":[\"https:\/\/www.noidiqua.it\/Montale\/marcello-meucci-il-ricordo-di-un-artista-figlio-del-suo-tempo\/\"]}]},{\"@type\":\"ImageObject\",\"inLanguage\":\"it-IT\",\"@id\":\"https:\/\/www.noidiqua.it\/Montale\/marcello-meucci-il-ricordo-di-un-artista-figlio-del-suo-tempo\/#primaryimage\",\"url\":\"https:\/\/www.noidiqua.it\/Montale\/wp-content\/uploads\/2025\/04\/meucci-marcello1.png\",\"contentUrl\":\"https:\/\/www.noidiqua.it\/Montale\/wp-content\/uploads\/2025\/04\/meucci-marcello1.png\",\"width\":499,\"height\":362},{\"@type\":\"BreadcrumbList\",\"@id\":\"https:\/\/www.noidiqua.it\/Montale\/marcello-meucci-il-ricordo-di-un-artista-figlio-del-suo-tempo\/#breadcrumb\",\"itemListElement\":[{\"@type\":\"ListItem\",\"position\":1,\"name\":\"Home\",\"item\":\"https:\/\/www.noidiqua.it\/Montale\/\"},{\"@type\":\"ListItem\",\"position\":2,\"name\":\"Marcello Meucci &#8211; il ricordo di un artista figlio del suo tempo\"}]},{\"@type\":\"WebSite\",\"@id\":\"https:\/\/www.noidiqua.it\/Montale\/#website\",\"url\":\"https:\/\/www.noidiqua.it\/Montale\/\",\"name\":\"Noi di Qua Testata giornalistica e di attualit\u00e0 di Agliana, Montale e Quarrata.\",\"description\":\"Testata Giornalistica Quarrata Montale Agliana\",\"potentialAction\":[{\"@type\":\"SearchAction\",\"target\":{\"@type\":\"EntryPoint\",\"urlTemplate\":\"https:\/\/www.noidiqua.it\/Montale\/?s={search_term_string}\"},\"query-input\":{\"@type\":\"PropertyValueSpecification\",\"valueRequired\":true,\"valueName\":\"search_term_string\"}}],\"inLanguage\":\"it-IT\"},{\"@type\":\"Person\",\"@id\":\"https:\/\/www.noidiqua.it\/Montale\/#\/schema\/person\/e2e6f44da50af0dae9c90ad168e471a4\",\"name\":\"Giacomo Bini\",\"image\":{\"@type\":\"ImageObject\",\"inLanguage\":\"it-IT\",\"@id\":\"https:\/\/www.noidiqua.it\/Montale\/#\/schema\/person\/image\/\",\"url\":\"https:\/\/secure.gravatar.com\/avatar\/e5c18ae41df5ae37397358f2c6046696187d51a120c5d0b8f0c49f7b606f46f4?s=96&d=mm&r=g\",\"contentUrl\":\"https:\/\/secure.gravatar.com\/avatar\/e5c18ae41df5ae37397358f2c6046696187d51a120c5d0b8f0c49f7b606f46f4?s=96&d=mm&r=g\",\"caption\":\"Giacomo Bini\"},\"url\":\"https:\/\/www.noidiqua.it\/Montale\/author\/giacomo-bini\/\"}]}<\/script>\n<!-- \/ Yoast SEO plugin. -->","yoast_head_json":{"title":"Marcello Meucci - il ricordo di un artista figlio del suo tempo - Noi di Qua Testata giornalistica e di attualit\u00e0 di Agliana, Montale e Quarrata.","robots":{"index":"index","follow":"follow","max-snippet":"max-snippet:-1","max-image-preview":"max-image-preview:large","max-video-preview":"max-video-preview:-1"},"canonical":"https:\/\/www.noidiqua.it\/Montale\/marcello-meucci-il-ricordo-di-un-artista-figlio-del-suo-tempo\/","og_locale":"it_IT","og_type":"article","og_title":"Marcello Meucci - il ricordo di un artista figlio del suo tempo - Noi di Qua Testata giornalistica e di attualit\u00e0 di Agliana, Montale e Quarrata.","og_description":"di Giacomo Bini marzo 2025 Una recente mostra a Villa Smilea ha permesso a molti visitatori e in particolare ai montalesi di ricordare un artista e un uomo, Marcello Meucci che molto ha dato alla nostra comunit\u00e0. Alla sua morte, nel 2021 a 78 anni, ha lasciato un&#8217;eredit\u00e0 non solo artistica ma anche valoriale [&hellip;]","og_url":"https:\/\/www.noidiqua.it\/Montale\/marcello-meucci-il-ricordo-di-un-artista-figlio-del-suo-tempo\/","og_site_name":"Noi di Qua Testata giornalistica e di attualit\u00e0 di Agliana, Montale e Quarrata.","article_publisher":"https:\/\/www.facebook.com\/noidiqua.trimestrale\/","article_published_time":"2025-03-13T15:55:28+00:00","article_modified_time":"2025-07-18T09:45:18+00:00","og_image":[{"width":499,"height":362,"url":"https:\/\/www.noidiqua.it\/Montale\/wp-content\/uploads\/2025\/04\/meucci-marcello1.png","type":"image\/png"}],"author":"Giacomo Bini","twitter_misc":{"Scritto da":"Giacomo Bini","Tempo di lettura stimato":"3 minuti"},"schema":{"@context":"https:\/\/schema.org","@graph":[{"@type":"WebPage","@id":"https:\/\/www.noidiqua.it\/Montale\/marcello-meucci-il-ricordo-di-un-artista-figlio-del-suo-tempo\/","url":"https:\/\/www.noidiqua.it\/Montale\/marcello-meucci-il-ricordo-di-un-artista-figlio-del-suo-tempo\/","name":"Marcello Meucci - il ricordo di un artista figlio del suo tempo - Noi di Qua Testata giornalistica e di attualit\u00e0 di Agliana, Montale e Quarrata.","isPartOf":{"@id":"https:\/\/www.noidiqua.it\/Montale\/#website"},"primaryImageOfPage":{"@id":"https:\/\/www.noidiqua.it\/Montale\/marcello-meucci-il-ricordo-di-un-artista-figlio-del-suo-tempo\/#primaryimage"},"image":{"@id":"https:\/\/www.noidiqua.it\/Montale\/marcello-meucci-il-ricordo-di-un-artista-figlio-del-suo-tempo\/#primaryimage"},"thumbnailUrl":"https:\/\/www.noidiqua.it\/Montale\/wp-content\/uploads\/2025\/04\/meucci-marcello1.png","datePublished":"2025-03-13T15:55:28+00:00","dateModified":"2025-07-18T09:45:18+00:00","author":{"@id":"https:\/\/www.noidiqua.it\/Montale\/#\/schema\/person\/e2e6f44da50af0dae9c90ad168e471a4"},"breadcrumb":{"@id":"https:\/\/www.noidiqua.it\/Montale\/marcello-meucci-il-ricordo-di-un-artista-figlio-del-suo-tempo\/#breadcrumb"},"inLanguage":"it-IT","potentialAction":[{"@type":"ReadAction","target":["https:\/\/www.noidiqua.it\/Montale\/marcello-meucci-il-ricordo-di-un-artista-figlio-del-suo-tempo\/"]}]},{"@type":"ImageObject","inLanguage":"it-IT","@id":"https:\/\/www.noidiqua.it\/Montale\/marcello-meucci-il-ricordo-di-un-artista-figlio-del-suo-tempo\/#primaryimage","url":"https:\/\/www.noidiqua.it\/Montale\/wp-content\/uploads\/2025\/04\/meucci-marcello1.png","contentUrl":"https:\/\/www.noidiqua.it\/Montale\/wp-content\/uploads\/2025\/04\/meucci-marcello1.png","width":499,"height":362},{"@type":"BreadcrumbList","@id":"https:\/\/www.noidiqua.it\/Montale\/marcello-meucci-il-ricordo-di-un-artista-figlio-del-suo-tempo\/#breadcrumb","itemListElement":[{"@type":"ListItem","position":1,"name":"Home","item":"https:\/\/www.noidiqua.it\/Montale\/"},{"@type":"ListItem","position":2,"name":"Marcello Meucci &#8211; il ricordo di un artista figlio del suo tempo"}]},{"@type":"WebSite","@id":"https:\/\/www.noidiqua.it\/Montale\/#website","url":"https:\/\/www.noidiqua.it\/Montale\/","name":"Noi di Qua Testata giornalistica e di attualit\u00e0 di Agliana, Montale e Quarrata.","description":"Testata Giornalistica Quarrata Montale Agliana","potentialAction":[{"@type":"SearchAction","target":{"@type":"EntryPoint","urlTemplate":"https:\/\/www.noidiqua.it\/Montale\/?s={search_term_string}"},"query-input":{"@type":"PropertyValueSpecification","valueRequired":true,"valueName":"search_term_string"}}],"inLanguage":"it-IT"},{"@type":"Person","@id":"https:\/\/www.noidiqua.it\/Montale\/#\/schema\/person\/e2e6f44da50af0dae9c90ad168e471a4","name":"Giacomo Bini","image":{"@type":"ImageObject","inLanguage":"it-IT","@id":"https:\/\/www.noidiqua.it\/Montale\/#\/schema\/person\/image\/","url":"https:\/\/secure.gravatar.com\/avatar\/e5c18ae41df5ae37397358f2c6046696187d51a120c5d0b8f0c49f7b606f46f4?s=96&d=mm&r=g","contentUrl":"https:\/\/secure.gravatar.com\/avatar\/e5c18ae41df5ae37397358f2c6046696187d51a120c5d0b8f0c49f7b606f46f4?s=96&d=mm&r=g","caption":"Giacomo Bini"},"url":"https:\/\/www.noidiqua.it\/Montale\/author\/giacomo-bini\/"}]}},"_links":{"self":[{"href":"https:\/\/www.noidiqua.it\/Montale\/wp-json\/wp\/v2\/posts\/8968","targetHints":{"allow":["GET"]}}],"collection":[{"href":"https:\/\/www.noidiqua.it\/Montale\/wp-json\/wp\/v2\/posts"}],"about":[{"href":"https:\/\/www.noidiqua.it\/Montale\/wp-json\/wp\/v2\/types\/post"}],"author":[{"embeddable":true,"href":"https:\/\/www.noidiqua.it\/Montale\/wp-json\/wp\/v2\/users\/12"}],"replies":[{"embeddable":true,"href":"https:\/\/www.noidiqua.it\/Montale\/wp-json\/wp\/v2\/comments?post=8968"}],"version-history":[{"count":3,"href":"https:\/\/www.noidiqua.it\/Montale\/wp-json\/wp\/v2\/posts\/8968\/revisions"}],"predecessor-version":[{"id":8972,"href":"https:\/\/www.noidiqua.it\/Montale\/wp-json\/wp\/v2\/posts\/8968\/revisions\/8972"}],"wp:attachment":[{"href":"https:\/\/www.noidiqua.it\/Montale\/wp-json\/wp\/v2\/media?parent=8968"}],"wp:term":[{"taxonomy":"category","embeddable":true,"href":"https:\/\/www.noidiqua.it\/Montale\/wp-json\/wp\/v2\/categories?post=8968"},{"taxonomy":"post_tag","embeddable":true,"href":"https:\/\/www.noidiqua.it\/Montale\/wp-json\/wp\/v2\/tags?post=8968"}],"curies":[{"name":"wp","href":"https:\/\/api.w.org\/{rel}","templated":true}]}}