{"id":8976,"date":"2025-03-13T17:07:38","date_gmt":"2025-03-13T16:07:38","guid":{"rendered":"https:\/\/www.noidiqua.it\/Montale\/?p=8976"},"modified":"2025-04-23T17:11:49","modified_gmt":"2025-04-23T15:11:49","slug":"i-brevi-di-noidiqua-41","status":"publish","type":"post","link":"https:\/\/www.noidiqua.it\/Montale\/i-brevi-di-noidiqua-41\/","title":{"rendered":"I brevi di Noidiqua"},"content":{"rendered":"<p><em>di Banca Alta Toscana<\/em><\/p>\n<p><em>marzo 2025<\/em><\/p>\n<p><a href=\"https:\/\/www.noidiqua.it\/Montale\/wp-content\/uploads\/2021\/05\/brevi.png\" rel=\"wp-prettyPhoto[8976]\"><img loading=\"lazy\" decoding=\"async\" class=\"aligncenter size-full wp-image-5683\" src=\"https:\/\/www.noidiqua.it\/Montale\/wp-content\/uploads\/2021\/05\/brevi.png\" alt=\"\" width=\"473\" height=\"291\" srcset=\"https:\/\/www.noidiqua.it\/Montale\/wp-content\/uploads\/2021\/05\/brevi.png 473w, https:\/\/www.noidiqua.it\/Montale\/wp-content\/uploads\/2021\/05\/brevi-300x185.png 300w\" sizes=\"auto, (max-width: 473px) 100vw, 473px\" \/><\/a><\/p>\n<p><b>Il Gruppo Intercomunale Aido Piana Pistoiese, ha la sua nuova sede in una stanza del Centro Nerucci, messa a disposizione dall\u2019Amministrazione Comunale di Montale. <\/b><\/p>\n<p>Il consiglio direttivo dell\u2019Aido Intercomunale Piana Pistoiese ha come presidente Marco Campominosi, come vicepresidente Rossella Meoni, come amministratrice Fabiola Ulivi e come segretaria Valentina Ulivi. Sono consiglieri anche Alessandro Bonacchi, Elena Bonechi, Nicla Doni, Pietro Germano, Simonetta Nistri e Marco Tempestini. Attualmente, Aido Piana Pistoiese conta circa 1.850 soci, un numero in continua crescita, anche grazie a iniziative come \u201cUna scelta in Comune\u201d (vedi informazioni sulla Regione Toscana), che consente di esprimere la propria volont\u00e0 di donare al momento del rinnovo della carta d&#8217;identit\u00e0. Tra le attivit\u00e0 principali va ricordato il \u201cTorneo di Bocce Memorial Monica Picchi\u201d e il premio \u201cMichele Matera\u201d, assegnato durante il Torneo dei Rioni di Montale. L\u2019Aido della piana pistoiese ha le sue origini con la nascita nel 1977 di Aido Quarrata che ebbe tra le fondatrici Carla e Luciana Pecorini. Nel 2016 ci fu l\u2019unione con il gruppo di Serravalle Pistoiese e nel 2019 la nascita ufficiale di Aido Piana Pistoiese. Uno degli elementi chiave di questo percorso \u00e8 stato l\u2019impegno costante di Alessandro Bonanno, che ha organizzato numerosi incontri con le scuole superiori del territorio pistoiese, con l\u2019obiettivo di informare e coinvolgere i giovani sul tema della donazione. L\u2019Aido ricorda che sar\u00e0 possibile esprimere la propria volont\u00e0 di donare utilizzando lo Spid sul portale Digital AIDO.<\/p>\n<p>&nbsp;<\/p>\n<p class=\"p1\" style=\"text-align: justify;\"><span class=\"s1\"><b>Dopo la presentazione avvenuta alla Smilea di Montale, il libro \u201cUna Margherita del 1930\u201d che raccoglie le memorie di Margherita Papi, scritte prima che i ricordi fossero cancellati dalla malattia di Alzheimer, \u00e8 stato presentato anche a Pistoia alla sala soci Coop in viale Adua 6 per iniziativa della sezione pistoiese dell\u2019Aima, l\u2019Associazione Italiana Malattia Alzheimer. <\/b><\/span><\/p>\n<p class=\"p1\" style=\"text-align: justify;\"><span class=\"s1\">All\u2019et\u00e0 di 90 anni Margherita ha scritto a mano sulle pagine di molti quaderni ricostruendo un percorso autobiografico, dal 1930 al 1952, che si intreccia con le vicende storiche nazionali e locali offrendo elementi di grande interesse anche dal punto di vista della vita sociale, della cultura popolare, delle idee e dei pregiudizi, del modo di vivere e della sua evoluzione dall\u2019emigrazione dei carbonai all\u2019industrializzazione del dopoguerra. I quaderni vergati da Margherita sono stati trascritti al computer dopo la sua morte dalla figlia Laura Gelli, che insieme alla sorella Paola si \u00e8 presa cura della mamma durante il periodo della malattia. Il libro, edito da Effegi, \u00e8 un omaggio dovuto ad una donna coraggiosa, tenace e intelligente ed \u00e8 un incoraggiamento e un conforto per tutte le famiglie che si trovano ad affrontare il dramma dell\u2019Alzheimer. Per questo Giovanna Mazzanti, la presidente dell\u2019Aima pistoiese, ha voluto fortemente presentare il libro a Pistoia. <\/span><\/p>\n<p>&nbsp;<\/p>\n<p class=\"p1\" style=\"text-align: justify;\"><span class=\"s1\"><b>Dopo quarant&#8217;anni di carriera (di cui ventitr\u00e9 da Primario di Chirurgia), e oltre 8000 interventi, il dottor Sandro Giannessi ha appeso \u201cil bisturi al chiodo\u201d a marzo di quest&#8217;anno.<\/b><\/span><\/p>\n<p class=\"p1\" style=\"text-align: justify;\"><span class=\"s1\">Classe 1955 e originario di Pisa, Giannessi ha alle sue spalle una carriera ricca di soddisfazioni e di riconoscimenti. Fra i suoi incarichi ricordiamo che dal 2002 al 2004 \u00e8 stato Primario di Chirurgia generale dell\u2019ospedale di Castelnuovo Garfagnana e Barga, mentre dal 2005 fino al febbraio 2025, \u00e8 stato Primario del reparto di Chirurgia dell&#8217;ospedale San Jacopo di Pistoia. <i>\u00abHo cercato in particolare di privilegiare il rapporto umano con pazienti e familiari\u00bb <\/i>dice Giannessi, <i>\u00abper cercare di sostenerli in un momento delicato della loro vita. Ho anche costruito un rapporto molto bello con tutti i colleghi e il personale del San Jacopo, che continueranno l&#8217;ottimo lavoro iniziato insieme\u00bb. <\/i><\/span><span class=\"s1\">Oltre a questo, negli ultimi vent&#8217;anni Giannessi ha assunto importanti ruoli nelle varie societ\u00e0 scientifiche. In particolare \u00e8 stato presidente della Societ\u00e0 Tosco-Umbra di chirurgia e coordinatore ACOI Toscana (Associazione dei Chirurghi Ospedalieri Italiani), contribuendo allo sviluppo dell\u2019associazione, all&#8217;incremento di rapporti costruttivi con le istituzioni e favorendo la crescita culturale dei giovani chirurghi toscani. <\/span><span class=\"s1\">Da ora in avanti il dottore ricever\u00e0 in libera professione a Pistoia, presso la Casa di cura San Paolo e presso la sede della Misericordia.<\/span><\/p>\n<p class=\"p1\" style=\"text-align: justify;\"><span class=\"s1\">PS. Sandro \u00e8 anche uno dei nostri collaboratori e da due anni cura la rubrica \u201cGuardiamoci dentro\u201d, inserita in tutte e tre le edizioni di Noidiqua.<\/span><\/p>\n<p>&nbsp;<\/p>\n<p class=\"p1\" style=\"text-align: justify;\"><b>Lo scrittore Daniele Nicastro, autore di origini siciliane, ma piemontese di adozione, \u00e8 stato ospite dell\u2019Istituto Comprensivo di Montale dove, nell\u2019arco di una mattinata, ha incontrato circa cinquecento alunne e alunni ed i loro docenti nell\u2019auditorium della scuola media Melani. <\/b><\/p>\n<p class=\"p1\" style=\"text-align: justify;\">Autore di 50 libri per ragazzi, come ghost writer prima, e come scrittore poi, Nicastro ha saputo catturare l\u2019interesse degli alunni con il suo eloquio pacato, semplice ma coinvolgente. Lo scrittore ha spiegato agli alunni della scuola secondaria di primo grado come sono nati alcuni dei suoi libri pi\u00f9 conosciuti come \u201cVengo io da te\u201d, \u201cLa storia di Nico\u201d, \u201cUn Hikikomori\u201d, \u201cGrande\u201d e infine \u201cStalker\u201d, che tratta di un altro argomento molto attuale come l\u2019uso a volte distorto degli smartphone e delle chat. Con gli alunni della scuola primaria invece Nicastro ha parlato del libro \u201cLa giornata contro le mafie\u201d e di quello per i pi\u00f9 piccoli, il divertente \u201cRonnie Rondella, la fiera della scienza\u201d.<\/p>","protected":false},"excerpt":{"rendered":"<p>di Banca Alta Toscana marzo 2025 Il Gruppo Intercomunale Aido Piana Pistoiese, ha la sua nuova sede in una stanza del Centro Nerucci, messa a disposizione dall\u2019Amministrazione Comunale di Montale. Il consiglio direttivo dell\u2019Aido Intercomunale Piana Pistoiese ha come presidente Marco Campominosi, come vicepresidente Rossella Meoni, come amministratrice Fabiola Ulivi e come segretaria Valentina [&hellip;]<\/p>","protected":false},"author":11,"featured_media":0,"comment_status":"open","ping_status":"open","sticky":false,"template":"","format":"standard","meta":{"footnotes":""},"categories":[29,7],"tags":[4443,4441,3510,4442,4439,89,4440,3548,3986],"class_list":["post-8976","post","type-post","status-publish","format-standard","hentry","category-brevi-ndq-qt","category-mt","tag-alunni","tag-alzheimer","tag-centro-nerucci","tag-daniele-nicastro","tag-gruppo-intercomunale-aido-piana-pistoiese","tag-i-brevi-di-noidiqua","tag-margherita-papi","tag-sandro-giannessi","tag-una-margherita-del-1930"],"yoast_head":"<!-- This site is optimized with the Yoast SEO plugin v25.5 - https:\/\/yoast.com\/wordpress\/plugins\/seo\/ -->\n<title>I brevi di Noidiqua - Noi di Qua Testata giornalistica e di attualit\u00e0 di Agliana, Montale e Quarrata.<\/title>\n<meta name=\"robots\" content=\"index, follow, max-snippet:-1, max-image-preview:large, max-video-preview:-1\" \/>\n<link rel=\"canonical\" href=\"https:\/\/www.noidiqua.it\/Montale\/i-brevi-di-noidiqua-41\/\" \/>\n<meta property=\"og:locale\" content=\"it_IT\" \/>\n<meta property=\"og:type\" content=\"article\" \/>\n<meta property=\"og:title\" content=\"I brevi di Noidiqua - Noi di Qua Testata giornalistica e di attualit\u00e0 di Agliana, Montale e Quarrata.\" \/>\n<meta property=\"og:description\" content=\"di Banca Alta Toscana marzo 2025 Il Gruppo Intercomunale Aido Piana Pistoiese, ha la sua nuova sede in una stanza del Centro Nerucci, messa a disposizione dall\u2019Amministrazione Comunale di Montale. Il consiglio direttivo dell\u2019Aido Intercomunale Piana Pistoiese ha come presidente Marco Campominosi, come vicepresidente Rossella Meoni, come amministratrice Fabiola Ulivi e come segretaria Valentina [&hellip;]\" \/>\n<meta property=\"og:url\" content=\"https:\/\/www.noidiqua.it\/Montale\/i-brevi-di-noidiqua-41\/\" \/>\n<meta property=\"og:site_name\" content=\"Noi di Qua Testata giornalistica e di attualit\u00e0 di Agliana, Montale e Quarrata.\" \/>\n<meta property=\"article:publisher\" content=\"https:\/\/www.facebook.com\/noidiqua.trimestrale\/\" \/>\n<meta property=\"article:published_time\" content=\"2025-03-13T16:07:38+00:00\" \/>\n<meta property=\"article:modified_time\" content=\"2025-04-23T15:11:49+00:00\" \/>\n<meta property=\"og:image\" content=\"https:\/\/www.noidiqua.it\/Montale\/wp-content\/uploads\/2021\/05\/brevi.png\" \/>\n<meta name=\"author\" content=\"Noidiqua\" \/>\n<meta name=\"twitter:label1\" content=\"Scritto da\" \/>\n\t<meta name=\"twitter:data1\" content=\"Noidiqua\" \/>\n\t<meta name=\"twitter:label2\" content=\"Tempo di lettura stimato\" \/>\n\t<meta name=\"twitter:data2\" content=\"4 minuti\" \/>\n<script type=\"application\/ld+json\" class=\"yoast-schema-graph\">{\"@context\":\"https:\/\/schema.org\",\"@graph\":[{\"@type\":\"WebPage\",\"@id\":\"https:\/\/www.noidiqua.it\/Montale\/i-brevi-di-noidiqua-41\/\",\"url\":\"https:\/\/www.noidiqua.it\/Montale\/i-brevi-di-noidiqua-41\/\",\"name\":\"I brevi di Noidiqua - Noi di Qua Testata giornalistica e di attualit\u00e0 di Agliana, Montale e Quarrata.\",\"isPartOf\":{\"@id\":\"https:\/\/www.noidiqua.it\/Montale\/#website\"},\"primaryImageOfPage\":{\"@id\":\"https:\/\/www.noidiqua.it\/Montale\/i-brevi-di-noidiqua-41\/#primaryimage\"},\"image\":{\"@id\":\"https:\/\/www.noidiqua.it\/Montale\/i-brevi-di-noidiqua-41\/#primaryimage\"},\"thumbnailUrl\":\"https:\/\/www.noidiqua.it\/Montale\/wp-content\/uploads\/2021\/05\/brevi.png\",\"datePublished\":\"2025-03-13T16:07:38+00:00\",\"dateModified\":\"2025-04-23T15:11:49+00:00\",\"author\":{\"@id\":\"https:\/\/www.noidiqua.it\/Montale\/#\/schema\/person\/88b6d1cc1a06a29f7f22d67a3772c713\"},\"breadcrumb\":{\"@id\":\"https:\/\/www.noidiqua.it\/Montale\/i-brevi-di-noidiqua-41\/#breadcrumb\"},\"inLanguage\":\"it-IT\",\"potentialAction\":[{\"@type\":\"ReadAction\",\"target\":[\"https:\/\/www.noidiqua.it\/Montale\/i-brevi-di-noidiqua-41\/\"]}]},{\"@type\":\"ImageObject\",\"inLanguage\":\"it-IT\",\"@id\":\"https:\/\/www.noidiqua.it\/Montale\/i-brevi-di-noidiqua-41\/#primaryimage\",\"url\":\"https:\/\/www.noidiqua.it\/Montale\/wp-content\/uploads\/2021\/05\/brevi.png\",\"contentUrl\":\"https:\/\/www.noidiqua.it\/Montale\/wp-content\/uploads\/2021\/05\/brevi.png\",\"width\":473,\"height\":291},{\"@type\":\"BreadcrumbList\",\"@id\":\"https:\/\/www.noidiqua.it\/Montale\/i-brevi-di-noidiqua-41\/#breadcrumb\",\"itemListElement\":[{\"@type\":\"ListItem\",\"position\":1,\"name\":\"Home\",\"item\":\"https:\/\/www.noidiqua.it\/Montale\/\"},{\"@type\":\"ListItem\",\"position\":2,\"name\":\"I brevi di Noidiqua\"}]},{\"@type\":\"WebSite\",\"@id\":\"https:\/\/www.noidiqua.it\/Montale\/#website\",\"url\":\"https:\/\/www.noidiqua.it\/Montale\/\",\"name\":\"Noi di Qua Testata giornalistica e di attualit\u00e0 di Agliana, Montale e Quarrata.\",\"description\":\"Testata Giornalistica Quarrata Montale Agliana\",\"potentialAction\":[{\"@type\":\"SearchAction\",\"target\":{\"@type\":\"EntryPoint\",\"urlTemplate\":\"https:\/\/www.noidiqua.it\/Montale\/?s={search_term_string}\"},\"query-input\":{\"@type\":\"PropertyValueSpecification\",\"valueRequired\":true,\"valueName\":\"search_term_string\"}}],\"inLanguage\":\"it-IT\"},{\"@type\":\"Person\",\"@id\":\"https:\/\/www.noidiqua.it\/Montale\/#\/schema\/person\/88b6d1cc1a06a29f7f22d67a3772c713\",\"name\":\"Noidiqua\",\"image\":{\"@type\":\"ImageObject\",\"inLanguage\":\"it-IT\",\"@id\":\"https:\/\/www.noidiqua.it\/Montale\/#\/schema\/person\/image\/\",\"url\":\"https:\/\/secure.gravatar.com\/avatar\/57c38c8013923f27f46e913d45f086e963a1448a954bfc93d80df0ae6017f8ba?s=96&d=mm&r=g\",\"contentUrl\":\"https:\/\/secure.gravatar.com\/avatar\/57c38c8013923f27f46e913d45f086e963a1448a954bfc93d80df0ae6017f8ba?s=96&d=mm&r=g\",\"caption\":\"Noidiqua\"},\"url\":\"https:\/\/www.noidiqua.it\/Montale\/author\/redazionemt\/\"}]}<\/script>\n<!-- \/ Yoast SEO plugin. -->","yoast_head_json":{"title":"I brevi di Noidiqua - Noi di Qua Testata giornalistica e di attualit\u00e0 di Agliana, Montale e Quarrata.","robots":{"index":"index","follow":"follow","max-snippet":"max-snippet:-1","max-image-preview":"max-image-preview:large","max-video-preview":"max-video-preview:-1"},"canonical":"https:\/\/www.noidiqua.it\/Montale\/i-brevi-di-noidiqua-41\/","og_locale":"it_IT","og_type":"article","og_title":"I brevi di Noidiqua - Noi di Qua Testata giornalistica e di attualit\u00e0 di Agliana, Montale e Quarrata.","og_description":"di Banca Alta Toscana marzo 2025 Il Gruppo Intercomunale Aido Piana Pistoiese, ha la sua nuova sede in una stanza del Centro Nerucci, messa a disposizione dall\u2019Amministrazione Comunale di Montale. Il consiglio direttivo dell\u2019Aido Intercomunale Piana Pistoiese ha come presidente Marco Campominosi, come vicepresidente Rossella Meoni, come amministratrice Fabiola Ulivi e come segretaria Valentina [&hellip;]","og_url":"https:\/\/www.noidiqua.it\/Montale\/i-brevi-di-noidiqua-41\/","og_site_name":"Noi di Qua Testata giornalistica e di attualit\u00e0 di Agliana, Montale e Quarrata.","article_publisher":"https:\/\/www.facebook.com\/noidiqua.trimestrale\/","article_published_time":"2025-03-13T16:07:38+00:00","article_modified_time":"2025-04-23T15:11:49+00:00","og_image":[{"url":"https:\/\/www.noidiqua.it\/Montale\/wp-content\/uploads\/2021\/05\/brevi.png","type":"","width":"","height":""}],"author":"Noidiqua","twitter_misc":{"Scritto da":"Noidiqua","Tempo di lettura stimato":"4 minuti"},"schema":{"@context":"https:\/\/schema.org","@graph":[{"@type":"WebPage","@id":"https:\/\/www.noidiqua.it\/Montale\/i-brevi-di-noidiqua-41\/","url":"https:\/\/www.noidiqua.it\/Montale\/i-brevi-di-noidiqua-41\/","name":"I brevi di Noidiqua - Noi di Qua Testata giornalistica e di attualit\u00e0 di Agliana, Montale e Quarrata.","isPartOf":{"@id":"https:\/\/www.noidiqua.it\/Montale\/#website"},"primaryImageOfPage":{"@id":"https:\/\/www.noidiqua.it\/Montale\/i-brevi-di-noidiqua-41\/#primaryimage"},"image":{"@id":"https:\/\/www.noidiqua.it\/Montale\/i-brevi-di-noidiqua-41\/#primaryimage"},"thumbnailUrl":"https:\/\/www.noidiqua.it\/Montale\/wp-content\/uploads\/2021\/05\/brevi.png","datePublished":"2025-03-13T16:07:38+00:00","dateModified":"2025-04-23T15:11:49+00:00","author":{"@id":"https:\/\/www.noidiqua.it\/Montale\/#\/schema\/person\/88b6d1cc1a06a29f7f22d67a3772c713"},"breadcrumb":{"@id":"https:\/\/www.noidiqua.it\/Montale\/i-brevi-di-noidiqua-41\/#breadcrumb"},"inLanguage":"it-IT","potentialAction":[{"@type":"ReadAction","target":["https:\/\/www.noidiqua.it\/Montale\/i-brevi-di-noidiqua-41\/"]}]},{"@type":"ImageObject","inLanguage":"it-IT","@id":"https:\/\/www.noidiqua.it\/Montale\/i-brevi-di-noidiqua-41\/#primaryimage","url":"https:\/\/www.noidiqua.it\/Montale\/wp-content\/uploads\/2021\/05\/brevi.png","contentUrl":"https:\/\/www.noidiqua.it\/Montale\/wp-content\/uploads\/2021\/05\/brevi.png","width":473,"height":291},{"@type":"BreadcrumbList","@id":"https:\/\/www.noidiqua.it\/Montale\/i-brevi-di-noidiqua-41\/#breadcrumb","itemListElement":[{"@type":"ListItem","position":1,"name":"Home","item":"https:\/\/www.noidiqua.it\/Montale\/"},{"@type":"ListItem","position":2,"name":"I brevi di Noidiqua"}]},{"@type":"WebSite","@id":"https:\/\/www.noidiqua.it\/Montale\/#website","url":"https:\/\/www.noidiqua.it\/Montale\/","name":"Noi di Qua Testata giornalistica e di attualit\u00e0 di Agliana, Montale e Quarrata.","description":"Testata Giornalistica Quarrata Montale Agliana","potentialAction":[{"@type":"SearchAction","target":{"@type":"EntryPoint","urlTemplate":"https:\/\/www.noidiqua.it\/Montale\/?s={search_term_string}"},"query-input":{"@type":"PropertyValueSpecification","valueRequired":true,"valueName":"search_term_string"}}],"inLanguage":"it-IT"},{"@type":"Person","@id":"https:\/\/www.noidiqua.it\/Montale\/#\/schema\/person\/88b6d1cc1a06a29f7f22d67a3772c713","name":"Noidiqua","image":{"@type":"ImageObject","inLanguage":"it-IT","@id":"https:\/\/www.noidiqua.it\/Montale\/#\/schema\/person\/image\/","url":"https:\/\/secure.gravatar.com\/avatar\/57c38c8013923f27f46e913d45f086e963a1448a954bfc93d80df0ae6017f8ba?s=96&d=mm&r=g","contentUrl":"https:\/\/secure.gravatar.com\/avatar\/57c38c8013923f27f46e913d45f086e963a1448a954bfc93d80df0ae6017f8ba?s=96&d=mm&r=g","caption":"Noidiqua"},"url":"https:\/\/www.noidiqua.it\/Montale\/author\/redazionemt\/"}]}},"_links":{"self":[{"href":"https:\/\/www.noidiqua.it\/Montale\/wp-json\/wp\/v2\/posts\/8976","targetHints":{"allow":["GET"]}}],"collection":[{"href":"https:\/\/www.noidiqua.it\/Montale\/wp-json\/wp\/v2\/posts"}],"about":[{"href":"https:\/\/www.noidiqua.it\/Montale\/wp-json\/wp\/v2\/types\/post"}],"author":[{"embeddable":true,"href":"https:\/\/www.noidiqua.it\/Montale\/wp-json\/wp\/v2\/users\/11"}],"replies":[{"embeddable":true,"href":"https:\/\/www.noidiqua.it\/Montale\/wp-json\/wp\/v2\/comments?post=8976"}],"version-history":[{"count":8,"href":"https:\/\/www.noidiqua.it\/Montale\/wp-json\/wp\/v2\/posts\/8976\/revisions"}],"predecessor-version":[{"id":8985,"href":"https:\/\/www.noidiqua.it\/Montale\/wp-json\/wp\/v2\/posts\/8976\/revisions\/8985"}],"wp:attachment":[{"href":"https:\/\/www.noidiqua.it\/Montale\/wp-json\/wp\/v2\/media?parent=8976"}],"wp:term":[{"taxonomy":"category","embeddable":true,"href":"https:\/\/www.noidiqua.it\/Montale\/wp-json\/wp\/v2\/categories?post=8976"},{"taxonomy":"post_tag","embeddable":true,"href":"https:\/\/www.noidiqua.it\/Montale\/wp-json\/wp\/v2\/tags?post=8976"}],"curies":[{"name":"wp","href":"https:\/\/api.w.org\/{rel}","templated":true}]}}