{"id":8997,"date":"2025-03-13T18:12:59","date_gmt":"2025-03-13T17:12:59","guid":{"rendered":"https:\/\/www.noidiqua.it\/Montale\/?p=8997"},"modified":"2025-07-18T11:44:30","modified_gmt":"2025-07-18T09:44:30","slug":"don-arturo-attucci-fra-fede-e-impegno-sociale","status":"publish","type":"post","link":"https:\/\/www.noidiqua.it\/Montale\/don-arturo-attucci-fra-fede-e-impegno-sociale\/","title":{"rendered":"Don Arturo Attucci &#8211; fra fede e impegno sociale"},"content":{"rendered":"<p><em>di Andrea Bolognesi<\/em><\/p>\n<p><em>marzo 2025<\/em><\/p>\n<p><a href=\"https:\/\/www.noidiqua.it\/Montale\/wp-content\/uploads\/2025\/04\/attucci-1.png\" rel=\"wp-prettyPhoto[8997]\"><img loading=\"lazy\" decoding=\"async\" class=\"aligncenter  wp-image-8998\" src=\"https:\/\/www.noidiqua.it\/Montale\/wp-content\/uploads\/2025\/04\/attucci-1.png\" alt=\"\" width=\"458\" height=\"390\" srcset=\"https:\/\/www.noidiqua.it\/Montale\/wp-content\/uploads\/2025\/04\/attucci-1.png 506w, https:\/\/www.noidiqua.it\/Montale\/wp-content\/uploads\/2025\/04\/attucci-1-300x256.png 300w\" sizes=\"auto, (max-width: 458px) 100vw, 458px\" \/><\/a><\/p>\n<p class=\"p1\" style=\"text-align: justify;\">Nacque a Tizzana da Giuseppe e Maria Innocenti il 2 ottobre 1873. Studi\u00f2 nel seminario di Pistoia e fece parte di quella schiera di<strong> preti pistoiesi<\/strong> che nella prima parte del secolo scorso stabilirono un nuovo rapporto tra <strong>clero<\/strong> e <strong>popolo<\/strong>. Il 27 agosto 1902 fu nominato economo spirituale della <strong>parrocchia<\/strong> di <strong>Tobbiana<\/strong> e il 18 ottobre 1903 parroco.<\/p>\n<p class=\"p1\" style=\"text-align: justify;\">Spirito battagliero, di profonda fede ma anche di notevole cultura, seppe ben conciliare la sua missione di pastore di anime con le esigenze sociali e materiali dei suoi parrocchiani e la sua attivit\u00e0 fu sempre mossa da una <strong>religiosit\u00e0 aperta<\/strong> alle nuove esigenze dei tempi, mai rassegnata e che nella <strong>Rerum Novarum<\/strong> vedeva <i>\u201csoprattutto un invito ai cattolici a scendere sul terreno sociale onde migliorino le condizioni dei lavoratori\u201d<\/i>. Per questo s\u2019impegn\u00f2 nell\u2019associazionismo cattolico.<\/p>\n<p class=\"p1\" style=\"text-align: justify;\">Nel 1919 fond\u00f2 una cooperativa che garantiva generi di prima necessit\u00e0 a credito ai soci effettivi e anche a quelli simpatizzanti, che fu registrata il 2 agosto 1919 con nome di \u201c<strong>Unione Cooperativa di Tobbiana<\/strong>\u201d e della quale fu segretario. Istituzione molto importante per un paese come Tobbiana sottoposto a una forte emigrazione stagionale che spesso prevedeva pagamenti solo al termine del lavoro e c\u2019era bisogno di una bottega che facesse<strong> credito<\/strong> mantenendo i prezzi stabili. Nella canonica teneva anche una scuola serale per gli adulti.<\/p>\n<p class=\"p1\" style=\"text-align: justify;\">Ma la sua opera non si limit\u00f2 solo al sociale, ma si estese anche al campo politico con la fondazione, nel 1920, del \u201c<strong>Circolo Popolare<\/strong>\u201d a sostegno del Partito Popolare che divenne quello pi\u00f9 importante del paese. La sua attivit\u00e0, in favore del pensiero e dell\u2019associazionismo cattolico e del Partito Popolare, si estese anche al giornalismo sulle pagine de \u201c<strong>La Bandiera del Popolo<\/strong>\u201d, foglio settimanale Democratico-Cristiano che si stampava a Pistoia attorno al 1920.<\/p>\n<p class=\"p1\" style=\"text-align: justify;\">Con queste premesse, la sua ostilit\u00e0 al fascismo nascente non poteva che essere manifesta, tanto che questo suo atteggiamento port\u00f2 i <strong>fascisti<\/strong> locali, con l\u2019aiuto di quelli montatesi, a fare, la sera del 6 maggio 1921 (quindi pochi giorni prima delle elezioni politiche che si tennero il 15), una spedizione punitiva contro di lui entrando con la violenza nella canonica, accusandolo di essere <i>\u201c<strong>antitaliano<\/strong>, di fare propaganda politica contro il Blocco abusando del suo ruolo\u201d<\/i> e in particolare <i>\u201cdi aver detto dall\u2019altare che chi vota per il Blocco \u00e8 scomunicato.<\/i>\u201d Ma la cosa non fin\u00ec l\u00ec, perch\u00e9, da parte sua il sacerdote non si fece intimorire e, coerente nelle proprie idee, alcuni giorni dopo, in una lettera aperta al giornale \u201cLa Bandiera del Popolo\u201d del 12 maggio, definiva il <strong>Partito Popolare<\/strong> come unico depositario della dottrina sociale della Chiesa e invitava i cristiani a votarlo; da parte loro i fascisti continuarono a sorvegliarlo e a minacciarlo, tanto che cercava sempre di farsi accompagnare da persone a lui fedeli. Nonostante questo, per\u00f2, corse il rischio di essere \u201c<strong>purgato<\/strong>\u201d, allo stesso modo che la cooperativa e il circolo popolare furono sul punto di essere bruciate.<\/p>\n<p><a href=\"https:\/\/www.noidiqua.it\/Montale\/wp-content\/uploads\/2025\/04\/attucci-2.png\" rel=\"wp-prettyPhoto[8997]\"><img loading=\"lazy\" decoding=\"async\" class=\"aligncenter size-full wp-image-8999\" src=\"https:\/\/www.noidiqua.it\/Montale\/wp-content\/uploads\/2025\/04\/attucci-2.png\" alt=\"\" width=\"503\" height=\"350\" srcset=\"https:\/\/www.noidiqua.it\/Montale\/wp-content\/uploads\/2025\/04\/attucci-2.png 503w, https:\/\/www.noidiqua.it\/Montale\/wp-content\/uploads\/2025\/04\/attucci-2-300x209.png 300w\" sizes=\"auto, (max-width: 503px) 100vw, 503px\" \/><\/a><\/p>\n<p class=\"p1\" style=\"text-align: justify;\">Un altro dei suoi progetti era quello di creare un asilo infantile a Tobbiana e ci riusc\u00ec dopo la seconda guerra. Era un asilo un po\u2019 particolare, si teneva alla chiesa usando le stanze della canonica dove i bambini durante il giorno venivano fatti giocare, mangiare e anche riposare. Ma la sua idea era quella di costruire un <strong>asilo<\/strong> vero con abitazione per le suore e <strong>ricreatorio<\/strong> per i giovani. A questo scopo aveva comprato una casa ampia in paese, ma non riusc\u00ec mai a raccogliere il denaro necessario per adattarla nonostante che per realizzare il suo progetto, in data 18 maggio 1958 all\u2019et\u00e0 di 85 anni, non avesse esitato a scrivere al Papa per chiedere un aiuto.<\/p>\n<p class=\"p1\" style=\"text-align: justify;\">Il 20 novembre del 1961, all\u2019et\u00e0 di 88 anni, dopo una vita interamente spesa in favore del popolo di Tobbiana, non solo attento ai bisogni spirituali ma anche materiali della sua gente, lasci\u00f2 il paese ritirandosi nella casa di riposo di S. Francesco a Bonistallo dove mor\u00ec il 3 aprile 1965. \u00c8 sepolto nel cimitero di <strong>Tobbiana<\/strong> e per ricordare la sua opera il Comune di Montale gli da dedicato una via.<\/p>\n<p>&nbsp;<\/p>\n<p class=\"p1\"><i>Foto di gruppo: Don Attuci assieme ai suoi parrocchiani nell&#8217;estate del 1961<\/i><\/p>","protected":false},"excerpt":{"rendered":"<p>di Andrea Bolognesi marzo 2025 Nacque a Tizzana da Giuseppe e Maria Innocenti il 2 ottobre 1873. Studi\u00f2 nel seminario di Pistoia e fece parte di quella schiera di preti pistoiesi che nella prima parte del secolo scorso stabilirono un nuovo rapporto tra clero e popolo. Il 27 agosto 1902 fu nominato economo spirituale [&hellip;]<\/p>","protected":false},"author":11,"featured_media":0,"comment_status":"open","ping_status":"open","sticky":false,"template":"","format":"standard","meta":{"footnotes":""},"categories":[7,26],"tags":[4466,4469,4463,4456,4462,4465,4464,4458,4467,4457,4455,4468,4459,4460,4470,155,4461],"class_list":["post-8997","post","type-post","status-publish","format-standard","hentry","category-mt","category-notizie-dal-passato","tag-antitaliano","tag-asilo","tag-circolo-popolare","tag-clero","tag-credito","tag-fascisti","tag-la-bandiera-del-popolo","tag-parrocchia","tag-partito-popolare","tag-popolo","tag-preti-pistoiesi","tag-purgato","tag-religiosita-aperta","tag-rerum-novarum","tag-ricreatorio","tag-tobbiana","tag-unione-cooperativa-di-tobbiana"],"yoast_head":"<!-- This site is optimized with the Yoast SEO plugin v25.5 - https:\/\/yoast.com\/wordpress\/plugins\/seo\/ -->\n<title>Don Arturo Attucci - fra fede e impegno sociale - Noi di Qua Testata giornalistica e di attualit\u00e0 di Agliana, Montale e Quarrata.<\/title>\n<meta name=\"robots\" content=\"index, follow, max-snippet:-1, max-image-preview:large, max-video-preview:-1\" \/>\n<link rel=\"canonical\" href=\"https:\/\/www.noidiqua.it\/Montale\/don-arturo-attucci-fra-fede-e-impegno-sociale\/\" \/>\n<meta property=\"og:locale\" content=\"it_IT\" \/>\n<meta property=\"og:type\" content=\"article\" \/>\n<meta property=\"og:title\" content=\"Don Arturo Attucci - fra fede e impegno sociale - Noi di Qua Testata giornalistica e di attualit\u00e0 di Agliana, Montale e Quarrata.\" \/>\n<meta property=\"og:description\" content=\"di Andrea Bolognesi marzo 2025 Nacque a Tizzana da Giuseppe e Maria Innocenti il 2 ottobre 1873. Studi\u00f2 nel seminario di Pistoia e fece parte di quella schiera di preti pistoiesi che nella prima parte del secolo scorso stabilirono un nuovo rapporto tra clero e popolo. Il 27 agosto 1902 fu nominato economo spirituale [&hellip;]\" \/>\n<meta property=\"og:url\" content=\"https:\/\/www.noidiqua.it\/Montale\/don-arturo-attucci-fra-fede-e-impegno-sociale\/\" \/>\n<meta property=\"og:site_name\" content=\"Noi di Qua Testata giornalistica e di attualit\u00e0 di Agliana, Montale e Quarrata.\" \/>\n<meta property=\"article:publisher\" content=\"https:\/\/www.facebook.com\/noidiqua.trimestrale\/\" \/>\n<meta property=\"article:published_time\" content=\"2025-03-13T17:12:59+00:00\" \/>\n<meta property=\"article:modified_time\" content=\"2025-07-18T09:44:30+00:00\" \/>\n<meta property=\"og:image\" content=\"https:\/\/www.noidiqua.it\/Montale\/wp-content\/uploads\/2025\/04\/attucci-1.png\" \/>\n\t<meta property=\"og:image:width\" content=\"506\" \/>\n\t<meta property=\"og:image:height\" content=\"431\" \/>\n\t<meta property=\"og:image:type\" content=\"image\/png\" \/>\n<meta name=\"author\" content=\"Noidiqua\" \/>\n<meta name=\"twitter:label1\" content=\"Scritto da\" \/>\n\t<meta name=\"twitter:data1\" content=\"Noidiqua\" \/>\n\t<meta name=\"twitter:label2\" content=\"Tempo di lettura stimato\" \/>\n\t<meta name=\"twitter:data2\" content=\"4 minuti\" \/>\n<script type=\"application\/ld+json\" class=\"yoast-schema-graph\">{\"@context\":\"https:\/\/schema.org\",\"@graph\":[{\"@type\":\"WebPage\",\"@id\":\"https:\/\/www.noidiqua.it\/Montale\/don-arturo-attucci-fra-fede-e-impegno-sociale\/\",\"url\":\"https:\/\/www.noidiqua.it\/Montale\/don-arturo-attucci-fra-fede-e-impegno-sociale\/\",\"name\":\"Don Arturo Attucci - fra fede e impegno sociale - Noi di Qua Testata giornalistica e di attualit\u00e0 di Agliana, Montale e Quarrata.\",\"isPartOf\":{\"@id\":\"https:\/\/www.noidiqua.it\/Montale\/#website\"},\"primaryImageOfPage\":{\"@id\":\"https:\/\/www.noidiqua.it\/Montale\/don-arturo-attucci-fra-fede-e-impegno-sociale\/#primaryimage\"},\"image\":{\"@id\":\"https:\/\/www.noidiqua.it\/Montale\/don-arturo-attucci-fra-fede-e-impegno-sociale\/#primaryimage\"},\"thumbnailUrl\":\"https:\/\/www.noidiqua.it\/Montale\/wp-content\/uploads\/2025\/04\/attucci-1.png\",\"datePublished\":\"2025-03-13T17:12:59+00:00\",\"dateModified\":\"2025-07-18T09:44:30+00:00\",\"author\":{\"@id\":\"https:\/\/www.noidiqua.it\/Montale\/#\/schema\/person\/88b6d1cc1a06a29f7f22d67a3772c713\"},\"breadcrumb\":{\"@id\":\"https:\/\/www.noidiqua.it\/Montale\/don-arturo-attucci-fra-fede-e-impegno-sociale\/#breadcrumb\"},\"inLanguage\":\"it-IT\",\"potentialAction\":[{\"@type\":\"ReadAction\",\"target\":[\"https:\/\/www.noidiqua.it\/Montale\/don-arturo-attucci-fra-fede-e-impegno-sociale\/\"]}]},{\"@type\":\"ImageObject\",\"inLanguage\":\"it-IT\",\"@id\":\"https:\/\/www.noidiqua.it\/Montale\/don-arturo-attucci-fra-fede-e-impegno-sociale\/#primaryimage\",\"url\":\"https:\/\/www.noidiqua.it\/Montale\/wp-content\/uploads\/2025\/04\/attucci-1.png\",\"contentUrl\":\"https:\/\/www.noidiqua.it\/Montale\/wp-content\/uploads\/2025\/04\/attucci-1.png\",\"width\":506,\"height\":431},{\"@type\":\"BreadcrumbList\",\"@id\":\"https:\/\/www.noidiqua.it\/Montale\/don-arturo-attucci-fra-fede-e-impegno-sociale\/#breadcrumb\",\"itemListElement\":[{\"@type\":\"ListItem\",\"position\":1,\"name\":\"Home\",\"item\":\"https:\/\/www.noidiqua.it\/Montale\/\"},{\"@type\":\"ListItem\",\"position\":2,\"name\":\"Don Arturo Attucci &#8211; fra fede e impegno sociale\"}]},{\"@type\":\"WebSite\",\"@id\":\"https:\/\/www.noidiqua.it\/Montale\/#website\",\"url\":\"https:\/\/www.noidiqua.it\/Montale\/\",\"name\":\"Noi di Qua Testata giornalistica e di attualit\u00e0 di Agliana, Montale e Quarrata.\",\"description\":\"Testata Giornalistica Quarrata Montale Agliana\",\"potentialAction\":[{\"@type\":\"SearchAction\",\"target\":{\"@type\":\"EntryPoint\",\"urlTemplate\":\"https:\/\/www.noidiqua.it\/Montale\/?s={search_term_string}\"},\"query-input\":{\"@type\":\"PropertyValueSpecification\",\"valueRequired\":true,\"valueName\":\"search_term_string\"}}],\"inLanguage\":\"it-IT\"},{\"@type\":\"Person\",\"@id\":\"https:\/\/www.noidiqua.it\/Montale\/#\/schema\/person\/88b6d1cc1a06a29f7f22d67a3772c713\",\"name\":\"Noidiqua\",\"image\":{\"@type\":\"ImageObject\",\"inLanguage\":\"it-IT\",\"@id\":\"https:\/\/www.noidiqua.it\/Montale\/#\/schema\/person\/image\/\",\"url\":\"https:\/\/secure.gravatar.com\/avatar\/57c38c8013923f27f46e913d45f086e963a1448a954bfc93d80df0ae6017f8ba?s=96&d=mm&r=g\",\"contentUrl\":\"https:\/\/secure.gravatar.com\/avatar\/57c38c8013923f27f46e913d45f086e963a1448a954bfc93d80df0ae6017f8ba?s=96&d=mm&r=g\",\"caption\":\"Noidiqua\"},\"url\":\"https:\/\/www.noidiqua.it\/Montale\/author\/redazionemt\/\"}]}<\/script>\n<!-- \/ Yoast SEO plugin. -->","yoast_head_json":{"title":"Don Arturo Attucci - fra fede e impegno sociale - Noi di Qua Testata giornalistica e di attualit\u00e0 di Agliana, Montale e Quarrata.","robots":{"index":"index","follow":"follow","max-snippet":"max-snippet:-1","max-image-preview":"max-image-preview:large","max-video-preview":"max-video-preview:-1"},"canonical":"https:\/\/www.noidiqua.it\/Montale\/don-arturo-attucci-fra-fede-e-impegno-sociale\/","og_locale":"it_IT","og_type":"article","og_title":"Don Arturo Attucci - fra fede e impegno sociale - Noi di Qua Testata giornalistica e di attualit\u00e0 di Agliana, Montale e Quarrata.","og_description":"di Andrea Bolognesi marzo 2025 Nacque a Tizzana da Giuseppe e Maria Innocenti il 2 ottobre 1873. Studi\u00f2 nel seminario di Pistoia e fece parte di quella schiera di preti pistoiesi che nella prima parte del secolo scorso stabilirono un nuovo rapporto tra clero e popolo. Il 27 agosto 1902 fu nominato economo spirituale [&hellip;]","og_url":"https:\/\/www.noidiqua.it\/Montale\/don-arturo-attucci-fra-fede-e-impegno-sociale\/","og_site_name":"Noi di Qua Testata giornalistica e di attualit\u00e0 di Agliana, Montale e Quarrata.","article_publisher":"https:\/\/www.facebook.com\/noidiqua.trimestrale\/","article_published_time":"2025-03-13T17:12:59+00:00","article_modified_time":"2025-07-18T09:44:30+00:00","og_image":[{"width":506,"height":431,"url":"https:\/\/www.noidiqua.it\/Montale\/wp-content\/uploads\/2025\/04\/attucci-1.png","type":"image\/png"}],"author":"Noidiqua","twitter_misc":{"Scritto da":"Noidiqua","Tempo di lettura stimato":"4 minuti"},"schema":{"@context":"https:\/\/schema.org","@graph":[{"@type":"WebPage","@id":"https:\/\/www.noidiqua.it\/Montale\/don-arturo-attucci-fra-fede-e-impegno-sociale\/","url":"https:\/\/www.noidiqua.it\/Montale\/don-arturo-attucci-fra-fede-e-impegno-sociale\/","name":"Don Arturo Attucci - fra fede e impegno sociale - Noi di Qua Testata giornalistica e di attualit\u00e0 di Agliana, Montale e Quarrata.","isPartOf":{"@id":"https:\/\/www.noidiqua.it\/Montale\/#website"},"primaryImageOfPage":{"@id":"https:\/\/www.noidiqua.it\/Montale\/don-arturo-attucci-fra-fede-e-impegno-sociale\/#primaryimage"},"image":{"@id":"https:\/\/www.noidiqua.it\/Montale\/don-arturo-attucci-fra-fede-e-impegno-sociale\/#primaryimage"},"thumbnailUrl":"https:\/\/www.noidiqua.it\/Montale\/wp-content\/uploads\/2025\/04\/attucci-1.png","datePublished":"2025-03-13T17:12:59+00:00","dateModified":"2025-07-18T09:44:30+00:00","author":{"@id":"https:\/\/www.noidiqua.it\/Montale\/#\/schema\/person\/88b6d1cc1a06a29f7f22d67a3772c713"},"breadcrumb":{"@id":"https:\/\/www.noidiqua.it\/Montale\/don-arturo-attucci-fra-fede-e-impegno-sociale\/#breadcrumb"},"inLanguage":"it-IT","potentialAction":[{"@type":"ReadAction","target":["https:\/\/www.noidiqua.it\/Montale\/don-arturo-attucci-fra-fede-e-impegno-sociale\/"]}]},{"@type":"ImageObject","inLanguage":"it-IT","@id":"https:\/\/www.noidiqua.it\/Montale\/don-arturo-attucci-fra-fede-e-impegno-sociale\/#primaryimage","url":"https:\/\/www.noidiqua.it\/Montale\/wp-content\/uploads\/2025\/04\/attucci-1.png","contentUrl":"https:\/\/www.noidiqua.it\/Montale\/wp-content\/uploads\/2025\/04\/attucci-1.png","width":506,"height":431},{"@type":"BreadcrumbList","@id":"https:\/\/www.noidiqua.it\/Montale\/don-arturo-attucci-fra-fede-e-impegno-sociale\/#breadcrumb","itemListElement":[{"@type":"ListItem","position":1,"name":"Home","item":"https:\/\/www.noidiqua.it\/Montale\/"},{"@type":"ListItem","position":2,"name":"Don Arturo Attucci &#8211; fra fede e impegno sociale"}]},{"@type":"WebSite","@id":"https:\/\/www.noidiqua.it\/Montale\/#website","url":"https:\/\/www.noidiqua.it\/Montale\/","name":"Noi di Qua Testata giornalistica e di attualit\u00e0 di Agliana, Montale e Quarrata.","description":"Testata Giornalistica Quarrata Montale Agliana","potentialAction":[{"@type":"SearchAction","target":{"@type":"EntryPoint","urlTemplate":"https:\/\/www.noidiqua.it\/Montale\/?s={search_term_string}"},"query-input":{"@type":"PropertyValueSpecification","valueRequired":true,"valueName":"search_term_string"}}],"inLanguage":"it-IT"},{"@type":"Person","@id":"https:\/\/www.noidiqua.it\/Montale\/#\/schema\/person\/88b6d1cc1a06a29f7f22d67a3772c713","name":"Noidiqua","image":{"@type":"ImageObject","inLanguage":"it-IT","@id":"https:\/\/www.noidiqua.it\/Montale\/#\/schema\/person\/image\/","url":"https:\/\/secure.gravatar.com\/avatar\/57c38c8013923f27f46e913d45f086e963a1448a954bfc93d80df0ae6017f8ba?s=96&d=mm&r=g","contentUrl":"https:\/\/secure.gravatar.com\/avatar\/57c38c8013923f27f46e913d45f086e963a1448a954bfc93d80df0ae6017f8ba?s=96&d=mm&r=g","caption":"Noidiqua"},"url":"https:\/\/www.noidiqua.it\/Montale\/author\/redazionemt\/"}]}},"_links":{"self":[{"href":"https:\/\/www.noidiqua.it\/Montale\/wp-json\/wp\/v2\/posts\/8997","targetHints":{"allow":["GET"]}}],"collection":[{"href":"https:\/\/www.noidiqua.it\/Montale\/wp-json\/wp\/v2\/posts"}],"about":[{"href":"https:\/\/www.noidiqua.it\/Montale\/wp-json\/wp\/v2\/types\/post"}],"author":[{"embeddable":true,"href":"https:\/\/www.noidiqua.it\/Montale\/wp-json\/wp\/v2\/users\/11"}],"replies":[{"embeddable":true,"href":"https:\/\/www.noidiqua.it\/Montale\/wp-json\/wp\/v2\/comments?post=8997"}],"version-history":[{"count":2,"href":"https:\/\/www.noidiqua.it\/Montale\/wp-json\/wp\/v2\/posts\/8997\/revisions"}],"predecessor-version":[{"id":9001,"href":"https:\/\/www.noidiqua.it\/Montale\/wp-json\/wp\/v2\/posts\/8997\/revisions\/9001"}],"wp:attachment":[{"href":"https:\/\/www.noidiqua.it\/Montale\/wp-json\/wp\/v2\/media?parent=8997"}],"wp:term":[{"taxonomy":"category","embeddable":true,"href":"https:\/\/www.noidiqua.it\/Montale\/wp-json\/wp\/v2\/categories?post=8997"},{"taxonomy":"post_tag","embeddable":true,"href":"https:\/\/www.noidiqua.it\/Montale\/wp-json\/wp\/v2\/tags?post=8997"}],"curies":[{"name":"wp","href":"https:\/\/api.w.org\/{rel}","templated":true}]}}