{"id":9014,"date":"2025-03-13T10:48:22","date_gmt":"2025-03-13T09:48:22","guid":{"rendered":"https:\/\/www.noidiqua.it\/Montale\/?p=9014"},"modified":"2025-04-24T10:48:51","modified_gmt":"2025-04-24T08:48:51","slug":"i-disturbi-dellapprendimento","status":"publish","type":"post","link":"https:\/\/www.noidiqua.it\/Montale\/i-disturbi-dellapprendimento\/","title":{"rendered":"I disturbi dell\u2019apprendimento"},"content":{"rendered":"<p><em>di Paola Maria Mandelli<\/em><\/p>\n<p><em>marzo 2025<\/em><\/p>\n<p><a href=\"https:\/\/www.noidiqua.it\/Montale\/wp-content\/uploads\/2025\/04\/dislessia.png\" rel=\"wp-prettyPhoto[9014]\"><img loading=\"lazy\" decoding=\"async\" class=\"aligncenter size-full wp-image-9015\" src=\"https:\/\/www.noidiqua.it\/Montale\/wp-content\/uploads\/2025\/04\/dislessia.png\" alt=\"\" width=\"504\" height=\"355\" srcset=\"https:\/\/www.noidiqua.it\/Montale\/wp-content\/uploads\/2025\/04\/dislessia.png 504w, https:\/\/www.noidiqua.it\/Montale\/wp-content\/uploads\/2025\/04\/dislessia-300x211.png 300w\" sizes=\"auto, (max-width: 504px) 100vw, 504px\" \/><\/a><\/p>\n<p class=\"p1\" style=\"text-align: justify;\"><span class=\"s1\">I Disturbi Specifici dell\u2019Apprendimento (DSA) sono disturbi del neuro-sviluppo che riguardano la capacit\u00e0 di leggere, scrivere e calcolare in modo corretto e fluente e che si manifestano con l\u2019inizio della scolarizzazione. I DSA sono classificati in base alla difficolt\u00e0 specifica.<\/span><\/p>\n<p class=\"p1\" style=\"text-align: justify;\"><span class=\"s1\"><b>Dislessia<\/b>: disturbo specifico della lettura che si manifesta con una difficolt\u00e0 nella lettura accurata e fluente di un testo in termini di velocit\u00e0 e correttezza. Questa difficolt\u00e0, a causa della fatica nella lettura, si riflette spesso nella comprensione del testo.<\/span><\/p>\n<p class=\"p1\" style=\"text-align: justify;\"><span class=\"s1\"><b>Disortografia<\/b>: disturbo specifico della scrittura che \u00e8 legato ad aspetti linguistici e consiste nella difficolt\u00e0 di scrivere in modo corretto e comporta lenta decifrazione delle singole lettere, incertezza nell\u2019utilizzo delle sillabe, scarso controllo del significato delle parole<\/span><\/p>\n<p class=\"p1\" style=\"text-align: justify;\"><span class=\"s1\"><b>Disgrafia:<\/b>\u00a0disturbo specifico della grafia che riguarda la componente motoria della scrittura per cui scrivere risulta difficoltoso e poco veloce.<\/span><\/p>\n<p class=\"p1\" style=\"text-align: justify;\"><span class=\"s1\">La disortografia e la disgrafia si concretizzano in una scarsa autonomia nella scrittura delle parole, sostituzioni o elisioni di lettere, difficolt\u00e0 nell\u2019atto della scrittura<\/span><\/p>\n<p class=\"p1\" style=\"text-align: justify;\"><span class=\"s1\"><b>Discalculia:<\/b>\u00a0disturbo specifico che riguarda una difficolt\u00e0 nella manipolazione dei numeri, i calcoli veloci a mente e il recupero dei risultati nelle diverse operazioni aritmetiche. Si concretizza in errori nel conteggio da 0 a 20, errori nel passaggio dalla pronuncia alla scrittura dei numeri da 0 a 20, difficolt\u00e0 nel calcolo a mente entro il 10<\/span><\/p>\n<p class=\"p1\" style=\"text-align: justify;\"><span class=\"s1\"><b>I DSA non sono una malattia in quanto non sono dovuti ad un danno organico, ma un diverso neuro funzionamento del cervello, che non impedisce la realizzazione della specifica abilit\u00e0\u00a0<\/b>(lettura, scrittura, numerazione o altro) ma necessita di tempi pi\u00f9 lunghi e carichi maggiori di attenzione. Questa caratteristica \u00e8 innata e non \u00e8 transitoria: accompagna l\u2019individuo per tutta la vita, anche se si modifica nell\u2019et\u00e0 evolutiva. E non hanno correlazione con l\u2019intelligenza. Voglio ricordare che Winston Churchill, Jules Verne, Steven Spielberg, Albert Einstein, Lewis Hamilton e Pablo Picasso, sono solo alcuni dislessici che hanno lasciato un segno nel mondo!<\/span><\/p>\n<p class=\"p3\" style=\"text-align: justify;\"><span class=\"s2\">Quindi non si \u201cguarisce\u201d dai Disturbi Specifici dell\u2019Apprendimento. Pu\u00f2 capitare inoltre che ci sia la compresenza di pi\u00f9 di un disturbo specifico dell\u2019apprendimento e spesso i DSA sono associati a disturbi dell\u2019attenzione.\u00a0<b>Quando un genitore sospetta che il proprio figlio o la propria figlia abbia un disturbo specifico dell\u2019apprendimento deve rivolgersi al pediatra e agli insegnanti per valutare eventuali percorsi di potenziamento, al fine di risolvere le problematiche evidenziate<\/b>.<\/span><\/p>","protected":false},"excerpt":{"rendered":"<p>di Paola Maria Mandelli marzo 2025 I Disturbi Specifici dell\u2019Apprendimento (DSA) sono disturbi del neuro-sviluppo che riguardano la capacit\u00e0 di leggere, scrivere e calcolare in modo corretto e fluente e che si manifestano con l\u2019inizio della scolarizzazione. I DSA sono classificati in base alla difficolt\u00e0 specifica. Dislessia: disturbo specifico della lettura che si manifesta [&hellip;]<\/p>","protected":false},"author":101014,"featured_media":0,"comment_status":"open","ping_status":"open","sticky":false,"template":"","format":"standard","meta":{"footnotes":""},"categories":[7,20],"tags":[4501,4500,4498,4499,4503,4502,4505,4504,158],"class_list":["post-9014","post","type-post","status-publish","format-standard","hentry","category-mt","category-una-mela-al-giorno-qt","tag-discalculia","tag-disgrafia","tag-dislessia","tag-disortografia","tag-disturbi-specifici-dellapprendimento","tag-dsa","tag-insegnanti","tag-pediatra","tag-una-mela-al-giorno"],"yoast_head":"<!-- This site is optimized with the Yoast SEO plugin v25.5 - https:\/\/yoast.com\/wordpress\/plugins\/seo\/ -->\n<title>I disturbi dell\u2019apprendimento - Noi di Qua Testata giornalistica e di attualit\u00e0 di Agliana, Montale e Quarrata.<\/title>\n<meta name=\"robots\" content=\"index, follow, max-snippet:-1, max-image-preview:large, max-video-preview:-1\" \/>\n<link rel=\"canonical\" href=\"https:\/\/www.noidiqua.it\/Montale\/i-disturbi-dellapprendimento\/\" \/>\n<meta property=\"og:locale\" content=\"it_IT\" \/>\n<meta property=\"og:type\" content=\"article\" \/>\n<meta property=\"og:title\" content=\"I disturbi dell\u2019apprendimento - Noi di Qua Testata giornalistica e di attualit\u00e0 di Agliana, Montale e Quarrata.\" \/>\n<meta property=\"og:description\" content=\"di Paola Maria Mandelli marzo 2025 I Disturbi Specifici dell\u2019Apprendimento (DSA) sono disturbi del neuro-sviluppo che riguardano la capacit\u00e0 di leggere, scrivere e calcolare in modo corretto e fluente e che si manifestano con l\u2019inizio della scolarizzazione. I DSA sono classificati in base alla difficolt\u00e0 specifica. Dislessia: disturbo specifico della lettura che si manifesta [&hellip;]\" \/>\n<meta property=\"og:url\" content=\"https:\/\/www.noidiqua.it\/Montale\/i-disturbi-dellapprendimento\/\" \/>\n<meta property=\"og:site_name\" content=\"Noi di Qua Testata giornalistica e di attualit\u00e0 di Agliana, Montale e Quarrata.\" \/>\n<meta property=\"article:publisher\" content=\"https:\/\/www.facebook.com\/noidiqua.trimestrale\/\" \/>\n<meta property=\"article:published_time\" content=\"2025-03-13T09:48:22+00:00\" \/>\n<meta property=\"article:modified_time\" content=\"2025-04-24T08:48:51+00:00\" \/>\n<meta property=\"og:image\" content=\"https:\/\/www.noidiqua.it\/Montale\/wp-content\/uploads\/2025\/04\/dislessia.png\" \/>\n<meta name=\"author\" content=\"Paola Maria Mandelli\" \/>\n<meta name=\"twitter:label1\" content=\"Scritto da\" \/>\n\t<meta name=\"twitter:data1\" content=\"Paola Maria Mandelli\" \/>\n\t<meta name=\"twitter:label2\" content=\"Tempo di lettura stimato\" \/>\n\t<meta name=\"twitter:data2\" content=\"2 minuti\" \/>\n<script type=\"application\/ld+json\" class=\"yoast-schema-graph\">{\"@context\":\"https:\/\/schema.org\",\"@graph\":[{\"@type\":\"WebPage\",\"@id\":\"https:\/\/www.noidiqua.it\/Montale\/i-disturbi-dellapprendimento\/\",\"url\":\"https:\/\/www.noidiqua.it\/Montale\/i-disturbi-dellapprendimento\/\",\"name\":\"I disturbi dell\u2019apprendimento - Noi di Qua Testata giornalistica e di attualit\u00e0 di Agliana, Montale e Quarrata.\",\"isPartOf\":{\"@id\":\"https:\/\/www.noidiqua.it\/Montale\/#website\"},\"primaryImageOfPage\":{\"@id\":\"https:\/\/www.noidiqua.it\/Montale\/i-disturbi-dellapprendimento\/#primaryimage\"},\"image\":{\"@id\":\"https:\/\/www.noidiqua.it\/Montale\/i-disturbi-dellapprendimento\/#primaryimage\"},\"thumbnailUrl\":\"https:\/\/www.noidiqua.it\/Montale\/wp-content\/uploads\/2025\/04\/dislessia.png\",\"datePublished\":\"2025-03-13T09:48:22+00:00\",\"dateModified\":\"2025-04-24T08:48:51+00:00\",\"author\":{\"@id\":\"https:\/\/www.noidiqua.it\/Montale\/#\/schema\/person\/648f75ce7c013c638265e4752ded135c\"},\"breadcrumb\":{\"@id\":\"https:\/\/www.noidiqua.it\/Montale\/i-disturbi-dellapprendimento\/#breadcrumb\"},\"inLanguage\":\"it-IT\",\"potentialAction\":[{\"@type\":\"ReadAction\",\"target\":[\"https:\/\/www.noidiqua.it\/Montale\/i-disturbi-dellapprendimento\/\"]}]},{\"@type\":\"ImageObject\",\"inLanguage\":\"it-IT\",\"@id\":\"https:\/\/www.noidiqua.it\/Montale\/i-disturbi-dellapprendimento\/#primaryimage\",\"url\":\"https:\/\/www.noidiqua.it\/Montale\/wp-content\/uploads\/2025\/04\/dislessia.png\",\"contentUrl\":\"https:\/\/www.noidiqua.it\/Montale\/wp-content\/uploads\/2025\/04\/dislessia.png\",\"width\":504,\"height\":355},{\"@type\":\"BreadcrumbList\",\"@id\":\"https:\/\/www.noidiqua.it\/Montale\/i-disturbi-dellapprendimento\/#breadcrumb\",\"itemListElement\":[{\"@type\":\"ListItem\",\"position\":1,\"name\":\"Home\",\"item\":\"https:\/\/www.noidiqua.it\/Montale\/\"},{\"@type\":\"ListItem\",\"position\":2,\"name\":\"I disturbi dell\u2019apprendimento\"}]},{\"@type\":\"WebSite\",\"@id\":\"https:\/\/www.noidiqua.it\/Montale\/#website\",\"url\":\"https:\/\/www.noidiqua.it\/Montale\/\",\"name\":\"Noi di Qua Testata giornalistica e di attualit\u00e0 di Agliana, Montale e Quarrata.\",\"description\":\"Testata Giornalistica Quarrata Montale Agliana\",\"potentialAction\":[{\"@type\":\"SearchAction\",\"target\":{\"@type\":\"EntryPoint\",\"urlTemplate\":\"https:\/\/www.noidiqua.it\/Montale\/?s={search_term_string}\"},\"query-input\":{\"@type\":\"PropertyValueSpecification\",\"valueRequired\":true,\"valueName\":\"search_term_string\"}}],\"inLanguage\":\"it-IT\"},{\"@type\":\"Person\",\"@id\":\"https:\/\/www.noidiqua.it\/Montale\/#\/schema\/person\/648f75ce7c013c638265e4752ded135c\",\"name\":\"Paola Maria Mandelli\",\"image\":{\"@type\":\"ImageObject\",\"inLanguage\":\"it-IT\",\"@id\":\"https:\/\/www.noidiqua.it\/Montale\/#\/schema\/person\/image\/\",\"url\":\"https:\/\/secure.gravatar.com\/avatar\/36a1604078ac68a02457b1c1830174c74a01009237fc4b38945230bcad46ebfa?s=96&d=mm&r=g\",\"contentUrl\":\"https:\/\/secure.gravatar.com\/avatar\/36a1604078ac68a02457b1c1830174c74a01009237fc4b38945230bcad46ebfa?s=96&d=mm&r=g\",\"caption\":\"Paola Maria Mandelli\"},\"url\":\"https:\/\/www.noidiqua.it\/Montale\/author\/paola-maria-mandelli\/\"}]}<\/script>\n<!-- \/ Yoast SEO plugin. -->","yoast_head_json":{"title":"I disturbi dell\u2019apprendimento - Noi di Qua Testata giornalistica e di attualit\u00e0 di Agliana, Montale e Quarrata.","robots":{"index":"index","follow":"follow","max-snippet":"max-snippet:-1","max-image-preview":"max-image-preview:large","max-video-preview":"max-video-preview:-1"},"canonical":"https:\/\/www.noidiqua.it\/Montale\/i-disturbi-dellapprendimento\/","og_locale":"it_IT","og_type":"article","og_title":"I disturbi dell\u2019apprendimento - Noi di Qua Testata giornalistica e di attualit\u00e0 di Agliana, Montale e Quarrata.","og_description":"di Paola Maria Mandelli marzo 2025 I Disturbi Specifici dell\u2019Apprendimento (DSA) sono disturbi del neuro-sviluppo che riguardano la capacit\u00e0 di leggere, scrivere e calcolare in modo corretto e fluente e che si manifestano con l\u2019inizio della scolarizzazione. I DSA sono classificati in base alla difficolt\u00e0 specifica. Dislessia: disturbo specifico della lettura che si manifesta [&hellip;]","og_url":"https:\/\/www.noidiqua.it\/Montale\/i-disturbi-dellapprendimento\/","og_site_name":"Noi di Qua Testata giornalistica e di attualit\u00e0 di Agliana, Montale e Quarrata.","article_publisher":"https:\/\/www.facebook.com\/noidiqua.trimestrale\/","article_published_time":"2025-03-13T09:48:22+00:00","article_modified_time":"2025-04-24T08:48:51+00:00","og_image":[{"url":"https:\/\/www.noidiqua.it\/Montale\/wp-content\/uploads\/2025\/04\/dislessia.png","type":"","width":"","height":""}],"author":"Paola Maria Mandelli","twitter_misc":{"Scritto da":"Paola Maria Mandelli","Tempo di lettura stimato":"2 minuti"},"schema":{"@context":"https:\/\/schema.org","@graph":[{"@type":"WebPage","@id":"https:\/\/www.noidiqua.it\/Montale\/i-disturbi-dellapprendimento\/","url":"https:\/\/www.noidiqua.it\/Montale\/i-disturbi-dellapprendimento\/","name":"I disturbi dell\u2019apprendimento - Noi di Qua Testata giornalistica e di attualit\u00e0 di Agliana, Montale e Quarrata.","isPartOf":{"@id":"https:\/\/www.noidiqua.it\/Montale\/#website"},"primaryImageOfPage":{"@id":"https:\/\/www.noidiqua.it\/Montale\/i-disturbi-dellapprendimento\/#primaryimage"},"image":{"@id":"https:\/\/www.noidiqua.it\/Montale\/i-disturbi-dellapprendimento\/#primaryimage"},"thumbnailUrl":"https:\/\/www.noidiqua.it\/Montale\/wp-content\/uploads\/2025\/04\/dislessia.png","datePublished":"2025-03-13T09:48:22+00:00","dateModified":"2025-04-24T08:48:51+00:00","author":{"@id":"https:\/\/www.noidiqua.it\/Montale\/#\/schema\/person\/648f75ce7c013c638265e4752ded135c"},"breadcrumb":{"@id":"https:\/\/www.noidiqua.it\/Montale\/i-disturbi-dellapprendimento\/#breadcrumb"},"inLanguage":"it-IT","potentialAction":[{"@type":"ReadAction","target":["https:\/\/www.noidiqua.it\/Montale\/i-disturbi-dellapprendimento\/"]}]},{"@type":"ImageObject","inLanguage":"it-IT","@id":"https:\/\/www.noidiqua.it\/Montale\/i-disturbi-dellapprendimento\/#primaryimage","url":"https:\/\/www.noidiqua.it\/Montale\/wp-content\/uploads\/2025\/04\/dislessia.png","contentUrl":"https:\/\/www.noidiqua.it\/Montale\/wp-content\/uploads\/2025\/04\/dislessia.png","width":504,"height":355},{"@type":"BreadcrumbList","@id":"https:\/\/www.noidiqua.it\/Montale\/i-disturbi-dellapprendimento\/#breadcrumb","itemListElement":[{"@type":"ListItem","position":1,"name":"Home","item":"https:\/\/www.noidiqua.it\/Montale\/"},{"@type":"ListItem","position":2,"name":"I disturbi dell\u2019apprendimento"}]},{"@type":"WebSite","@id":"https:\/\/www.noidiqua.it\/Montale\/#website","url":"https:\/\/www.noidiqua.it\/Montale\/","name":"Noi di Qua Testata giornalistica e di attualit\u00e0 di Agliana, Montale e Quarrata.","description":"Testata Giornalistica Quarrata Montale Agliana","potentialAction":[{"@type":"SearchAction","target":{"@type":"EntryPoint","urlTemplate":"https:\/\/www.noidiqua.it\/Montale\/?s={search_term_string}"},"query-input":{"@type":"PropertyValueSpecification","valueRequired":true,"valueName":"search_term_string"}}],"inLanguage":"it-IT"},{"@type":"Person","@id":"https:\/\/www.noidiqua.it\/Montale\/#\/schema\/person\/648f75ce7c013c638265e4752ded135c","name":"Paola Maria Mandelli","image":{"@type":"ImageObject","inLanguage":"it-IT","@id":"https:\/\/www.noidiqua.it\/Montale\/#\/schema\/person\/image\/","url":"https:\/\/secure.gravatar.com\/avatar\/36a1604078ac68a02457b1c1830174c74a01009237fc4b38945230bcad46ebfa?s=96&d=mm&r=g","contentUrl":"https:\/\/secure.gravatar.com\/avatar\/36a1604078ac68a02457b1c1830174c74a01009237fc4b38945230bcad46ebfa?s=96&d=mm&r=g","caption":"Paola Maria Mandelli"},"url":"https:\/\/www.noidiqua.it\/Montale\/author\/paola-maria-mandelli\/"}]}},"_links":{"self":[{"href":"https:\/\/www.noidiqua.it\/Montale\/wp-json\/wp\/v2\/posts\/9014","targetHints":{"allow":["GET"]}}],"collection":[{"href":"https:\/\/www.noidiqua.it\/Montale\/wp-json\/wp\/v2\/posts"}],"about":[{"href":"https:\/\/www.noidiqua.it\/Montale\/wp-json\/wp\/v2\/types\/post"}],"author":[{"embeddable":true,"href":"https:\/\/www.noidiqua.it\/Montale\/wp-json\/wp\/v2\/users\/101014"}],"replies":[{"embeddable":true,"href":"https:\/\/www.noidiqua.it\/Montale\/wp-json\/wp\/v2\/comments?post=9014"}],"version-history":[{"count":1,"href":"https:\/\/www.noidiqua.it\/Montale\/wp-json\/wp\/v2\/posts\/9014\/revisions"}],"predecessor-version":[{"id":9016,"href":"https:\/\/www.noidiqua.it\/Montale\/wp-json\/wp\/v2\/posts\/9014\/revisions\/9016"}],"wp:attachment":[{"href":"https:\/\/www.noidiqua.it\/Montale\/wp-json\/wp\/v2\/media?parent=9014"}],"wp:term":[{"taxonomy":"category","embeddable":true,"href":"https:\/\/www.noidiqua.it\/Montale\/wp-json\/wp\/v2\/categories?post=9014"},{"taxonomy":"post_tag","embeddable":true,"href":"https:\/\/www.noidiqua.it\/Montale\/wp-json\/wp\/v2\/tags?post=9014"}],"curies":[{"name":"wp","href":"https:\/\/api.w.org\/{rel}","templated":true}]}}