{"id":9017,"date":"2025-03-13T11:14:00","date_gmt":"2025-03-13T10:14:00","guid":{"rendered":"https:\/\/www.noidiqua.it\/Montale\/?p=9017"},"modified":"2025-04-24T11:14:14","modified_gmt":"2025-04-24T09:14:14","slug":"il-diritto-della-musica","status":"publish","type":"post","link":"https:\/\/www.noidiqua.it\/Montale\/il-diritto-della-musica\/","title":{"rendered":"il Diritto della Musica"},"content":{"rendered":"<p style=\"text-align: justify;\"><em>di Serena Michelozzi<\/em><\/p>\n<p style=\"text-align: justify;\"><em>marzo 2025<\/em><\/p>\n<p><a href=\"https:\/\/www.noidiqua.it\/Montale\/wp-content\/uploads\/2025\/04\/silvia-giannini.png\" rel=\"wp-prettyPhoto[9017]\"><img loading=\"lazy\" decoding=\"async\" class=\"aligncenter size-full wp-image-9018\" src=\"https:\/\/www.noidiqua.it\/Montale\/wp-content\/uploads\/2025\/04\/silvia-giannini.png\" alt=\"\" width=\"504\" height=\"371\" srcset=\"https:\/\/www.noidiqua.it\/Montale\/wp-content\/uploads\/2025\/04\/silvia-giannini.png 504w, https:\/\/www.noidiqua.it\/Montale\/wp-content\/uploads\/2025\/04\/silvia-giannini-300x221.png 300w\" sizes=\"auto, (max-width: 504px) 100vw, 504px\" \/><\/a><\/p>\n<p class=\"p1\" style=\"text-align: justify;\"><span class=\"s1\"><strong>Diritto della Musica<\/strong>? Di cosa si tratta? Ce ne parla l\u2019Avvocata\u00a0<strong>Silvia Giannini<\/strong>, quarratina classe 1993, specialista in tale ambito, che attualmente esercita la professione nel foro di Prato presso lo studio legale\u00a0<strong>Giovannelli Masi Cecconi &amp; Associati<\/strong>, con sede a Firenze, Prato e Milano \u2013 il pi\u00f9 grande della Toscana -, ove svolge prevalentemente attivit\u00e0 nel settore civile, di assistenza nella contrattualistica nazionale e internazionale, pareristica, rappresentando in giudizio privati e imprese.<\/span><\/p>\n<p class=\"p1\" style=\"text-align: justify;\"><span class=\"s1\">La musica ha sempre fatto parte della vita di Silvia: suo padre,\u00a0<strong>Carlo Giannini<\/strong>\u00a0\u2013 in arte\u00a0<a href=\"https:\/\/www.noidiqua.it\/carlo-charlie-giannini\/\"><strong>Charlie<\/strong><\/a>\u00a0\u2013 \u00e8 un musicista e tutta la sua famiglia ascolta musica tutti i giorni. E Silvia suona e canta da sempre.<\/span><\/p>\n<p class=\"p1\" style=\"text-align: justify;\"><span class=\"s1\">E cos\u00ec, tramite la sua professione, ha poi deciso di rendere \u201cun\u00a0<strong>servizio<\/strong>\u201d all\u2019arte, andando ad approfondire la tematica del diritto d\u2019autore e dei diritti connessi nell\u2019ambito musicale:\u00a0<i>\u00abHo seguito il corso di alta formazione in\u00a0<strong>Music and Entertainment Law<\/strong>\u00a0(AFMEL) presso l\u2019Universit\u00e0 Cattolica del Sacro Cuore di Milano. Quello musicale \u00e8 un ambito estremamente complesso, che incide su diversi profili di diritto, bench\u00e9 spesso sottovalutato dai protagonisti del campo. Spesso gli artisti si affidano ai propri genitori o conoscenti per discutere i contratti discografici o di edizione musicale, finendo per correre grossi \u201crischi\u201d che potrebbero essere agevolmente aggirati con l\u2019assistenza di un legale che sia un profondo conoscitore del sistema, a cui purtroppo tendono ad affidarsi quando ormai c\u2019\u00e8 poco o nulla da fare. Non un granch\u00e9 migliore \u00e8 la situazione delle sempre pi\u00f9 diffuse\u00a0<strong>etichette indipendenti<\/strong>\u00bb<\/i>\u00a0dice Silvia. Il mondo della musica \u00e8 inoltre, da sempre, interessato da profondi e repentini cambiamenti. Basti pensare a come \u00e8 cambiato l\u2019ascolto delle opere musicali: prima dell\u2019invenzione del fonografo (siamo nella seconda met\u00e0 dell\u2019800) l\u2019unico modo di ascoltare la musica era la partecipazione a un concerto; siamo passati per la radio e l\u2019<strong>MP3<\/strong>, fino ad oggi, quando accediamo ai contenuti tramite lo\u00a0<strong>streaming<\/strong>:<i>\u00a0\u00abTutti questi cambiamenti hanno inevitabilmente inciso sul lavoro dei giuristi, impegnati a regolamentare i rapporti contemperando le nascenti esigenze del mercato con gli interessi degli artisti e degli autori. Inoltre il settore musicale si presta a innumerevoli nuove sfide, legate all\u2019intelligenza artificiale, che con costi minori consente di accedere alla fruizione di nuovi brani. Si discute, a livello internazionale, sulla titolarit\u00e0 dei diritti d\u2019autore delle opere generate da algoritmi e sulla possibilit\u00e0 o meno di attribuire loro la protezione accordata alle opere artistiche dalla normativa\u00bb<\/i>\u00a0ci spiega Silvia.<\/span><\/p>\n<p class=\"p1\" style=\"text-align: justify;\"><span class=\"s1\"><b>Ma quindi esistono delle macchine \u201ccreative\u201d?<\/b><\/span><\/p>\n<p class=\"p1\" style=\"text-align: justify;\"><span class=\"s1\"><i>\u00abDirei piuttosto \u201cgenerative\u201d, dal momento che della macchina si conoscono solo le istruzioni per l\u2019uso, che poi sono quelle che le consentono di eseguire le istruzioni fornite dall\u2019uomo, mentre il diritto di\u00a0<strong>propriet\u00e0 intellettuale<\/strong>\u00a0\u00e8 plasmato per l\u2019uomo \u201ccreatore\u201d. Comunque sia, il legislatore nazionale sembra orientato a sposare la tesi che riconosce solo la persona umana come \u201cautore\u201d di opere dell\u2019ingegno meritevoli di protezione\u00bb\u00a0<\/i>conclude la nostra Avvocata.<\/span><\/p>","protected":false},"excerpt":{"rendered":"<p>di Serena Michelozzi marzo 2025 Diritto della Musica? Di cosa si tratta? Ce ne parla l\u2019Avvocata\u00a0Silvia Giannini, quarratina classe 1993, specialista in tale ambito, che attualmente esercita la professione nel foro di Prato presso lo studio legale\u00a0Giovannelli Masi Cecconi &amp; Associati, con sede a Firenze, Prato e Milano \u2013 il pi\u00f9 grande della Toscana [&hellip;]<\/p>","protected":false},"author":101011,"featured_media":0,"comment_status":"open","ping_status":"open","sticky":false,"template":"","format":"standard","meta":{"footnotes":""},"categories":[2980,7],"tags":[4509,4506,4512,4508,4516,4513,4511,4515,4510,4507,4514],"class_list":["post-9017","post","type-post","status-publish","format-standard","hentry","category-il-diritto-di-tutti","category-mt","tag-carlo-giannini","tag-diritto-della-musica","tag-etichette-indipendenti","tag-giovannelli-masi-cecconi-associati","tag-macchine-creative","tag-mp3","tag-music-and-entertainment-law","tag-proprieta-intellettuale","tag-servizio","tag-silvia-giannini","tag-streaming"],"yoast_head":"<!-- This site is optimized with the Yoast SEO plugin v25.5 - https:\/\/yoast.com\/wordpress\/plugins\/seo\/ -->\n<title>il Diritto della Musica - Noi di Qua Testata giornalistica e di attualit\u00e0 di Agliana, Montale e Quarrata.<\/title>\n<meta name=\"robots\" content=\"index, follow, max-snippet:-1, max-image-preview:large, max-video-preview:-1\" \/>\n<link rel=\"canonical\" href=\"https:\/\/www.noidiqua.it\/Montale\/il-diritto-della-musica\/\" \/>\n<meta property=\"og:locale\" content=\"it_IT\" \/>\n<meta property=\"og:type\" content=\"article\" \/>\n<meta property=\"og:title\" content=\"il Diritto della Musica - Noi di Qua Testata giornalistica e di attualit\u00e0 di Agliana, Montale e Quarrata.\" \/>\n<meta property=\"og:description\" content=\"di Serena Michelozzi marzo 2025 Diritto della Musica? Di cosa si tratta? Ce ne parla l\u2019Avvocata\u00a0Silvia Giannini, quarratina classe 1993, specialista in tale ambito, che attualmente esercita la professione nel foro di Prato presso lo studio legale\u00a0Giovannelli Masi Cecconi &amp; Associati, con sede a Firenze, Prato e Milano \u2013 il pi\u00f9 grande della Toscana [&hellip;]\" \/>\n<meta property=\"og:url\" content=\"https:\/\/www.noidiqua.it\/Montale\/il-diritto-della-musica\/\" \/>\n<meta property=\"og:site_name\" content=\"Noi di Qua Testata giornalistica e di attualit\u00e0 di Agliana, Montale e Quarrata.\" \/>\n<meta property=\"article:publisher\" content=\"https:\/\/www.facebook.com\/noidiqua.trimestrale\/\" \/>\n<meta property=\"article:published_time\" content=\"2025-03-13T10:14:00+00:00\" \/>\n<meta property=\"article:modified_time\" content=\"2025-04-24T09:14:14+00:00\" \/>\n<meta property=\"og:image\" content=\"https:\/\/www.noidiqua.it\/Montale\/wp-content\/uploads\/2025\/04\/silvia-giannini.png\" \/>\n<meta name=\"author\" content=\"Serena Michelozzi\" \/>\n<meta name=\"twitter:label1\" content=\"Scritto da\" \/>\n\t<meta name=\"twitter:data1\" content=\"Serena Michelozzi\" \/>\n\t<meta name=\"twitter:label2\" content=\"Tempo di lettura stimato\" \/>\n\t<meta name=\"twitter:data2\" content=\"3 minuti\" \/>\n<script type=\"application\/ld+json\" class=\"yoast-schema-graph\">{\"@context\":\"https:\/\/schema.org\",\"@graph\":[{\"@type\":\"WebPage\",\"@id\":\"https:\/\/www.noidiqua.it\/Montale\/il-diritto-della-musica\/\",\"url\":\"https:\/\/www.noidiqua.it\/Montale\/il-diritto-della-musica\/\",\"name\":\"il Diritto della Musica - Noi di Qua Testata giornalistica e di attualit\u00e0 di Agliana, Montale e Quarrata.\",\"isPartOf\":{\"@id\":\"https:\/\/www.noidiqua.it\/Montale\/#website\"},\"primaryImageOfPage\":{\"@id\":\"https:\/\/www.noidiqua.it\/Montale\/il-diritto-della-musica\/#primaryimage\"},\"image\":{\"@id\":\"https:\/\/www.noidiqua.it\/Montale\/il-diritto-della-musica\/#primaryimage\"},\"thumbnailUrl\":\"https:\/\/www.noidiqua.it\/Montale\/wp-content\/uploads\/2025\/04\/silvia-giannini.png\",\"datePublished\":\"2025-03-13T10:14:00+00:00\",\"dateModified\":\"2025-04-24T09:14:14+00:00\",\"author\":{\"@id\":\"https:\/\/www.noidiqua.it\/Montale\/#\/schema\/person\/4763a96f0bdf332cc8a55478dbeba163\"},\"breadcrumb\":{\"@id\":\"https:\/\/www.noidiqua.it\/Montale\/il-diritto-della-musica\/#breadcrumb\"},\"inLanguage\":\"it-IT\",\"potentialAction\":[{\"@type\":\"ReadAction\",\"target\":[\"https:\/\/www.noidiqua.it\/Montale\/il-diritto-della-musica\/\"]}]},{\"@type\":\"ImageObject\",\"inLanguage\":\"it-IT\",\"@id\":\"https:\/\/www.noidiqua.it\/Montale\/il-diritto-della-musica\/#primaryimage\",\"url\":\"https:\/\/www.noidiqua.it\/Montale\/wp-content\/uploads\/2025\/04\/silvia-giannini.png\",\"contentUrl\":\"https:\/\/www.noidiqua.it\/Montale\/wp-content\/uploads\/2025\/04\/silvia-giannini.png\",\"width\":504,\"height\":371},{\"@type\":\"BreadcrumbList\",\"@id\":\"https:\/\/www.noidiqua.it\/Montale\/il-diritto-della-musica\/#breadcrumb\",\"itemListElement\":[{\"@type\":\"ListItem\",\"position\":1,\"name\":\"Home\",\"item\":\"https:\/\/www.noidiqua.it\/Montale\/\"},{\"@type\":\"ListItem\",\"position\":2,\"name\":\"il Diritto della Musica\"}]},{\"@type\":\"WebSite\",\"@id\":\"https:\/\/www.noidiqua.it\/Montale\/#website\",\"url\":\"https:\/\/www.noidiqua.it\/Montale\/\",\"name\":\"Noi di Qua Testata giornalistica e di attualit\u00e0 di Agliana, Montale e Quarrata.\",\"description\":\"Testata Giornalistica Quarrata Montale Agliana\",\"potentialAction\":[{\"@type\":\"SearchAction\",\"target\":{\"@type\":\"EntryPoint\",\"urlTemplate\":\"https:\/\/www.noidiqua.it\/Montale\/?s={search_term_string}\"},\"query-input\":{\"@type\":\"PropertyValueSpecification\",\"valueRequired\":true,\"valueName\":\"search_term_string\"}}],\"inLanguage\":\"it-IT\"},{\"@type\":\"Person\",\"@id\":\"https:\/\/www.noidiqua.it\/Montale\/#\/schema\/person\/4763a96f0bdf332cc8a55478dbeba163\",\"name\":\"Serena Michelozzi\",\"image\":{\"@type\":\"ImageObject\",\"inLanguage\":\"it-IT\",\"@id\":\"https:\/\/www.noidiqua.it\/Montale\/#\/schema\/person\/image\/\",\"url\":\"https:\/\/secure.gravatar.com\/avatar\/a8efaab8953a1edb4943a89dbca993e803bf8bcf5221a8ff937a96a5b9914aab?s=96&d=mm&r=g\",\"contentUrl\":\"https:\/\/secure.gravatar.com\/avatar\/a8efaab8953a1edb4943a89dbca993e803bf8bcf5221a8ff937a96a5b9914aab?s=96&d=mm&r=g\",\"caption\":\"Serena Michelozzi\"},\"url\":\"https:\/\/www.noidiqua.it\/Montale\/author\/serena-michelozzi\/\"}]}<\/script>\n<!-- \/ Yoast SEO plugin. -->","yoast_head_json":{"title":"il Diritto della Musica - Noi di Qua Testata giornalistica e di attualit\u00e0 di Agliana, Montale e Quarrata.","robots":{"index":"index","follow":"follow","max-snippet":"max-snippet:-1","max-image-preview":"max-image-preview:large","max-video-preview":"max-video-preview:-1"},"canonical":"https:\/\/www.noidiqua.it\/Montale\/il-diritto-della-musica\/","og_locale":"it_IT","og_type":"article","og_title":"il Diritto della Musica - Noi di Qua Testata giornalistica e di attualit\u00e0 di Agliana, Montale e Quarrata.","og_description":"di Serena Michelozzi marzo 2025 Diritto della Musica? Di cosa si tratta? Ce ne parla l\u2019Avvocata\u00a0Silvia Giannini, quarratina classe 1993, specialista in tale ambito, che attualmente esercita la professione nel foro di Prato presso lo studio legale\u00a0Giovannelli Masi Cecconi &amp; Associati, con sede a Firenze, Prato e Milano \u2013 il pi\u00f9 grande della Toscana [&hellip;]","og_url":"https:\/\/www.noidiqua.it\/Montale\/il-diritto-della-musica\/","og_site_name":"Noi di Qua Testata giornalistica e di attualit\u00e0 di Agliana, Montale e Quarrata.","article_publisher":"https:\/\/www.facebook.com\/noidiqua.trimestrale\/","article_published_time":"2025-03-13T10:14:00+00:00","article_modified_time":"2025-04-24T09:14:14+00:00","og_image":[{"url":"https:\/\/www.noidiqua.it\/Montale\/wp-content\/uploads\/2025\/04\/silvia-giannini.png","type":"","width":"","height":""}],"author":"Serena Michelozzi","twitter_misc":{"Scritto da":"Serena Michelozzi","Tempo di lettura stimato":"3 minuti"},"schema":{"@context":"https:\/\/schema.org","@graph":[{"@type":"WebPage","@id":"https:\/\/www.noidiqua.it\/Montale\/il-diritto-della-musica\/","url":"https:\/\/www.noidiqua.it\/Montale\/il-diritto-della-musica\/","name":"il Diritto della Musica - Noi di Qua Testata giornalistica e di attualit\u00e0 di Agliana, Montale e Quarrata.","isPartOf":{"@id":"https:\/\/www.noidiqua.it\/Montale\/#website"},"primaryImageOfPage":{"@id":"https:\/\/www.noidiqua.it\/Montale\/il-diritto-della-musica\/#primaryimage"},"image":{"@id":"https:\/\/www.noidiqua.it\/Montale\/il-diritto-della-musica\/#primaryimage"},"thumbnailUrl":"https:\/\/www.noidiqua.it\/Montale\/wp-content\/uploads\/2025\/04\/silvia-giannini.png","datePublished":"2025-03-13T10:14:00+00:00","dateModified":"2025-04-24T09:14:14+00:00","author":{"@id":"https:\/\/www.noidiqua.it\/Montale\/#\/schema\/person\/4763a96f0bdf332cc8a55478dbeba163"},"breadcrumb":{"@id":"https:\/\/www.noidiqua.it\/Montale\/il-diritto-della-musica\/#breadcrumb"},"inLanguage":"it-IT","potentialAction":[{"@type":"ReadAction","target":["https:\/\/www.noidiqua.it\/Montale\/il-diritto-della-musica\/"]}]},{"@type":"ImageObject","inLanguage":"it-IT","@id":"https:\/\/www.noidiqua.it\/Montale\/il-diritto-della-musica\/#primaryimage","url":"https:\/\/www.noidiqua.it\/Montale\/wp-content\/uploads\/2025\/04\/silvia-giannini.png","contentUrl":"https:\/\/www.noidiqua.it\/Montale\/wp-content\/uploads\/2025\/04\/silvia-giannini.png","width":504,"height":371},{"@type":"BreadcrumbList","@id":"https:\/\/www.noidiqua.it\/Montale\/il-diritto-della-musica\/#breadcrumb","itemListElement":[{"@type":"ListItem","position":1,"name":"Home","item":"https:\/\/www.noidiqua.it\/Montale\/"},{"@type":"ListItem","position":2,"name":"il Diritto della Musica"}]},{"@type":"WebSite","@id":"https:\/\/www.noidiqua.it\/Montale\/#website","url":"https:\/\/www.noidiqua.it\/Montale\/","name":"Noi di Qua Testata giornalistica e di attualit\u00e0 di Agliana, Montale e Quarrata.","description":"Testata Giornalistica Quarrata Montale Agliana","potentialAction":[{"@type":"SearchAction","target":{"@type":"EntryPoint","urlTemplate":"https:\/\/www.noidiqua.it\/Montale\/?s={search_term_string}"},"query-input":{"@type":"PropertyValueSpecification","valueRequired":true,"valueName":"search_term_string"}}],"inLanguage":"it-IT"},{"@type":"Person","@id":"https:\/\/www.noidiqua.it\/Montale\/#\/schema\/person\/4763a96f0bdf332cc8a55478dbeba163","name":"Serena Michelozzi","image":{"@type":"ImageObject","inLanguage":"it-IT","@id":"https:\/\/www.noidiqua.it\/Montale\/#\/schema\/person\/image\/","url":"https:\/\/secure.gravatar.com\/avatar\/a8efaab8953a1edb4943a89dbca993e803bf8bcf5221a8ff937a96a5b9914aab?s=96&d=mm&r=g","contentUrl":"https:\/\/secure.gravatar.com\/avatar\/a8efaab8953a1edb4943a89dbca993e803bf8bcf5221a8ff937a96a5b9914aab?s=96&d=mm&r=g","caption":"Serena Michelozzi"},"url":"https:\/\/www.noidiqua.it\/Montale\/author\/serena-michelozzi\/"}]}},"_links":{"self":[{"href":"https:\/\/www.noidiqua.it\/Montale\/wp-json\/wp\/v2\/posts\/9017","targetHints":{"allow":["GET"]}}],"collection":[{"href":"https:\/\/www.noidiqua.it\/Montale\/wp-json\/wp\/v2\/posts"}],"about":[{"href":"https:\/\/www.noidiqua.it\/Montale\/wp-json\/wp\/v2\/types\/post"}],"author":[{"embeddable":true,"href":"https:\/\/www.noidiqua.it\/Montale\/wp-json\/wp\/v2\/users\/101011"}],"replies":[{"embeddable":true,"href":"https:\/\/www.noidiqua.it\/Montale\/wp-json\/wp\/v2\/comments?post=9017"}],"version-history":[{"count":1,"href":"https:\/\/www.noidiqua.it\/Montale\/wp-json\/wp\/v2\/posts\/9017\/revisions"}],"predecessor-version":[{"id":9019,"href":"https:\/\/www.noidiqua.it\/Montale\/wp-json\/wp\/v2\/posts\/9017\/revisions\/9019"}],"wp:attachment":[{"href":"https:\/\/www.noidiqua.it\/Montale\/wp-json\/wp\/v2\/media?parent=9017"}],"wp:term":[{"taxonomy":"category","embeddable":true,"href":"https:\/\/www.noidiqua.it\/Montale\/wp-json\/wp\/v2\/categories?post=9017"},{"taxonomy":"post_tag","embeddable":true,"href":"https:\/\/www.noidiqua.it\/Montale\/wp-json\/wp\/v2\/tags?post=9017"}],"curies":[{"name":"wp","href":"https:\/\/api.w.org\/{rel}","templated":true}]}}