{"id":9025,"date":"2025-03-13T12:05:38","date_gmt":"2025-03-13T11:05:38","guid":{"rendered":"https:\/\/www.noidiqua.it\/Montale\/?p=9025"},"modified":"2025-04-24T12:05:55","modified_gmt":"2025-04-24T10:05:55","slug":"i-vecchi-lavatoi-un-patrimonio-da-valorizzare","status":"publish","type":"post","link":"https:\/\/www.noidiqua.it\/Montale\/i-vecchi-lavatoi-un-patrimonio-da-valorizzare\/","title":{"rendered":"I vecchi lavatoi &#8211; un patrimonio da valorizzare"},"content":{"rendered":"<p><em>di David Colzi<\/em><\/p>\n<p><em>marzo 2025<\/em><\/p>\n<p><a href=\"https:\/\/www.noidiqua.it\/Montale\/wp-content\/uploads\/2025\/04\/foto-5.png\" rel=\"wp-prettyPhoto[9025]\"><img loading=\"lazy\" decoding=\"async\" class=\"aligncenter size-full wp-image-9026\" src=\"https:\/\/www.noidiqua.it\/Montale\/wp-content\/uploads\/2025\/04\/foto-5.png\" alt=\"\" width=\"504\" height=\"355\" srcset=\"https:\/\/www.noidiqua.it\/Montale\/wp-content\/uploads\/2025\/04\/foto-5.png 504w, https:\/\/www.noidiqua.it\/Montale\/wp-content\/uploads\/2025\/04\/foto-5-300x211.png 300w\" sizes=\"auto, (max-width: 504px) 100vw, 504px\" \/><\/a><\/p>\n<p class=\"p1\" style=\"text-align: justify;\">Ancora una volta cercheremo di dare il nostro contributo alla valorizzazione del territorio, occupandoci in questo numero dei vecchi lavatoi.<\/p>\n<p class=\"p1\" style=\"text-align: justify;\"><strong>Montale<\/strong>, si sa, \u00e8 terra di fiumi, serre e gore, che servivano ad alimentare i numerosi mulini e dissetare i campi. Rivoli e fossi venivano riforniti con i sistemi delle chiuse e tutto questo complesso sistema di <strong>regolamentazione idraulica<\/strong>, ha consentito nel tempo la costruzione di diversi<strong> lavatoi<\/strong> privati e pubblici. Oltre a questo, alcuni sono stati edificati proprio nelle vicinanze di <strong>sorgenti<\/strong> o polle sotterranee, dalle quali si approvvigionavano direttamente. Noi ne abbiamo visitati alcuni, i pi\u00f9 noti, certi del fatto che ce ne sono altri, e magari potreste segnalarceli proprio voi, cari lettori, documentando il tutto con una foto e inviandola a redazione@noidiqua.it.<\/p>\n<p class=\"p1\" style=\"text-align: justify;\"><a href=\"https:\/\/www.noidiqua.it\/Montale\/wp-content\/uploads\/2025\/04\/foto-1.png\" rel=\"wp-prettyPhoto[9025]\"><img loading=\"lazy\" decoding=\"async\" class=\"aligncenter size-full wp-image-9028\" src=\"https:\/\/www.noidiqua.it\/Montale\/wp-content\/uploads\/2025\/04\/foto-1.png\" alt=\"\" width=\"504\" height=\"355\" srcset=\"https:\/\/www.noidiqua.it\/Montale\/wp-content\/uploads\/2025\/04\/foto-1.png 504w, https:\/\/www.noidiqua.it\/Montale\/wp-content\/uploads\/2025\/04\/foto-1-300x211.png 300w\" sizes=\"auto, (max-width: 504px) 100vw, 504px\" \/><\/a><\/p>\n<p class=\"p1\" style=\"text-align: justify;\">Cominciamo con i due meglio conservanti e ancora funzionanti: il primo \u00e8 quello di <strong>Striglianella<\/strong>, che ci regala un vero e proprio angolo di Valle D&#8217;Aosta, impreziosito com&#8217;\u00e8 da vasi di fiori <b>(1)<\/b>. Da segnalare che si trova dall&#8217;altra parte della strada rispetto ad un antico mulino del 1300, uno dei pochi sopravvissuti alla demolizione. Questo lavatoio \u00e8 inoltre l&#8217;unico fra quelli visti, che non ha subito l&#8217;orribile sfregio della massiccia copertura postuma in cemento, la quale ha trasformato talvolta l&#8217;antica struttura in una specie di bunker, soprattutto se vista dall&#8217;esterno <b>(2-4)<\/b>. Bello \u00e8 anche quello situato sotto il gruppo di case di <strong>via Picchioni e Casellina<\/strong> a Tobbiana. Qui, in pi\u00f9, c&#8217;\u00e8 al fianco un tabernacolo con fontanina <b>(5). <\/b>I due appena citati sono immersi nel verde e nel silenzio: questo, assieme allo <strong>scialacquio<\/strong> dell&#8217;acqua, rende la loro visita particolarmente suggestiva.<\/p>\n<p class=\"p1\" style=\"text-align: justify;\"><a href=\"https:\/\/www.noidiqua.it\/Montale\/wp-content\/uploads\/2025\/04\/foto-2.png\" rel=\"wp-prettyPhoto[9025]\"><img loading=\"lazy\" decoding=\"async\" class=\"aligncenter size-full wp-image-9027\" src=\"https:\/\/www.noidiqua.it\/Montale\/wp-content\/uploads\/2025\/04\/foto-2.png\" alt=\"\" width=\"280\" height=\"397\" srcset=\"https:\/\/www.noidiqua.it\/Montale\/wp-content\/uploads\/2025\/04\/foto-2.png 280w, https:\/\/www.noidiqua.it\/Montale\/wp-content\/uploads\/2025\/04\/foto-2-212x300.png 212w\" sizes=\"auto, (max-width: 280px) 100vw, 280px\" \/><\/a><\/p>\n<p class=\"p1\" style=\"text-align: justify;\">Diametralmente opposte sono le condizioni di quello di <strong>Fognano<\/strong>, in via Carlo Marx, direzione Scali <b>(2)<\/b>. All&#8217;asciutto e in pieno degrado, meriterebbe di essere recuperato e riaperto. Qui \u00e8 interessante il canale in pietra per l&#8217;approvvigionamento che corre sotto la strada, oggi privo di acqua e pieno di erbacce. Un restauro sarebbe necessario pure per quello di Tobbiana centro, anch&#8217;esso chiuso, in <strong>via Atto Vannuci<\/strong> <b>(3). <\/b>All&#8217;interno, non solo non c&#8217;\u00e8 pi\u00f9 acqua, ma la vasca \u00e8 piena di terra ed erbacce. La sua particolarit\u00e0 \u00e8 che, a differenza di quello via Picchioni e Casellina, ha il tabernacolo interno, posizionato fra il lavatoio e la gora. Nel medesimo stato di salute e interdetto al pubblico, versa quello di Montale centro, sotto il <strong>ponte di Malc\u00e0lo<\/strong>, a due passi dalla ex casa di Gherardo Nerucci <b>(4)<\/b>. Come gi\u00e0 detto \u00e8 fra i meno gradevoli, visto come appare dalla strada.<\/p>\n<p class=\"p1\" style=\"text-align: justify;\"><a href=\"https:\/\/www.noidiqua.it\/Montale\/wp-content\/uploads\/2025\/04\/foto-3.png\" rel=\"wp-prettyPhoto[9025]\"><img loading=\"lazy\" decoding=\"async\" class=\"aligncenter size-full wp-image-9029\" src=\"https:\/\/www.noidiqua.it\/Montale\/wp-content\/uploads\/2025\/04\/foto-3.png\" alt=\"\" width=\"280\" height=\"397\" srcset=\"https:\/\/www.noidiqua.it\/Montale\/wp-content\/uploads\/2025\/04\/foto-3.png 280w, https:\/\/www.noidiqua.it\/Montale\/wp-content\/uploads\/2025\/04\/foto-3-212x300.png 212w\" sizes=\"auto, (max-width: 280px) 100vw, 280px\" \/><\/a><\/p>\n<p class=\"p1\" style=\"text-align: justify;\">Un articolo a parte lo meriterebbero poi i demoliti, come quelli a fianco degli antichi mulini, dei quali, oltre a condividerne l&#8217;acqua, ne hanno condiviso la sorte. Sono andati inoltre persi quelli privati, situati nei reticoli minori e disseminati fra i <strong>campi<\/strong>, talvolta formati da una semplice pietra liscia posizionata su uno slargo, giusto per permettere alle donne di lavare i panni pi\u00f9 piccoli. Oggi solo le persone di una certa et\u00e0 ne sanno riconoscere i resti, scrutando fra i ciottoli dei fossi. Noi ne abbiamo intravisto uno in via Alfieri a <strong>Stazione<\/strong>, grazie a una signora del luogo.<\/p>\n<p class=\"p1\" style=\"text-align: justify;\"><a href=\"https:\/\/www.noidiqua.it\/Montale\/wp-content\/uploads\/2025\/04\/foto-4.png\" rel=\"wp-prettyPhoto[9025]\"><img loading=\"lazy\" decoding=\"async\" class=\"aligncenter size-full wp-image-9030\" src=\"https:\/\/www.noidiqua.it\/Montale\/wp-content\/uploads\/2025\/04\/foto-4.png\" alt=\"\" width=\"280\" height=\"397\" srcset=\"https:\/\/www.noidiqua.it\/Montale\/wp-content\/uploads\/2025\/04\/foto-4.png 280w, https:\/\/www.noidiqua.it\/Montale\/wp-content\/uploads\/2025\/04\/foto-4-212x300.png 212w\" sizes=\"auto, (max-width: 280px) 100vw, 280px\" \/><\/a><\/p>\n<p class=\"p1\" style=\"text-align: justify;\">In conclusione, ci\u00f2 che resta di questo patrimonio passato, meriterebbe di essere accuratamente censito, recuperato e poi riportato all&#8217;attenzione dei montalesi, in quanto parte dell&#8217;<strong>identit\u00e0 culturale<\/strong> della collettivit\u00e0.<\/p>\n<p>&nbsp;<\/p>\n<p class=\"p1\"><i>Per le informazioni si ringraziano: <\/i><i>Bruno Tempestini e Andrea Bolognesi<\/i><\/p>","protected":false},"excerpt":{"rendered":"<p>di David Colzi marzo 2025 Ancora una volta cercheremo di dare il nostro contributo alla valorizzazione del territorio, occupandoci in questo numero dei vecchi lavatoi. Montale, si sa, \u00e8 terra di fiumi, serre e gore, che servivano ad alimentare i numerosi mulini e dissetare i campi. Rivoli e fossi venivano riforniti con i sistemi [&hellip;]<\/p>","protected":false},"author":5,"featured_media":0,"comment_status":"open","ping_status":"open","sticky":false,"template":"","format":"standard","meta":{"footnotes":""},"categories":[27,7],"tags":[2428,75,4534,2311,995,4533,4529,4531,4528,228,219,4532,4530],"class_list":["post-9025","post","type-post","status-publish","format-standard","hentry","category-fotonotizie-qt","category-mt","tag-campi","tag-fognano","tag-identita-culturale","tag-lavatoi","tag-mt","tag-ponte-di-malcalo","tag-regolamentazione-idraulica","tag-scialacquio","tag-sorgenti","tag-stazione","tag-striglianella","tag-via-atto-vannuci","tag-via-picchioni-e-casellina"],"yoast_head":"<!-- This site is optimized with the Yoast SEO plugin v25.5 - https:\/\/yoast.com\/wordpress\/plugins\/seo\/ -->\n<title>I vecchi lavatoi - un patrimonio da valorizzare - Noi di Qua Testata giornalistica e di attualit\u00e0 di Agliana, Montale e Quarrata.<\/title>\n<meta name=\"robots\" content=\"index, follow, max-snippet:-1, max-image-preview:large, max-video-preview:-1\" \/>\n<link rel=\"canonical\" href=\"https:\/\/www.noidiqua.it\/Montale\/i-vecchi-lavatoi-un-patrimonio-da-valorizzare\/\" \/>\n<meta property=\"og:locale\" content=\"it_IT\" \/>\n<meta property=\"og:type\" content=\"article\" \/>\n<meta property=\"og:title\" content=\"I vecchi lavatoi - un patrimonio da valorizzare - Noi di Qua Testata giornalistica e di attualit\u00e0 di Agliana, Montale e Quarrata.\" \/>\n<meta property=\"og:description\" content=\"di David Colzi marzo 2025 Ancora una volta cercheremo di dare il nostro contributo alla valorizzazione del territorio, occupandoci in questo numero dei vecchi lavatoi. Montale, si sa, \u00e8 terra di fiumi, serre e gore, che servivano ad alimentare i numerosi mulini e dissetare i campi. Rivoli e fossi venivano riforniti con i sistemi [&hellip;]\" \/>\n<meta property=\"og:url\" content=\"https:\/\/www.noidiqua.it\/Montale\/i-vecchi-lavatoi-un-patrimonio-da-valorizzare\/\" \/>\n<meta property=\"og:site_name\" content=\"Noi di Qua Testata giornalistica e di attualit\u00e0 di Agliana, Montale e Quarrata.\" \/>\n<meta property=\"article:publisher\" content=\"https:\/\/www.facebook.com\/noidiqua.trimestrale\/\" \/>\n<meta property=\"article:published_time\" content=\"2025-03-13T11:05:38+00:00\" \/>\n<meta property=\"article:modified_time\" content=\"2025-04-24T10:05:55+00:00\" \/>\n<meta property=\"og:image\" content=\"https:\/\/www.noidiqua.it\/Montale\/wp-content\/uploads\/2025\/04\/foto-5.png\" \/>\n<meta name=\"author\" content=\"David Colzi\" \/>\n<meta name=\"twitter:label1\" content=\"Scritto da\" \/>\n\t<meta name=\"twitter:data1\" content=\"David Colzi\" \/>\n\t<meta name=\"twitter:label2\" content=\"Tempo di lettura stimato\" \/>\n\t<meta name=\"twitter:data2\" content=\"4 minuti\" \/>\n<script type=\"application\/ld+json\" class=\"yoast-schema-graph\">{\"@context\":\"https:\/\/schema.org\",\"@graph\":[{\"@type\":\"WebPage\",\"@id\":\"https:\/\/www.noidiqua.it\/Montale\/i-vecchi-lavatoi-un-patrimonio-da-valorizzare\/\",\"url\":\"https:\/\/www.noidiqua.it\/Montale\/i-vecchi-lavatoi-un-patrimonio-da-valorizzare\/\",\"name\":\"I vecchi lavatoi - un patrimonio da valorizzare - Noi di Qua Testata giornalistica e di attualit\u00e0 di Agliana, Montale e Quarrata.\",\"isPartOf\":{\"@id\":\"https:\/\/www.noidiqua.it\/Montale\/#website\"},\"primaryImageOfPage\":{\"@id\":\"https:\/\/www.noidiqua.it\/Montale\/i-vecchi-lavatoi-un-patrimonio-da-valorizzare\/#primaryimage\"},\"image\":{\"@id\":\"https:\/\/www.noidiqua.it\/Montale\/i-vecchi-lavatoi-un-patrimonio-da-valorizzare\/#primaryimage\"},\"thumbnailUrl\":\"https:\/\/www.noidiqua.it\/Montale\/wp-content\/uploads\/2025\/04\/foto-5.png\",\"datePublished\":\"2025-03-13T11:05:38+00:00\",\"dateModified\":\"2025-04-24T10:05:55+00:00\",\"author\":{\"@id\":\"https:\/\/www.noidiqua.it\/Montale\/#\/schema\/person\/3b45dd21eb2367c177b6a6d35c868ccc\"},\"breadcrumb\":{\"@id\":\"https:\/\/www.noidiqua.it\/Montale\/i-vecchi-lavatoi-un-patrimonio-da-valorizzare\/#breadcrumb\"},\"inLanguage\":\"it-IT\",\"potentialAction\":[{\"@type\":\"ReadAction\",\"target\":[\"https:\/\/www.noidiqua.it\/Montale\/i-vecchi-lavatoi-un-patrimonio-da-valorizzare\/\"]}]},{\"@type\":\"ImageObject\",\"inLanguage\":\"it-IT\",\"@id\":\"https:\/\/www.noidiqua.it\/Montale\/i-vecchi-lavatoi-un-patrimonio-da-valorizzare\/#primaryimage\",\"url\":\"https:\/\/www.noidiqua.it\/Montale\/wp-content\/uploads\/2025\/04\/foto-5.png\",\"contentUrl\":\"https:\/\/www.noidiqua.it\/Montale\/wp-content\/uploads\/2025\/04\/foto-5.png\",\"width\":504,\"height\":355},{\"@type\":\"BreadcrumbList\",\"@id\":\"https:\/\/www.noidiqua.it\/Montale\/i-vecchi-lavatoi-un-patrimonio-da-valorizzare\/#breadcrumb\",\"itemListElement\":[{\"@type\":\"ListItem\",\"position\":1,\"name\":\"Home\",\"item\":\"https:\/\/www.noidiqua.it\/Montale\/\"},{\"@type\":\"ListItem\",\"position\":2,\"name\":\"I vecchi lavatoi &#8211; un patrimonio da valorizzare\"}]},{\"@type\":\"WebSite\",\"@id\":\"https:\/\/www.noidiqua.it\/Montale\/#website\",\"url\":\"https:\/\/www.noidiqua.it\/Montale\/\",\"name\":\"Noi di Qua Testata giornalistica e di attualit\u00e0 di Agliana, Montale e Quarrata.\",\"description\":\"Testata Giornalistica Quarrata Montale Agliana\",\"potentialAction\":[{\"@type\":\"SearchAction\",\"target\":{\"@type\":\"EntryPoint\",\"urlTemplate\":\"https:\/\/www.noidiqua.it\/Montale\/?s={search_term_string}\"},\"query-input\":{\"@type\":\"PropertyValueSpecification\",\"valueRequired\":true,\"valueName\":\"search_term_string\"}}],\"inLanguage\":\"it-IT\"},{\"@type\":\"Person\",\"@id\":\"https:\/\/www.noidiqua.it\/Montale\/#\/schema\/person\/3b45dd21eb2367c177b6a6d35c868ccc\",\"name\":\"David Colzi\",\"image\":{\"@type\":\"ImageObject\",\"inLanguage\":\"it-IT\",\"@id\":\"https:\/\/www.noidiqua.it\/Montale\/#\/schema\/person\/image\/\",\"url\":\"https:\/\/secure.gravatar.com\/avatar\/515ac68c0075b78a8243a0f28e5a361c9b5c466a1d6912ac3919ddd928c4db8c?s=96&d=mm&r=g\",\"contentUrl\":\"https:\/\/secure.gravatar.com\/avatar\/515ac68c0075b78a8243a0f28e5a361c9b5c466a1d6912ac3919ddd928c4db8c?s=96&d=mm&r=g\",\"caption\":\"David Colzi\"},\"url\":\"https:\/\/www.noidiqua.it\/Montale\/author\/david-colzi\/\"}]}<\/script>\n<!-- \/ Yoast SEO plugin. -->","yoast_head_json":{"title":"I vecchi lavatoi - un patrimonio da valorizzare - Noi di Qua Testata giornalistica e di attualit\u00e0 di Agliana, Montale e Quarrata.","robots":{"index":"index","follow":"follow","max-snippet":"max-snippet:-1","max-image-preview":"max-image-preview:large","max-video-preview":"max-video-preview:-1"},"canonical":"https:\/\/www.noidiqua.it\/Montale\/i-vecchi-lavatoi-un-patrimonio-da-valorizzare\/","og_locale":"it_IT","og_type":"article","og_title":"I vecchi lavatoi - un patrimonio da valorizzare - Noi di Qua Testata giornalistica e di attualit\u00e0 di Agliana, Montale e Quarrata.","og_description":"di David Colzi marzo 2025 Ancora una volta cercheremo di dare il nostro contributo alla valorizzazione del territorio, occupandoci in questo numero dei vecchi lavatoi. Montale, si sa, \u00e8 terra di fiumi, serre e gore, che servivano ad alimentare i numerosi mulini e dissetare i campi. Rivoli e fossi venivano riforniti con i sistemi [&hellip;]","og_url":"https:\/\/www.noidiqua.it\/Montale\/i-vecchi-lavatoi-un-patrimonio-da-valorizzare\/","og_site_name":"Noi di Qua Testata giornalistica e di attualit\u00e0 di Agliana, Montale e Quarrata.","article_publisher":"https:\/\/www.facebook.com\/noidiqua.trimestrale\/","article_published_time":"2025-03-13T11:05:38+00:00","article_modified_time":"2025-04-24T10:05:55+00:00","og_image":[{"url":"https:\/\/www.noidiqua.it\/Montale\/wp-content\/uploads\/2025\/04\/foto-5.png","type":"","width":"","height":""}],"author":"David Colzi","twitter_misc":{"Scritto da":"David Colzi","Tempo di lettura stimato":"4 minuti"},"schema":{"@context":"https:\/\/schema.org","@graph":[{"@type":"WebPage","@id":"https:\/\/www.noidiqua.it\/Montale\/i-vecchi-lavatoi-un-patrimonio-da-valorizzare\/","url":"https:\/\/www.noidiqua.it\/Montale\/i-vecchi-lavatoi-un-patrimonio-da-valorizzare\/","name":"I vecchi lavatoi - un patrimonio da valorizzare - Noi di Qua Testata giornalistica e di attualit\u00e0 di Agliana, Montale e Quarrata.","isPartOf":{"@id":"https:\/\/www.noidiqua.it\/Montale\/#website"},"primaryImageOfPage":{"@id":"https:\/\/www.noidiqua.it\/Montale\/i-vecchi-lavatoi-un-patrimonio-da-valorizzare\/#primaryimage"},"image":{"@id":"https:\/\/www.noidiqua.it\/Montale\/i-vecchi-lavatoi-un-patrimonio-da-valorizzare\/#primaryimage"},"thumbnailUrl":"https:\/\/www.noidiqua.it\/Montale\/wp-content\/uploads\/2025\/04\/foto-5.png","datePublished":"2025-03-13T11:05:38+00:00","dateModified":"2025-04-24T10:05:55+00:00","author":{"@id":"https:\/\/www.noidiqua.it\/Montale\/#\/schema\/person\/3b45dd21eb2367c177b6a6d35c868ccc"},"breadcrumb":{"@id":"https:\/\/www.noidiqua.it\/Montale\/i-vecchi-lavatoi-un-patrimonio-da-valorizzare\/#breadcrumb"},"inLanguage":"it-IT","potentialAction":[{"@type":"ReadAction","target":["https:\/\/www.noidiqua.it\/Montale\/i-vecchi-lavatoi-un-patrimonio-da-valorizzare\/"]}]},{"@type":"ImageObject","inLanguage":"it-IT","@id":"https:\/\/www.noidiqua.it\/Montale\/i-vecchi-lavatoi-un-patrimonio-da-valorizzare\/#primaryimage","url":"https:\/\/www.noidiqua.it\/Montale\/wp-content\/uploads\/2025\/04\/foto-5.png","contentUrl":"https:\/\/www.noidiqua.it\/Montale\/wp-content\/uploads\/2025\/04\/foto-5.png","width":504,"height":355},{"@type":"BreadcrumbList","@id":"https:\/\/www.noidiqua.it\/Montale\/i-vecchi-lavatoi-un-patrimonio-da-valorizzare\/#breadcrumb","itemListElement":[{"@type":"ListItem","position":1,"name":"Home","item":"https:\/\/www.noidiqua.it\/Montale\/"},{"@type":"ListItem","position":2,"name":"I vecchi lavatoi &#8211; un patrimonio da valorizzare"}]},{"@type":"WebSite","@id":"https:\/\/www.noidiqua.it\/Montale\/#website","url":"https:\/\/www.noidiqua.it\/Montale\/","name":"Noi di Qua Testata giornalistica e di attualit\u00e0 di Agliana, Montale e Quarrata.","description":"Testata Giornalistica Quarrata Montale Agliana","potentialAction":[{"@type":"SearchAction","target":{"@type":"EntryPoint","urlTemplate":"https:\/\/www.noidiqua.it\/Montale\/?s={search_term_string}"},"query-input":{"@type":"PropertyValueSpecification","valueRequired":true,"valueName":"search_term_string"}}],"inLanguage":"it-IT"},{"@type":"Person","@id":"https:\/\/www.noidiqua.it\/Montale\/#\/schema\/person\/3b45dd21eb2367c177b6a6d35c868ccc","name":"David Colzi","image":{"@type":"ImageObject","inLanguage":"it-IT","@id":"https:\/\/www.noidiqua.it\/Montale\/#\/schema\/person\/image\/","url":"https:\/\/secure.gravatar.com\/avatar\/515ac68c0075b78a8243a0f28e5a361c9b5c466a1d6912ac3919ddd928c4db8c?s=96&d=mm&r=g","contentUrl":"https:\/\/secure.gravatar.com\/avatar\/515ac68c0075b78a8243a0f28e5a361c9b5c466a1d6912ac3919ddd928c4db8c?s=96&d=mm&r=g","caption":"David Colzi"},"url":"https:\/\/www.noidiqua.it\/Montale\/author\/david-colzi\/"}]}},"_links":{"self":[{"href":"https:\/\/www.noidiqua.it\/Montale\/wp-json\/wp\/v2\/posts\/9025","targetHints":{"allow":["GET"]}}],"collection":[{"href":"https:\/\/www.noidiqua.it\/Montale\/wp-json\/wp\/v2\/posts"}],"about":[{"href":"https:\/\/www.noidiqua.it\/Montale\/wp-json\/wp\/v2\/types\/post"}],"author":[{"embeddable":true,"href":"https:\/\/www.noidiqua.it\/Montale\/wp-json\/wp\/v2\/users\/5"}],"replies":[{"embeddable":true,"href":"https:\/\/www.noidiqua.it\/Montale\/wp-json\/wp\/v2\/comments?post=9025"}],"version-history":[{"count":4,"href":"https:\/\/www.noidiqua.it\/Montale\/wp-json\/wp\/v2\/posts\/9025\/revisions"}],"predecessor-version":[{"id":9034,"href":"https:\/\/www.noidiqua.it\/Montale\/wp-json\/wp\/v2\/posts\/9025\/revisions\/9034"}],"wp:attachment":[{"href":"https:\/\/www.noidiqua.it\/Montale\/wp-json\/wp\/v2\/media?parent=9025"}],"wp:term":[{"taxonomy":"category","embeddable":true,"href":"https:\/\/www.noidiqua.it\/Montale\/wp-json\/wp\/v2\/categories?post=9025"},{"taxonomy":"post_tag","embeddable":true,"href":"https:\/\/www.noidiqua.it\/Montale\/wp-json\/wp\/v2\/tags?post=9025"}],"curies":[{"name":"wp","href":"https:\/\/api.w.org\/{rel}","templated":true}]}}